{"id":1090,"date":"2011-05-07T21:02:40","date_gmt":"2011-05-07T21:02:40","guid":{"rendered":"https:\/\/www.noidiqua.it\/Agliana\/?p=1090"},"modified":"2024-01-04T11:54:29","modified_gmt":"2024-01-04T10:54:29","slug":"se-non-siamo-qui-e-gia-una-vittoria","status":"publish","type":"post","link":"https:\/\/www.noidiqua.it\/Agliana\/se-non-siamo-qui-e-gia-una-vittoria\/","title":{"rendered":"Se non siamo qui \u00e8 gi\u00e0 una vittoria"},"content":{"rendered":"<p style=\"text-align: justify;\"><em>di Massimo Cappelli<\/em><\/p>\n<p style=\"text-align: justify;\"><em>maggio 2011<\/em><\/p>\n<p><a href=\"https:\/\/www.noidiqua.it\/Agliana\/wp-content\/uploads\/2011\/05\/concludendo_.png\" rel=\"wp-prettyPhoto[1090]\"><img loading=\"lazy\" decoding=\"async\" class=\"aligncenter size-full wp-image-8989\" src=\"https:\/\/www.noidiqua.it\/Agliana\/wp-content\/uploads\/2011\/05\/concludendo_.png\" alt=\"\" width=\"497\" height=\"411\" srcset=\"https:\/\/www.noidiqua.it\/Agliana\/wp-content\/uploads\/2011\/05\/concludendo_.png 497w, https:\/\/www.noidiqua.it\/Agliana\/wp-content\/uploads\/2011\/05\/concludendo_-300x248.png 300w\" sizes=\"auto, (max-width: 497px) 100vw, 497px\" \/><\/a><\/p>\n<p style=\"text-align: justify;\">Permettete che mi presenti, mi chiamo <em>Massimo Cappelli<\/em>, sono proprio questo qui, pelatino, nella foto che indossa la maglia rosa senza aver vinto nessuna tappa. Sono titolare della Icona Studio comunicazione e marketing di Quarrata, proprietaria della testata <strong>NOIDIQUA<\/strong>, per cui sono, a tutti gli effetti, l\u2019editore della rivista che state leggendo. Vi tranquillizzo gi\u00e0 da ora che, a differenza di qualche mio collega brianzolo, non mi candider\u00f2 in politica, n\u00e9 tantomeno fonder\u00f2 un partito, dovrete per\u00f2 sopportarmi ogni tre mesi in questo mio spazio in trentaquattresima pagina o gi\u00f9 di li.<\/p>\n<p style=\"text-align: justify;\">Ad ogni buon conto, se siete arrivati fin qui con la lettura tanto male non siamo messi: vuol dire che non siamo ancora nel cestino, a meno che non abbiate iniziato la lettura dall\u2019ultima pagina. Intendiamoci, non abbiamo certo l\u2019ambizione di farci collezionare sullo scaffale di qualche libreria antica, no, il nostro vero obiettivo \u00e8 quello di conquistare i vostri bagni\u2026 Si, desideriamo fortemente essere riposti nel mobiletto accanto alla scorta di carta igienica, perch\u00e9 ci\u00f2, oltre a essere la conferma che abbiamo concepito qualcosa di \u201cstimolante\u201d, sarebbe per noi un segno benevolo e confortevole: sarebbe la riprova che il lettore si rilassa leggendo dei suoi concittadini nel posto pi\u00f9 intimo e segreto, proprio mentre sta dando \u201cil meglio\u2026 di s\u00e8\u201d. Ma attenzione, ho detto \u201caccanto\u201d perch\u00e9 potrebbe essere una sconfitta se il supporto cartaceo venisse usato \u201cal posto\u201d della carta igienica. Credo, tuttavia, che la patinata opaca centoquindici grammi di Fedrigoni non sia il massimo n\u00e9 per le fosse biologiche n\u00e9, tantomeno, per l\u2019igiene intima personale.<\/p>\n<p><a href=\"https:\/\/www.noidiqua.it\/Agliana\/wp-content\/uploads\/2011\/05\/Massimo.png\" rel=\"wp-prettyPhoto[1090]\"><img loading=\"lazy\" decoding=\"async\" class=\"aligncenter  wp-image-8991\" src=\"https:\/\/www.noidiqua.it\/Agliana\/wp-content\/uploads\/2011\/05\/Massimo.png\" alt=\"\" width=\"435\" height=\"390\" srcset=\"https:\/\/www.noidiqua.it\/Agliana\/wp-content\/uploads\/2011\/05\/Massimo.png 500w, https:\/\/www.noidiqua.it\/Agliana\/wp-content\/uploads\/2011\/05\/Massimo-300x269.png 300w\" sizes=\"auto, (max-width: 435px) 100vw, 435px\" \/><\/a><\/p>\n<p style=\"text-align: justify;\">Bando alle ciance, visto il notevole successo ottenuto da <strong>NOIDIQUA<\/strong> a Quarrata, vorremmo confermarne il consenso anche su tutta la Piana pistoiese, entrando nelle vostre case e portandovi in salotto (o in bagno a piacere vostro) alcuni concittadini illustri, magari vostri vicini o dirimpettai, talvolta addirittura parenti e, chiss\u00e0, una volta o l\u2019altra potremmo venire ad intervistare proprio voi. La grande forza della nostra piccola pubblicazione credo consista proprio nella specularit\u00e0 con il lettore che vede riflesso, come in uno specchio, il suo vissuto quotidiano e il mondo a cui appartiene. Una sorta di informazione nostrana, il \u201cGossip di noialtri\u201d non raccontato al bar o dal parrucchiere, ma scritto e pubblicato da una redazione paesana a portata di tutti. Credo di non essere presuntuoso a pensare che il successo di Quarrata si ripeter\u00e0 anche per Agliana e Montale, del resto, un trionfo cinematografico \u00e8 tale sia a Bolzano che a Canicatt\u00ec no? Devo essere sincero per\u00f2, non posso prendermi tutti i meriti poich\u00e9 l\u2019idea non \u00e8 stata del tutto mia: \u00e8 nata insieme al mio grande amico Vito Melani, fra l\u2019altro anche uno dei primi inserzionisti con il salone di sua moglie Sandra Bellini.<\/p>\n<p style=\"text-align: justify;\">Poi, con il lavoro di tutta la redazione, abbiamo perfezionato l\u2019intuizione di base realizzando un interessante mezzo per dare grande visibilit\u00e0 a persone e aziende, sostituendo: le cartine topografiche (utili solo in citt\u00e0 turistiche), gli improvvisati e pretestuosi vademecum agli spettacoli, o gli ormai obsoleti elenchi telefonici. La nostra \u00e8 una pubblicazione indipendente, che parla alla gente del suo territorio; non \u00e8, come spesso accade, politica camuffata da informazione, non appartenendo noi a partiti, a movimenti politici, o a qualsiasi altra consorteria o fazione. NOIDIQUA vive, comunica, ed entra gratuitamente nelle vostre case, solo grazie alle aziende inserzioniste che credono nel progetto e per questo meritano tutta la vostra attenzione. Vi sarete senz\u2019altro resi conto che NOIDIQUA non costa niente, ben presto scoprirete che non costa niente proprio perch\u00e9\u2026 \u201cnon ha prezzo\u201d coerentemente al suo DNA\u2026 \u00e8 veramente \u201cimpagabile\u201d.<\/p>\n<p style=\"text-align: justify;\">Se ci fosse fra i lettori qualche commerciante che vuole investire acquistando uno spazio pubblicitario o pianificare una campagna, pu\u00f2 liberamente chiamare, abbiamo messo a disposizione questo numero: 0573 700063, con le edizioni di <em>Quarrata<\/em>, <em>Agliana<\/em> e <em>Montale<\/em>, entriamo in oltre 19.000 case della Piana Pistoiese raggiungendo quasi 60.000 persone.<\/p>\n<p style=\"text-align: justify;\">Concludendo\u2026 che altro dire, abbiamo scherzato un po\u2019, ma abbiamo detto la sacrosanta verit\u00e0; in questo mio spazio nella pubblicazione di Quarrata, sto diventando famoso portando alla ribalta, con questo tono un po\u2019 ironico, fatti e personaggi: spero succeda lo stesso con voi, anche se non potr\u00f2 essere diretto non conoscendo persone e abitudini. Per adesso vi saluto e vi rinnovo l\u2019appuntamento alla prossima, per altre bischerate a tema e\u2026 ricordate: non c\u2019\u00e8 niente di pi\u00f9 serio che una bella risata. Un abbraccio.<\/p>\n<p style=\"text-align: justify;\"><em>\u00a0<\/em><\/p>","protected":false},"excerpt":{"rendered":"<p>di Massimo Cappelli maggio 2011 Permettete che mi presenti, mi chiamo Massimo Cappelli, sono proprio questo qui, pelatino, nella foto che indossa la maglia rosa senza aver vinto nessuna tappa. Sono titolare della Icona Studio comunicazione e marketing di Quarrata, proprietaria della testata NOIDIQUA, per cui sono, [&hellip;]<\/p>","protected":false},"author":7,"featured_media":0,"comment_status":"open","ping_status":"open","sticky":false,"template":"","format":"standard","meta":{"footnotes":""},"categories":[2,5],"tags":[37,38,55,84,90,96],"class_list":["post-1090","post","type-post","status-publish","format-standard","hentry","category-ag","category-concludendo-qt","tag-ag-ag","tag-aglianese","tag-concludendo","tag-laglianese","tag-massimo-cappelli","tag-noidiqua"],"yoast_head":"<!-- This site is optimized with the Yoast SEO plugin v25.5 - https:\/\/yoast.com\/wordpress\/plugins\/seo\/ -->\n<title>Se non siamo qui \u00e8 gi\u00e0 una vittoria - Noi di Qua Testata giornalistica e di attualit\u00e0 di Agliana, Montale e Quarrata.<\/title>\n<meta name=\"robots\" content=\"index, follow, max-snippet:-1, max-image-preview:large, max-video-preview:-1\" \/>\n<link rel=\"canonical\" href=\"https:\/\/www.noidiqua.it\/Agliana\/se-non-siamo-qui-e-gia-una-vittoria\/\" \/>\n<meta property=\"og:locale\" content=\"it_IT\" \/>\n<meta property=\"og:type\" content=\"article\" \/>\n<meta property=\"og:title\" content=\"Se non siamo qui \u00e8 gi\u00e0 una vittoria - Noi di Qua Testata giornalistica e di attualit\u00e0 di Agliana, Montale e Quarrata.\" \/>\n<meta property=\"og:description\" content=\"di Massimo Cappelli maggio 2011 Permettete che mi presenti, mi chiamo Massimo Cappelli, sono proprio questo qui, pelatino, nella foto che indossa la maglia rosa senza aver vinto nessuna tappa. Sono titolare della Icona Studio comunicazione e marketing di Quarrata, proprietaria della testata NOIDIQUA, per cui sono, [&hellip;]\" \/>\n<meta property=\"og:url\" content=\"https:\/\/www.noidiqua.it\/Agliana\/se-non-siamo-qui-e-gia-una-vittoria\/\" \/>\n<meta property=\"og:site_name\" content=\"Noi di Qua Testata giornalistica e di attualit\u00e0 di Agliana, Montale e Quarrata.\" \/>\n<meta property=\"article:publisher\" content=\"https:\/\/www.facebook.com\/noidiqua.trimestrale\/\" \/>\n<meta property=\"article:published_time\" content=\"2011-05-07T21:02:40+00:00\" \/>\n<meta property=\"article:modified_time\" content=\"2024-01-04T10:54:29+00:00\" \/>\n<meta property=\"og:image\" content=\"https:\/\/www.noidiqua.it\/Agliana\/wp-content\/uploads\/2011\/05\/concludendo_.png\" \/>\n<meta name=\"author\" content=\"Massimo Cappelli\" \/>\n<meta name=\"twitter:label1\" content=\"Scritto da\" \/>\n\t<meta name=\"twitter:data1\" content=\"Massimo Cappelli\" \/>\n\t<meta name=\"twitter:label2\" content=\"Tempo di lettura stimato\" \/>\n\t<meta name=\"twitter:data2\" content=\"4 minuti\" \/>\n<script type=\"application\/ld+json\" class=\"yoast-schema-graph\">{\"@context\":\"https:\/\/schema.org\",\"@graph\":[{\"@type\":\"WebPage\",\"@id\":\"https:\/\/www.noidiqua.it\/Agliana\/se-non-siamo-qui-e-gia-una-vittoria\/\",\"url\":\"https:\/\/www.noidiqua.it\/Agliana\/se-non-siamo-qui-e-gia-una-vittoria\/\",\"name\":\"Se non siamo qui \u00e8 gi\u00e0 una vittoria - Noi di Qua Testata giornalistica e di attualit\u00e0 di Agliana, Montale e Quarrata.\",\"isPartOf\":{\"@id\":\"https:\/\/www.noidiqua.it\/Agliana\/#website\"},\"primaryImageOfPage\":{\"@id\":\"https:\/\/www.noidiqua.it\/Agliana\/se-non-siamo-qui-e-gia-una-vittoria\/#primaryimage\"},\"image\":{\"@id\":\"https:\/\/www.noidiqua.it\/Agliana\/se-non-siamo-qui-e-gia-una-vittoria\/#primaryimage\"},\"thumbnailUrl\":\"https:\/\/www.noidiqua.it\/Agliana\/wp-content\/uploads\/2011\/05\/concludendo_.png\",\"datePublished\":\"2011-05-07T21:02:40+00:00\",\"dateModified\":\"2024-01-04T10:54:29+00:00\",\"author\":{\"@id\":\"https:\/\/www.noidiqua.it\/Agliana\/#\/schema\/person\/858b1b9db61101126e5ded39f94daedb\"},\"breadcrumb\":{\"@id\":\"https:\/\/www.noidiqua.it\/Agliana\/se-non-siamo-qui-e-gia-una-vittoria\/#breadcrumb\"},\"inLanguage\":\"it-IT\",\"potentialAction\":[{\"@type\":\"ReadAction\",\"target\":[\"https:\/\/www.noidiqua.it\/Agliana\/se-non-siamo-qui-e-gia-una-vittoria\/\"]}]},{\"@type\":\"ImageObject\",\"inLanguage\":\"it-IT\",\"@id\":\"https:\/\/www.noidiqua.it\/Agliana\/se-non-siamo-qui-e-gia-una-vittoria\/#primaryimage\",\"url\":\"https:\/\/www.noidiqua.it\/Agliana\/wp-content\/uploads\/2011\/05\/concludendo_.png\",\"contentUrl\":\"https:\/\/www.noidiqua.it\/Agliana\/wp-content\/uploads\/2011\/05\/concludendo_.png\",\"width\":497,\"height\":411},{\"@type\":\"BreadcrumbList\",\"@id\":\"https:\/\/www.noidiqua.it\/Agliana\/se-non-siamo-qui-e-gia-una-vittoria\/#breadcrumb\",\"itemListElement\":[{\"@type\":\"ListItem\",\"position\":1,\"name\":\"Home\",\"item\":\"https:\/\/www.noidiqua.it\/Agliana\/\"},{\"@type\":\"ListItem\",\"position\":2,\"name\":\"Se non siamo qui \u00e8 gi\u00e0 una vittoria\"}]},{\"@type\":\"WebSite\",\"@id\":\"https:\/\/www.noidiqua.it\/Agliana\/#website\",\"url\":\"https:\/\/www.noidiqua.it\/Agliana\/\",\"name\":\"Noi di Qua Testata giornalistica e di attualit\u00e0 di Agliana, Montale e Quarrata.\",\"description\":\"Testata Giornalistica Quarrata Montale Agliana\",\"potentialAction\":[{\"@type\":\"SearchAction\",\"target\":{\"@type\":\"EntryPoint\",\"urlTemplate\":\"https:\/\/www.noidiqua.it\/Agliana\/?s={search_term_string}\"},\"query-input\":{\"@type\":\"PropertyValueSpecification\",\"valueRequired\":true,\"valueName\":\"search_term_string\"}}],\"inLanguage\":\"it-IT\"},{\"@type\":\"Person\",\"@id\":\"https:\/\/www.noidiqua.it\/Agliana\/#\/schema\/person\/858b1b9db61101126e5ded39f94daedb\",\"name\":\"Massimo Cappelli\",\"image\":{\"@type\":\"ImageObject\",\"inLanguage\":\"it-IT\",\"@id\":\"https:\/\/www.noidiqua.it\/Agliana\/#\/schema\/person\/image\/\",\"url\":\"https:\/\/secure.gravatar.com\/avatar\/0e7261535228aa9bb0417ab8f42f3fadaf8ce23bdfde46c689c43410a676cfa9?s=96&d=mm&r=g\",\"contentUrl\":\"https:\/\/secure.gravatar.com\/avatar\/0e7261535228aa9bb0417ab8f42f3fadaf8ce23bdfde46c689c43410a676cfa9?s=96&d=mm&r=g\",\"caption\":\"Massimo Cappelli\"},\"url\":\"https:\/\/www.noidiqua.it\/Agliana\/author\/massimo-cappelli\/\"}]}<\/script>\n<!-- \/ Yoast SEO plugin. -->","yoast_head_json":{"title":"Se non siamo qui \u00e8 gi\u00e0 una vittoria - Noi di Qua Testata giornalistica e di attualit\u00e0 di Agliana, Montale e Quarrata.","robots":{"index":"index","follow":"follow","max-snippet":"max-snippet:-1","max-image-preview":"max-image-preview:large","max-video-preview":"max-video-preview:-1"},"canonical":"https:\/\/www.noidiqua.it\/Agliana\/se-non-siamo-qui-e-gia-una-vittoria\/","og_locale":"it_IT","og_type":"article","og_title":"Se non siamo qui \u00e8 gi\u00e0 una vittoria - Noi di Qua Testata giornalistica e di attualit\u00e0 di Agliana, Montale e Quarrata.","og_description":"di Massimo Cappelli maggio 2011 Permettete che mi presenti, mi chiamo Massimo Cappelli, sono proprio questo qui, pelatino, nella foto che indossa la maglia rosa senza aver vinto nessuna tappa. Sono titolare della Icona Studio comunicazione e marketing di Quarrata, proprietaria della testata NOIDIQUA, per cui sono, [&hellip;]","og_url":"https:\/\/www.noidiqua.it\/Agliana\/se-non-siamo-qui-e-gia-una-vittoria\/","og_site_name":"Noi di Qua Testata giornalistica e di attualit\u00e0 di Agliana, Montale e Quarrata.","article_publisher":"https:\/\/www.facebook.com\/noidiqua.trimestrale\/","article_published_time":"2011-05-07T21:02:40+00:00","article_modified_time":"2024-01-04T10:54:29+00:00","og_image":[{"url":"https:\/\/www.noidiqua.it\/Agliana\/wp-content\/uploads\/2011\/05\/concludendo_.png","type":"","width":"","height":""}],"author":"Massimo Cappelli","twitter_misc":{"Scritto da":"Massimo Cappelli","Tempo di lettura stimato":"4 minuti"},"schema":{"@context":"https:\/\/schema.org","@graph":[{"@type":"WebPage","@id":"https:\/\/www.noidiqua.it\/Agliana\/se-non-siamo-qui-e-gia-una-vittoria\/","url":"https:\/\/www.noidiqua.it\/Agliana\/se-non-siamo-qui-e-gia-una-vittoria\/","name":"Se non siamo qui \u00e8 gi\u00e0 una vittoria - Noi di Qua Testata giornalistica e di attualit\u00e0 di Agliana, Montale e Quarrata.","isPartOf":{"@id":"https:\/\/www.noidiqua.it\/Agliana\/#website"},"primaryImageOfPage":{"@id":"https:\/\/www.noidiqua.it\/Agliana\/se-non-siamo-qui-e-gia-una-vittoria\/#primaryimage"},"image":{"@id":"https:\/\/www.noidiqua.it\/Agliana\/se-non-siamo-qui-e-gia-una-vittoria\/#primaryimage"},"thumbnailUrl":"https:\/\/www.noidiqua.it\/Agliana\/wp-content\/uploads\/2011\/05\/concludendo_.png","datePublished":"2011-05-07T21:02:40+00:00","dateModified":"2024-01-04T10:54:29+00:00","author":{"@id":"https:\/\/www.noidiqua.it\/Agliana\/#\/schema\/person\/858b1b9db61101126e5ded39f94daedb"},"breadcrumb":{"@id":"https:\/\/www.noidiqua.it\/Agliana\/se-non-siamo-qui-e-gia-una-vittoria\/#breadcrumb"},"inLanguage":"it-IT","potentialAction":[{"@type":"ReadAction","target":["https:\/\/www.noidiqua.it\/Agliana\/se-non-siamo-qui-e-gia-una-vittoria\/"]}]},{"@type":"ImageObject","inLanguage":"it-IT","@id":"https:\/\/www.noidiqua.it\/Agliana\/se-non-siamo-qui-e-gia-una-vittoria\/#primaryimage","url":"https:\/\/www.noidiqua.it\/Agliana\/wp-content\/uploads\/2011\/05\/concludendo_.png","contentUrl":"https:\/\/www.noidiqua.it\/Agliana\/wp-content\/uploads\/2011\/05\/concludendo_.png","width":497,"height":411},{"@type":"BreadcrumbList","@id":"https:\/\/www.noidiqua.it\/Agliana\/se-non-siamo-qui-e-gia-una-vittoria\/#breadcrumb","itemListElement":[{"@type":"ListItem","position":1,"name":"Home","item":"https:\/\/www.noidiqua.it\/Agliana\/"},{"@type":"ListItem","position":2,"name":"Se non siamo qui \u00e8 gi\u00e0 una vittoria"}]},{"@type":"WebSite","@id":"https:\/\/www.noidiqua.it\/Agliana\/#website","url":"https:\/\/www.noidiqua.it\/Agliana\/","name":"Noi di Qua Testata giornalistica e di attualit\u00e0 di Agliana, Montale e Quarrata.","description":"Testata Giornalistica Quarrata Montale Agliana","potentialAction":[{"@type":"SearchAction","target":{"@type":"EntryPoint","urlTemplate":"https:\/\/www.noidiqua.it\/Agliana\/?s={search_term_string}"},"query-input":{"@type":"PropertyValueSpecification","valueRequired":true,"valueName":"search_term_string"}}],"inLanguage":"it-IT"},{"@type":"Person","@id":"https:\/\/www.noidiqua.it\/Agliana\/#\/schema\/person\/858b1b9db61101126e5ded39f94daedb","name":"Massimo Cappelli","image":{"@type":"ImageObject","inLanguage":"it-IT","@id":"https:\/\/www.noidiqua.it\/Agliana\/#\/schema\/person\/image\/","url":"https:\/\/secure.gravatar.com\/avatar\/0e7261535228aa9bb0417ab8f42f3fadaf8ce23bdfde46c689c43410a676cfa9?s=96&d=mm&r=g","contentUrl":"https:\/\/secure.gravatar.com\/avatar\/0e7261535228aa9bb0417ab8f42f3fadaf8ce23bdfde46c689c43410a676cfa9?s=96&d=mm&r=g","caption":"Massimo Cappelli"},"url":"https:\/\/www.noidiqua.it\/Agliana\/author\/massimo-cappelli\/"}]}},"_links":{"self":[{"href":"https:\/\/www.noidiqua.it\/Agliana\/wp-json\/wp\/v2\/posts\/1090","targetHints":{"allow":["GET"]}}],"collection":[{"href":"https:\/\/www.noidiqua.it\/Agliana\/wp-json\/wp\/v2\/posts"}],"about":[{"href":"https:\/\/www.noidiqua.it\/Agliana\/wp-json\/wp\/v2\/types\/post"}],"author":[{"embeddable":true,"href":"https:\/\/www.noidiqua.it\/Agliana\/wp-json\/wp\/v2\/users\/7"}],"replies":[{"embeddable":true,"href":"https:\/\/www.noidiqua.it\/Agliana\/wp-json\/wp\/v2\/comments?post=1090"}],"version-history":[{"count":4,"href":"https:\/\/www.noidiqua.it\/Agliana\/wp-json\/wp\/v2\/posts\/1090\/revisions"}],"predecessor-version":[{"id":8992,"href":"https:\/\/www.noidiqua.it\/Agliana\/wp-json\/wp\/v2\/posts\/1090\/revisions\/8992"}],"wp:attachment":[{"href":"https:\/\/www.noidiqua.it\/Agliana\/wp-json\/wp\/v2\/media?parent=1090"}],"wp:term":[{"taxonomy":"category","embeddable":true,"href":"https:\/\/www.noidiqua.it\/Agliana\/wp-json\/wp\/v2\/categories?post=1090"},{"taxonomy":"post_tag","embeddable":true,"href":"https:\/\/www.noidiqua.it\/Agliana\/wp-json\/wp\/v2\/tags?post=1090"}],"curies":[{"name":"wp","href":"https:\/\/api.w.org\/{rel}","templated":true}]}}