{"id":1097,"date":"2011-05-07T21:06:48","date_gmt":"2011-05-07T19:06:48","guid":{"rendered":"https:\/\/www.noidiqua.it\/Agliana\/?p=1097"},"modified":"2024-01-04T11:48:09","modified_gmt":"2024-01-04T10:48:09","slug":"gli-edifici-in-via-coppi","status":"publish","type":"post","link":"https:\/\/www.noidiqua.it\/Agliana\/gli-edifici-in-via-coppi\/","title":{"rendered":"Gli edifici in Via Coppi"},"content":{"rendered":"<p><em>di Giancarlo Zampini<\/em><\/p>\n<p><em>maggio 2011<\/em><\/p>\n<p><a href=\"https:\/\/www.noidiqua.it\/Agliana\/wp-content\/uploads\/2011\/05\/via-coppi-3.png\" rel=\"wp-prettyPhoto[1097]\"><img loading=\"lazy\" decoding=\"async\" class=\"aligncenter size-full wp-image-8985\" src=\"https:\/\/www.noidiqua.it\/Agliana\/wp-content\/uploads\/2011\/05\/via-coppi-3.png\" alt=\"\" width=\"503\" height=\"336\" srcset=\"https:\/\/www.noidiqua.it\/Agliana\/wp-content\/uploads\/2011\/05\/via-coppi-3.png 503w, https:\/\/www.noidiqua.it\/Agliana\/wp-content\/uploads\/2011\/05\/via-coppi-3-300x200.png 300w\" sizes=\"auto, (max-width: 503px) 100vw, 503px\" \/><\/a><\/p>\n<p>Una lunga fila di costruzioni molto visibili per la loro imponenza, dal colore rosso mattone e formate da tante formelle in vetrocemento, delle quali all\u2019inizio della costruzione alcuni residenti di Agliana ebbero a dire\u2026 <em>\u201cSi costruisce nell\u2019ultimo pezzo di terreno disponibile della citt\u00e0\u201d<\/em>. Parliamo, meglio dire scriviamo, dell\u2019area \u201cTempesti\u201d di via Coppi, dove il grande cantiere \u00e8 fermo da tempo, varie vicissitudini ne hanno bloccato la costruzione che dovrebbe ripartire per iniziativa di una immobiliare di Firenze.<\/p>\n<p><a href=\"https:\/\/www.noidiqua.it\/Agliana\/wp-content\/uploads\/2011\/05\/via-coppi-2.png\" rel=\"wp-prettyPhoto[1097]\"><img loading=\"lazy\" decoding=\"async\" class=\"aligncenter size-full wp-image-8986\" src=\"https:\/\/www.noidiqua.it\/Agliana\/wp-content\/uploads\/2011\/05\/via-coppi-2.png\" alt=\"\" width=\"499\" height=\"374\" srcset=\"https:\/\/www.noidiqua.it\/Agliana\/wp-content\/uploads\/2011\/05\/via-coppi-2.png 499w, https:\/\/www.noidiqua.it\/Agliana\/wp-content\/uploads\/2011\/05\/via-coppi-2-300x225.png 300w\" sizes=\"auto, (max-width: 499px) 100vw, 499px\" \/><\/a><\/p>\n<p>Se da un lato la zona diventer\u00e0 non solo produttiva, ma ricca anche di servizi, la citt\u00e0 ne guadagner\u00e0, anche se nutriamo qualche dubbio sul piano ambientale, in particolare riguardo la viabilit\u00e0: la rotonda attuale sulla \u201cSuperstrada\u201d che porta a Prato&#8230; poco rotonda a dire il vero, sar\u00e0 costretta ad assorbire ulteriormente il traffico. Le somme si dovranno tirare alla fine, la cosa pi\u00f9 importante comunque \u00e8 ridare vita al cantiere; le opere incompiute, anche in provincia di Pistoia, non mancano e sono quanto di pi\u00f9 brutto si possa vedere.<\/p>\n<p><a href=\"https:\/\/www.noidiqua.it\/Agliana\/wp-content\/uploads\/2011\/05\/via-coppi-1.png\" rel=\"wp-prettyPhoto[1097]\"><img loading=\"lazy\" decoding=\"async\" class=\"aligncenter size-full wp-image-8987\" src=\"https:\/\/www.noidiqua.it\/Agliana\/wp-content\/uploads\/2011\/05\/via-coppi-1.png\" alt=\"\" width=\"499\" height=\"299\" srcset=\"https:\/\/www.noidiqua.it\/Agliana\/wp-content\/uploads\/2011\/05\/via-coppi-1.png 499w, https:\/\/www.noidiqua.it\/Agliana\/wp-content\/uploads\/2011\/05\/via-coppi-1-300x180.png 300w\" sizes=\"auto, (max-width: 499px) 100vw, 499px\" \/><\/a><\/p>\n<p>&nbsp;<\/p>\n<p style=\"text-align: justify;\">\n<p>&nbsp;<\/p>","protected":false},"excerpt":{"rendered":"<p>di Giancarlo Zampini maggio 2011 Una lunga fila di costruzioni molto visibili per la loro imponenza, dal colore rosso mattone e formate da tante formelle in vetrocemento, delle quali all\u2019inizio della costruzione alcuni residenti di Agliana ebbero a dire\u2026 \u201cSi costruisce nell\u2019ultimo pezzo di terreno disponibile della [&hellip;]<\/p>","protected":false},"author":4,"featured_media":0,"comment_status":"open","ping_status":"open","sticky":false,"template":"","format":"standard","meta":{"footnotes":""},"categories":[2,11],"tags":[37,38,76,84,96,128],"class_list":["post-1097","post","type-post","status-publish","format-standard","hentry","category-ag","category-fotonotizie-qt","tag-ag-ag","tag-aglianese","tag-fotonotizia","tag-laglianese","tag-noidiqua","tag-territorio"],"yoast_head":"<!-- This site is optimized with the Yoast SEO plugin v25.5 - https:\/\/yoast.com\/wordpress\/plugins\/seo\/ -->\n<title>Gli edifici in Via Coppi - Noi di Qua Testata giornalistica e di attualit\u00e0 di Agliana, Montale e Quarrata.<\/title>\n<meta name=\"robots\" content=\"index, follow, max-snippet:-1, max-image-preview:large, max-video-preview:-1\" \/>\n<link rel=\"canonical\" href=\"https:\/\/www.noidiqua.it\/Agliana\/gli-edifici-in-via-coppi\/\" \/>\n<meta property=\"og:locale\" content=\"it_IT\" \/>\n<meta property=\"og:type\" content=\"article\" \/>\n<meta property=\"og:title\" content=\"Gli edifici in Via Coppi - Noi di Qua Testata giornalistica e di attualit\u00e0 di Agliana, Montale e Quarrata.\" \/>\n<meta property=\"og:description\" content=\"di Giancarlo Zampini maggio 2011 Una lunga fila di costruzioni molto visibili per la loro imponenza, dal colore rosso mattone e formate da tante formelle in vetrocemento, delle quali all\u2019inizio della costruzione alcuni residenti di Agliana ebbero a dire\u2026 \u201cSi costruisce nell\u2019ultimo pezzo di terreno disponibile della [&hellip;]\" \/>\n<meta property=\"og:url\" content=\"https:\/\/www.noidiqua.it\/Agliana\/gli-edifici-in-via-coppi\/\" \/>\n<meta property=\"og:site_name\" content=\"Noi di Qua Testata giornalistica e di attualit\u00e0 di Agliana, Montale e Quarrata.\" \/>\n<meta property=\"article:publisher\" content=\"https:\/\/www.facebook.com\/noidiqua.trimestrale\/\" \/>\n<meta property=\"article:published_time\" content=\"2011-05-07T19:06:48+00:00\" \/>\n<meta property=\"article:modified_time\" content=\"2024-01-04T10:48:09+00:00\" \/>\n<meta property=\"og:image\" content=\"https:\/\/www.noidiqua.it\/Agliana\/wp-content\/uploads\/2011\/05\/via-coppi-3.png\" \/>\n<meta name=\"author\" content=\"Giancarlo Zampini\" \/>\n<meta name=\"twitter:label1\" content=\"Scritto da\" \/>\n\t<meta name=\"twitter:data1\" content=\"Giancarlo Zampini\" \/>\n\t<meta name=\"twitter:label2\" content=\"Tempo di lettura stimato\" \/>\n\t<meta name=\"twitter:data2\" content=\"2 minuti\" \/>\n<script type=\"application\/ld+json\" class=\"yoast-schema-graph\">{\"@context\":\"https:\/\/schema.org\",\"@graph\":[{\"@type\":\"WebPage\",\"@id\":\"https:\/\/www.noidiqua.it\/Agliana\/gli-edifici-in-via-coppi\/\",\"url\":\"https:\/\/www.noidiqua.it\/Agliana\/gli-edifici-in-via-coppi\/\",\"name\":\"Gli edifici in Via Coppi - Noi di Qua Testata giornalistica e di attualit\u00e0 di Agliana, Montale e Quarrata.\",\"isPartOf\":{\"@id\":\"https:\/\/www.noidiqua.it\/Agliana\/#website\"},\"primaryImageOfPage\":{\"@id\":\"https:\/\/www.noidiqua.it\/Agliana\/gli-edifici-in-via-coppi\/#primaryimage\"},\"image\":{\"@id\":\"https:\/\/www.noidiqua.it\/Agliana\/gli-edifici-in-via-coppi\/#primaryimage\"},\"thumbnailUrl\":\"https:\/\/www.noidiqua.it\/Agliana\/wp-content\/uploads\/2011\/05\/via-coppi-3.png\",\"datePublished\":\"2011-05-07T19:06:48+00:00\",\"dateModified\":\"2024-01-04T10:48:09+00:00\",\"author\":{\"@id\":\"https:\/\/www.noidiqua.it\/Agliana\/#\/schema\/person\/30e3bbc8170470508bc65df034405391\"},\"breadcrumb\":{\"@id\":\"https:\/\/www.noidiqua.it\/Agliana\/gli-edifici-in-via-coppi\/#breadcrumb\"},\"inLanguage\":\"it-IT\",\"potentialAction\":[{\"@type\":\"ReadAction\",\"target\":[\"https:\/\/www.noidiqua.it\/Agliana\/gli-edifici-in-via-coppi\/\"]}]},{\"@type\":\"ImageObject\",\"inLanguage\":\"it-IT\",\"@id\":\"https:\/\/www.noidiqua.it\/Agliana\/gli-edifici-in-via-coppi\/#primaryimage\",\"url\":\"https:\/\/www.noidiqua.it\/Agliana\/wp-content\/uploads\/2011\/05\/via-coppi-3.png\",\"contentUrl\":\"https:\/\/www.noidiqua.it\/Agliana\/wp-content\/uploads\/2011\/05\/via-coppi-3.png\",\"width\":503,\"height\":336},{\"@type\":\"BreadcrumbList\",\"@id\":\"https:\/\/www.noidiqua.it\/Agliana\/gli-edifici-in-via-coppi\/#breadcrumb\",\"itemListElement\":[{\"@type\":\"ListItem\",\"position\":1,\"name\":\"Home\",\"item\":\"https:\/\/www.noidiqua.it\/Agliana\/\"},{\"@type\":\"ListItem\",\"position\":2,\"name\":\"Gli edifici in Via Coppi\"}]},{\"@type\":\"WebSite\",\"@id\":\"https:\/\/www.noidiqua.it\/Agliana\/#website\",\"url\":\"https:\/\/www.noidiqua.it\/Agliana\/\",\"name\":\"Noi di Qua Testata giornalistica e di attualit\u00e0 di Agliana, Montale e Quarrata.\",\"description\":\"Testata Giornalistica Quarrata Montale Agliana\",\"potentialAction\":[{\"@type\":\"SearchAction\",\"target\":{\"@type\":\"EntryPoint\",\"urlTemplate\":\"https:\/\/www.noidiqua.it\/Agliana\/?s={search_term_string}\"},\"query-input\":{\"@type\":\"PropertyValueSpecification\",\"valueRequired\":true,\"valueName\":\"search_term_string\"}}],\"inLanguage\":\"it-IT\"},{\"@type\":\"Person\",\"@id\":\"https:\/\/www.noidiqua.it\/Agliana\/#\/schema\/person\/30e3bbc8170470508bc65df034405391\",\"name\":\"Giancarlo Zampini\",\"image\":{\"@type\":\"ImageObject\",\"inLanguage\":\"it-IT\",\"@id\":\"https:\/\/www.noidiqua.it\/Agliana\/#\/schema\/person\/image\/\",\"url\":\"https:\/\/secure.gravatar.com\/avatar\/a23c75f41ddbdd13c745a6311eb76767e5935fb545b70acfa28c4c6b2a3396fe?s=96&d=mm&r=g\",\"contentUrl\":\"https:\/\/secure.gravatar.com\/avatar\/a23c75f41ddbdd13c745a6311eb76767e5935fb545b70acfa28c4c6b2a3396fe?s=96&d=mm&r=g\",\"caption\":\"Giancarlo Zampini\"},\"url\":\"https:\/\/www.noidiqua.it\/Agliana\/author\/giancarlo-zampini\/\"}]}<\/script>\n<!-- \/ Yoast SEO plugin. -->","yoast_head_json":{"title":"Gli edifici in Via Coppi - Noi di Qua Testata giornalistica e di attualit\u00e0 di Agliana, Montale e Quarrata.","robots":{"index":"index","follow":"follow","max-snippet":"max-snippet:-1","max-image-preview":"max-image-preview:large","max-video-preview":"max-video-preview:-1"},"canonical":"https:\/\/www.noidiqua.it\/Agliana\/gli-edifici-in-via-coppi\/","og_locale":"it_IT","og_type":"article","og_title":"Gli edifici in Via Coppi - Noi di Qua Testata giornalistica e di attualit\u00e0 di Agliana, Montale e Quarrata.","og_description":"di Giancarlo Zampini maggio 2011 Una lunga fila di costruzioni molto visibili per la loro imponenza, dal colore rosso mattone e formate da tante formelle in vetrocemento, delle quali all\u2019inizio della costruzione alcuni residenti di Agliana ebbero a dire\u2026 \u201cSi costruisce nell\u2019ultimo pezzo di terreno disponibile della [&hellip;]","og_url":"https:\/\/www.noidiqua.it\/Agliana\/gli-edifici-in-via-coppi\/","og_site_name":"Noi di Qua Testata giornalistica e di attualit\u00e0 di Agliana, Montale e Quarrata.","article_publisher":"https:\/\/www.facebook.com\/noidiqua.trimestrale\/","article_published_time":"2011-05-07T19:06:48+00:00","article_modified_time":"2024-01-04T10:48:09+00:00","og_image":[{"url":"https:\/\/www.noidiqua.it\/Agliana\/wp-content\/uploads\/2011\/05\/via-coppi-3.png","type":"","width":"","height":""}],"author":"Giancarlo Zampini","twitter_misc":{"Scritto da":"Giancarlo Zampini","Tempo di lettura stimato":"2 minuti"},"schema":{"@context":"https:\/\/schema.org","@graph":[{"@type":"WebPage","@id":"https:\/\/www.noidiqua.it\/Agliana\/gli-edifici-in-via-coppi\/","url":"https:\/\/www.noidiqua.it\/Agliana\/gli-edifici-in-via-coppi\/","name":"Gli edifici in Via Coppi - Noi di Qua Testata giornalistica e di attualit\u00e0 di Agliana, Montale e Quarrata.","isPartOf":{"@id":"https:\/\/www.noidiqua.it\/Agliana\/#website"},"primaryImageOfPage":{"@id":"https:\/\/www.noidiqua.it\/Agliana\/gli-edifici-in-via-coppi\/#primaryimage"},"image":{"@id":"https:\/\/www.noidiqua.it\/Agliana\/gli-edifici-in-via-coppi\/#primaryimage"},"thumbnailUrl":"https:\/\/www.noidiqua.it\/Agliana\/wp-content\/uploads\/2011\/05\/via-coppi-3.png","datePublished":"2011-05-07T19:06:48+00:00","dateModified":"2024-01-04T10:48:09+00:00","author":{"@id":"https:\/\/www.noidiqua.it\/Agliana\/#\/schema\/person\/30e3bbc8170470508bc65df034405391"},"breadcrumb":{"@id":"https:\/\/www.noidiqua.it\/Agliana\/gli-edifici-in-via-coppi\/#breadcrumb"},"inLanguage":"it-IT","potentialAction":[{"@type":"ReadAction","target":["https:\/\/www.noidiqua.it\/Agliana\/gli-edifici-in-via-coppi\/"]}]},{"@type":"ImageObject","inLanguage":"it-IT","@id":"https:\/\/www.noidiqua.it\/Agliana\/gli-edifici-in-via-coppi\/#primaryimage","url":"https:\/\/www.noidiqua.it\/Agliana\/wp-content\/uploads\/2011\/05\/via-coppi-3.png","contentUrl":"https:\/\/www.noidiqua.it\/Agliana\/wp-content\/uploads\/2011\/05\/via-coppi-3.png","width":503,"height":336},{"@type":"BreadcrumbList","@id":"https:\/\/www.noidiqua.it\/Agliana\/gli-edifici-in-via-coppi\/#breadcrumb","itemListElement":[{"@type":"ListItem","position":1,"name":"Home","item":"https:\/\/www.noidiqua.it\/Agliana\/"},{"@type":"ListItem","position":2,"name":"Gli edifici in Via Coppi"}]},{"@type":"WebSite","@id":"https:\/\/www.noidiqua.it\/Agliana\/#website","url":"https:\/\/www.noidiqua.it\/Agliana\/","name":"Noi di Qua Testata giornalistica e di attualit\u00e0 di Agliana, Montale e Quarrata.","description":"Testata Giornalistica Quarrata Montale Agliana","potentialAction":[{"@type":"SearchAction","target":{"@type":"EntryPoint","urlTemplate":"https:\/\/www.noidiqua.it\/Agliana\/?s={search_term_string}"},"query-input":{"@type":"PropertyValueSpecification","valueRequired":true,"valueName":"search_term_string"}}],"inLanguage":"it-IT"},{"@type":"Person","@id":"https:\/\/www.noidiqua.it\/Agliana\/#\/schema\/person\/30e3bbc8170470508bc65df034405391","name":"Giancarlo Zampini","image":{"@type":"ImageObject","inLanguage":"it-IT","@id":"https:\/\/www.noidiqua.it\/Agliana\/#\/schema\/person\/image\/","url":"https:\/\/secure.gravatar.com\/avatar\/a23c75f41ddbdd13c745a6311eb76767e5935fb545b70acfa28c4c6b2a3396fe?s=96&d=mm&r=g","contentUrl":"https:\/\/secure.gravatar.com\/avatar\/a23c75f41ddbdd13c745a6311eb76767e5935fb545b70acfa28c4c6b2a3396fe?s=96&d=mm&r=g","caption":"Giancarlo Zampini"},"url":"https:\/\/www.noidiqua.it\/Agliana\/author\/giancarlo-zampini\/"}]}},"_links":{"self":[{"href":"https:\/\/www.noidiqua.it\/Agliana\/wp-json\/wp\/v2\/posts\/1097","targetHints":{"allow":["GET"]}}],"collection":[{"href":"https:\/\/www.noidiqua.it\/Agliana\/wp-json\/wp\/v2\/posts"}],"about":[{"href":"https:\/\/www.noidiqua.it\/Agliana\/wp-json\/wp\/v2\/types\/post"}],"author":[{"embeddable":true,"href":"https:\/\/www.noidiqua.it\/Agliana\/wp-json\/wp\/v2\/users\/4"}],"replies":[{"embeddable":true,"href":"https:\/\/www.noidiqua.it\/Agliana\/wp-json\/wp\/v2\/comments?post=1097"}],"version-history":[{"count":5,"href":"https:\/\/www.noidiqua.it\/Agliana\/wp-json\/wp\/v2\/posts\/1097\/revisions"}],"predecessor-version":[{"id":8988,"href":"https:\/\/www.noidiqua.it\/Agliana\/wp-json\/wp\/v2\/posts\/1097\/revisions\/8988"}],"wp:attachment":[{"href":"https:\/\/www.noidiqua.it\/Agliana\/wp-json\/wp\/v2\/media?parent=1097"}],"wp:term":[{"taxonomy":"category","embeddable":true,"href":"https:\/\/www.noidiqua.it\/Agliana\/wp-json\/wp\/v2\/categories?post=1097"},{"taxonomy":"post_tag","embeddable":true,"href":"https:\/\/www.noidiqua.it\/Agliana\/wp-json\/wp\/v2\/tags?post=1097"}],"curies":[{"name":"wp","href":"https:\/\/api.w.org\/{rel}","templated":true}]}}