{"id":1109,"date":"2011-05-07T21:15:24","date_gmt":"2011-05-07T21:15:24","guid":{"rendered":"https:\/\/www.noidiqua.it\/Agliana\/?p=1109"},"modified":"2024-01-04T11:37:51","modified_gmt":"2024-01-04T10:37:51","slug":"i-t-c-aldo-capitini","status":"publish","type":"post","link":"https:\/\/www.noidiqua.it\/Agliana\/i-t-c-aldo-capitini\/","title":{"rendered":"I.T.C. Aldo Capitini"},"content":{"rendered":"<p style=\"text-align: justify;\"><em>di Marco Bagnoli<\/em><\/p>\n<p style=\"text-align: justify;\"><em>maggio 2011<\/em><\/p>\n<p><a href=\"https:\/\/www.noidiqua.it\/Agliana\/wp-content\/uploads\/2011\/05\/capitini_.png\" rel=\"wp-prettyPhoto[1109]\"><img loading=\"lazy\" decoding=\"async\" class=\"aligncenter size-full wp-image-8973\" src=\"https:\/\/www.noidiqua.it\/Agliana\/wp-content\/uploads\/2011\/05\/capitini_.png\" alt=\"\" width=\"503\" height=\"336\" srcset=\"https:\/\/www.noidiqua.it\/Agliana\/wp-content\/uploads\/2011\/05\/capitini_.png 503w, https:\/\/www.noidiqua.it\/Agliana\/wp-content\/uploads\/2011\/05\/capitini_-300x200.png 300w\" sizes=\"auto, (max-width: 503px) 100vw, 503px\" \/><\/a><\/p>\n<p>C\u2019erano una volta gli anni settanta. Qua nella Piana erano gli anni del boom del mobile, del tessile, del vivaismo; e i figli di famiglia, assolti gli obblighi scolastici, trasferivano automaticamente le proprie energie nella ditta del babbo, o in quella del babbo di un loro coetaneo. Ripensandoci non ci tratteniamo dal pensare <em>\u201ccome si stava meglio, quando si stava meglio\u201d<\/em>: noi tutti, oggi, melanconici ai pallidi lumi di luna, ci metteremmo la firma per tornare da dove siamo venuti. Eppure all\u2019epoca tutto questo non andava: senza tanti giri di parole, la Piana pistoiese era un\u2019area di bassa scolarizzazione. In soccorso dei poveri ragazzi che non potevano studiare, a cavallo fra il 1978 e il \u201879 inizia un progetto che parte da Pistoia, piccolo, ma importante: l\u2019Istituto tecnico commerciale Pacini, data anche l\u2019abbondanza delle iscrizioni, distacca ad Agliana quattro classi di Amministrativo, per un totale di 68 alunni. La sede \u00e8 quella delle scuole medie Sestini, per forza di cose al pomeriggio. La cosa si fa.<\/p>\n<p>L\u2019anno successivo la situazione vede una serie di nuove iscrizioni, oltre, ovviamente, alle prime classi, adesso seconde. Sono inoltre distaccati le classi terze del Pacini con gli iscritti di Agliana, Quarrata, Montale e Prato; in questo momento storico, Agliana diviene succursale dell\u2019ITC di San Marcello e la struttura \u00e8 quella dell\u2019attuale Richard Hotel, all\u2019epoca ancora suddiviso in appartamenti liberamente a disposizione. Data l\u2019affluenza si dovr\u00e0 stabilire una vera e propria turnazione, mattina e pomeriggio. S\u2019inizia il Commercio estero, gli iscritti sono 262. \u00c8 il 1981 quando qualcosa comincia a succedere in via Goldoni: aumentano ancora gli iscritti, siamo a quota 386, in parte affluiti dall\u2019I.T.C. Pagoni di Prato, che infatti, nel giro, di dieci anni si vedr\u00e0 costretto a sdoppiarsi in due diverse sedi. La struttura di Agliana viene completata ed utilizzata poco per volta, per prima le aule di Amministrativo, nell\u201982 quelle assegnate al Commercio estero, finch\u00e9 nell\u201983 entrambi i plessi sono a pieno regime, per un totale di 526 alunni. La palazzina della Biblioteca Anna Marcesini \u00e8 l\u2019ex succursale del blocco principale, resasi superflua nel momento in cui l\u2019ITC Pagoni di Prato, allargandosi, ha sottratto iscrizioni ad Agliana. Arriviamo cos\u00ec al 1984, un momento importante per l\u2019Istituto di Agliana, perch\u00e9 ottiene la completa autonomia; gli iscritti sono 593. Passano un paio d\u2019anni, prima che nel 1986 la scuola venga definitivamente intitolata ad Aldo Capitini, filosofo, politico ed educatore antifascista, che ottiene la preferenza sulla candidatura di Gherardo Nerucci, poeta montalese. Dalle 816 iscrizioni di quell\u2019anno fondamentale \u2013 e fondante \u2013 si andr\u00e0 sempre ad aumentare, fino al boom pi\u00f9 fragoroso dai tempi di quei mitici anni settanta: 44 classi, 1004 iscritti nel 1989! A seguire una comprensibile inversione di tendenza, fino al minimo stoico del 1998, 22 classi per 471 alunni. Nel 1990 nasce il progetto Igea, che unisce le competenze amministrative a quelle pi\u00f9 strettamente giuridiche, oltre alla comparsa di una seconda lingua straniera; sar\u00e0 questo il corso-mangiatutto che poco per volta raduner\u00e0 il grosso delle iscrizioni. Dal 2003 ad oggi, grazie anche ai nuovi indirizzi Erica e Sirio, il trend di presenze verte di nuovo al sereno soleggiato, fino ai 617 alunni di oggi. Bisogna anche tener presente il determinante calo di natalit\u00e0: nel corso di trent\u2019anni si \u00e8 verificato un vero e proprio mutamento antropologico; e anche culturale (o almeno lo si spera). Come dire, se siamo cos\u00ec attaccati alle cifre, tanto valeva mandarli a lavorare.<\/p>\n<p><a href=\"https:\/\/www.noidiqua.it\/Agliana\/wp-content\/uploads\/2011\/05\/capitini.png\" rel=\"wp-prettyPhoto[1109]\"><img loading=\"lazy\" decoding=\"async\" class=\"aligncenter size-full wp-image-8971\" src=\"https:\/\/www.noidiqua.it\/Agliana\/wp-content\/uploads\/2011\/05\/capitini.png\" alt=\"\" width=\"503\" height=\"336\" srcset=\"https:\/\/www.noidiqua.it\/Agliana\/wp-content\/uploads\/2011\/05\/capitini.png 503w, https:\/\/www.noidiqua.it\/Agliana\/wp-content\/uploads\/2011\/05\/capitini-300x200.png 300w\" sizes=\"auto, (max-width: 503px) 100vw, 503px\" \/><\/a><\/p>\n<p style=\"text-align: justify;\"><em>Non \u00e8 possibile riassumere la figura di <\/em><em><strong>Aldo Capitini<\/strong><\/em><em> se non per brevi essenziali cenni, che invitiamo caldamente ad approfondire. Nasce a Perugia nel 1899 da genitori di modesta estrazione. Si diploma ragioniere, prosegue da autodidatta nello studio dei classici greci e latini; la sua formazione letteraria e spirituale \u00e8 quanto mai varia, dalla Bibbia a Kant, da D\u2019Annunzio a Gandhi. Aderisce alle istanze della nonviolenza indiana, che lo porter\u00e0 in seguito alla scelta del vegeterianesimo, quale forma ideale di rispetto per tutti gli esseri viventi. Ottiene nel \u201824 una borsa di studio presso la Normale di Pisa. \u00c8 un fervido oppositore tanto del regime fascista che della Chiesa concordataria. Arrestato nel corso di una retata viene presto rilasciato grazie alla sua fama di religioso: <\/em><em>\u201cQuale tremenda accusa contro la religione, se il potere ha pi\u00f9 paura dei rivoluzionari che dei religiosi\u201d<\/em><em>, avr\u00e0 a dire. Estraneo alle logiche dei partiti, Capitini resta al di fuori della fase costituente, nonostante la sua indubbia levatura morale e civile. Nel dopoguerra sar\u00e0 fautore dell\u2019obiezione di coscienza alla leva militare. Nel \u201855 il suo libro \u201cReligione Aperta\u201d \u00e8 messo all\u2019Indice dei libri proibiti dalle autorit\u00e0 ecclesiastiche, con le quali la polemica non cesser\u00e0 nemmeno dopo il Concilio. Domenica 24 settembre 1961 organizza la prima Marcia per la pace e la fratellanza dei popoli, in occasione della quale viene adottata la Bandiera della Pace, simbolo dell\u2019opposizione nonviolenta a tutte le guerre. Le sue idee camminano ancora oggi, pi\u00f9 che mai.<\/em><\/p>\n<p>&nbsp;<\/p>\n<p><a href=\"https:\/\/www.noidiqua.it\/Agliana\/wp-content\/uploads\/2011\/05\/capitini-3.png\" rel=\"wp-prettyPhoto[1109]\"><img loading=\"lazy\" decoding=\"async\" class=\"aligncenter size-full wp-image-8970\" src=\"https:\/\/www.noidiqua.it\/Agliana\/wp-content\/uploads\/2011\/05\/capitini-3.png\" alt=\"\" width=\"495\" height=\"299\" srcset=\"https:\/\/www.noidiqua.it\/Agliana\/wp-content\/uploads\/2011\/05\/capitini-3.png 495w, https:\/\/www.noidiqua.it\/Agliana\/wp-content\/uploads\/2011\/05\/capitini-3-300x181.png 300w\" sizes=\"auto, (max-width: 495px) 100vw, 495px\" \/><\/a><\/p>\n<p style=\"text-align: justify;\"><strong>Capitini Oggi<\/strong><\/p>\n<p style=\"text-align: justify;\">Abbiamo fatto quattro chiacchiere col preside, Santi Marroncini e con la figura storica del Capitini, Mario Managlia, segretario in pensione \u2013 ma solo da un anno. Passiamo rapidamente in rassegna i punti di merito di questo centro di eccellenza. Nel 2006 \u00e8 stato il primo istituto della Toscana ad adottare il badge elettronico per gli studenti, che ne certifica la presenza all\u2019ingresso principale. Un vero punto d\u2019orgoglio, da spartire equamente con i ragazzi e le famiglie \u00e8 il fatto che il Capitini non \u00e8 mai stato privilegiato quanto a servizi pubblici e nonostante questo ha toccato i numeri che sappiamo \u2013 quindi in questo caso le cifre contano davvero, dato che misurano una febbrile volont\u00e0 e determinazione, contro ogni faciloneria iperprotettiva e malsana della rincuorante <em>scuola vicino casa<\/em>. Oltre le cinque aule d\u2019informatica, l\u2019adozione del registro on-line e l\u2019offerta formativa esaustivamente esposta nel sito dell\u2019Istituto, la popolazione studentesca e la realt\u00e0 familiare che si esprime in essa possono usufruire di un servizio interno di consulting, ovvero sia la possibilit\u00e0 di conferire con una psicanalista per i momenti pi\u00f9 faticosi che possono capitare nella vita. E a quanto pare capitano eccome, quantomeno ai ragazzi, dato che il 5% di loro si rivolge allo sportello.<\/p>\n<p style=\"text-align: justify;\">Quindi informatica, \u201cemancipazione\u201d, internet, dubbi angosce &amp; patemi d\u2018animo: invitiamo i nostri ospiti, in questa presidenza che non fa pi\u00f9 paura, a parlarci dei ragazzi. L\u2019Istituto compie trent\u2019anni, ma sono bastati gli ultimi dieci perch\u00e9 il mondo cambiasse del tutto: nel 2000 doveva ancora verificarsi tanto l\u2019Undici Settembre che la prima edizione del Grande Fratello. Su questo non ci sono dubbi, dicono loro, \u00e8 cambiato tutto, sono cambiati i ragazzi: una volta i quattordicenni erano timidi e imbranati, oggi sembrano inadatti soltanto nell\u2019uso delle buone maniere. \u00c8 la solita vecchia storia che <em>loro hanno tutto<\/em> e quindi alle volte rispondere male diventa l\u2019unico diversivo. Una volta il Capitini era una grande famiglia, si conoscevano tutti ed erano tutti pi\u00f9 uniti e anche se pure questo suona banale e ripetitivo, non si fatica ad ammettere che al giorno d\u2019oggi i ragazzi sono pi\u00f9 distanti. Sar\u00e0 di nuovo colpa di internet, che ti porta il mondo in casa e porta te in giro per il mondo; sar\u00e0 colpa della televisione, che impone i ragazzini fuori di testa come unico modello di consumatore ideale; sar\u00e0 colpa delle famiglie, che rifondano i loro debiti di distanza con eccessive manciate di protezione, comunque e dovunque.<br \/>\nE ancora, sar\u00e0 colpa delle regole, quelle che una volta facevano ridere e adesso nemmeno le si sta pi\u00f9 a sentire, tanto non c\u2019\u00e8 nessuno che te le spiega. Sar\u00e0 una semplice flessione nella curva ideale della maturazione adolescenziale; cent\u2019anni fa a piantar grane erano i patrioti, poi le camicie da rosse son diventate nere, il ministro Gentile licenzia Capitini e noi vorremmo che tutto quello che il resto della societ\u00e0 non fa \u2013 <em>dio, patria, famiglia<\/em> \u2013 se lo sobbarcasse la scuola pubblica, sessant\u2019anni dopo l\u2019Ipotesi di Calamandrei. Ecco, mettiamo il caso che avesse ragione&#8230;<\/p>","protected":false},"excerpt":{"rendered":"<p>di Marco Bagnoli maggio 2011 C\u2019erano una volta gli anni settanta. Qua nella Piana erano gli anni del boom del mobile, del tessile, del vivaismo; e i figli di famiglia, assolti gli obblighi scolastici, trasferivano automaticamente le proprie energie nella ditta del babbo, o in quella del [&hellip;]<\/p>","protected":false},"author":3,"featured_media":0,"comment_status":"open","ping_status":"open","sticky":false,"template":"","format":"standard","meta":{"footnotes":""},"categories":[2,16],"tags":[37,38,85,96,126,128],"class_list":["post-1109","post","type-post","status-publish","format-standard","hentry","category-ag","category-storia-qt","tag-ag-ag","tag-aglianese","tag-la-storia","tag-noidiqua","tag-storia","tag-territorio"],"yoast_head":"<!-- This site is optimized with the Yoast SEO plugin v25.5 - https:\/\/yoast.com\/wordpress\/plugins\/seo\/ -->\n<title>I.T.C. Aldo Capitini - Noi di Qua Testata giornalistica e di attualit\u00e0 di Agliana, Montale e Quarrata.<\/title>\n<meta name=\"robots\" content=\"index, follow, max-snippet:-1, max-image-preview:large, max-video-preview:-1\" \/>\n<link rel=\"canonical\" href=\"https:\/\/www.noidiqua.it\/Agliana\/i-t-c-aldo-capitini\/\" \/>\n<meta property=\"og:locale\" content=\"it_IT\" \/>\n<meta property=\"og:type\" content=\"article\" \/>\n<meta property=\"og:title\" content=\"I.T.C. Aldo Capitini - Noi di Qua Testata giornalistica e di attualit\u00e0 di Agliana, Montale e Quarrata.\" \/>\n<meta property=\"og:description\" content=\"di Marco Bagnoli maggio 2011 C\u2019erano una volta gli anni settanta. Qua nella Piana erano gli anni del boom del mobile, del tessile, del vivaismo; e i figli di famiglia, assolti gli obblighi scolastici, trasferivano automaticamente le proprie energie nella ditta del babbo, o in quella del [&hellip;]\" \/>\n<meta property=\"og:url\" content=\"https:\/\/www.noidiqua.it\/Agliana\/i-t-c-aldo-capitini\/\" \/>\n<meta property=\"og:site_name\" content=\"Noi di Qua Testata giornalistica e di attualit\u00e0 di Agliana, Montale e Quarrata.\" \/>\n<meta property=\"article:publisher\" content=\"https:\/\/www.facebook.com\/noidiqua.trimestrale\/\" \/>\n<meta property=\"article:published_time\" content=\"2011-05-07T21:15:24+00:00\" \/>\n<meta property=\"article:modified_time\" content=\"2024-01-04T10:37:51+00:00\" \/>\n<meta property=\"og:image\" content=\"https:\/\/www.noidiqua.it\/Agliana\/wp-content\/uploads\/2011\/05\/capitini_.png\" \/>\n<meta name=\"author\" content=\"Marco Bagnoli\" \/>\n<meta name=\"twitter:label1\" content=\"Scritto da\" \/>\n\t<meta name=\"twitter:data1\" content=\"Marco Bagnoli\" \/>\n\t<meta name=\"twitter:label2\" content=\"Tempo di lettura stimato\" \/>\n\t<meta name=\"twitter:data2\" content=\"7 minuti\" \/>\n<script type=\"application\/ld+json\" class=\"yoast-schema-graph\">{\"@context\":\"https:\/\/schema.org\",\"@graph\":[{\"@type\":\"WebPage\",\"@id\":\"https:\/\/www.noidiqua.it\/Agliana\/i-t-c-aldo-capitini\/\",\"url\":\"https:\/\/www.noidiqua.it\/Agliana\/i-t-c-aldo-capitini\/\",\"name\":\"I.T.C. Aldo Capitini - Noi di Qua Testata giornalistica e di attualit\u00e0 di Agliana, Montale e Quarrata.\",\"isPartOf\":{\"@id\":\"https:\/\/www.noidiqua.it\/Agliana\/#website\"},\"primaryImageOfPage\":{\"@id\":\"https:\/\/www.noidiqua.it\/Agliana\/i-t-c-aldo-capitini\/#primaryimage\"},\"image\":{\"@id\":\"https:\/\/www.noidiqua.it\/Agliana\/i-t-c-aldo-capitini\/#primaryimage\"},\"thumbnailUrl\":\"https:\/\/www.noidiqua.it\/Agliana\/wp-content\/uploads\/2011\/05\/capitini_.png\",\"datePublished\":\"2011-05-07T21:15:24+00:00\",\"dateModified\":\"2024-01-04T10:37:51+00:00\",\"author\":{\"@id\":\"https:\/\/www.noidiqua.it\/Agliana\/#\/schema\/person\/4e183cb0c6d7951e716a876aa702e1a2\"},\"breadcrumb\":{\"@id\":\"https:\/\/www.noidiqua.it\/Agliana\/i-t-c-aldo-capitini\/#breadcrumb\"},\"inLanguage\":\"it-IT\",\"potentialAction\":[{\"@type\":\"ReadAction\",\"target\":[\"https:\/\/www.noidiqua.it\/Agliana\/i-t-c-aldo-capitini\/\"]}]},{\"@type\":\"ImageObject\",\"inLanguage\":\"it-IT\",\"@id\":\"https:\/\/www.noidiqua.it\/Agliana\/i-t-c-aldo-capitini\/#primaryimage\",\"url\":\"https:\/\/www.noidiqua.it\/Agliana\/wp-content\/uploads\/2011\/05\/capitini_.png\",\"contentUrl\":\"https:\/\/www.noidiqua.it\/Agliana\/wp-content\/uploads\/2011\/05\/capitini_.png\",\"width\":503,\"height\":336},{\"@type\":\"BreadcrumbList\",\"@id\":\"https:\/\/www.noidiqua.it\/Agliana\/i-t-c-aldo-capitini\/#breadcrumb\",\"itemListElement\":[{\"@type\":\"ListItem\",\"position\":1,\"name\":\"Home\",\"item\":\"https:\/\/www.noidiqua.it\/Agliana\/\"},{\"@type\":\"ListItem\",\"position\":2,\"name\":\"I.T.C. Aldo Capitini\"}]},{\"@type\":\"WebSite\",\"@id\":\"https:\/\/www.noidiqua.it\/Agliana\/#website\",\"url\":\"https:\/\/www.noidiqua.it\/Agliana\/\",\"name\":\"Noi di Qua Testata giornalistica e di attualit\u00e0 di Agliana, Montale e Quarrata.\",\"description\":\"Testata Giornalistica Quarrata Montale Agliana\",\"potentialAction\":[{\"@type\":\"SearchAction\",\"target\":{\"@type\":\"EntryPoint\",\"urlTemplate\":\"https:\/\/www.noidiqua.it\/Agliana\/?s={search_term_string}\"},\"query-input\":{\"@type\":\"PropertyValueSpecification\",\"valueRequired\":true,\"valueName\":\"search_term_string\"}}],\"inLanguage\":\"it-IT\"},{\"@type\":\"Person\",\"@id\":\"https:\/\/www.noidiqua.it\/Agliana\/#\/schema\/person\/4e183cb0c6d7951e716a876aa702e1a2\",\"name\":\"Marco Bagnoli\",\"image\":{\"@type\":\"ImageObject\",\"inLanguage\":\"it-IT\",\"@id\":\"https:\/\/www.noidiqua.it\/Agliana\/#\/schema\/person\/image\/\",\"url\":\"https:\/\/secure.gravatar.com\/avatar\/73ace53724c50db9c48af54756f17b7cdb015a9d8d2c08c7e04e480539a94eee?s=96&d=mm&r=g\",\"contentUrl\":\"https:\/\/secure.gravatar.com\/avatar\/73ace53724c50db9c48af54756f17b7cdb015a9d8d2c08c7e04e480539a94eee?s=96&d=mm&r=g\",\"caption\":\"Marco Bagnoli\"},\"url\":\"https:\/\/www.noidiqua.it\/Agliana\/author\/marco-bagnoli\/\"}]}<\/script>\n<!-- \/ Yoast SEO plugin. -->","yoast_head_json":{"title":"I.T.C. Aldo Capitini - Noi di Qua Testata giornalistica e di attualit\u00e0 di Agliana, Montale e Quarrata.","robots":{"index":"index","follow":"follow","max-snippet":"max-snippet:-1","max-image-preview":"max-image-preview:large","max-video-preview":"max-video-preview:-1"},"canonical":"https:\/\/www.noidiqua.it\/Agliana\/i-t-c-aldo-capitini\/","og_locale":"it_IT","og_type":"article","og_title":"I.T.C. Aldo Capitini - Noi di Qua Testata giornalistica e di attualit\u00e0 di Agliana, Montale e Quarrata.","og_description":"di Marco Bagnoli maggio 2011 C\u2019erano una volta gli anni settanta. Qua nella Piana erano gli anni del boom del mobile, del tessile, del vivaismo; e i figli di famiglia, assolti gli obblighi scolastici, trasferivano automaticamente le proprie energie nella ditta del babbo, o in quella del [&hellip;]","og_url":"https:\/\/www.noidiqua.it\/Agliana\/i-t-c-aldo-capitini\/","og_site_name":"Noi di Qua Testata giornalistica e di attualit\u00e0 di Agliana, Montale e Quarrata.","article_publisher":"https:\/\/www.facebook.com\/noidiqua.trimestrale\/","article_published_time":"2011-05-07T21:15:24+00:00","article_modified_time":"2024-01-04T10:37:51+00:00","og_image":[{"url":"https:\/\/www.noidiqua.it\/Agliana\/wp-content\/uploads\/2011\/05\/capitini_.png","type":"","width":"","height":""}],"author":"Marco Bagnoli","twitter_misc":{"Scritto da":"Marco Bagnoli","Tempo di lettura stimato":"7 minuti"},"schema":{"@context":"https:\/\/schema.org","@graph":[{"@type":"WebPage","@id":"https:\/\/www.noidiqua.it\/Agliana\/i-t-c-aldo-capitini\/","url":"https:\/\/www.noidiqua.it\/Agliana\/i-t-c-aldo-capitini\/","name":"I.T.C. Aldo Capitini - Noi di Qua Testata giornalistica e di attualit\u00e0 di Agliana, Montale e Quarrata.","isPartOf":{"@id":"https:\/\/www.noidiqua.it\/Agliana\/#website"},"primaryImageOfPage":{"@id":"https:\/\/www.noidiqua.it\/Agliana\/i-t-c-aldo-capitini\/#primaryimage"},"image":{"@id":"https:\/\/www.noidiqua.it\/Agliana\/i-t-c-aldo-capitini\/#primaryimage"},"thumbnailUrl":"https:\/\/www.noidiqua.it\/Agliana\/wp-content\/uploads\/2011\/05\/capitini_.png","datePublished":"2011-05-07T21:15:24+00:00","dateModified":"2024-01-04T10:37:51+00:00","author":{"@id":"https:\/\/www.noidiqua.it\/Agliana\/#\/schema\/person\/4e183cb0c6d7951e716a876aa702e1a2"},"breadcrumb":{"@id":"https:\/\/www.noidiqua.it\/Agliana\/i-t-c-aldo-capitini\/#breadcrumb"},"inLanguage":"it-IT","potentialAction":[{"@type":"ReadAction","target":["https:\/\/www.noidiqua.it\/Agliana\/i-t-c-aldo-capitini\/"]}]},{"@type":"ImageObject","inLanguage":"it-IT","@id":"https:\/\/www.noidiqua.it\/Agliana\/i-t-c-aldo-capitini\/#primaryimage","url":"https:\/\/www.noidiqua.it\/Agliana\/wp-content\/uploads\/2011\/05\/capitini_.png","contentUrl":"https:\/\/www.noidiqua.it\/Agliana\/wp-content\/uploads\/2011\/05\/capitini_.png","width":503,"height":336},{"@type":"BreadcrumbList","@id":"https:\/\/www.noidiqua.it\/Agliana\/i-t-c-aldo-capitini\/#breadcrumb","itemListElement":[{"@type":"ListItem","position":1,"name":"Home","item":"https:\/\/www.noidiqua.it\/Agliana\/"},{"@type":"ListItem","position":2,"name":"I.T.C. Aldo Capitini"}]},{"@type":"WebSite","@id":"https:\/\/www.noidiqua.it\/Agliana\/#website","url":"https:\/\/www.noidiqua.it\/Agliana\/","name":"Noi di Qua Testata giornalistica e di attualit\u00e0 di Agliana, Montale e Quarrata.","description":"Testata Giornalistica Quarrata Montale Agliana","potentialAction":[{"@type":"SearchAction","target":{"@type":"EntryPoint","urlTemplate":"https:\/\/www.noidiqua.it\/Agliana\/?s={search_term_string}"},"query-input":{"@type":"PropertyValueSpecification","valueRequired":true,"valueName":"search_term_string"}}],"inLanguage":"it-IT"},{"@type":"Person","@id":"https:\/\/www.noidiqua.it\/Agliana\/#\/schema\/person\/4e183cb0c6d7951e716a876aa702e1a2","name":"Marco Bagnoli","image":{"@type":"ImageObject","inLanguage":"it-IT","@id":"https:\/\/www.noidiqua.it\/Agliana\/#\/schema\/person\/image\/","url":"https:\/\/secure.gravatar.com\/avatar\/73ace53724c50db9c48af54756f17b7cdb015a9d8d2c08c7e04e480539a94eee?s=96&d=mm&r=g","contentUrl":"https:\/\/secure.gravatar.com\/avatar\/73ace53724c50db9c48af54756f17b7cdb015a9d8d2c08c7e04e480539a94eee?s=96&d=mm&r=g","caption":"Marco Bagnoli"},"url":"https:\/\/www.noidiqua.it\/Agliana\/author\/marco-bagnoli\/"}]}},"_links":{"self":[{"href":"https:\/\/www.noidiqua.it\/Agliana\/wp-json\/wp\/v2\/posts\/1109","targetHints":{"allow":["GET"]}}],"collection":[{"href":"https:\/\/www.noidiqua.it\/Agliana\/wp-json\/wp\/v2\/posts"}],"about":[{"href":"https:\/\/www.noidiqua.it\/Agliana\/wp-json\/wp\/v2\/types\/post"}],"author":[{"embeddable":true,"href":"https:\/\/www.noidiqua.it\/Agliana\/wp-json\/wp\/v2\/users\/3"}],"replies":[{"embeddable":true,"href":"https:\/\/www.noidiqua.it\/Agliana\/wp-json\/wp\/v2\/comments?post=1109"}],"version-history":[{"count":4,"href":"https:\/\/www.noidiqua.it\/Agliana\/wp-json\/wp\/v2\/posts\/1109\/revisions"}],"predecessor-version":[{"id":3343,"href":"https:\/\/www.noidiqua.it\/Agliana\/wp-json\/wp\/v2\/posts\/1109\/revisions\/3343"}],"wp:attachment":[{"href":"https:\/\/www.noidiqua.it\/Agliana\/wp-json\/wp\/v2\/media?parent=1109"}],"wp:term":[{"taxonomy":"category","embeddable":true,"href":"https:\/\/www.noidiqua.it\/Agliana\/wp-json\/wp\/v2\/categories?post=1109"},{"taxonomy":"post_tag","embeddable":true,"href":"https:\/\/www.noidiqua.it\/Agliana\/wp-json\/wp\/v2\/tags?post=1109"}],"curies":[{"name":"wp","href":"https:\/\/api.w.org\/{rel}","templated":true}]}}