{"id":1118,"date":"2011-05-07T21:28:00","date_gmt":"2011-05-07T21:28:00","guid":{"rendered":"https:\/\/www.noidiqua.it\/Agliana\/?p=1118"},"modified":"2024-01-04T11:10:14","modified_gmt":"2024-01-04T10:10:14","slug":"lenza-aglianese-intervista-al-presidente-lido-mencuccini","status":"publish","type":"post","link":"https:\/\/www.noidiqua.it\/Agliana\/lenza-aglianese-intervista-al-presidente-lido-mencuccini\/","title":{"rendered":"Lenza Aglianese intervista al presidente Lido Mencuccini"},"content":{"rendered":"<p style=\"text-align: justify;\"><em>di David Colzi<\/em><\/p>\n<p style=\"text-align: justify;\"><em>maggio 2011<\/em><\/p>\n<p><a href=\"https:\/\/www.noidiqua.it\/Agliana\/wp-content\/uploads\/2011\/05\/lago-1.png\" rel=\"wp-prettyPhoto[1118]\"><img loading=\"lazy\" decoding=\"async\" class=\"aligncenter  wp-image-8953\" src=\"https:\/\/www.noidiqua.it\/Agliana\/wp-content\/uploads\/2011\/05\/lago-1.png\" alt=\"\" width=\"423\" height=\"324\" srcset=\"https:\/\/www.noidiqua.it\/Agliana\/wp-content\/uploads\/2011\/05\/lago-1.png 334w, https:\/\/www.noidiqua.it\/Agliana\/wp-content\/uploads\/2011\/05\/lago-1-300x230.png 300w\" sizes=\"auto, (max-width: 423px) 100vw, 423px\" \/><\/a><\/p>\n<p style=\"text-align: justify;\">\n<p style=\"text-align: justify;\">A cinquant\u2019anni esatti dalla fondazione della Lenza Aglianese siamo andati a fare quattro chiacchiere con la colonna portante di questa associazione, Lido Mencuccini. Tra sport, solidariet\u00e0 e tanto impegno civile ci ha raccontato storie di uomini, pesci&#8230; e feste paesane!<\/p>\n<p style=\"text-align: justify;\"><strong>E\u2019 vero che la Lenza aglianese \u00e8 un eccellenza a livello nazionale per la pesca sportiva?<\/strong><\/p>\n<p style=\"text-align: justify;\"><em>S\u00ec. Pensi che nella provincia di Pistoia siamo due societ\u00e0 a rappresentare il territorio a livello nazionale: la Lenza Montecatinese e noi&#8230; per\u00f2 l\u2019altra societ\u00e0 \u00e8 da pi\u00f9 tempo nelle gare mentre la Lenza Aglianese \u00e8 solo da poco, quindi la soddisfazione \u00e8 doppia.<\/em><\/p>\n<p style=\"text-align: justify;\"><strong>Con quali categorie partecipate alle gare?<\/strong><\/p>\n<p style=\"text-align: justify;\"><em>Tutte le sezioni della pesca sportiva sono rappresentate da noi, dalla \u201cTrota lago\u201d alla \u201cTrota torrente\u201d e via di seguito, fino allo \u201cSpinning da barca\u201d.<\/em><\/p>\n<p style=\"text-align: justify;\"><strong>Come funzionano questi tornei?<\/strong><\/p>\n<p style=\"text-align: justify;\"><em>Come nel calcio, anche nella pesca ci sono varie serie, dai dilettanti fino alla serie A. Noi nel 2010 per arrivare alle finali siamo entrati nelle prime quattordici squadre a livello nazionale per il centro nord Italia. La cosa davvero lodevole \u00e8 che i nostri, a differenza di altri, non sono atleti di professione, quindi anche per andare in giro per l\u2019Italia devono prendere permessi e quant\u2019altro&#8230; molti sono ragazzi giovani.<\/em><\/p>\n<p><a href=\"https:\/\/www.noidiqua.it\/Agliana\/wp-content\/uploads\/2011\/05\/lago_.png\" rel=\"wp-prettyPhoto[1118]\"><img loading=\"lazy\" decoding=\"async\" class=\"aligncenter size-full wp-image-8954\" src=\"https:\/\/www.noidiqua.it\/Agliana\/wp-content\/uploads\/2011\/05\/lago_.png\" alt=\"\" width=\"499\" height=\"276\" srcset=\"https:\/\/www.noidiqua.it\/Agliana\/wp-content\/uploads\/2011\/05\/lago_.png 499w, https:\/\/www.noidiqua.it\/Agliana\/wp-content\/uploads\/2011\/05\/lago_-300x166.png 300w\" sizes=\"auto, (max-width: 499px) 100vw, 499px\" \/><\/a><\/p>\n<p style=\"text-align: justify;\"><strong>Cos\u2019altro \u00e8 successo nel 2010?<\/strong><\/p>\n<p style=\"text-align: justify;\"><em>A livello provinciale siamo andati forte, in ogni gara ci siamo posizionati nelle vette pi\u00f9 alte. Abbiamo molti campioni tra cui Sheila Ricotti, terza ai campionati mondiali e altri ancora tra cui il terzetto composto da Jonathan Benelli, Fabio Tesconi e Adriano Marsalli, membri del Club Azzurro. Poi sempre nel 2010 abbiamo vinto i campionati regionali nelle categorie \u201cTrota lago\u201d, \u201cSpinning\u201d e \u201cIn-box\u201d.<\/em><\/p>\n<p style=\"text-align: justify;\"><strong>Parliamo della vostra sede al lago Primo Maggio.<\/strong><\/p>\n<p style=\"text-align: justify;\"><em>Dal 1990 abbiamo recuperato questo spazio che pri<\/em><em>ma era una discarica. La gestione viene rinnovata ogni dieci anni da parte del comune. Tutto quello che vede al Lago Primo Maggio lo abbiamo fatto noi come Lenza Aglianese, sia in termini di bonifica, sia come manutenzione e costruzione della sede. In pi\u00f9 siamo completamenti autonomi, avendo acquistato tutte le attrezzature che ci servono per il lago e avendo una piccola centrale fotovoltaica sul tetto.<\/em><\/p>\n<p><a href=\"https:\/\/www.noidiqua.it\/Agliana\/wp-content\/uploads\/2011\/05\/lago-4.png\" rel=\"wp-prettyPhoto[1118]\"><img loading=\"lazy\" decoding=\"async\" class=\"aligncenter size-full wp-image-8955\" src=\"https:\/\/www.noidiqua.it\/Agliana\/wp-content\/uploads\/2011\/05\/lago-4.png\" alt=\"\" width=\"486\" height=\"324\" srcset=\"https:\/\/www.noidiqua.it\/Agliana\/wp-content\/uploads\/2011\/05\/lago-4.png 486w, https:\/\/www.noidiqua.it\/Agliana\/wp-content\/uploads\/2011\/05\/lago-4-300x200.png 300w\" sizes=\"auto, (max-width: 486px) 100vw, 486px\" \/><\/a><\/p>\n<p style=\"text-align: justify;\"><strong>Questa oasi verde viene rispettata da tutti?<\/strong><\/p>\n<p style=\"text-align: justify;\"><em>S\u00ec, anche perch\u00e9 c\u2019\u00e8 un orario di apertura e chiusura, con una guardia per controllare che i pescatori seguano le regole e che il verde venga rispettato da tutti, anche da coloro che vengono a fare una passeggiata o a prendere il gelato.<\/em><em>In pi\u00f9 abbiamo una pizzeria gestita da soci per i soci, che apre il Sabato e la Domenica. L\u2019anno scorso abbiamo raggiunto i mille e seicento soci-circolisti pi\u00f9 duecento soci-agonisti che pescano nel nostro lago.<\/em><\/p>\n<p style=\"text-align: justify;\"><strong>Fila tutto liscio?<\/strong><\/p>\n<p style=\"text-align: justify;\"><em>S\u00ec, anche perch\u00e9 ho creato un gruppo di consiglieri competenti ed ognuno di loro \u00e8 specializzato in un settore, cos\u00ec il nostro lavoro \u00e8 pi\u00f9 facile e al tempo stesso pi\u00f9 professionale. Questo ci permette di collaborare in maniera soddisfacente con gli enti pubblici o con le banche, proponendo sempre iniziative rivolte a chi ha pi\u00f9 bisogno.<\/em><\/p>\n<p style=\"text-align: justify;\"><strong>So che fate molte manifestazioni.<\/strong><\/p>\n<p style=\"text-align: justify;\"><em>Vero: infatti quest\u2019anno abbiamo anche ottenuto di poter gestire l\u2019ultima parte del Giugno aglianese (dal 23 giugno al 3 luglio) senza chiedere un soldo al comune, ma facendoci carico noi di trovare gli sponsor per coprire le spese. Diciamo che \u00e8 una collaborazione fra comune, Lenza Aglianese e l\u2019associazione Agor\u00e0. In pi\u00f9 collaboreremo anche con la Croce Rossa locale della Piana Pistoiese. Pensi che con le casse del comune quasi vuote si rischiava di non realizzare niente!<\/em><\/p>\n<p><a href=\"https:\/\/www.noidiqua.it\/Agliana\/wp-content\/uploads\/2011\/05\/lago-3.png\" rel=\"wp-prettyPhoto[1118]\"><img loading=\"lazy\" decoding=\"async\" class=\"aligncenter size-full wp-image-8956\" src=\"https:\/\/www.noidiqua.it\/Agliana\/wp-content\/uploads\/2011\/05\/lago-3.png\" alt=\"\" width=\"495\" height=\"330\" srcset=\"https:\/\/www.noidiqua.it\/Agliana\/wp-content\/uploads\/2011\/05\/lago-3.png 495w, https:\/\/www.noidiqua.it\/Agliana\/wp-content\/uploads\/2011\/05\/lago-3-300x200.png 300w\" sizes=\"auto, (max-width: 495px) 100vw, 495px\" \/><\/a><\/p>\n<p style=\"text-align: justify;\">\n<p style=\"text-align: justify;\"><strong>Come sar\u00e0 il \u201cvostro\u201d Giugno?<\/strong><\/p>\n<p style=\"text-align: justify;\"><em>L\u2019idea generale sar\u00e0 quella di recuperare angoli e vie che da tempo sono abbandonate o comunque non vissute fino in fondo dagli aglianesi. Il nostro intento \u00e8 far s\u00ec che ci sia qualcosa ovunque nel centro di Agliana: un avvenimento, una installazione, una bancherella, una mostra&#8230; insomma \u201csar\u00e0 un centro da RIVIVERE\u201d.<\/em><\/p>\n<p style=\"text-align: justify;\"><strong>Qualche appuntamento?<\/strong><\/p>\n<p style=\"text-align: justify;\"><em>Il 25 Giugno ci sar\u00e0 la rievocazione storica della Battaglia dei Fieni, con sbandieratori provenienti da tutta la Toscana, oltre a giocolieri e mangiafuoco. Il 2 luglio avremo in esclusiva la fanfara della Croce Rossa Nazionale.<\/em><em>Il 3 Luglio la Battitura del grano con la sfilata dei trattori storici durante la giornata in Piazza Bellucci. Anche in quella occasione spettacolo con la Banda Folcloristica di Siena e il gruppo dei Maggiolini di Montemurlo. Da non dimenticare il concerto finale dell\u2019Isola di Uait.<\/em><\/p>\n<p style=\"text-align: justify;\"><strong>E poi c\u2019\u00e8 la vostra sagra del pesce fritto&#8230;<\/strong><\/p>\n<p style=\"text-align: justify;\"><em>Che quest\u2019anno sar\u00e0 anche per i ciliaci con la presenza di dottori e membri dell\u2019Associazione Ciliaci per sensibilizzare la popolazione su questa malattia. Pensi che nel 2010 abbiamo fritto in una serata pi\u00f9 di cinque quintali di pesci . Da sottolineare il fatto che da quando \u00e8 nata questa manifestazione, il pesce viene distribuito gratuitamente.<\/em><\/p>\n<p><a href=\"https:\/\/www.noidiqua.it\/Agliana\/wp-content\/uploads\/2011\/05\/lago-6.png\" rel=\"wp-prettyPhoto[1118]\"><img loading=\"lazy\" decoding=\"async\" class=\"aligncenter size-full wp-image-8957\" src=\"https:\/\/www.noidiqua.it\/Agliana\/wp-content\/uploads\/2011\/05\/lago-6.png\" alt=\"\" width=\"508\" height=\"333\" srcset=\"https:\/\/www.noidiqua.it\/Agliana\/wp-content\/uploads\/2011\/05\/lago-6.png 508w, https:\/\/www.noidiqua.it\/Agliana\/wp-content\/uploads\/2011\/05\/lago-6-300x197.png 300w\" sizes=\"auto, (max-width: 508px) 100vw, 508px\" \/><\/a><\/p>\n<p style=\"text-align: justify;\"><strong>Ma a lei chi glielo fa fare?<\/strong><\/p>\n<p style=\"text-align: justify;\"><em>(sorride) Io sono un contestatore nato, ma invece di lamentarmi come tanti, preferisco essere propositivo, anche se a volte questo comporta scontrarsi con enti o comuni: d\u2019altronde io credo molto nei buoni esempi che bisogna dare alla gente&#8230; e da qualcuno devono pur partire!<\/em><\/p>","protected":false},"excerpt":{"rendered":"<p>di David Colzi maggio 2011 A cinquant\u2019anni esatti dalla fondazione della Lenza Aglianese siamo andati a fare quattro chiacchiere con la colonna portante di questa associazione, Lido Mencuccini. Tra sport, solidariet\u00e0 e tanto impegno civile ci ha raccontato storie di uomini, pesci&#8230; e feste paesane! E\u2019 vero [&hellip;]<\/p>","protected":false},"author":5,"featured_media":0,"comment_status":"open","ping_status":"open","sticky":false,"template":"","format":"standard","meta":{"footnotes":""},"categories":[2,144,28],"tags":[37,38,84,96,124,125],"class_list":["post-1118","post","type-post","status-publish","format-standard","hentry","category-ag","category-lo-sport-di-qua","category-sport-qt","tag-ag-ag","tag-aglianese","tag-laglianese","tag-noidiqua","tag-spettacolo","tag-sport"],"yoast_head":"<!-- This site is optimized with the Yoast SEO plugin v25.5 - https:\/\/yoast.com\/wordpress\/plugins\/seo\/ -->\n<title>Lenza Aglianese intervista al presidente Lido Mencuccini - Noi di Qua Testata giornalistica e di attualit\u00e0 di Agliana, Montale e Quarrata.<\/title>\n<meta name=\"robots\" content=\"index, follow, max-snippet:-1, max-image-preview:large, max-video-preview:-1\" \/>\n<link rel=\"canonical\" href=\"https:\/\/www.noidiqua.it\/Agliana\/lenza-aglianese-intervista-al-presidente-lido-mencuccini\/\" \/>\n<meta property=\"og:locale\" content=\"it_IT\" \/>\n<meta property=\"og:type\" content=\"article\" \/>\n<meta property=\"og:title\" content=\"Lenza Aglianese intervista al presidente Lido Mencuccini - Noi di Qua Testata giornalistica e di attualit\u00e0 di Agliana, Montale e Quarrata.\" \/>\n<meta property=\"og:description\" content=\"di David Colzi maggio 2011 A cinquant\u2019anni esatti dalla fondazione della Lenza Aglianese siamo andati a fare quattro chiacchiere con la colonna portante di questa associazione, Lido Mencuccini. Tra sport, solidariet\u00e0 e tanto impegno civile ci ha raccontato storie di uomini, pesci&#8230; e feste paesane! E\u2019 vero [&hellip;]\" \/>\n<meta property=\"og:url\" content=\"https:\/\/www.noidiqua.it\/Agliana\/lenza-aglianese-intervista-al-presidente-lido-mencuccini\/\" \/>\n<meta property=\"og:site_name\" content=\"Noi di Qua Testata giornalistica e di attualit\u00e0 di Agliana, Montale e Quarrata.\" \/>\n<meta property=\"article:publisher\" content=\"https:\/\/www.facebook.com\/noidiqua.trimestrale\/\" \/>\n<meta property=\"article:published_time\" content=\"2011-05-07T21:28:00+00:00\" \/>\n<meta property=\"article:modified_time\" content=\"2024-01-04T10:10:14+00:00\" \/>\n<meta property=\"og:image\" content=\"https:\/\/www.noidiqua.it\/Agliana\/wp-content\/uploads\/2011\/05\/lago-1.png\" \/>\n<meta name=\"author\" content=\"David Colzi\" \/>\n<meta name=\"twitter:label1\" content=\"Scritto da\" \/>\n\t<meta name=\"twitter:data1\" content=\"David Colzi\" \/>\n\t<meta name=\"twitter:label2\" content=\"Tempo di lettura stimato\" \/>\n\t<meta name=\"twitter:data2\" content=\"5 minuti\" \/>\n<script type=\"application\/ld+json\" class=\"yoast-schema-graph\">{\"@context\":\"https:\/\/schema.org\",\"@graph\":[{\"@type\":\"WebPage\",\"@id\":\"https:\/\/www.noidiqua.it\/Agliana\/lenza-aglianese-intervista-al-presidente-lido-mencuccini\/\",\"url\":\"https:\/\/www.noidiqua.it\/Agliana\/lenza-aglianese-intervista-al-presidente-lido-mencuccini\/\",\"name\":\"Lenza Aglianese intervista al presidente Lido Mencuccini - Noi di Qua Testata giornalistica e di attualit\u00e0 di Agliana, Montale e Quarrata.\",\"isPartOf\":{\"@id\":\"https:\/\/www.noidiqua.it\/Agliana\/#website\"},\"primaryImageOfPage\":{\"@id\":\"https:\/\/www.noidiqua.it\/Agliana\/lenza-aglianese-intervista-al-presidente-lido-mencuccini\/#primaryimage\"},\"image\":{\"@id\":\"https:\/\/www.noidiqua.it\/Agliana\/lenza-aglianese-intervista-al-presidente-lido-mencuccini\/#primaryimage\"},\"thumbnailUrl\":\"https:\/\/www.noidiqua.it\/Agliana\/wp-content\/uploads\/2011\/05\/lago-1.png\",\"datePublished\":\"2011-05-07T21:28:00+00:00\",\"dateModified\":\"2024-01-04T10:10:14+00:00\",\"author\":{\"@id\":\"https:\/\/www.noidiqua.it\/Agliana\/#\/schema\/person\/3b45dd21eb2367c177b6a6d35c868ccc\"},\"breadcrumb\":{\"@id\":\"https:\/\/www.noidiqua.it\/Agliana\/lenza-aglianese-intervista-al-presidente-lido-mencuccini\/#breadcrumb\"},\"inLanguage\":\"it-IT\",\"potentialAction\":[{\"@type\":\"ReadAction\",\"target\":[\"https:\/\/www.noidiqua.it\/Agliana\/lenza-aglianese-intervista-al-presidente-lido-mencuccini\/\"]}]},{\"@type\":\"ImageObject\",\"inLanguage\":\"it-IT\",\"@id\":\"https:\/\/www.noidiqua.it\/Agliana\/lenza-aglianese-intervista-al-presidente-lido-mencuccini\/#primaryimage\",\"url\":\"https:\/\/www.noidiqua.it\/Agliana\/wp-content\/uploads\/2011\/05\/lago-1.png\",\"contentUrl\":\"https:\/\/www.noidiqua.it\/Agliana\/wp-content\/uploads\/2011\/05\/lago-1.png\",\"width\":334,\"height\":256},{\"@type\":\"BreadcrumbList\",\"@id\":\"https:\/\/www.noidiqua.it\/Agliana\/lenza-aglianese-intervista-al-presidente-lido-mencuccini\/#breadcrumb\",\"itemListElement\":[{\"@type\":\"ListItem\",\"position\":1,\"name\":\"Home\",\"item\":\"https:\/\/www.noidiqua.it\/Agliana\/\"},{\"@type\":\"ListItem\",\"position\":2,\"name\":\"Lenza Aglianese intervista al presidente Lido Mencuccini\"}]},{\"@type\":\"WebSite\",\"@id\":\"https:\/\/www.noidiqua.it\/Agliana\/#website\",\"url\":\"https:\/\/www.noidiqua.it\/Agliana\/\",\"name\":\"Noi di Qua Testata giornalistica e di attualit\u00e0 di Agliana, Montale e Quarrata.\",\"description\":\"Testata Giornalistica Quarrata Montale Agliana\",\"potentialAction\":[{\"@type\":\"SearchAction\",\"target\":{\"@type\":\"EntryPoint\",\"urlTemplate\":\"https:\/\/www.noidiqua.it\/Agliana\/?s={search_term_string}\"},\"query-input\":{\"@type\":\"PropertyValueSpecification\",\"valueRequired\":true,\"valueName\":\"search_term_string\"}}],\"inLanguage\":\"it-IT\"},{\"@type\":\"Person\",\"@id\":\"https:\/\/www.noidiqua.it\/Agliana\/#\/schema\/person\/3b45dd21eb2367c177b6a6d35c868ccc\",\"name\":\"David Colzi\",\"image\":{\"@type\":\"ImageObject\",\"inLanguage\":\"it-IT\",\"@id\":\"https:\/\/www.noidiqua.it\/Agliana\/#\/schema\/person\/image\/\",\"url\":\"https:\/\/secure.gravatar.com\/avatar\/515ac68c0075b78a8243a0f28e5a361c9b5c466a1d6912ac3919ddd928c4db8c?s=96&d=mm&r=g\",\"contentUrl\":\"https:\/\/secure.gravatar.com\/avatar\/515ac68c0075b78a8243a0f28e5a361c9b5c466a1d6912ac3919ddd928c4db8c?s=96&d=mm&r=g\",\"caption\":\"David Colzi\"},\"url\":\"https:\/\/www.noidiqua.it\/Agliana\/author\/david-colzi\/\"}]}<\/script>\n<!-- \/ Yoast SEO plugin. -->","yoast_head_json":{"title":"Lenza Aglianese intervista al presidente Lido Mencuccini - Noi di Qua Testata giornalistica e di attualit\u00e0 di Agliana, Montale e Quarrata.","robots":{"index":"index","follow":"follow","max-snippet":"max-snippet:-1","max-image-preview":"max-image-preview:large","max-video-preview":"max-video-preview:-1"},"canonical":"https:\/\/www.noidiqua.it\/Agliana\/lenza-aglianese-intervista-al-presidente-lido-mencuccini\/","og_locale":"it_IT","og_type":"article","og_title":"Lenza Aglianese intervista al presidente Lido Mencuccini - Noi di Qua Testata giornalistica e di attualit\u00e0 di Agliana, Montale e Quarrata.","og_description":"di David Colzi maggio 2011 A cinquant\u2019anni esatti dalla fondazione della Lenza Aglianese siamo andati a fare quattro chiacchiere con la colonna portante di questa associazione, Lido Mencuccini. Tra sport, solidariet\u00e0 e tanto impegno civile ci ha raccontato storie di uomini, pesci&#8230; e feste paesane! E\u2019 vero [&hellip;]","og_url":"https:\/\/www.noidiqua.it\/Agliana\/lenza-aglianese-intervista-al-presidente-lido-mencuccini\/","og_site_name":"Noi di Qua Testata giornalistica e di attualit\u00e0 di Agliana, Montale e Quarrata.","article_publisher":"https:\/\/www.facebook.com\/noidiqua.trimestrale\/","article_published_time":"2011-05-07T21:28:00+00:00","article_modified_time":"2024-01-04T10:10:14+00:00","og_image":[{"url":"https:\/\/www.noidiqua.it\/Agliana\/wp-content\/uploads\/2011\/05\/lago-1.png","type":"","width":"","height":""}],"author":"David Colzi","twitter_misc":{"Scritto da":"David Colzi","Tempo di lettura stimato":"5 minuti"},"schema":{"@context":"https:\/\/schema.org","@graph":[{"@type":"WebPage","@id":"https:\/\/www.noidiqua.it\/Agliana\/lenza-aglianese-intervista-al-presidente-lido-mencuccini\/","url":"https:\/\/www.noidiqua.it\/Agliana\/lenza-aglianese-intervista-al-presidente-lido-mencuccini\/","name":"Lenza Aglianese intervista al presidente Lido Mencuccini - Noi di Qua Testata giornalistica e di attualit\u00e0 di Agliana, Montale e Quarrata.","isPartOf":{"@id":"https:\/\/www.noidiqua.it\/Agliana\/#website"},"primaryImageOfPage":{"@id":"https:\/\/www.noidiqua.it\/Agliana\/lenza-aglianese-intervista-al-presidente-lido-mencuccini\/#primaryimage"},"image":{"@id":"https:\/\/www.noidiqua.it\/Agliana\/lenza-aglianese-intervista-al-presidente-lido-mencuccini\/#primaryimage"},"thumbnailUrl":"https:\/\/www.noidiqua.it\/Agliana\/wp-content\/uploads\/2011\/05\/lago-1.png","datePublished":"2011-05-07T21:28:00+00:00","dateModified":"2024-01-04T10:10:14+00:00","author":{"@id":"https:\/\/www.noidiqua.it\/Agliana\/#\/schema\/person\/3b45dd21eb2367c177b6a6d35c868ccc"},"breadcrumb":{"@id":"https:\/\/www.noidiqua.it\/Agliana\/lenza-aglianese-intervista-al-presidente-lido-mencuccini\/#breadcrumb"},"inLanguage":"it-IT","potentialAction":[{"@type":"ReadAction","target":["https:\/\/www.noidiqua.it\/Agliana\/lenza-aglianese-intervista-al-presidente-lido-mencuccini\/"]}]},{"@type":"ImageObject","inLanguage":"it-IT","@id":"https:\/\/www.noidiqua.it\/Agliana\/lenza-aglianese-intervista-al-presidente-lido-mencuccini\/#primaryimage","url":"https:\/\/www.noidiqua.it\/Agliana\/wp-content\/uploads\/2011\/05\/lago-1.png","contentUrl":"https:\/\/www.noidiqua.it\/Agliana\/wp-content\/uploads\/2011\/05\/lago-1.png","width":334,"height":256},{"@type":"BreadcrumbList","@id":"https:\/\/www.noidiqua.it\/Agliana\/lenza-aglianese-intervista-al-presidente-lido-mencuccini\/#breadcrumb","itemListElement":[{"@type":"ListItem","position":1,"name":"Home","item":"https:\/\/www.noidiqua.it\/Agliana\/"},{"@type":"ListItem","position":2,"name":"Lenza Aglianese intervista al presidente Lido Mencuccini"}]},{"@type":"WebSite","@id":"https:\/\/www.noidiqua.it\/Agliana\/#website","url":"https:\/\/www.noidiqua.it\/Agliana\/","name":"Noi di Qua Testata giornalistica e di attualit\u00e0 di Agliana, Montale e Quarrata.","description":"Testata Giornalistica Quarrata Montale Agliana","potentialAction":[{"@type":"SearchAction","target":{"@type":"EntryPoint","urlTemplate":"https:\/\/www.noidiqua.it\/Agliana\/?s={search_term_string}"},"query-input":{"@type":"PropertyValueSpecification","valueRequired":true,"valueName":"search_term_string"}}],"inLanguage":"it-IT"},{"@type":"Person","@id":"https:\/\/www.noidiqua.it\/Agliana\/#\/schema\/person\/3b45dd21eb2367c177b6a6d35c868ccc","name":"David Colzi","image":{"@type":"ImageObject","inLanguage":"it-IT","@id":"https:\/\/www.noidiqua.it\/Agliana\/#\/schema\/person\/image\/","url":"https:\/\/secure.gravatar.com\/avatar\/515ac68c0075b78a8243a0f28e5a361c9b5c466a1d6912ac3919ddd928c4db8c?s=96&d=mm&r=g","contentUrl":"https:\/\/secure.gravatar.com\/avatar\/515ac68c0075b78a8243a0f28e5a361c9b5c466a1d6912ac3919ddd928c4db8c?s=96&d=mm&r=g","caption":"David Colzi"},"url":"https:\/\/www.noidiqua.it\/Agliana\/author\/david-colzi\/"}]}},"_links":{"self":[{"href":"https:\/\/www.noidiqua.it\/Agliana\/wp-json\/wp\/v2\/posts\/1118","targetHints":{"allow":["GET"]}}],"collection":[{"href":"https:\/\/www.noidiqua.it\/Agliana\/wp-json\/wp\/v2\/posts"}],"about":[{"href":"https:\/\/www.noidiqua.it\/Agliana\/wp-json\/wp\/v2\/types\/post"}],"author":[{"embeddable":true,"href":"https:\/\/www.noidiqua.it\/Agliana\/wp-json\/wp\/v2\/users\/5"}],"replies":[{"embeddable":true,"href":"https:\/\/www.noidiqua.it\/Agliana\/wp-json\/wp\/v2\/comments?post=1118"}],"version-history":[{"count":6,"href":"https:\/\/www.noidiqua.it\/Agliana\/wp-json\/wp\/v2\/posts\/1118\/revisions"}],"predecessor-version":[{"id":8958,"href":"https:\/\/www.noidiqua.it\/Agliana\/wp-json\/wp\/v2\/posts\/1118\/revisions\/8958"}],"wp:attachment":[{"href":"https:\/\/www.noidiqua.it\/Agliana\/wp-json\/wp\/v2\/media?parent=1118"}],"wp:term":[{"taxonomy":"category","embeddable":true,"href":"https:\/\/www.noidiqua.it\/Agliana\/wp-json\/wp\/v2\/categories?post=1118"},{"taxonomy":"post_tag","embeddable":true,"href":"https:\/\/www.noidiqua.it\/Agliana\/wp-json\/wp\/v2\/tags?post=1118"}],"curies":[{"name":"wp","href":"https:\/\/api.w.org\/{rel}","templated":true}]}}