{"id":1122,"date":"2011-05-07T21:30:27","date_gmt":"2011-05-07T19:30:27","guid":{"rendered":"https:\/\/www.noidiqua.it\/Agliana\/?p=1122"},"modified":"2024-01-04T11:28:53","modified_gmt":"2024-01-04T10:28:53","slug":"storia-di-agliana","status":"publish","type":"post","link":"https:\/\/www.noidiqua.it\/Agliana\/storia-di-agliana\/","title":{"rendered":"Storia di Agliana"},"content":{"rendered":"<p style=\"text-align: justify;\"><em>di Marco Bagnoli<\/em><\/p>\n<p style=\"text-align: justify;\"><em>maggio 2011<\/em><\/p>\n<p><a href=\"https:\/\/www.noidiqua.it\/Agliana\/wp-content\/uploads\/2011\/05\/Agliana-stemma-CiviCam.png\" rel=\"wp-prettyPhoto[1122]\"><img loading=\"lazy\" decoding=\"async\" class=\"aligncenter  wp-image-8968\" src=\"https:\/\/www.noidiqua.it\/Agliana\/wp-content\/uploads\/2011\/05\/Agliana-stemma-CiviCam.png\" alt=\"\" width=\"443\" height=\"360\" srcset=\"https:\/\/www.noidiqua.it\/Agliana\/wp-content\/uploads\/2011\/05\/Agliana-stemma-CiviCam.png 400w, https:\/\/www.noidiqua.it\/Agliana\/wp-content\/uploads\/2011\/05\/Agliana-stemma-CiviCam-300x244.png 300w\" sizes=\"auto, (max-width: 443px) 100vw, 443px\" \/><\/a><\/p>\n<p style=\"text-align: justify;\">\n<p style=\"text-align: justify;\">Sulle origini del nome Agliana ci sarebbe da discuterne. Lo stemma comunale ce lo mostra strettamente correlato al candido frutto della terra, che si erge vitale dalla palude; ma a sentire gli anziani si tratta di una pura e semplice assonanza, in mancanza di dati storici su cui poggiarlo. Come in tutte le cose c\u2019\u00e8 per\u00f2 un fondo di verit\u00e0, proprio quel fondo stagnante e limaccioso da cui germoglia l\u2019aglio in questione: la zona, anticamente, era tutta palude. In principio era un lago, forse, in epoca post-pliocenica, quando l\u2019uomo non c\u2019era e la piana era sommersa. Ed \u00e8 certo che le acque dei torrenti Bure, Brana, Ombrone, Agna, non trovando sbocco in Arno ristagnassero nel territorio, causando malattia ed insalubrit\u00e0. <strong>Ecco allora una relazione ben pi\u00f9 circostanziata, Agliana da Agna<\/strong>. La terra emerse dalle acque al che l\u2019Ombrone, valicata la stretta gola della Gonfolina, pot\u00e9 alfine riversarsi in Arno. E se la natura di per s\u00e9 gi\u00e0 si adoperava nel limarne l\u2019accesso, il sospetto che la mano dell\u2019uomo abbia stretto i tempi si fa pressante. Quando questo taglio sia stato inferto non \u00e8 dato saperlo; furono magari gli Etruschi, fumosi e senza voce come non mai, stanziali nella zona. Dalle parti di Tizzana si diceva fosse opera del leggendario Beato Serafi, anche se effettivamente i monaci c\u2019entrarono, pi\u00f9 che altro nella sistemazione degli argini.<\/p>\n<p style=\"text-align: justify;\">Ad ogni modo, parlando degli Etruschi si parla anche dei Romani. E i Romani, adesso come allora, non vengono certo per farci un favore: stando alla Tabula Peutingeriana, una carta itineraria del IV secolo d.C. redatta per noi in una copia duecentesca, <strong>esisteva una localit\u00e0 denominata Hellana. E il suo significato resta a noi oscuro<\/strong>. Era per\u00f2 situata tra <em>Pistoriae<\/em> e <em>Florentia<\/em>, lungo la Cassia, opera strategica per consentire di andare a fare la guerra alle trib\u00f9 dei liguri, verso la fine del secondo secolo a.C.<\/p>\n<p style=\"text-align: justify;\">Nel corso dei secoli successivi si verifica un processo di evoluzione del nome, fino all\u2019anno mille, che attesta contemporaneamente <strong>Alina<\/strong>, <strong>Allina<\/strong>, <strong>Aliana<\/strong>, <strong>Alliana<\/strong>, <strong>Allana<\/strong>, <strong>Agliana<\/strong>. E lo stesso percorso segue il fiume, riportato come Alina, Allina e Agna. Sono infatti di quest\u2019epoca i primi documenti notarili, testimonianza dell\u2019intensa attivit\u00e0 di scambi e compravendita tanto della citt\u00e0 che della campagna; il <em>Libro Croce<\/em> riporta una serie di atti datati a diversi intervalli dal 1022 al 1140, tutti erogati <em>prope castellum de alliana<\/em>, quindi una sede notarile, indice di una prosperit\u00e0 economica notevole per l\u2019epoca. Comunque sia, verso la fine del trecento \u00e8 ormai di uso corrente l\u2019attuale Agliana. Ed \u00e8 sempre il <em>Libro Croce<\/em> a darci notizia delle irruzioni degli Ungheri e dei Saraceni, un\u2019autentica calamit\u00e0 per le campagne della prima met\u00e0 del X secolo. Pistoia, divenuta uno dei centri principali nella Tuscia dell\u2019et\u00e0 Longobarda, sotto i Franchi cadde in penosa decandenza e con essa tutto il contado attorno, preda del latifondo feudale e di un\u2019assoluta immobilit\u00e0 economica. Sono poche le tracce di elementi germanici, eppure proprio presso Agliana dovette stazionare una colonia di <em>Alamanni<\/em>, come ci racconta la localit\u00e0 <strong>Alamannesco<\/strong>, da cui <strong>Ommannesco<\/strong>, fra la <strong>Salcetana<\/strong> e la <strong>Brana<\/strong>, o forse da <em>Ausmans<\/em>, goto. Allo stesso modo sia <em>Terra Bethinga<\/em> che <em>Terra Loteringa<\/em> e <em>Terra Gerardinga<\/em> sono a denominazioni longobarde di localit\u00e0 del territorio aglianese. E contro i Lombardi Pistoia lott\u00f2 con le armi a Vignole e Agliana. La popolazione diminu\u00ec, crebbe la miseria, le vie si resero insicure per il brigantaggio. Si costruirono abbazie e <em>ospitia<\/em> in soccorso del pellegrino e del viandante, tra i quali quella di <strong>San Salvatore in Agna<\/strong> e <strong>Spedalino Asnelli<\/strong>, <strong>Hospitale de Osnello<\/strong>, su iniziativa, appunto, del monaco Osnello, nel 1162. Spedalino Asnelli viene cos\u00ec ad aggiungersi alle altre localit\u00e0 che sono giunte fino a noi: <strong>era il XI secolo quando Agliana vide un\u2019importante espansione topografica, passando da singolo insediamento ad una sorta di microregione<\/strong>, dove risultano i possedimenti dei vescovi di Pistoia, tra cui un <em>castello qui dicitur Aliano<\/em>, documentato gi\u00e0 dal 1050, che si ipotizza ubicato dove \u00e8 oggi la chiesa di San Niccol\u00f2. Il nuovo tracciato della Cassia non fece che favorire questi nuovi poli di aggregazione, che si costituirono in tre piccoli villaggi: <strong>San Michele<\/strong>, in localit\u00e0 Vacchereccia, <strong>San Niccol\u00f2<\/strong> e <strong>San Piero<\/strong>, ciascuno ben presto dotato di una propria chiesa.<\/p>\n<p style=\"text-align: justify;\">","protected":false},"excerpt":{"rendered":"<p>di Marco Bagnoli maggio 2011 Sulle origini del nome Agliana ci sarebbe da discuterne. Lo stemma comunale ce lo mostra strettamente correlato al candido frutto della terra, che si erge vitale dalla palude; ma a sentire gli anziani si tratta di una pura e semplice assonanza, in [&hellip;]<\/p>","protected":false},"author":3,"featured_media":0,"comment_status":"open","ping_status":"open","sticky":false,"template":"","format":"standard","meta":{"footnotes":""},"categories":[2,29],"tags":[37,38,84,89,96,128],"class_list":["post-1122","post","type-post","status-publish","format-standard","hentry","category-ag","category-territorio-qt","tag-ag-ag","tag-aglianese","tag-laglianese","tag-marco-bagnoli","tag-noidiqua","tag-territorio"],"yoast_head":"<!-- This site is optimized with the Yoast SEO plugin v25.5 - https:\/\/yoast.com\/wordpress\/plugins\/seo\/ -->\n<title>Storia di Agliana - Noi di Qua Testata giornalistica e di attualit\u00e0 di Agliana, Montale e Quarrata.<\/title>\n<meta name=\"robots\" content=\"index, follow, max-snippet:-1, max-image-preview:large, max-video-preview:-1\" \/>\n<link rel=\"canonical\" href=\"https:\/\/www.noidiqua.it\/Agliana\/storia-di-agliana\/\" \/>\n<meta property=\"og:locale\" content=\"it_IT\" \/>\n<meta property=\"og:type\" content=\"article\" \/>\n<meta property=\"og:title\" content=\"Storia di Agliana - Noi di Qua Testata giornalistica e di attualit\u00e0 di Agliana, Montale e Quarrata.\" \/>\n<meta property=\"og:description\" content=\"di Marco Bagnoli maggio 2011 Sulle origini del nome Agliana ci sarebbe da discuterne. Lo stemma comunale ce lo mostra strettamente correlato al candido frutto della terra, che si erge vitale dalla palude; ma a sentire gli anziani si tratta di una pura e semplice assonanza, in [&hellip;]\" \/>\n<meta property=\"og:url\" content=\"https:\/\/www.noidiqua.it\/Agliana\/storia-di-agliana\/\" \/>\n<meta property=\"og:site_name\" content=\"Noi di Qua Testata giornalistica e di attualit\u00e0 di Agliana, Montale e Quarrata.\" \/>\n<meta property=\"article:publisher\" content=\"https:\/\/www.facebook.com\/noidiqua.trimestrale\/\" \/>\n<meta property=\"article:published_time\" content=\"2011-05-07T19:30:27+00:00\" \/>\n<meta property=\"article:modified_time\" content=\"2024-01-04T10:28:53+00:00\" \/>\n<meta property=\"og:image\" content=\"https:\/\/www.noidiqua.it\/Agliana\/wp-content\/uploads\/2011\/05\/Agliana-stemma-CiviCam.png\" \/>\n<meta name=\"author\" content=\"Marco Bagnoli\" \/>\n<meta name=\"twitter:label1\" content=\"Scritto da\" \/>\n\t<meta name=\"twitter:data1\" content=\"Marco Bagnoli\" \/>\n\t<meta name=\"twitter:label2\" content=\"Tempo di lettura stimato\" \/>\n\t<meta name=\"twitter:data2\" content=\"4 minuti\" \/>\n<script type=\"application\/ld+json\" class=\"yoast-schema-graph\">{\"@context\":\"https:\/\/schema.org\",\"@graph\":[{\"@type\":\"WebPage\",\"@id\":\"https:\/\/www.noidiqua.it\/Agliana\/storia-di-agliana\/\",\"url\":\"https:\/\/www.noidiqua.it\/Agliana\/storia-di-agliana\/\",\"name\":\"Storia di Agliana - Noi di Qua Testata giornalistica e di attualit\u00e0 di Agliana, Montale e Quarrata.\",\"isPartOf\":{\"@id\":\"https:\/\/www.noidiqua.it\/Agliana\/#website\"},\"primaryImageOfPage\":{\"@id\":\"https:\/\/www.noidiqua.it\/Agliana\/storia-di-agliana\/#primaryimage\"},\"image\":{\"@id\":\"https:\/\/www.noidiqua.it\/Agliana\/storia-di-agliana\/#primaryimage\"},\"thumbnailUrl\":\"https:\/\/www.noidiqua.it\/Agliana\/wp-content\/uploads\/2011\/05\/Agliana-stemma-CiviCam.png\",\"datePublished\":\"2011-05-07T19:30:27+00:00\",\"dateModified\":\"2024-01-04T10:28:53+00:00\",\"author\":{\"@id\":\"https:\/\/www.noidiqua.it\/Agliana\/#\/schema\/person\/4e183cb0c6d7951e716a876aa702e1a2\"},\"breadcrumb\":{\"@id\":\"https:\/\/www.noidiqua.it\/Agliana\/storia-di-agliana\/#breadcrumb\"},\"inLanguage\":\"it-IT\",\"potentialAction\":[{\"@type\":\"ReadAction\",\"target\":[\"https:\/\/www.noidiqua.it\/Agliana\/storia-di-agliana\/\"]}]},{\"@type\":\"ImageObject\",\"inLanguage\":\"it-IT\",\"@id\":\"https:\/\/www.noidiqua.it\/Agliana\/storia-di-agliana\/#primaryimage\",\"url\":\"https:\/\/www.noidiqua.it\/Agliana\/wp-content\/uploads\/2011\/05\/Agliana-stemma-CiviCam.png\",\"contentUrl\":\"https:\/\/www.noidiqua.it\/Agliana\/wp-content\/uploads\/2011\/05\/Agliana-stemma-CiviCam.png\",\"width\":400,\"height\":325},{\"@type\":\"BreadcrumbList\",\"@id\":\"https:\/\/www.noidiqua.it\/Agliana\/storia-di-agliana\/#breadcrumb\",\"itemListElement\":[{\"@type\":\"ListItem\",\"position\":1,\"name\":\"Home\",\"item\":\"https:\/\/www.noidiqua.it\/Agliana\/\"},{\"@type\":\"ListItem\",\"position\":2,\"name\":\"Storia di Agliana\"}]},{\"@type\":\"WebSite\",\"@id\":\"https:\/\/www.noidiqua.it\/Agliana\/#website\",\"url\":\"https:\/\/www.noidiqua.it\/Agliana\/\",\"name\":\"Noi di Qua Testata giornalistica e di attualit\u00e0 di Agliana, Montale e Quarrata.\",\"description\":\"Testata Giornalistica Quarrata Montale Agliana\",\"potentialAction\":[{\"@type\":\"SearchAction\",\"target\":{\"@type\":\"EntryPoint\",\"urlTemplate\":\"https:\/\/www.noidiqua.it\/Agliana\/?s={search_term_string}\"},\"query-input\":{\"@type\":\"PropertyValueSpecification\",\"valueRequired\":true,\"valueName\":\"search_term_string\"}}],\"inLanguage\":\"it-IT\"},{\"@type\":\"Person\",\"@id\":\"https:\/\/www.noidiqua.it\/Agliana\/#\/schema\/person\/4e183cb0c6d7951e716a876aa702e1a2\",\"name\":\"Marco Bagnoli\",\"image\":{\"@type\":\"ImageObject\",\"inLanguage\":\"it-IT\",\"@id\":\"https:\/\/www.noidiqua.it\/Agliana\/#\/schema\/person\/image\/\",\"url\":\"https:\/\/secure.gravatar.com\/avatar\/73ace53724c50db9c48af54756f17b7cdb015a9d8d2c08c7e04e480539a94eee?s=96&d=mm&r=g\",\"contentUrl\":\"https:\/\/secure.gravatar.com\/avatar\/73ace53724c50db9c48af54756f17b7cdb015a9d8d2c08c7e04e480539a94eee?s=96&d=mm&r=g\",\"caption\":\"Marco Bagnoli\"},\"url\":\"https:\/\/www.noidiqua.it\/Agliana\/author\/marco-bagnoli\/\"}]}<\/script>\n<!-- \/ Yoast SEO plugin. -->","yoast_head_json":{"title":"Storia di Agliana - Noi di Qua Testata giornalistica e di attualit\u00e0 di Agliana, Montale e Quarrata.","robots":{"index":"index","follow":"follow","max-snippet":"max-snippet:-1","max-image-preview":"max-image-preview:large","max-video-preview":"max-video-preview:-1"},"canonical":"https:\/\/www.noidiqua.it\/Agliana\/storia-di-agliana\/","og_locale":"it_IT","og_type":"article","og_title":"Storia di Agliana - Noi di Qua Testata giornalistica e di attualit\u00e0 di Agliana, Montale e Quarrata.","og_description":"di Marco Bagnoli maggio 2011 Sulle origini del nome Agliana ci sarebbe da discuterne. Lo stemma comunale ce lo mostra strettamente correlato al candido frutto della terra, che si erge vitale dalla palude; ma a sentire gli anziani si tratta di una pura e semplice assonanza, in [&hellip;]","og_url":"https:\/\/www.noidiqua.it\/Agliana\/storia-di-agliana\/","og_site_name":"Noi di Qua Testata giornalistica e di attualit\u00e0 di Agliana, Montale e Quarrata.","article_publisher":"https:\/\/www.facebook.com\/noidiqua.trimestrale\/","article_published_time":"2011-05-07T19:30:27+00:00","article_modified_time":"2024-01-04T10:28:53+00:00","og_image":[{"url":"https:\/\/www.noidiqua.it\/Agliana\/wp-content\/uploads\/2011\/05\/Agliana-stemma-CiviCam.png","type":"","width":"","height":""}],"author":"Marco Bagnoli","twitter_misc":{"Scritto da":"Marco Bagnoli","Tempo di lettura stimato":"4 minuti"},"schema":{"@context":"https:\/\/schema.org","@graph":[{"@type":"WebPage","@id":"https:\/\/www.noidiqua.it\/Agliana\/storia-di-agliana\/","url":"https:\/\/www.noidiqua.it\/Agliana\/storia-di-agliana\/","name":"Storia di Agliana - Noi di Qua Testata giornalistica e di attualit\u00e0 di Agliana, Montale e Quarrata.","isPartOf":{"@id":"https:\/\/www.noidiqua.it\/Agliana\/#website"},"primaryImageOfPage":{"@id":"https:\/\/www.noidiqua.it\/Agliana\/storia-di-agliana\/#primaryimage"},"image":{"@id":"https:\/\/www.noidiqua.it\/Agliana\/storia-di-agliana\/#primaryimage"},"thumbnailUrl":"https:\/\/www.noidiqua.it\/Agliana\/wp-content\/uploads\/2011\/05\/Agliana-stemma-CiviCam.png","datePublished":"2011-05-07T19:30:27+00:00","dateModified":"2024-01-04T10:28:53+00:00","author":{"@id":"https:\/\/www.noidiqua.it\/Agliana\/#\/schema\/person\/4e183cb0c6d7951e716a876aa702e1a2"},"breadcrumb":{"@id":"https:\/\/www.noidiqua.it\/Agliana\/storia-di-agliana\/#breadcrumb"},"inLanguage":"it-IT","potentialAction":[{"@type":"ReadAction","target":["https:\/\/www.noidiqua.it\/Agliana\/storia-di-agliana\/"]}]},{"@type":"ImageObject","inLanguage":"it-IT","@id":"https:\/\/www.noidiqua.it\/Agliana\/storia-di-agliana\/#primaryimage","url":"https:\/\/www.noidiqua.it\/Agliana\/wp-content\/uploads\/2011\/05\/Agliana-stemma-CiviCam.png","contentUrl":"https:\/\/www.noidiqua.it\/Agliana\/wp-content\/uploads\/2011\/05\/Agliana-stemma-CiviCam.png","width":400,"height":325},{"@type":"BreadcrumbList","@id":"https:\/\/www.noidiqua.it\/Agliana\/storia-di-agliana\/#breadcrumb","itemListElement":[{"@type":"ListItem","position":1,"name":"Home","item":"https:\/\/www.noidiqua.it\/Agliana\/"},{"@type":"ListItem","position":2,"name":"Storia di Agliana"}]},{"@type":"WebSite","@id":"https:\/\/www.noidiqua.it\/Agliana\/#website","url":"https:\/\/www.noidiqua.it\/Agliana\/","name":"Noi di Qua Testata giornalistica e di attualit\u00e0 di Agliana, Montale e Quarrata.","description":"Testata Giornalistica Quarrata Montale Agliana","potentialAction":[{"@type":"SearchAction","target":{"@type":"EntryPoint","urlTemplate":"https:\/\/www.noidiqua.it\/Agliana\/?s={search_term_string}"},"query-input":{"@type":"PropertyValueSpecification","valueRequired":true,"valueName":"search_term_string"}}],"inLanguage":"it-IT"},{"@type":"Person","@id":"https:\/\/www.noidiqua.it\/Agliana\/#\/schema\/person\/4e183cb0c6d7951e716a876aa702e1a2","name":"Marco Bagnoli","image":{"@type":"ImageObject","inLanguage":"it-IT","@id":"https:\/\/www.noidiqua.it\/Agliana\/#\/schema\/person\/image\/","url":"https:\/\/secure.gravatar.com\/avatar\/73ace53724c50db9c48af54756f17b7cdb015a9d8d2c08c7e04e480539a94eee?s=96&d=mm&r=g","contentUrl":"https:\/\/secure.gravatar.com\/avatar\/73ace53724c50db9c48af54756f17b7cdb015a9d8d2c08c7e04e480539a94eee?s=96&d=mm&r=g","caption":"Marco Bagnoli"},"url":"https:\/\/www.noidiqua.it\/Agliana\/author\/marco-bagnoli\/"}]}},"_links":{"self":[{"href":"https:\/\/www.noidiqua.it\/Agliana\/wp-json\/wp\/v2\/posts\/1122","targetHints":{"allow":["GET"]}}],"collection":[{"href":"https:\/\/www.noidiqua.it\/Agliana\/wp-json\/wp\/v2\/posts"}],"about":[{"href":"https:\/\/www.noidiqua.it\/Agliana\/wp-json\/wp\/v2\/types\/post"}],"author":[{"embeddable":true,"href":"https:\/\/www.noidiqua.it\/Agliana\/wp-json\/wp\/v2\/users\/3"}],"replies":[{"embeddable":true,"href":"https:\/\/www.noidiqua.it\/Agliana\/wp-json\/wp\/v2\/comments?post=1122"}],"version-history":[{"count":3,"href":"https:\/\/www.noidiqua.it\/Agliana\/wp-json\/wp\/v2\/posts\/1122\/revisions"}],"predecessor-version":[{"id":8969,"href":"https:\/\/www.noidiqua.it\/Agliana\/wp-json\/wp\/v2\/posts\/1122\/revisions\/8969"}],"wp:attachment":[{"href":"https:\/\/www.noidiqua.it\/Agliana\/wp-json\/wp\/v2\/media?parent=1122"}],"wp:term":[{"taxonomy":"category","embeddable":true,"href":"https:\/\/www.noidiqua.it\/Agliana\/wp-json\/wp\/v2\/categories?post=1122"},{"taxonomy":"post_tag","embeddable":true,"href":"https:\/\/www.noidiqua.it\/Agliana\/wp-json\/wp\/v2\/tags?post=1122"}],"curies":[{"name":"wp","href":"https:\/\/api.w.org\/{rel}","templated":true}]}}