{"id":1192,"date":"2011-08-19T10:22:25","date_gmt":"2011-08-19T10:22:25","guid":{"rendered":"https:\/\/www.noidiqua.it\/Agliana\/?p=1192"},"modified":"2023-08-02T17:30:59","modified_gmt":"2023-08-02T15:30:59","slug":"la-corsa-allorto","status":"publish","type":"post","link":"https:\/\/www.noidiqua.it\/Agliana\/la-corsa-allorto\/","title":{"rendered":"Appunti di redazione &#8211; La corsa&#8230; all\u2019orto"},"content":{"rendered":"<p style=\"text-align: justify;\"><em>di Giancarlo Zampini<\/em><\/p>\n<p style=\"text-align: justify;\"><em>agosto 2011<\/em><\/p>\n<p><a href=\"https:\/\/www.noidiqua.it\/Agliana\/wp-content\/uploads\/2011\/08\/appunti-1.png\" rel=\"wp-prettyPhoto[1192]\"><img loading=\"lazy\" decoding=\"async\" class=\"aligncenter size-full wp-image-8684\" src=\"https:\/\/www.noidiqua.it\/Agliana\/wp-content\/uploads\/2011\/08\/appunti-1.png\" alt=\"\" width=\"507\" height=\"380\" srcset=\"https:\/\/www.noidiqua.it\/Agliana\/wp-content\/uploads\/2011\/08\/appunti-1.png 507w, https:\/\/www.noidiqua.it\/Agliana\/wp-content\/uploads\/2011\/08\/appunti-1-300x225.png 300w\" sizes=\"auto, (max-width: 507px) 100vw, 507px\" \/><\/a><\/p>\n<p style=\"text-align: justify;\">Negli ultimi anni si \u00e8 assistito ad una vera \u201cortomania\u201d: molti italiani hanno scoperto il valore della coltivazione in proprio di un pezzo di terra molto prima della signora Obama, che l\u2019orto lo coltiva alla Casa Bianca. Dati di commercianti del settore affermano che c\u2019\u00e8 stato un aumento del 400% nelle vendite di piante, sementi, piccoli attrezzi per dissodare e lavorare la terra. Tantissimi gli orti sui terrazzi, basilico ed erbe officinali a portata di mano anche per coloro che abitano in citt\u00e0. Il comune di Quarrata ha preso un\u2019iniziativa davvero originale, proponendo una gara che vedr\u00e0 premiati i migliori angoli verdi del territorio.<\/p>\n<p style=\"text-align: justify;\">Quest\u2019anno, insieme a <a href=\"http:\/\/www.legambiente.it\/\"><strong>Legambiente<\/strong><\/a>, \u00e8 stato deciso di dare vita ad un concorso riservato a giardinieri e coltivatori di orti amatoriali, al fine di promuovere il miglioramento e il rispetto della natura per innalzare la qualit\u00e0 della vita. I migliori verranno premiati il prossimo mese di settembre e naturalmente ci saremo anche noi a documentare per Noidiqua. Altra iniziativa, portata avanti a Pistoia per interessamento di <em>Andrea Betti<\/em>, consigliere comunale e provinciale, \u00e8 quella di destinare gratuitamente i terreni pubblici a pensionati cos\u00ec che possano coltivare l\u2019orto. In altre citt\u00e0 da molti anni viene sostenuta questa iniziativa; il record va a Bologna dove si contano 3.000 orti di circa 35 metri quadri ciascuno e in provincia sono pi\u00f9 di 5.000. A carico dei pensionati ci sono le spese per l\u2019acqua, per le sementi e le piantine. Nel comune di Pontecagnano Faiano &#8211; Salerno, ci sono 10 appezzamenti di 100 metri quadri l\u2019uno.<\/p>\n<p style=\"text-align: justify;\">Ad Omegna, c\u2019\u00e8 un\u2019iniziativa denominata \u201c<strong>Oasi della vita<\/strong>\u201d: il comune ha allestito un\u2019area con all\u2019interno il Ristorante, Bar, un ampio spazio verde, un campo di bocce e circa 50 orti che ogni anno vengono assegnati agli anziani che ne fanno richiesta. A Macerata, 96 orti a titolo gratuito. A Magenta -Milano, \u00e8 stata allestita un\u2019area di 4000 metri quadri, completamente irrigata. Chi scrive, porta avanti a TVL, nell\u2019ambito della decennale trasmissione <em>\u201cOra Verde\u201d<\/em>, la rubrica settimanale <em>\u201cL\u2019orto di Vasco\u201d<\/em>, dove un pensionato, Vasco appunto, se la cava ottimamente con la zappa ed il microfono. Coltiva un orto da sogno, non sa cosa significa acquistare una verdura, mangia sano e risparmia tanti \u201csoldini\u201d. A conservarla, metterla sott\u2019olio, fare la conserva o la passata di pomodoro, provvede sua moglie Giuseppina.<\/p>\n<p>&nbsp;<\/p>\n<p><a href=\"https:\/\/www.noidiqua.it\/Agliana\/wp-content\/uploads\/2011\/08\/appunti-2.png\" rel=\"wp-prettyPhoto[1192]\"><img loading=\"lazy\" decoding=\"async\" class=\"aligncenter size-full wp-image-8685\" src=\"https:\/\/www.noidiqua.it\/Agliana\/wp-content\/uploads\/2011\/08\/appunti-2.png\" alt=\"\" width=\"504\" height=\"378\" srcset=\"https:\/\/www.noidiqua.it\/Agliana\/wp-content\/uploads\/2011\/08\/appunti-2.png 504w, https:\/\/www.noidiqua.it\/Agliana\/wp-content\/uploads\/2011\/08\/appunti-2-300x225.png 300w\" sizes=\"auto, (max-width: 504px) 100vw, 504px\" \/><\/a><\/p>\n<p style=\"text-align: justify;\">Gli orti sociali sono ritenuti una buona iniziativa dai consiglieri comunali aglianesi di maggioranza e di opposizione che in una seduta dell\u2019aprile 2010 hanno approvato all\u2019unanimit\u00e0 il nuovo regolamento per la concessione ai cittadini, in uso gratuito, di terreni di propriet\u00e0 del Comune da coltivare a orti. Il nuovo regolamento \u00e8 stato illustrato dall\u2019assessore Fabrizio Magazzini, il quale ha ricordato che dal 2000, quando l\u2019iniziativa ha preso il via, la concessione in uso degli appezzamenti di terreno, in zona Le Lame, \u00e8 disciplinata da un regolamento e che si \u00e8 costituito un comitato tra gli affidatari (anziani pensionati), che viene rinnovato ogni tre anni. Un progetto nato per favorire la socializzazione nella terza et\u00e0 e che conta quasi 50 assegnatari. Nel nuovo regolamento si prevede di estendere la concessione in uso e di affidare un solo lotto per ogni nucleo familiare. \u00e8 stato introdotto il pagamento di una quota annua simbolica, pari a cinque euro, su richiesta dello stesso comitato. Massimo Zucchelli (Pdl-Udc-Lega nord) ha ricordato che il progetto, attuato poi dal centrosinistra su iniziativa dell\u2019assessore Maurizio Scarola, era nel suo programma elettorale, come candidato a sindaco della lista civica \u201cNoi per Agliana\u201d, nel 1999. &lt;&lt;Nel mio progetto&gt;&gt; ha ricordato Zucchelli &lt;&lt;l\u2019idea degli orti in zona Le Lame aveva lo scopo di mettere in relazione gli ospiti della vicina residenza per anziani con gli affidatari degli orti e credo che questo progetto debba evolversi in questo senso&gt;&gt;. Dal centrosinistra, Carlo Biancalani ha invitato ad estendere la possibilit\u00e0 di accesso agli orti sociali a tutte le persone interessate, indipendentemente dall\u2019et\u00e0. Favorevole all\u2019estensione ai giovani l\u2019assessore Alberto Ciampi, per tramandare alle nuove generazione la tradizione agricola aglianese.<\/p>\n<p style=\"text-align: justify;\"><em>Piera Salvi<\/em><\/p>","protected":false},"excerpt":{"rendered":"<p>di Giancarlo Zampini agosto 2011 Negli ultimi anni si \u00e8 assistito ad una vera \u201cortomania\u201d: molti italiani hanno scoperto il valore della coltivazione in proprio di un pezzo di terra molto prima della signora Obama, che l\u2019orto lo coltiva alla Casa Bianca. Dati di commercianti del settore [&hellip;]<\/p>","protected":false},"author":4,"featured_media":0,"comment_status":"open","ping_status":"open","sticky":false,"template":"","format":"standard","meta":{"footnotes":""},"categories":[2,25],"tags":[37,38,84,96,111],"class_list":["post-1192","post","type-post","status-publish","format-standard","hentry","category-ag","category-appuntired","tag-ag-ag","tag-aglianese","tag-laglianese","tag-noidiqua","tag-redazionale"],"yoast_head":"<!-- This site is optimized with the Yoast SEO plugin v25.5 - https:\/\/yoast.com\/wordpress\/plugins\/seo\/ -->\n<title>Appunti di redazione - La corsa... all\u2019orto - Noi di Qua Testata giornalistica e di attualit\u00e0 di Agliana, Montale e Quarrata.<\/title>\n<meta name=\"robots\" content=\"index, follow, max-snippet:-1, max-image-preview:large, max-video-preview:-1\" \/>\n<link rel=\"canonical\" href=\"https:\/\/www.noidiqua.it\/Agliana\/la-corsa-allorto\/\" \/>\n<meta property=\"og:locale\" content=\"it_IT\" \/>\n<meta property=\"og:type\" content=\"article\" \/>\n<meta property=\"og:title\" content=\"Appunti di redazione - La corsa... all\u2019orto - Noi di Qua Testata giornalistica e di attualit\u00e0 di Agliana, Montale e Quarrata.\" \/>\n<meta property=\"og:description\" content=\"di Giancarlo Zampini agosto 2011 Negli ultimi anni si \u00e8 assistito ad una vera \u201cortomania\u201d: molti italiani hanno scoperto il valore della coltivazione in proprio di un pezzo di terra molto prima della signora Obama, che l\u2019orto lo coltiva alla Casa Bianca. Dati di commercianti del settore [&hellip;]\" \/>\n<meta property=\"og:url\" content=\"https:\/\/www.noidiqua.it\/Agliana\/la-corsa-allorto\/\" \/>\n<meta property=\"og:site_name\" content=\"Noi di Qua Testata giornalistica e di attualit\u00e0 di Agliana, Montale e Quarrata.\" \/>\n<meta property=\"article:publisher\" content=\"https:\/\/www.facebook.com\/noidiqua.trimestrale\/\" \/>\n<meta property=\"article:published_time\" content=\"2011-08-19T10:22:25+00:00\" \/>\n<meta property=\"article:modified_time\" content=\"2023-08-02T15:30:59+00:00\" \/>\n<meta property=\"og:image\" content=\"https:\/\/www.noidiqua.it\/Agliana\/wp-content\/uploads\/2011\/08\/appunti-1.png\" \/>\n<meta name=\"author\" content=\"Giancarlo Zampini\" \/>\n<meta name=\"twitter:label1\" content=\"Scritto da\" \/>\n\t<meta name=\"twitter:data1\" content=\"Giancarlo Zampini\" \/>\n\t<meta name=\"twitter:label2\" content=\"Tempo di lettura stimato\" \/>\n\t<meta name=\"twitter:data2\" content=\"4 minuti\" \/>\n<script type=\"application\/ld+json\" class=\"yoast-schema-graph\">{\"@context\":\"https:\/\/schema.org\",\"@graph\":[{\"@type\":\"WebPage\",\"@id\":\"https:\/\/www.noidiqua.it\/Agliana\/la-corsa-allorto\/\",\"url\":\"https:\/\/www.noidiqua.it\/Agliana\/la-corsa-allorto\/\",\"name\":\"Appunti di redazione - La corsa... all\u2019orto - Noi di Qua Testata giornalistica e di attualit\u00e0 di Agliana, Montale e Quarrata.\",\"isPartOf\":{\"@id\":\"https:\/\/www.noidiqua.it\/Agliana\/#website\"},\"primaryImageOfPage\":{\"@id\":\"https:\/\/www.noidiqua.it\/Agliana\/la-corsa-allorto\/#primaryimage\"},\"image\":{\"@id\":\"https:\/\/www.noidiqua.it\/Agliana\/la-corsa-allorto\/#primaryimage\"},\"thumbnailUrl\":\"https:\/\/www.noidiqua.it\/Agliana\/wp-content\/uploads\/2011\/08\/appunti-1.png\",\"datePublished\":\"2011-08-19T10:22:25+00:00\",\"dateModified\":\"2023-08-02T15:30:59+00:00\",\"author\":{\"@id\":\"https:\/\/www.noidiqua.it\/Agliana\/#\/schema\/person\/30e3bbc8170470508bc65df034405391\"},\"breadcrumb\":{\"@id\":\"https:\/\/www.noidiqua.it\/Agliana\/la-corsa-allorto\/#breadcrumb\"},\"inLanguage\":\"it-IT\",\"potentialAction\":[{\"@type\":\"ReadAction\",\"target\":[\"https:\/\/www.noidiqua.it\/Agliana\/la-corsa-allorto\/\"]}]},{\"@type\":\"ImageObject\",\"inLanguage\":\"it-IT\",\"@id\":\"https:\/\/www.noidiqua.it\/Agliana\/la-corsa-allorto\/#primaryimage\",\"url\":\"https:\/\/www.noidiqua.it\/Agliana\/wp-content\/uploads\/2011\/08\/appunti-1.png\",\"contentUrl\":\"https:\/\/www.noidiqua.it\/Agliana\/wp-content\/uploads\/2011\/08\/appunti-1.png\",\"width\":507,\"height\":380},{\"@type\":\"BreadcrumbList\",\"@id\":\"https:\/\/www.noidiqua.it\/Agliana\/la-corsa-allorto\/#breadcrumb\",\"itemListElement\":[{\"@type\":\"ListItem\",\"position\":1,\"name\":\"Home\",\"item\":\"https:\/\/www.noidiqua.it\/Agliana\/\"},{\"@type\":\"ListItem\",\"position\":2,\"name\":\"Appunti di redazione &#8211; La corsa&#8230; all\u2019orto\"}]},{\"@type\":\"WebSite\",\"@id\":\"https:\/\/www.noidiqua.it\/Agliana\/#website\",\"url\":\"https:\/\/www.noidiqua.it\/Agliana\/\",\"name\":\"Noi di Qua Testata giornalistica e di attualit\u00e0 di Agliana, Montale e Quarrata.\",\"description\":\"Testata Giornalistica Quarrata Montale Agliana\",\"potentialAction\":[{\"@type\":\"SearchAction\",\"target\":{\"@type\":\"EntryPoint\",\"urlTemplate\":\"https:\/\/www.noidiqua.it\/Agliana\/?s={search_term_string}\"},\"query-input\":{\"@type\":\"PropertyValueSpecification\",\"valueRequired\":true,\"valueName\":\"search_term_string\"}}],\"inLanguage\":\"it-IT\"},{\"@type\":\"Person\",\"@id\":\"https:\/\/www.noidiqua.it\/Agliana\/#\/schema\/person\/30e3bbc8170470508bc65df034405391\",\"name\":\"Giancarlo Zampini\",\"image\":{\"@type\":\"ImageObject\",\"inLanguage\":\"it-IT\",\"@id\":\"https:\/\/www.noidiqua.it\/Agliana\/#\/schema\/person\/image\/\",\"url\":\"https:\/\/secure.gravatar.com\/avatar\/a23c75f41ddbdd13c745a6311eb76767e5935fb545b70acfa28c4c6b2a3396fe?s=96&d=mm&r=g\",\"contentUrl\":\"https:\/\/secure.gravatar.com\/avatar\/a23c75f41ddbdd13c745a6311eb76767e5935fb545b70acfa28c4c6b2a3396fe?s=96&d=mm&r=g\",\"caption\":\"Giancarlo Zampini\"},\"url\":\"https:\/\/www.noidiqua.it\/Agliana\/author\/giancarlo-zampini\/\"}]}<\/script>\n<!-- \/ Yoast SEO plugin. -->","yoast_head_json":{"title":"Appunti di redazione - La corsa... all\u2019orto - Noi di Qua Testata giornalistica e di attualit\u00e0 di Agliana, Montale e Quarrata.","robots":{"index":"index","follow":"follow","max-snippet":"max-snippet:-1","max-image-preview":"max-image-preview:large","max-video-preview":"max-video-preview:-1"},"canonical":"https:\/\/www.noidiqua.it\/Agliana\/la-corsa-allorto\/","og_locale":"it_IT","og_type":"article","og_title":"Appunti di redazione - La corsa... all\u2019orto - Noi di Qua Testata giornalistica e di attualit\u00e0 di Agliana, Montale e Quarrata.","og_description":"di Giancarlo Zampini agosto 2011 Negli ultimi anni si \u00e8 assistito ad una vera \u201cortomania\u201d: molti italiani hanno scoperto il valore della coltivazione in proprio di un pezzo di terra molto prima della signora Obama, che l\u2019orto lo coltiva alla Casa Bianca. Dati di commercianti del settore [&hellip;]","og_url":"https:\/\/www.noidiqua.it\/Agliana\/la-corsa-allorto\/","og_site_name":"Noi di Qua Testata giornalistica e di attualit\u00e0 di Agliana, Montale e Quarrata.","article_publisher":"https:\/\/www.facebook.com\/noidiqua.trimestrale\/","article_published_time":"2011-08-19T10:22:25+00:00","article_modified_time":"2023-08-02T15:30:59+00:00","og_image":[{"url":"https:\/\/www.noidiqua.it\/Agliana\/wp-content\/uploads\/2011\/08\/appunti-1.png","type":"","width":"","height":""}],"author":"Giancarlo Zampini","twitter_misc":{"Scritto da":"Giancarlo Zampini","Tempo di lettura stimato":"4 minuti"},"schema":{"@context":"https:\/\/schema.org","@graph":[{"@type":"WebPage","@id":"https:\/\/www.noidiqua.it\/Agliana\/la-corsa-allorto\/","url":"https:\/\/www.noidiqua.it\/Agliana\/la-corsa-allorto\/","name":"Appunti di redazione - La corsa... all\u2019orto - Noi di Qua Testata giornalistica e di attualit\u00e0 di Agliana, Montale e Quarrata.","isPartOf":{"@id":"https:\/\/www.noidiqua.it\/Agliana\/#website"},"primaryImageOfPage":{"@id":"https:\/\/www.noidiqua.it\/Agliana\/la-corsa-allorto\/#primaryimage"},"image":{"@id":"https:\/\/www.noidiqua.it\/Agliana\/la-corsa-allorto\/#primaryimage"},"thumbnailUrl":"https:\/\/www.noidiqua.it\/Agliana\/wp-content\/uploads\/2011\/08\/appunti-1.png","datePublished":"2011-08-19T10:22:25+00:00","dateModified":"2023-08-02T15:30:59+00:00","author":{"@id":"https:\/\/www.noidiqua.it\/Agliana\/#\/schema\/person\/30e3bbc8170470508bc65df034405391"},"breadcrumb":{"@id":"https:\/\/www.noidiqua.it\/Agliana\/la-corsa-allorto\/#breadcrumb"},"inLanguage":"it-IT","potentialAction":[{"@type":"ReadAction","target":["https:\/\/www.noidiqua.it\/Agliana\/la-corsa-allorto\/"]}]},{"@type":"ImageObject","inLanguage":"it-IT","@id":"https:\/\/www.noidiqua.it\/Agliana\/la-corsa-allorto\/#primaryimage","url":"https:\/\/www.noidiqua.it\/Agliana\/wp-content\/uploads\/2011\/08\/appunti-1.png","contentUrl":"https:\/\/www.noidiqua.it\/Agliana\/wp-content\/uploads\/2011\/08\/appunti-1.png","width":507,"height":380},{"@type":"BreadcrumbList","@id":"https:\/\/www.noidiqua.it\/Agliana\/la-corsa-allorto\/#breadcrumb","itemListElement":[{"@type":"ListItem","position":1,"name":"Home","item":"https:\/\/www.noidiqua.it\/Agliana\/"},{"@type":"ListItem","position":2,"name":"Appunti di redazione &#8211; La corsa&#8230; all\u2019orto"}]},{"@type":"WebSite","@id":"https:\/\/www.noidiqua.it\/Agliana\/#website","url":"https:\/\/www.noidiqua.it\/Agliana\/","name":"Noi di Qua Testata giornalistica e di attualit\u00e0 di Agliana, Montale e Quarrata.","description":"Testata Giornalistica Quarrata Montale Agliana","potentialAction":[{"@type":"SearchAction","target":{"@type":"EntryPoint","urlTemplate":"https:\/\/www.noidiqua.it\/Agliana\/?s={search_term_string}"},"query-input":{"@type":"PropertyValueSpecification","valueRequired":true,"valueName":"search_term_string"}}],"inLanguage":"it-IT"},{"@type":"Person","@id":"https:\/\/www.noidiqua.it\/Agliana\/#\/schema\/person\/30e3bbc8170470508bc65df034405391","name":"Giancarlo Zampini","image":{"@type":"ImageObject","inLanguage":"it-IT","@id":"https:\/\/www.noidiqua.it\/Agliana\/#\/schema\/person\/image\/","url":"https:\/\/secure.gravatar.com\/avatar\/a23c75f41ddbdd13c745a6311eb76767e5935fb545b70acfa28c4c6b2a3396fe?s=96&d=mm&r=g","contentUrl":"https:\/\/secure.gravatar.com\/avatar\/a23c75f41ddbdd13c745a6311eb76767e5935fb545b70acfa28c4c6b2a3396fe?s=96&d=mm&r=g","caption":"Giancarlo Zampini"},"url":"https:\/\/www.noidiqua.it\/Agliana\/author\/giancarlo-zampini\/"}]}},"_links":{"self":[{"href":"https:\/\/www.noidiqua.it\/Agliana\/wp-json\/wp\/v2\/posts\/1192","targetHints":{"allow":["GET"]}}],"collection":[{"href":"https:\/\/www.noidiqua.it\/Agliana\/wp-json\/wp\/v2\/posts"}],"about":[{"href":"https:\/\/www.noidiqua.it\/Agliana\/wp-json\/wp\/v2\/types\/post"}],"author":[{"embeddable":true,"href":"https:\/\/www.noidiqua.it\/Agliana\/wp-json\/wp\/v2\/users\/4"}],"replies":[{"embeddable":true,"href":"https:\/\/www.noidiqua.it\/Agliana\/wp-json\/wp\/v2\/comments?post=1192"}],"version-history":[{"count":4,"href":"https:\/\/www.noidiqua.it\/Agliana\/wp-json\/wp\/v2\/posts\/1192\/revisions"}],"predecessor-version":[{"id":8686,"href":"https:\/\/www.noidiqua.it\/Agliana\/wp-json\/wp\/v2\/posts\/1192\/revisions\/8686"}],"wp:attachment":[{"href":"https:\/\/www.noidiqua.it\/Agliana\/wp-json\/wp\/v2\/media?parent=1192"}],"wp:term":[{"taxonomy":"category","embeddable":true,"href":"https:\/\/www.noidiqua.it\/Agliana\/wp-json\/wp\/v2\/categories?post=1192"},{"taxonomy":"post_tag","embeddable":true,"href":"https:\/\/www.noidiqua.it\/Agliana\/wp-json\/wp\/v2\/tags?post=1192"}],"curies":[{"name":"wp","href":"https:\/\/api.w.org\/{rel}","templated":true}]}}