{"id":1240,"date":"2011-08-19T17:09:00","date_gmt":"2011-08-19T17:09:00","guid":{"rendered":"https:\/\/www.noidiqua.it\/Agliana\/?p=1240"},"modified":"2023-08-03T09:57:24","modified_gmt":"2023-08-03T07:57:24","slug":"ferdinando-santini-medico-di-famiglia-e-non-solo","status":"publish","type":"post","link":"https:\/\/www.noidiqua.it\/Agliana\/ferdinando-santini-medico-di-famiglia-e-non-solo\/","title":{"rendered":"Ferdinando Santini &#8211; Medico di famiglia&#8230; e non solo"},"content":{"rendered":"<p style=\"text-align: justify;\"><em>di David Colzi<\/em><\/p>\n<p style=\"text-align: justify;\"><em>agosto 2011<\/em><\/p>\n<p style=\"text-align: justify;\"><a href=\"https:\/\/www.noidiqua.it\/Agliana\/wp-content\/uploads\/2011\/08\/santino-2.png\" rel=\"wp-prettyPhoto[1240]\"><img loading=\"lazy\" decoding=\"async\" class=\"aligncenter size-full wp-image-8701\" src=\"https:\/\/www.noidiqua.it\/Agliana\/wp-content\/uploads\/2011\/08\/santino-2.png\" alt=\"\" width=\"508\" height=\"350\" srcset=\"https:\/\/www.noidiqua.it\/Agliana\/wp-content\/uploads\/2011\/08\/santino-2.png 508w, https:\/\/www.noidiqua.it\/Agliana\/wp-content\/uploads\/2011\/08\/santino-2-300x207.png 300w\" sizes=\"auto, (max-width: 508px) 100vw, 508px\" \/><\/a><a href=\"https:\/\/www.noidiqua.it\/Agliana\/wp-content\/uploads\/2011\/12\/IMG_2315.jpg\" rel=\"wp-prettyPhoto[1240]\"><br \/>\n<\/a><\/p>\n<p style=\"text-align: justify;\"><strong>Parliamo con un \u201caglianese doc\u201d, in quanto lei \u00e8 nato qua!<\/strong><br \/>\n<em>Per la precisione sono di Ponte alla Trave, che \u00e8 diverso dall\u2019essere aglianese del \u201ccentro\u201d, perch\u00e9 quella zona segna il confine con Montale. Questo essere \u201cdi frontiera\u201d tra due Comuni ha sviluppato in me e nei miei coetanei un forte senso di appartenenza alla nostra comunit\u00e0. Oggi pu\u00f2 far sorridere una considerazione di questo tipo, ma quando ero piccolo io, tra la fine della seconda guerra mondiale e l\u2019immediato dopo guerra, tutto il nostro mondo era pi\u00f9 piccolo ed anche arrivare a Catena era un po\u2019 come andare ad Arezzo, quindi per noi, oltre Stazione di Montale, c\u2019era l\u2019estero!<\/em><\/p>\n<p style=\"text-align: justify;\"><strong>Per\u00f2 lei ha studiato in giro per la Toscana.<\/strong><br \/>\n<em>Vero. La terza elementare l\u2019ho fatta a Firenze dai miei nonni, poi sono stato ad Empoli durante gli anni del Liceo e ancora a Firenze per la Facolt\u00e0 di Medicina, ma ho sempre sentito che il mio posto era qui nel nostro paese, infatti sono stato molto felice di aver fatto il medico di famiglia dal 1969 fino al 14 aprile 2011.<\/em><br \/>\n<em>Quarantadue anni tra le famiglie aglianesi&#8230;<\/em><br \/>\n<em>S\u00ec e mi sono anche commosso per le tante testimonianze di affetto che i miei ex pazienti mi hanno recapitato dopo il pensionamento.<\/em><\/p>\n<p style=\"text-align: justify;\"><strong><em>Negli anni come \u00e8 cambiato il lavoro del medico di famiglia?<\/em><\/strong><br \/>\n<em>I cambiamenti sono stati tanti, soprattutto per quel che riguarda leggi e regolamentazioni varie. Un passaggio interessante, a parer mio, \u00e8 stata l\u2019evoluzione da \u201cmedicina d\u2019attesa\u201d a quella di \u201ciniziativa\u201d. Ci\u00f2 significa che non ci si occupa pi\u00f9 solamente della malattia del paziente quando insorge o si acutizza, ma si attiva tutto un percorso di prevenzione e si educa il paziente a prendersi cura di s\u00e9 stesso. Nello specifico, esiste un modello di assistenza medica, il Chronic Care Model (CCM), che consente di tenere sotto controllo patologie croniche, che, visto il progressivo allungamento dell\u2019et\u00e0 dei pazienti, sono diventate sempre pi\u00f9 frequenti. Fornire loro un valido supporto all\u2019autocura \u00e8 un processo di fondamentale importanza per il raggiungimento di un miglior stato di salute; poi ovviamente vengono richiamati per i controlli periodici.<\/em><\/p>\n<p style=\"text-align: justify;\"><strong>In pi\u00f9 si \u00e8 recentemente iscritto da poco all\u2019 I.S.D.E.; di cosa si tratta?<\/strong><br \/>\n<em>E\u2019 un\u2019associazione internazionale per la salute e l\u2019ambiente che ha da poco anche una sua sede a Pistoia, di cui io sono responsabile. A settembre faremo un incontro e inizieremo l\u2019opera di sensibilizzazione tra gli altri medici di famiglia. Infatti il compito dei dottori che aderiscono a questa associazione \u00e8 quello di essere delle \u201csentinelle\u201d per la salute del nostro ambiente, senza avere bandiere politiche o ideologiche, ma mettendo in primo piano la salute dei nostri concittadini, come del resto ci obbliga il codice etico. Opera meritoria da questo punto di vista \u00e8 l\u2019attivit\u00e0 dei comitati per il monitoraggio dell\u2019inceneritore di Montale, che stimolano tutti gli enti coinvolti ad un\u2019opera di trasparenza e di informazione per la nostra popolazione senza essere disfattisti, ma altres\u00ec propositivi. Un grazie va rivolto anche al dottor Michelangelo Bolognini.<\/em><\/p>\n<p><a href=\"https:\/\/www.noidiqua.it\/Agliana\/wp-content\/uploads\/2011\/08\/santini-1.png\" rel=\"wp-prettyPhoto[1240]\"><img loading=\"lazy\" decoding=\"async\" class=\"aligncenter size-full wp-image-8702\" src=\"https:\/\/www.noidiqua.it\/Agliana\/wp-content\/uploads\/2011\/08\/santini-1.png\" alt=\"\" width=\"362\" height=\"397\" srcset=\"https:\/\/www.noidiqua.it\/Agliana\/wp-content\/uploads\/2011\/08\/santini-1.png 362w, https:\/\/www.noidiqua.it\/Agliana\/wp-content\/uploads\/2011\/08\/santini-1-274x300.png 274w\" sizes=\"auto, (max-width: 362px) 100vw, 362px\" \/><\/a><\/p>\n<p style=\"text-align: justify;\"><strong>Lei \u00e8 conosciuto anche per il suo interessamento alla cultura aglianese&#8230;<\/strong><br \/>\n<em>In casa mia la cultura e soprattutto la musica, sono sempre state presenti, ma \u00e8 stato grazie alla Poltronova se negli anni \u201870 sono arrivati anche da noi gli artisti \u201cmoderni\u201d che ho potuto conoscere anche io. Poi mi sono arricchito con la vicinanza di Giuliano Gori di Villa Celle e Giorgio Petracchi, professore universitario di storia.<\/em><\/p>\n<p style=\"text-align: justify;\"><strong>E poi \u00e8 arrivato il Veggio!<\/strong><br \/>\n<em>S\u00ec. Io, assieme a Enzo Nucci e al pittore Alfredo Fabbri, abbiamo fondato questo premio culturale che viene dato a \u201cchiunque, nato o residente in Agliana, si sia messo in evidenza in qualsiasi attivit\u00e0 umana o abbia contribuito all\u2019onore ed al prestigio del nostro Comune\u201d. Nel 1974\/75 si \u00e8 costituito il gruppo e il nostro statuto \u00e8 rimasto alla \u201cTrattoria Popolare da Ovidio\u201d. Nel 1982 abbiamo iniziato a dare il premio e per vent\u2019anni \u00e8 stato assegnato a diciassette nostri concittadini (di cui tre alla memoria). Purtroppo, con l\u2019avanzare dell\u2019et\u00e0 e della malattia di Alfredo Fabbri, punto cardine della nostra associazione, il premio \u00e8 stato sospeso. Il tutto \u00e8 ricominciato quest\u2019anno, con l\u2019assegnazione del Veggio a Sergio Cammilli, fondatore e dirigente della Poltronova.<\/em><\/p>\n<p style=\"text-align: justify;\"><strong>Leggendo l\u2019elenco dei premiati, mi incuriosisce l\u2019assegnazione del 1987 alla \u201cMisericordia di Agliana\u201d.<\/strong><br \/>\n<em>Il motivo \u00e8 semplice: abbiamo voluto dare un riconoscimento a tutta l\u2019associazione e non ad un singolo presidente, in quanto la Misericordia \u00e8 espressione di un volontariato disinteressato. Noi del Veggio, crediamo molto in queste forme di altruismo e ci teniamo molto a portarle all\u2019attenzione di Agliana: per questo motivo abbiamo premiato dieci anni dopo anche Morando Marini essendo stato missionario in Brasile.<\/em><\/p>\n<p style=\"text-align: justify;\"><strong>Lei \u00e8 da sempre molto vicino alla Misericordia, giusto?<\/strong><br \/>\n<em>E\u2019 dagli anni \u201870 che orbito in questa associazione, quando ancora non c\u2019era tutta l\u2019organizzazione che vediamo oggi. All\u2019epoca venni chiamato dal presidente Fernando Barontini in funzione di consulente medico per i corsi di Primo Soccorso, affiancandomi a colleghi degli ospedali di Prato e Pistoia. Poi sono entrato in consiglio come responsabile sanitario e vice Governatore per il lato sanitario. Sono stati anni di tanto impegno, portato avanti grazie a volontari straordinari: su tutti ricordo Mauro Polvani e Fabio Pronti, grazie ai quali abbiamo cercato di rendere pi\u00f9 efficaci gli interventi di primo soccorso. Oggi le cose sono migliorate ancor pi\u00f9 e la Misericordia di Agliana \u00e8 diventata una splendida realt\u00e0 associativa.<\/em><\/p>","protected":false},"excerpt":{"rendered":"<p>di David Colzi agosto 2011 Parliamo con un \u201caglianese doc\u201d, in quanto lei \u00e8 nato qua! Per la precisione sono di Ponte alla Trave, che \u00e8 diverso dall\u2019essere aglianese del \u201ccentro\u201d, perch\u00e9 quella zona segna il confine con Montale. Questo essere \u201cdi frontiera\u201d tra due Comuni ha [&hellip;]<\/p>","protected":false},"author":5,"featured_media":0,"comment_status":"open","ping_status":"open","sticky":false,"template":"","format":"standard","meta":{"footnotes":""},"categories":[2,23],"tags":[37,38,73,84,96,106],"class_list":["post-1240","post","type-post","status-publish","format-standard","hentry","category-ag","category-solidarieta-qt","tag-ag-ag","tag-aglianese","tag-ferdinando-santini","tag-laglianese","tag-noidiqua","tag-per-gli-altri"],"yoast_head":"<!-- This site is optimized with the Yoast SEO plugin v25.5 - https:\/\/yoast.com\/wordpress\/plugins\/seo\/ -->\n<title>Ferdinando Santini - Medico di famiglia... e non solo - Noi di Qua Testata giornalistica e di attualit\u00e0 di Agliana, Montale e Quarrata.<\/title>\n<meta name=\"robots\" content=\"index, follow, max-snippet:-1, max-image-preview:large, max-video-preview:-1\" \/>\n<link rel=\"canonical\" href=\"https:\/\/www.noidiqua.it\/Agliana\/ferdinando-santini-medico-di-famiglia-e-non-solo\/\" \/>\n<meta property=\"og:locale\" content=\"it_IT\" \/>\n<meta property=\"og:type\" content=\"article\" \/>\n<meta property=\"og:title\" content=\"Ferdinando Santini - Medico di famiglia... e non solo - Noi di Qua Testata giornalistica e di attualit\u00e0 di Agliana, Montale e Quarrata.\" \/>\n<meta property=\"og:description\" content=\"di David Colzi agosto 2011 Parliamo con un \u201caglianese doc\u201d, in quanto lei \u00e8 nato qua! Per la precisione sono di Ponte alla Trave, che \u00e8 diverso dall\u2019essere aglianese del \u201ccentro\u201d, perch\u00e9 quella zona segna il confine con Montale. Questo essere \u201cdi frontiera\u201d tra due Comuni ha [&hellip;]\" \/>\n<meta property=\"og:url\" content=\"https:\/\/www.noidiqua.it\/Agliana\/ferdinando-santini-medico-di-famiglia-e-non-solo\/\" \/>\n<meta property=\"og:site_name\" content=\"Noi di Qua Testata giornalistica e di attualit\u00e0 di Agliana, Montale e Quarrata.\" \/>\n<meta property=\"article:publisher\" content=\"https:\/\/www.facebook.com\/noidiqua.trimestrale\/\" \/>\n<meta property=\"article:published_time\" content=\"2011-08-19T17:09:00+00:00\" \/>\n<meta property=\"article:modified_time\" content=\"2023-08-03T07:57:24+00:00\" \/>\n<meta property=\"og:image\" content=\"https:\/\/www.noidiqua.it\/Agliana\/wp-content\/uploads\/2011\/08\/santino-2.png\" \/>\n<meta name=\"author\" content=\"David Colzi\" \/>\n<meta name=\"twitter:label1\" content=\"Scritto da\" \/>\n\t<meta name=\"twitter:data1\" content=\"David Colzi\" \/>\n\t<meta name=\"twitter:label2\" content=\"Tempo di lettura stimato\" \/>\n\t<meta name=\"twitter:data2\" content=\"5 minuti\" \/>\n<script type=\"application\/ld+json\" class=\"yoast-schema-graph\">{\"@context\":\"https:\/\/schema.org\",\"@graph\":[{\"@type\":\"WebPage\",\"@id\":\"https:\/\/www.noidiqua.it\/Agliana\/ferdinando-santini-medico-di-famiglia-e-non-solo\/\",\"url\":\"https:\/\/www.noidiqua.it\/Agliana\/ferdinando-santini-medico-di-famiglia-e-non-solo\/\",\"name\":\"Ferdinando Santini - Medico di famiglia... e non solo - Noi di Qua Testata giornalistica e di attualit\u00e0 di Agliana, Montale e Quarrata.\",\"isPartOf\":{\"@id\":\"https:\/\/www.noidiqua.it\/Agliana\/#website\"},\"primaryImageOfPage\":{\"@id\":\"https:\/\/www.noidiqua.it\/Agliana\/ferdinando-santini-medico-di-famiglia-e-non-solo\/#primaryimage\"},\"image\":{\"@id\":\"https:\/\/www.noidiqua.it\/Agliana\/ferdinando-santini-medico-di-famiglia-e-non-solo\/#primaryimage\"},\"thumbnailUrl\":\"https:\/\/www.noidiqua.it\/Agliana\/wp-content\/uploads\/2011\/08\/santino-2.png\",\"datePublished\":\"2011-08-19T17:09:00+00:00\",\"dateModified\":\"2023-08-03T07:57:24+00:00\",\"author\":{\"@id\":\"https:\/\/www.noidiqua.it\/Agliana\/#\/schema\/person\/3b45dd21eb2367c177b6a6d35c868ccc\"},\"breadcrumb\":{\"@id\":\"https:\/\/www.noidiqua.it\/Agliana\/ferdinando-santini-medico-di-famiglia-e-non-solo\/#breadcrumb\"},\"inLanguage\":\"it-IT\",\"potentialAction\":[{\"@type\":\"ReadAction\",\"target\":[\"https:\/\/www.noidiqua.it\/Agliana\/ferdinando-santini-medico-di-famiglia-e-non-solo\/\"]}]},{\"@type\":\"ImageObject\",\"inLanguage\":\"it-IT\",\"@id\":\"https:\/\/www.noidiqua.it\/Agliana\/ferdinando-santini-medico-di-famiglia-e-non-solo\/#primaryimage\",\"url\":\"https:\/\/www.noidiqua.it\/Agliana\/wp-content\/uploads\/2011\/08\/santino-2.png\",\"contentUrl\":\"https:\/\/www.noidiqua.it\/Agliana\/wp-content\/uploads\/2011\/08\/santino-2.png\",\"width\":508,\"height\":350},{\"@type\":\"BreadcrumbList\",\"@id\":\"https:\/\/www.noidiqua.it\/Agliana\/ferdinando-santini-medico-di-famiglia-e-non-solo\/#breadcrumb\",\"itemListElement\":[{\"@type\":\"ListItem\",\"position\":1,\"name\":\"Home\",\"item\":\"https:\/\/www.noidiqua.it\/Agliana\/\"},{\"@type\":\"ListItem\",\"position\":2,\"name\":\"Ferdinando Santini &#8211; Medico di famiglia&#8230; e non solo\"}]},{\"@type\":\"WebSite\",\"@id\":\"https:\/\/www.noidiqua.it\/Agliana\/#website\",\"url\":\"https:\/\/www.noidiqua.it\/Agliana\/\",\"name\":\"Noi di Qua Testata giornalistica e di attualit\u00e0 di Agliana, Montale e Quarrata.\",\"description\":\"Testata Giornalistica Quarrata Montale Agliana\",\"potentialAction\":[{\"@type\":\"SearchAction\",\"target\":{\"@type\":\"EntryPoint\",\"urlTemplate\":\"https:\/\/www.noidiqua.it\/Agliana\/?s={search_term_string}\"},\"query-input\":{\"@type\":\"PropertyValueSpecification\",\"valueRequired\":true,\"valueName\":\"search_term_string\"}}],\"inLanguage\":\"it-IT\"},{\"@type\":\"Person\",\"@id\":\"https:\/\/www.noidiqua.it\/Agliana\/#\/schema\/person\/3b45dd21eb2367c177b6a6d35c868ccc\",\"name\":\"David Colzi\",\"image\":{\"@type\":\"ImageObject\",\"inLanguage\":\"it-IT\",\"@id\":\"https:\/\/www.noidiqua.it\/Agliana\/#\/schema\/person\/image\/\",\"url\":\"https:\/\/secure.gravatar.com\/avatar\/515ac68c0075b78a8243a0f28e5a361c9b5c466a1d6912ac3919ddd928c4db8c?s=96&d=mm&r=g\",\"contentUrl\":\"https:\/\/secure.gravatar.com\/avatar\/515ac68c0075b78a8243a0f28e5a361c9b5c466a1d6912ac3919ddd928c4db8c?s=96&d=mm&r=g\",\"caption\":\"David Colzi\"},\"url\":\"https:\/\/www.noidiqua.it\/Agliana\/author\/david-colzi\/\"}]}<\/script>\n<!-- \/ Yoast SEO plugin. -->","yoast_head_json":{"title":"Ferdinando Santini - Medico di famiglia... e non solo - Noi di Qua Testata giornalistica e di attualit\u00e0 di Agliana, Montale e Quarrata.","robots":{"index":"index","follow":"follow","max-snippet":"max-snippet:-1","max-image-preview":"max-image-preview:large","max-video-preview":"max-video-preview:-1"},"canonical":"https:\/\/www.noidiqua.it\/Agliana\/ferdinando-santini-medico-di-famiglia-e-non-solo\/","og_locale":"it_IT","og_type":"article","og_title":"Ferdinando Santini - Medico di famiglia... e non solo - Noi di Qua Testata giornalistica e di attualit\u00e0 di Agliana, Montale e Quarrata.","og_description":"di David Colzi agosto 2011 Parliamo con un \u201caglianese doc\u201d, in quanto lei \u00e8 nato qua! Per la precisione sono di Ponte alla Trave, che \u00e8 diverso dall\u2019essere aglianese del \u201ccentro\u201d, perch\u00e9 quella zona segna il confine con Montale. Questo essere \u201cdi frontiera\u201d tra due Comuni ha [&hellip;]","og_url":"https:\/\/www.noidiqua.it\/Agliana\/ferdinando-santini-medico-di-famiglia-e-non-solo\/","og_site_name":"Noi di Qua Testata giornalistica e di attualit\u00e0 di Agliana, Montale e Quarrata.","article_publisher":"https:\/\/www.facebook.com\/noidiqua.trimestrale\/","article_published_time":"2011-08-19T17:09:00+00:00","article_modified_time":"2023-08-03T07:57:24+00:00","og_image":[{"url":"https:\/\/www.noidiqua.it\/Agliana\/wp-content\/uploads\/2011\/08\/santino-2.png","type":"","width":"","height":""}],"author":"David Colzi","twitter_misc":{"Scritto da":"David Colzi","Tempo di lettura stimato":"5 minuti"},"schema":{"@context":"https:\/\/schema.org","@graph":[{"@type":"WebPage","@id":"https:\/\/www.noidiqua.it\/Agliana\/ferdinando-santini-medico-di-famiglia-e-non-solo\/","url":"https:\/\/www.noidiqua.it\/Agliana\/ferdinando-santini-medico-di-famiglia-e-non-solo\/","name":"Ferdinando Santini - Medico di famiglia... e non solo - Noi di Qua Testata giornalistica e di attualit\u00e0 di Agliana, Montale e Quarrata.","isPartOf":{"@id":"https:\/\/www.noidiqua.it\/Agliana\/#website"},"primaryImageOfPage":{"@id":"https:\/\/www.noidiqua.it\/Agliana\/ferdinando-santini-medico-di-famiglia-e-non-solo\/#primaryimage"},"image":{"@id":"https:\/\/www.noidiqua.it\/Agliana\/ferdinando-santini-medico-di-famiglia-e-non-solo\/#primaryimage"},"thumbnailUrl":"https:\/\/www.noidiqua.it\/Agliana\/wp-content\/uploads\/2011\/08\/santino-2.png","datePublished":"2011-08-19T17:09:00+00:00","dateModified":"2023-08-03T07:57:24+00:00","author":{"@id":"https:\/\/www.noidiqua.it\/Agliana\/#\/schema\/person\/3b45dd21eb2367c177b6a6d35c868ccc"},"breadcrumb":{"@id":"https:\/\/www.noidiqua.it\/Agliana\/ferdinando-santini-medico-di-famiglia-e-non-solo\/#breadcrumb"},"inLanguage":"it-IT","potentialAction":[{"@type":"ReadAction","target":["https:\/\/www.noidiqua.it\/Agliana\/ferdinando-santini-medico-di-famiglia-e-non-solo\/"]}]},{"@type":"ImageObject","inLanguage":"it-IT","@id":"https:\/\/www.noidiqua.it\/Agliana\/ferdinando-santini-medico-di-famiglia-e-non-solo\/#primaryimage","url":"https:\/\/www.noidiqua.it\/Agliana\/wp-content\/uploads\/2011\/08\/santino-2.png","contentUrl":"https:\/\/www.noidiqua.it\/Agliana\/wp-content\/uploads\/2011\/08\/santino-2.png","width":508,"height":350},{"@type":"BreadcrumbList","@id":"https:\/\/www.noidiqua.it\/Agliana\/ferdinando-santini-medico-di-famiglia-e-non-solo\/#breadcrumb","itemListElement":[{"@type":"ListItem","position":1,"name":"Home","item":"https:\/\/www.noidiqua.it\/Agliana\/"},{"@type":"ListItem","position":2,"name":"Ferdinando Santini &#8211; Medico di famiglia&#8230; e non solo"}]},{"@type":"WebSite","@id":"https:\/\/www.noidiqua.it\/Agliana\/#website","url":"https:\/\/www.noidiqua.it\/Agliana\/","name":"Noi di Qua Testata giornalistica e di attualit\u00e0 di Agliana, Montale e Quarrata.","description":"Testata Giornalistica Quarrata Montale Agliana","potentialAction":[{"@type":"SearchAction","target":{"@type":"EntryPoint","urlTemplate":"https:\/\/www.noidiqua.it\/Agliana\/?s={search_term_string}"},"query-input":{"@type":"PropertyValueSpecification","valueRequired":true,"valueName":"search_term_string"}}],"inLanguage":"it-IT"},{"@type":"Person","@id":"https:\/\/www.noidiqua.it\/Agliana\/#\/schema\/person\/3b45dd21eb2367c177b6a6d35c868ccc","name":"David Colzi","image":{"@type":"ImageObject","inLanguage":"it-IT","@id":"https:\/\/www.noidiqua.it\/Agliana\/#\/schema\/person\/image\/","url":"https:\/\/secure.gravatar.com\/avatar\/515ac68c0075b78a8243a0f28e5a361c9b5c466a1d6912ac3919ddd928c4db8c?s=96&d=mm&r=g","contentUrl":"https:\/\/secure.gravatar.com\/avatar\/515ac68c0075b78a8243a0f28e5a361c9b5c466a1d6912ac3919ddd928c4db8c?s=96&d=mm&r=g","caption":"David Colzi"},"url":"https:\/\/www.noidiqua.it\/Agliana\/author\/david-colzi\/"}]}},"_links":{"self":[{"href":"https:\/\/www.noidiqua.it\/Agliana\/wp-json\/wp\/v2\/posts\/1240","targetHints":{"allow":["GET"]}}],"collection":[{"href":"https:\/\/www.noidiqua.it\/Agliana\/wp-json\/wp\/v2\/posts"}],"about":[{"href":"https:\/\/www.noidiqua.it\/Agliana\/wp-json\/wp\/v2\/types\/post"}],"author":[{"embeddable":true,"href":"https:\/\/www.noidiqua.it\/Agliana\/wp-json\/wp\/v2\/users\/5"}],"replies":[{"embeddable":true,"href":"https:\/\/www.noidiqua.it\/Agliana\/wp-json\/wp\/v2\/comments?post=1240"}],"version-history":[{"count":3,"href":"https:\/\/www.noidiqua.it\/Agliana\/wp-json\/wp\/v2\/posts\/1240\/revisions"}],"predecessor-version":[{"id":8703,"href":"https:\/\/www.noidiqua.it\/Agliana\/wp-json\/wp\/v2\/posts\/1240\/revisions\/8703"}],"wp:attachment":[{"href":"https:\/\/www.noidiqua.it\/Agliana\/wp-json\/wp\/v2\/media?parent=1240"}],"wp:term":[{"taxonomy":"category","embeddable":true,"href":"https:\/\/www.noidiqua.it\/Agliana\/wp-json\/wp\/v2\/categories?post=1240"},{"taxonomy":"post_tag","embeddable":true,"href":"https:\/\/www.noidiqua.it\/Agliana\/wp-json\/wp\/v2\/tags?post=1240"}],"curies":[{"name":"wp","href":"https:\/\/api.w.org\/{rel}","templated":true}]}}