{"id":1437,"date":"2011-11-09T15:13:43","date_gmt":"2011-11-09T14:13:43","guid":{"rendered":"https:\/\/www.noidiqua.it\/Agliana\/?p=1437"},"modified":"2023-08-01T11:54:27","modified_gmt":"2023-08-01T09:54:27","slug":"concludendo","status":"publish","type":"post","link":"https:\/\/www.noidiqua.it\/Agliana\/concludendo\/","title":{"rendered":"Caro Savonarola"},"content":{"rendered":"<p style=\"text-align: justify;\"><em>di Massimo Cappelli<\/em><\/p>\n<p style=\"text-align: justify;\"><em>novembre 2011<\/em><\/p>\n<p style=\"text-align: justify;\">\n<p style=\"text-align: justify;\"><a href=\"https:\/\/www.noidiqua.it\/Agliana\/wp-content\/uploads\/2011\/11\/Moretto_da_Brescia_CAPPELLI.png\" rel=\"wp-prettyPhoto[1437]\"><img loading=\"lazy\" decoding=\"async\" class=\"aligncenter size-full wp-image-8678\" src=\"https:\/\/www.noidiqua.it\/Agliana\/wp-content\/uploads\/2011\/11\/Moretto_da_Brescia_CAPPELLI.png\" alt=\"\" width=\"474\" height=\"282\" srcset=\"https:\/\/www.noidiqua.it\/Agliana\/wp-content\/uploads\/2011\/11\/Moretto_da_Brescia_CAPPELLI.png 474w, https:\/\/www.noidiqua.it\/Agliana\/wp-content\/uploads\/2011\/11\/Moretto_da_Brescia_CAPPELLI-300x178.png 300w\" sizes=\"auto, (max-width: 474px) 100vw, 474px\" \/><\/a><\/p>\n<p style=\"text-align: justify;\"><em>Amatissimi lettori, in questo numero vi renderete conto che c\u2019\u00e8 ben poco da ridere. Vi informo anche, che per problemi di tempo, questo pezzo non \u00e8 interamente opera mia; il Ghost Writer \u00e8 stato il buon David Colzi, caporedattore di NOIDIQUA e copy di agenzia. Ovvio, i concetti David li ha colti (non \u201cColzi\u201d) da una nostra recente conversazione, ma gran parte dell\u2019articolo lo ha steso lui e questo lo dico per dovere di cronaca. Nella lettera che leggerete, Massimo Cappelli \u00e8 un autore \u201cscritto\u201d ma non \u201cscrivente\u201d . Comunque nella storia ci sono stati pochissimi casi simili, per citarne due: Socrate e Ges\u00f9\u2026 Del resto (Benigni docet) tutti i grandi hanno dei predecessori\u2026 no? &#8230;Buona lettura!<\/em><\/p>\n<p>Caro Savonarola,<\/p>\n<p style=\"text-align: justify;\">Scusa le volgarit\u00e0\u2026 eventuali (come direbbero Benigni e Troisi), ma visto che ci avviciniamo alle festivit\u00e0 natalizie, ho deciso anch\u2019io di scrivere la mia \u201cletterina\u201d: per\u00f2, per quello che voglio dire, mi sembri pi\u00f9 appropriato te come interlocutore, anzich\u00e8 il pi\u00f9 classico Santa Claus. Il motivo \u00e8 che, chi scrive al simpatico \u201cBabbo delle nevi\u201d lo fa per ricevere i doni e quindi per alimentare il consumismo&#8230; anche se con questi chiari di luna c\u2019\u00e8 poco da alimentare. Comunque sia, con pochi o tanti soldi, dubito fortemente che questo Natale 2011 sar\u00e0 all\u2019insegna della completa sobriet\u00e0. Ecco perch\u00e9 io voglio scrivere a te, il pi\u00f9 grande dei fustigatori di malcostumi che si sia visto in Italia e, assieme a te, vorrei scagliarmi contro i falsi valori di questa festivit\u00e0, cominciata con la \u201ccapannuccia\u201d di Betlemme&#8230; e finita ahim\u00e8, con i Megastore presi d\u2019assalto per le offerte dell\u2019ultimo minuto (non ultimo, c\u2019\u00e8 il caso di Roma del 27 ottobre scorso). Ci\u00f2 che voglio dire, con ardente passione (anche se il termine \u201cardente\u201d a te non piacer\u00e0 molto, visti i trascorsi) \u00e8 che oggi tutti noi, partendo dai bambini e passando ai genitori (nonni compresi), vediamo questa festa quasi esclusivamente dal lato commerciale, infatti (e questo non sai quanto mi fa inc****re) i primi di novembre vediamo negozi e centri commerciali addobbati. E il lato pi\u00f9 importante, quello religioso, dove lo mettiamo? O per chi non crede, l\u2019aspetto etico e comportamentale, lo stare insieme, la famiglia, non contano niente? Natale \u00e8 diventata una festa solo in funzione del regalo da fare talvolta anche a parenti con i quali, magari, non parliamo per un\u2019intero anno, ma quando arriviamo \u201csotto le feste\u201d prendono parte al rito. Cosa conta fare un regalo e farsi vedere solo per Natale? Solo perch\u00e9 piace sentirci dire: \u201cOvvia, o i che ti sei messo a fare? Nooo, non tu dovevi disturbarti&#8230; O che hai pers\u2019 iccapo!\u201d Che vergogna&#8230; e lo dico da peccatore! Qui ci vorrebbe un bel \u201cFal\u00f2 delle Vanit\u00e0\u201d (e stavolta non faccio gaffe perch\u00e9 te ne hai fatto uno nel 1497 per mettere al rogo gli orpelli pagani della Firenze rinascimentale) o comunque fare almeno un Mea Culpa.<\/p>\n<p><a href=\"https:\/\/www.noidiqua.it\/Agliana\/wp-content\/uploads\/2011\/11\/Moretto_da_Brescia_CAPPELLI-2.png\" rel=\"wp-prettyPhoto[1437]\"><img loading=\"lazy\" decoding=\"async\" class=\"aligncenter size-full wp-image-8679\" src=\"https:\/\/www.noidiqua.it\/Agliana\/wp-content\/uploads\/2011\/11\/Moretto_da_Brescia_CAPPELLI-2.png\" alt=\"\" width=\"317\" height=\"400\" srcset=\"https:\/\/www.noidiqua.it\/Agliana\/wp-content\/uploads\/2011\/11\/Moretto_da_Brescia_CAPPELLI-2.png 317w, https:\/\/www.noidiqua.it\/Agliana\/wp-content\/uploads\/2011\/11\/Moretto_da_Brescia_CAPPELLI-2-238x300.png 238w\" sizes=\"auto, (max-width: 317px) 100vw, 317px\" \/><\/a><\/p>\n<p style=\"text-align: justify;\">Vogliamo poi parlare del pranzo? Tavolate imbandite con antipasti, primi, secondi&#8230; terzi, quarti, dolci e via di seguito. Sai, caro Girolamo, ogni qual volta ci sediamo per dare inizio alle libagioni, non manchiamo mai di rammentare ai nostri figli che sono fortunati perch\u00e9 \u201cci sono bambini nel mondo che non hanno da mangiare\u201d. E allora noi che esempio diamo con tanta abbondanza? Non a caso un\u2019altra frase tipica del dopo pranzo natalizio \u00e8: \u201cE ora tutti questi avanzi chi li mangia?\u201d Insomma, come vedi, le cose non sono certo migliorate, in termini di sobriet\u00e0 e spiritualit\u00e0, da quando \u201cla festa\u201d la fecero a te&#8230; invece che al cappone. Io non dico che si stava meglio quando si stava peggio, per\u00f2, sempre per citare i miei due illustri predecessori, Troisi e Benigni: \u201cE che \u00e8 oh! Diamoci una calmata &#8230;\u201d<\/p>\n<p style=\"text-align: justify;\">Se ci\u00f2 non ti basta, per capire come siamo messi, ti vorrei illustrare un\u2019altra cattiva abitudine che ha preso piede da un po\u2019 di anni: mi riferisco alla moda di passare le festivit\u00e0 lontani da casa, magari facendo un viaggio, piccolo o grande, tanto per ostentare il proprio status symbol (talvolta vero, talvolta presunto). Cos\u00ec perdiamo anche il primo vero baluardo del Natale, cio\u00e8 la famiglia. Infatti fino a qualche anno fa, il 25 dicembre era il pretesto per riunirsi tutti e passare qualche ora assieme agli affetti pi\u00f9 cari: oggi invece sta perdendo vigore anche il motto \u201cNatale con i tuoi&#8230;\u201d Certamente l\u2019austerit\u00e0 che ci impone questo momento di crisi si far\u00e0 sentire anche sui viaggi, ma comunque meno di quello che si possa pensare.<\/p>\n<p style=\"text-align: justify;\">In conclusione, caro Savonarola, vorrei dire che dovremmo tutti fare un paio di passi indietro, ed io mi metto a capofila (forse assieme a qualche politico nostrano&#8230; ma questa \u00e8 un\u2019altra storia). Tutti, o quasi, stiamo vivendo sopra alle nostre possibilit\u00e0, con l\u2019armadio pieno zeppo, con l\u2019ultimo modello di cellulare in tasca e l\u2019auto pi\u00f9 lunga di qualche metro. Lo so, lo so, ora tu stai pensando \u201csenti da che pulpito\u2026\u201d, perch\u00e9 tutto questo detto da me ti sembra un paradosso, poich\u00e9 col mio lavoro contribuisco al consumismo ma\u2026 per tornare a Troisi: \u201cch\u2019aggi\u2019a ffa\u201d, oggi m\u2019\u00e8 presa cos\u00ec. Poi credo che dovremmo riconoscerci tutti nei colori della nostra Italia e se questo richiede un sacrificio\u2026 facciamolo per la miseria! (Appunto). Non dimentichiamoci che per fare l\u2019Unit\u00e0, che tutti orgogliosi abbiamo festeggiato quest\u2019anno, i ragazzi di vent\u2019anni andavano a morire ammazzati in nome del tricolore. Ora ti saluto davvero e quando mi capiter\u00e0 di passare da Piazza della Signoria ti rivolger\u00f2 un pensiero.<\/p>","protected":false},"excerpt":{"rendered":"<p>di Massimo Cappelli novembre 2011 Amatissimi lettori, in questo numero vi renderete conto che c\u2019\u00e8 ben poco da ridere. Vi informo anche, che per problemi di tempo, questo pezzo non \u00e8 interamente opera mia; il Ghost Writer \u00e8 stato il buon David Colzi, caporedattore di NOIDIQUA e [&hellip;]<\/p>","protected":false},"author":7,"featured_media":0,"comment_status":"open","ping_status":"open","sticky":false,"template":"","format":"standard","meta":{"footnotes":""},"categories":[2,5],"tags":[37,38,55,84,96],"class_list":["post-1437","post","type-post","status-publish","format-standard","hentry","category-ag","category-concludendo-qt","tag-ag-ag","tag-aglianese","tag-concludendo","tag-laglianese","tag-noidiqua"],"yoast_head":"<!-- This site is optimized with the Yoast SEO plugin v25.5 - https:\/\/yoast.com\/wordpress\/plugins\/seo\/ -->\n<title>Caro Savonarola - Noi di Qua Testata giornalistica e di attualit\u00e0 di Agliana, Montale e Quarrata.<\/title>\n<meta name=\"robots\" content=\"index, follow, max-snippet:-1, max-image-preview:large, max-video-preview:-1\" \/>\n<link rel=\"canonical\" href=\"https:\/\/www.noidiqua.it\/Agliana\/concludendo\/\" \/>\n<meta property=\"og:locale\" content=\"it_IT\" \/>\n<meta property=\"og:type\" content=\"article\" \/>\n<meta property=\"og:title\" content=\"Caro Savonarola - Noi di Qua Testata giornalistica e di attualit\u00e0 di Agliana, Montale e Quarrata.\" \/>\n<meta property=\"og:description\" content=\"di Massimo Cappelli novembre 2011 Amatissimi lettori, in questo numero vi renderete conto che c\u2019\u00e8 ben poco da ridere. Vi informo anche, che per problemi di tempo, questo pezzo non \u00e8 interamente opera mia; il Ghost Writer \u00e8 stato il buon David Colzi, caporedattore di NOIDIQUA e [&hellip;]\" \/>\n<meta property=\"og:url\" content=\"https:\/\/www.noidiqua.it\/Agliana\/concludendo\/\" \/>\n<meta property=\"og:site_name\" content=\"Noi di Qua Testata giornalistica e di attualit\u00e0 di Agliana, Montale e Quarrata.\" \/>\n<meta property=\"article:publisher\" content=\"https:\/\/www.facebook.com\/noidiqua.trimestrale\/\" \/>\n<meta property=\"article:published_time\" content=\"2011-11-09T14:13:43+00:00\" \/>\n<meta property=\"article:modified_time\" content=\"2023-08-01T09:54:27+00:00\" \/>\n<meta property=\"og:image\" content=\"https:\/\/www.noidiqua.it\/Agliana\/wp-content\/uploads\/2011\/11\/Moretto_da_Brescia_CAPPELLI.png\" \/>\n<meta name=\"author\" content=\"Massimo Cappelli\" \/>\n<meta name=\"twitter:label1\" content=\"Scritto da\" \/>\n\t<meta name=\"twitter:data1\" content=\"Massimo Cappelli\" \/>\n\t<meta name=\"twitter:label2\" content=\"Tempo di lettura stimato\" \/>\n\t<meta name=\"twitter:data2\" content=\"5 minuti\" \/>\n<script type=\"application\/ld+json\" class=\"yoast-schema-graph\">{\"@context\":\"https:\/\/schema.org\",\"@graph\":[{\"@type\":\"WebPage\",\"@id\":\"https:\/\/www.noidiqua.it\/Agliana\/concludendo\/\",\"url\":\"https:\/\/www.noidiqua.it\/Agliana\/concludendo\/\",\"name\":\"Caro Savonarola - Noi di Qua Testata giornalistica e di attualit\u00e0 di Agliana, Montale e Quarrata.\",\"isPartOf\":{\"@id\":\"https:\/\/www.noidiqua.it\/Agliana\/#website\"},\"primaryImageOfPage\":{\"@id\":\"https:\/\/www.noidiqua.it\/Agliana\/concludendo\/#primaryimage\"},\"image\":{\"@id\":\"https:\/\/www.noidiqua.it\/Agliana\/concludendo\/#primaryimage\"},\"thumbnailUrl\":\"https:\/\/www.noidiqua.it\/Agliana\/wp-content\/uploads\/2011\/11\/Moretto_da_Brescia_CAPPELLI.png\",\"datePublished\":\"2011-11-09T14:13:43+00:00\",\"dateModified\":\"2023-08-01T09:54:27+00:00\",\"author\":{\"@id\":\"https:\/\/www.noidiqua.it\/Agliana\/#\/schema\/person\/858b1b9db61101126e5ded39f94daedb\"},\"breadcrumb\":{\"@id\":\"https:\/\/www.noidiqua.it\/Agliana\/concludendo\/#breadcrumb\"},\"inLanguage\":\"it-IT\",\"potentialAction\":[{\"@type\":\"ReadAction\",\"target\":[\"https:\/\/www.noidiqua.it\/Agliana\/concludendo\/\"]}]},{\"@type\":\"ImageObject\",\"inLanguage\":\"it-IT\",\"@id\":\"https:\/\/www.noidiqua.it\/Agliana\/concludendo\/#primaryimage\",\"url\":\"https:\/\/www.noidiqua.it\/Agliana\/wp-content\/uploads\/2011\/11\/Moretto_da_Brescia_CAPPELLI.png\",\"contentUrl\":\"https:\/\/www.noidiqua.it\/Agliana\/wp-content\/uploads\/2011\/11\/Moretto_da_Brescia_CAPPELLI.png\",\"width\":474,\"height\":282},{\"@type\":\"BreadcrumbList\",\"@id\":\"https:\/\/www.noidiqua.it\/Agliana\/concludendo\/#breadcrumb\",\"itemListElement\":[{\"@type\":\"ListItem\",\"position\":1,\"name\":\"Home\",\"item\":\"https:\/\/www.noidiqua.it\/Agliana\/\"},{\"@type\":\"ListItem\",\"position\":2,\"name\":\"Caro Savonarola\"}]},{\"@type\":\"WebSite\",\"@id\":\"https:\/\/www.noidiqua.it\/Agliana\/#website\",\"url\":\"https:\/\/www.noidiqua.it\/Agliana\/\",\"name\":\"Noi di Qua Testata giornalistica e di attualit\u00e0 di Agliana, Montale e Quarrata.\",\"description\":\"Testata Giornalistica Quarrata Montale Agliana\",\"potentialAction\":[{\"@type\":\"SearchAction\",\"target\":{\"@type\":\"EntryPoint\",\"urlTemplate\":\"https:\/\/www.noidiqua.it\/Agliana\/?s={search_term_string}\"},\"query-input\":{\"@type\":\"PropertyValueSpecification\",\"valueRequired\":true,\"valueName\":\"search_term_string\"}}],\"inLanguage\":\"it-IT\"},{\"@type\":\"Person\",\"@id\":\"https:\/\/www.noidiqua.it\/Agliana\/#\/schema\/person\/858b1b9db61101126e5ded39f94daedb\",\"name\":\"Massimo Cappelli\",\"image\":{\"@type\":\"ImageObject\",\"inLanguage\":\"it-IT\",\"@id\":\"https:\/\/www.noidiqua.it\/Agliana\/#\/schema\/person\/image\/\",\"url\":\"https:\/\/secure.gravatar.com\/avatar\/0e7261535228aa9bb0417ab8f42f3fadaf8ce23bdfde46c689c43410a676cfa9?s=96&d=mm&r=g\",\"contentUrl\":\"https:\/\/secure.gravatar.com\/avatar\/0e7261535228aa9bb0417ab8f42f3fadaf8ce23bdfde46c689c43410a676cfa9?s=96&d=mm&r=g\",\"caption\":\"Massimo Cappelli\"},\"url\":\"https:\/\/www.noidiqua.it\/Agliana\/author\/massimo-cappelli\/\"}]}<\/script>\n<!-- \/ Yoast SEO plugin. -->","yoast_head_json":{"title":"Caro Savonarola - Noi di Qua Testata giornalistica e di attualit\u00e0 di Agliana, Montale e Quarrata.","robots":{"index":"index","follow":"follow","max-snippet":"max-snippet:-1","max-image-preview":"max-image-preview:large","max-video-preview":"max-video-preview:-1"},"canonical":"https:\/\/www.noidiqua.it\/Agliana\/concludendo\/","og_locale":"it_IT","og_type":"article","og_title":"Caro Savonarola - Noi di Qua Testata giornalistica e di attualit\u00e0 di Agliana, Montale e Quarrata.","og_description":"di Massimo Cappelli novembre 2011 Amatissimi lettori, in questo numero vi renderete conto che c\u2019\u00e8 ben poco da ridere. Vi informo anche, che per problemi di tempo, questo pezzo non \u00e8 interamente opera mia; il Ghost Writer \u00e8 stato il buon David Colzi, caporedattore di NOIDIQUA e [&hellip;]","og_url":"https:\/\/www.noidiqua.it\/Agliana\/concludendo\/","og_site_name":"Noi di Qua Testata giornalistica e di attualit\u00e0 di Agliana, Montale e Quarrata.","article_publisher":"https:\/\/www.facebook.com\/noidiqua.trimestrale\/","article_published_time":"2011-11-09T14:13:43+00:00","article_modified_time":"2023-08-01T09:54:27+00:00","og_image":[{"url":"https:\/\/www.noidiqua.it\/Agliana\/wp-content\/uploads\/2011\/11\/Moretto_da_Brescia_CAPPELLI.png","type":"","width":"","height":""}],"author":"Massimo Cappelli","twitter_misc":{"Scritto da":"Massimo Cappelli","Tempo di lettura stimato":"5 minuti"},"schema":{"@context":"https:\/\/schema.org","@graph":[{"@type":"WebPage","@id":"https:\/\/www.noidiqua.it\/Agliana\/concludendo\/","url":"https:\/\/www.noidiqua.it\/Agliana\/concludendo\/","name":"Caro Savonarola - Noi di Qua Testata giornalistica e di attualit\u00e0 di Agliana, Montale e Quarrata.","isPartOf":{"@id":"https:\/\/www.noidiqua.it\/Agliana\/#website"},"primaryImageOfPage":{"@id":"https:\/\/www.noidiqua.it\/Agliana\/concludendo\/#primaryimage"},"image":{"@id":"https:\/\/www.noidiqua.it\/Agliana\/concludendo\/#primaryimage"},"thumbnailUrl":"https:\/\/www.noidiqua.it\/Agliana\/wp-content\/uploads\/2011\/11\/Moretto_da_Brescia_CAPPELLI.png","datePublished":"2011-11-09T14:13:43+00:00","dateModified":"2023-08-01T09:54:27+00:00","author":{"@id":"https:\/\/www.noidiqua.it\/Agliana\/#\/schema\/person\/858b1b9db61101126e5ded39f94daedb"},"breadcrumb":{"@id":"https:\/\/www.noidiqua.it\/Agliana\/concludendo\/#breadcrumb"},"inLanguage":"it-IT","potentialAction":[{"@type":"ReadAction","target":["https:\/\/www.noidiqua.it\/Agliana\/concludendo\/"]}]},{"@type":"ImageObject","inLanguage":"it-IT","@id":"https:\/\/www.noidiqua.it\/Agliana\/concludendo\/#primaryimage","url":"https:\/\/www.noidiqua.it\/Agliana\/wp-content\/uploads\/2011\/11\/Moretto_da_Brescia_CAPPELLI.png","contentUrl":"https:\/\/www.noidiqua.it\/Agliana\/wp-content\/uploads\/2011\/11\/Moretto_da_Brescia_CAPPELLI.png","width":474,"height":282},{"@type":"BreadcrumbList","@id":"https:\/\/www.noidiqua.it\/Agliana\/concludendo\/#breadcrumb","itemListElement":[{"@type":"ListItem","position":1,"name":"Home","item":"https:\/\/www.noidiqua.it\/Agliana\/"},{"@type":"ListItem","position":2,"name":"Caro Savonarola"}]},{"@type":"WebSite","@id":"https:\/\/www.noidiqua.it\/Agliana\/#website","url":"https:\/\/www.noidiqua.it\/Agliana\/","name":"Noi di Qua Testata giornalistica e di attualit\u00e0 di Agliana, Montale e Quarrata.","description":"Testata Giornalistica Quarrata Montale Agliana","potentialAction":[{"@type":"SearchAction","target":{"@type":"EntryPoint","urlTemplate":"https:\/\/www.noidiqua.it\/Agliana\/?s={search_term_string}"},"query-input":{"@type":"PropertyValueSpecification","valueRequired":true,"valueName":"search_term_string"}}],"inLanguage":"it-IT"},{"@type":"Person","@id":"https:\/\/www.noidiqua.it\/Agliana\/#\/schema\/person\/858b1b9db61101126e5ded39f94daedb","name":"Massimo Cappelli","image":{"@type":"ImageObject","inLanguage":"it-IT","@id":"https:\/\/www.noidiqua.it\/Agliana\/#\/schema\/person\/image\/","url":"https:\/\/secure.gravatar.com\/avatar\/0e7261535228aa9bb0417ab8f42f3fadaf8ce23bdfde46c689c43410a676cfa9?s=96&d=mm&r=g","contentUrl":"https:\/\/secure.gravatar.com\/avatar\/0e7261535228aa9bb0417ab8f42f3fadaf8ce23bdfde46c689c43410a676cfa9?s=96&d=mm&r=g","caption":"Massimo Cappelli"},"url":"https:\/\/www.noidiqua.it\/Agliana\/author\/massimo-cappelli\/"}]}},"_links":{"self":[{"href":"https:\/\/www.noidiqua.it\/Agliana\/wp-json\/wp\/v2\/posts\/1437","targetHints":{"allow":["GET"]}}],"collection":[{"href":"https:\/\/www.noidiqua.it\/Agliana\/wp-json\/wp\/v2\/posts"}],"about":[{"href":"https:\/\/www.noidiqua.it\/Agliana\/wp-json\/wp\/v2\/types\/post"}],"author":[{"embeddable":true,"href":"https:\/\/www.noidiqua.it\/Agliana\/wp-json\/wp\/v2\/users\/7"}],"replies":[{"embeddable":true,"href":"https:\/\/www.noidiqua.it\/Agliana\/wp-json\/wp\/v2\/comments?post=1437"}],"version-history":[{"count":3,"href":"https:\/\/www.noidiqua.it\/Agliana\/wp-json\/wp\/v2\/posts\/1437\/revisions"}],"predecessor-version":[{"id":8677,"href":"https:\/\/www.noidiqua.it\/Agliana\/wp-json\/wp\/v2\/posts\/1437\/revisions\/8677"}],"wp:attachment":[{"href":"https:\/\/www.noidiqua.it\/Agliana\/wp-json\/wp\/v2\/media?parent=1437"}],"wp:term":[{"taxonomy":"category","embeddable":true,"href":"https:\/\/www.noidiqua.it\/Agliana\/wp-json\/wp\/v2\/categories?post=1437"},{"taxonomy":"post_tag","embeddable":true,"href":"https:\/\/www.noidiqua.it\/Agliana\/wp-json\/wp\/v2\/tags?post=1437"}],"curies":[{"name":"wp","href":"https:\/\/api.w.org\/{rel}","templated":true}]}}