{"id":1612,"date":"2012-02-16T13:30:01","date_gmt":"2012-02-16T13:30:01","guid":{"rendered":"https:\/\/www.noidiqua.it\/Agliana\/?p=1612"},"modified":"2023-07-26T16:59:22","modified_gmt":"2023-07-26T14:59:22","slug":"inceneritore-montale-lascia-o-raddoppia","status":"publish","type":"post","link":"https:\/\/www.noidiqua.it\/Agliana\/inceneritore-montale-lascia-o-raddoppia\/","title":{"rendered":"Inceneritore Montale &#8230;lascia o raddoppia?"},"content":{"rendered":"<p style=\"text-align: justify;\"><em>di Giacomo Bini<\/em><\/p>\n<p style=\"text-align: justify;\"><em>febbraio 2012<\/em><\/p>\n<p><a href=\"https:\/\/www.noidiqua.it\/Agliana\/wp-content\/uploads\/2015\/12\/inceneritore.png\" rel=\"wp-prettyPhoto[1612]\"><img loading=\"lazy\" decoding=\"async\" class=\"aligncenter size-full wp-image-8098\" src=\"https:\/\/www.noidiqua.it\/Agliana\/wp-content\/uploads\/2015\/12\/inceneritore.png\" alt=\"\" width=\"508\" height=\"381\" srcset=\"https:\/\/www.noidiqua.it\/Agliana\/wp-content\/uploads\/2015\/12\/inceneritore.png 508w, https:\/\/www.noidiqua.it\/Agliana\/wp-content\/uploads\/2015\/12\/inceneritore-300x225.png 300w\" sizes=\"auto, (max-width: 508px) 100vw, 508px\" \/><\/a><\/p>\n<p>Da oltre trent\u2019anni l\u2019inceneritore di Montale infiamma non solo i rifiuti ma anche gli animi; suscita proteste, genera paure, mobilita comitati, alimenta indagini scientifico-sanitarie e processi penali, condiziona pesantemente lo scontro politico e gli esiti elettorali. Qualunque cosa si pensi sui suoi effetti sulla salute e l\u2019ambiente, quella ciminiera in via Valter Tobagi ha segnato profondamente non solo il paesaggio, ma anche la vita sociale delle nostre comunit\u00e0.<\/p>\n<p>Oggi siamo alla svolta decisiva nella lunga storia dell\u2019impianto montalese, perch\u00e9 il piano interprovinciale dei rifiuti ne prevede un ulteriore ampliamento con il passaggio da 150 a 225 tonnellate al giorno di rifiuti da smaltire. La prospettiva di un potenziamento, ha gi\u00e0 suscitato la rivolta dei Comitati che con vari nomi da anni combattono contro l\u2019inceneritore sostenendo che \u00e8 dannoso per la salute ed \u00e8 la ragione principale dell\u2019inquinamento dell\u2019aria registrato dalla centralina di rilevamento di Stazione. La provincia invece difende l\u2019opportunit\u00e0 dell\u2019ampliamento del termovalorizzatore sostenendo che le analisi condotte da Asl e Arpat dal 2008 al 2011 hanno dimostrato che l\u2019impianto non \u00e8 la causa unica e principale dell\u2019inquinamento. Intanto, nel bel mezzo della discussione, \u00e8 piovuta la sentenza del tribunale di Pistoia che ha condannato, in primo grado, l\u2019ex presidente del Cis Giorgio Tibo e il direttore Maurizio Capocci per lo sforamento nelle emissioni di diossina avvenuto nel 2007. Per valutare la situazione, intricatissima, di oggi \u00e8 utile guardarsi alle spalle e considerare da quanto tempo e come l\u2019inceneritore opera sul territorio.<\/p>\n<p>L\u2019impianto, di propriet\u00e0 dei Comuni di Agliana, Montale e Quarrata, \u00e8 entrato in funzione nel 1978 con due forni e una potenzialit\u00e0 di 90 tonnellate di rifiuti al giorno. Nei primi anni, le ceneri residuate dall\u2019incenerimento, vennero ammucchiate all\u2019esterno dell\u2019impianto, dove si formarono delle inquietanti montagne nere. I 330.000 quintali di ceneri accumulate vennero rimosse con una bonifica solo nel 1989. Nel 1985 part\u00ec una prima ristrutturazione, con inserimento di filtri elettrostatici, camere di post-ancora combustione e un sistema di recupero energetico di 1.100 Kw. Seguirono altri ammodernamenti fino ad una nuova e recente ristrutturazione, ancora in fase di collaudo a cura della ditta Ladurner, che ne ha aumentato la potenzialit\u00e0 da 90 a 150 tonnellate al giorno e la produzione di energia elettrica fino a 33milioni di Kw. Nel luglio del 2007 c\u2019\u00e8 stato il momento pi\u00f9 drammatico e choccante dello sforamento nelle emissioni di diossine; sei volte oltre il limite di legge. Il 18 luglio del 2007 il sindaco di Montale Piero Razzoli dispose la chiusura dell\u2019impianto che rimase inattivo fino a novembre. Una tumultuosa assemblea pubblica in piazza a Stazione, mise sotto accusa la societ\u00e0 Cis e le amministrazioni locali. Fu formato un tavolo istituzionale in Provincia per tenere continuamente sotto controllo l\u2019impianto e fu sospeso allora il progetto, gi\u00e0 pronto, dell\u2019ampliamento a 225 tonnellate, in attesa di svolgere delle indagini disposte dal tavolo istituzionale sui terreni, sulle matrici biologiche e sui dati epidemiologici.<\/p>\n<p>Nel frattempo un gruppo di cittadini ha avviato autonomamente analisi del latte materno che hanno rilevato la presenza di diossine. Le indagini ufficiali si sono concluse solo nel 2011 e i risultati sono stati resi pubblici in un convegno del novembre scorso. La sentenza di Arpat e di Asl \u00e8 stata in sostanza che l\u2019inceneritore \u00e8 sicuramente una fonte di inquinamento ma che non \u00e8 provato che sia la fonte principale o unica. Intanto si \u00e8 intensificata la polemica sui dati rilevati dalla centralina di Stazione, che registra tassi elevatissimi di PM10 nell\u2019aria, i pi\u00f9 alti in Toscana e tra i pi\u00f9 alti in Italia. L\u2019ordine dei medici di Pistoia ha chiesto una moratoria sull\u2019inceneritore. Arpat e Asl hanno dichiarato congiuntamente che l\u2019inceneritore \u00e8 una causa trascurabile delle PM10, ma il Comitato per la Chiusura dell\u2019Inceneritore dice che si tratta di una valutazione su dati \u201cparziali\u201d. La decisione e la responsabilit\u00e0 sul futuro dell\u2019impianto sta alle amministrazioni locali.<\/p>\n<p style=\"text-align: justify;\">","protected":false},"excerpt":{"rendered":"<p>di Giacomo Bini febbraio 2012 Da oltre trent\u2019anni l\u2019inceneritore di Montale infiamma non solo i rifiuti ma anche gli animi; suscita proteste, genera paure, mobilita comitati, alimenta indagini scientifico-sanitarie e processi penali, condiziona pesantemente lo scontro politico e gli esiti elettorali. Qualunque cosa si pensi sui suoi [&hellip;]<\/p>","protected":false},"author":12,"featured_media":0,"comment_status":"open","ping_status":"open","sticky":false,"template":"","format":"standard","meta":{"footnotes":""},"categories":[2,16],"tags":[37,38,84,85,96,121,126],"class_list":["post-1612","post","type-post","status-publish","format-standard","hentry","category-ag","category-storia-qt","tag-ag-ag","tag-aglianese","tag-laglianese","tag-la-storia","tag-noidiqua","tag-sartoria-teatrale","tag-storia"],"yoast_head":"<!-- This site is optimized with the Yoast SEO plugin v25.5 - https:\/\/yoast.com\/wordpress\/plugins\/seo\/ -->\n<title>Inceneritore Montale ...lascia o raddoppia? - Noi di Qua Testata giornalistica e di attualit\u00e0 di Agliana, Montale e Quarrata.<\/title>\n<meta name=\"robots\" content=\"index, follow, max-snippet:-1, max-image-preview:large, max-video-preview:-1\" \/>\n<link rel=\"canonical\" href=\"https:\/\/www.noidiqua.it\/Agliana\/inceneritore-montale-lascia-o-raddoppia\/\" \/>\n<meta property=\"og:locale\" content=\"it_IT\" \/>\n<meta property=\"og:type\" content=\"article\" \/>\n<meta property=\"og:title\" content=\"Inceneritore Montale ...lascia o raddoppia? - Noi di Qua Testata giornalistica e di attualit\u00e0 di Agliana, Montale e Quarrata.\" \/>\n<meta property=\"og:description\" content=\"di Giacomo Bini febbraio 2012 Da oltre trent\u2019anni l\u2019inceneritore di Montale infiamma non solo i rifiuti ma anche gli animi; suscita proteste, genera paure, mobilita comitati, alimenta indagini scientifico-sanitarie e processi penali, condiziona pesantemente lo scontro politico e gli esiti elettorali. Qualunque cosa si pensi sui suoi [&hellip;]\" \/>\n<meta property=\"og:url\" content=\"https:\/\/www.noidiqua.it\/Agliana\/inceneritore-montale-lascia-o-raddoppia\/\" \/>\n<meta property=\"og:site_name\" content=\"Noi di Qua Testata giornalistica e di attualit\u00e0 di Agliana, Montale e Quarrata.\" \/>\n<meta property=\"article:publisher\" content=\"https:\/\/www.facebook.com\/noidiqua.trimestrale\/\" \/>\n<meta property=\"article:published_time\" content=\"2012-02-16T13:30:01+00:00\" \/>\n<meta property=\"article:modified_time\" content=\"2023-07-26T14:59:22+00:00\" \/>\n<meta property=\"og:image\" content=\"https:\/\/www.noidiqua.it\/Agliana\/wp-content\/uploads\/2015\/12\/inceneritore.png\" \/>\n<meta name=\"author\" content=\"Giacomo Bini\" \/>\n<meta name=\"twitter:label1\" content=\"Scritto da\" \/>\n\t<meta name=\"twitter:data1\" content=\"Giacomo Bini\" \/>\n\t<meta name=\"twitter:label2\" content=\"Tempo di lettura stimato\" \/>\n\t<meta name=\"twitter:data2\" content=\"4 minuti\" \/>\n<script type=\"application\/ld+json\" class=\"yoast-schema-graph\">{\"@context\":\"https:\/\/schema.org\",\"@graph\":[{\"@type\":\"WebPage\",\"@id\":\"https:\/\/www.noidiqua.it\/Agliana\/inceneritore-montale-lascia-o-raddoppia\/\",\"url\":\"https:\/\/www.noidiqua.it\/Agliana\/inceneritore-montale-lascia-o-raddoppia\/\",\"name\":\"Inceneritore Montale ...lascia o raddoppia? - Noi di Qua Testata giornalistica e di attualit\u00e0 di Agliana, Montale e Quarrata.\",\"isPartOf\":{\"@id\":\"https:\/\/www.noidiqua.it\/Agliana\/#website\"},\"primaryImageOfPage\":{\"@id\":\"https:\/\/www.noidiqua.it\/Agliana\/inceneritore-montale-lascia-o-raddoppia\/#primaryimage\"},\"image\":{\"@id\":\"https:\/\/www.noidiqua.it\/Agliana\/inceneritore-montale-lascia-o-raddoppia\/#primaryimage\"},\"thumbnailUrl\":\"https:\/\/www.noidiqua.it\/Agliana\/wp-content\/uploads\/2015\/12\/inceneritore.png\",\"datePublished\":\"2012-02-16T13:30:01+00:00\",\"dateModified\":\"2023-07-26T14:59:22+00:00\",\"author\":{\"@id\":\"https:\/\/www.noidiqua.it\/Agliana\/#\/schema\/person\/e2e6f44da50af0dae9c90ad168e471a4\"},\"breadcrumb\":{\"@id\":\"https:\/\/www.noidiqua.it\/Agliana\/inceneritore-montale-lascia-o-raddoppia\/#breadcrumb\"},\"inLanguage\":\"it-IT\",\"potentialAction\":[{\"@type\":\"ReadAction\",\"target\":[\"https:\/\/www.noidiqua.it\/Agliana\/inceneritore-montale-lascia-o-raddoppia\/\"]}]},{\"@type\":\"ImageObject\",\"inLanguage\":\"it-IT\",\"@id\":\"https:\/\/www.noidiqua.it\/Agliana\/inceneritore-montale-lascia-o-raddoppia\/#primaryimage\",\"url\":\"https:\/\/www.noidiqua.it\/Agliana\/wp-content\/uploads\/2015\/12\/inceneritore.png\",\"contentUrl\":\"https:\/\/www.noidiqua.it\/Agliana\/wp-content\/uploads\/2015\/12\/inceneritore.png\",\"width\":508,\"height\":381},{\"@type\":\"BreadcrumbList\",\"@id\":\"https:\/\/www.noidiqua.it\/Agliana\/inceneritore-montale-lascia-o-raddoppia\/#breadcrumb\",\"itemListElement\":[{\"@type\":\"ListItem\",\"position\":1,\"name\":\"Home\",\"item\":\"https:\/\/www.noidiqua.it\/Agliana\/\"},{\"@type\":\"ListItem\",\"position\":2,\"name\":\"Inceneritore Montale &#8230;lascia o raddoppia?\"}]},{\"@type\":\"WebSite\",\"@id\":\"https:\/\/www.noidiqua.it\/Agliana\/#website\",\"url\":\"https:\/\/www.noidiqua.it\/Agliana\/\",\"name\":\"Noi di Qua Testata giornalistica e di attualit\u00e0 di Agliana, Montale e Quarrata.\",\"description\":\"Testata Giornalistica Quarrata Montale Agliana\",\"potentialAction\":[{\"@type\":\"SearchAction\",\"target\":{\"@type\":\"EntryPoint\",\"urlTemplate\":\"https:\/\/www.noidiqua.it\/Agliana\/?s={search_term_string}\"},\"query-input\":{\"@type\":\"PropertyValueSpecification\",\"valueRequired\":true,\"valueName\":\"search_term_string\"}}],\"inLanguage\":\"it-IT\"},{\"@type\":\"Person\",\"@id\":\"https:\/\/www.noidiqua.it\/Agliana\/#\/schema\/person\/e2e6f44da50af0dae9c90ad168e471a4\",\"name\":\"Giacomo Bini\",\"image\":{\"@type\":\"ImageObject\",\"inLanguage\":\"it-IT\",\"@id\":\"https:\/\/www.noidiqua.it\/Agliana\/#\/schema\/person\/image\/\",\"url\":\"https:\/\/secure.gravatar.com\/avatar\/e5c18ae41df5ae37397358f2c6046696187d51a120c5d0b8f0c49f7b606f46f4?s=96&d=mm&r=g\",\"contentUrl\":\"https:\/\/secure.gravatar.com\/avatar\/e5c18ae41df5ae37397358f2c6046696187d51a120c5d0b8f0c49f7b606f46f4?s=96&d=mm&r=g\",\"caption\":\"Giacomo Bini\"},\"url\":\"https:\/\/www.noidiqua.it\/Agliana\/author\/giacomo-bini\/\"}]}<\/script>\n<!-- \/ Yoast SEO plugin. -->","yoast_head_json":{"title":"Inceneritore Montale ...lascia o raddoppia? - Noi di Qua Testata giornalistica e di attualit\u00e0 di Agliana, Montale e Quarrata.","robots":{"index":"index","follow":"follow","max-snippet":"max-snippet:-1","max-image-preview":"max-image-preview:large","max-video-preview":"max-video-preview:-1"},"canonical":"https:\/\/www.noidiqua.it\/Agliana\/inceneritore-montale-lascia-o-raddoppia\/","og_locale":"it_IT","og_type":"article","og_title":"Inceneritore Montale ...lascia o raddoppia? - Noi di Qua Testata giornalistica e di attualit\u00e0 di Agliana, Montale e Quarrata.","og_description":"di Giacomo Bini febbraio 2012 Da oltre trent\u2019anni l\u2019inceneritore di Montale infiamma non solo i rifiuti ma anche gli animi; suscita proteste, genera paure, mobilita comitati, alimenta indagini scientifico-sanitarie e processi penali, condiziona pesantemente lo scontro politico e gli esiti elettorali. Qualunque cosa si pensi sui suoi [&hellip;]","og_url":"https:\/\/www.noidiqua.it\/Agliana\/inceneritore-montale-lascia-o-raddoppia\/","og_site_name":"Noi di Qua Testata giornalistica e di attualit\u00e0 di Agliana, Montale e Quarrata.","article_publisher":"https:\/\/www.facebook.com\/noidiqua.trimestrale\/","article_published_time":"2012-02-16T13:30:01+00:00","article_modified_time":"2023-07-26T14:59:22+00:00","og_image":[{"url":"https:\/\/www.noidiqua.it\/Agliana\/wp-content\/uploads\/2015\/12\/inceneritore.png","type":"","width":"","height":""}],"author":"Giacomo Bini","twitter_misc":{"Scritto da":"Giacomo Bini","Tempo di lettura stimato":"4 minuti"},"schema":{"@context":"https:\/\/schema.org","@graph":[{"@type":"WebPage","@id":"https:\/\/www.noidiqua.it\/Agliana\/inceneritore-montale-lascia-o-raddoppia\/","url":"https:\/\/www.noidiqua.it\/Agliana\/inceneritore-montale-lascia-o-raddoppia\/","name":"Inceneritore Montale ...lascia o raddoppia? - Noi di Qua Testata giornalistica e di attualit\u00e0 di Agliana, Montale e Quarrata.","isPartOf":{"@id":"https:\/\/www.noidiqua.it\/Agliana\/#website"},"primaryImageOfPage":{"@id":"https:\/\/www.noidiqua.it\/Agliana\/inceneritore-montale-lascia-o-raddoppia\/#primaryimage"},"image":{"@id":"https:\/\/www.noidiqua.it\/Agliana\/inceneritore-montale-lascia-o-raddoppia\/#primaryimage"},"thumbnailUrl":"https:\/\/www.noidiqua.it\/Agliana\/wp-content\/uploads\/2015\/12\/inceneritore.png","datePublished":"2012-02-16T13:30:01+00:00","dateModified":"2023-07-26T14:59:22+00:00","author":{"@id":"https:\/\/www.noidiqua.it\/Agliana\/#\/schema\/person\/e2e6f44da50af0dae9c90ad168e471a4"},"breadcrumb":{"@id":"https:\/\/www.noidiqua.it\/Agliana\/inceneritore-montale-lascia-o-raddoppia\/#breadcrumb"},"inLanguage":"it-IT","potentialAction":[{"@type":"ReadAction","target":["https:\/\/www.noidiqua.it\/Agliana\/inceneritore-montale-lascia-o-raddoppia\/"]}]},{"@type":"ImageObject","inLanguage":"it-IT","@id":"https:\/\/www.noidiqua.it\/Agliana\/inceneritore-montale-lascia-o-raddoppia\/#primaryimage","url":"https:\/\/www.noidiqua.it\/Agliana\/wp-content\/uploads\/2015\/12\/inceneritore.png","contentUrl":"https:\/\/www.noidiqua.it\/Agliana\/wp-content\/uploads\/2015\/12\/inceneritore.png","width":508,"height":381},{"@type":"BreadcrumbList","@id":"https:\/\/www.noidiqua.it\/Agliana\/inceneritore-montale-lascia-o-raddoppia\/#breadcrumb","itemListElement":[{"@type":"ListItem","position":1,"name":"Home","item":"https:\/\/www.noidiqua.it\/Agliana\/"},{"@type":"ListItem","position":2,"name":"Inceneritore Montale &#8230;lascia o raddoppia?"}]},{"@type":"WebSite","@id":"https:\/\/www.noidiqua.it\/Agliana\/#website","url":"https:\/\/www.noidiqua.it\/Agliana\/","name":"Noi di Qua Testata giornalistica e di attualit\u00e0 di Agliana, Montale e Quarrata.","description":"Testata Giornalistica Quarrata Montale Agliana","potentialAction":[{"@type":"SearchAction","target":{"@type":"EntryPoint","urlTemplate":"https:\/\/www.noidiqua.it\/Agliana\/?s={search_term_string}"},"query-input":{"@type":"PropertyValueSpecification","valueRequired":true,"valueName":"search_term_string"}}],"inLanguage":"it-IT"},{"@type":"Person","@id":"https:\/\/www.noidiqua.it\/Agliana\/#\/schema\/person\/e2e6f44da50af0dae9c90ad168e471a4","name":"Giacomo Bini","image":{"@type":"ImageObject","inLanguage":"it-IT","@id":"https:\/\/www.noidiqua.it\/Agliana\/#\/schema\/person\/image\/","url":"https:\/\/secure.gravatar.com\/avatar\/e5c18ae41df5ae37397358f2c6046696187d51a120c5d0b8f0c49f7b606f46f4?s=96&d=mm&r=g","contentUrl":"https:\/\/secure.gravatar.com\/avatar\/e5c18ae41df5ae37397358f2c6046696187d51a120c5d0b8f0c49f7b606f46f4?s=96&d=mm&r=g","caption":"Giacomo Bini"},"url":"https:\/\/www.noidiqua.it\/Agliana\/author\/giacomo-bini\/"}]}},"_links":{"self":[{"href":"https:\/\/www.noidiqua.it\/Agliana\/wp-json\/wp\/v2\/posts\/1612","targetHints":{"allow":["GET"]}}],"collection":[{"href":"https:\/\/www.noidiqua.it\/Agliana\/wp-json\/wp\/v2\/posts"}],"about":[{"href":"https:\/\/www.noidiqua.it\/Agliana\/wp-json\/wp\/v2\/types\/post"}],"author":[{"embeddable":true,"href":"https:\/\/www.noidiqua.it\/Agliana\/wp-json\/wp\/v2\/users\/12"}],"replies":[{"embeddable":true,"href":"https:\/\/www.noidiqua.it\/Agliana\/wp-json\/wp\/v2\/comments?post=1612"}],"version-history":[{"count":3,"href":"https:\/\/www.noidiqua.it\/Agliana\/wp-json\/wp\/v2\/posts\/1612\/revisions"}],"predecessor-version":[{"id":8608,"href":"https:\/\/www.noidiqua.it\/Agliana\/wp-json\/wp\/v2\/posts\/1612\/revisions\/8608"}],"wp:attachment":[{"href":"https:\/\/www.noidiqua.it\/Agliana\/wp-json\/wp\/v2\/media?parent=1612"}],"wp:term":[{"taxonomy":"category","embeddable":true,"href":"https:\/\/www.noidiqua.it\/Agliana\/wp-json\/wp\/v2\/categories?post=1612"},{"taxonomy":"post_tag","embeddable":true,"href":"https:\/\/www.noidiqua.it\/Agliana\/wp-json\/wp\/v2\/tags?post=1612"}],"curies":[{"name":"wp","href":"https:\/\/api.w.org\/{rel}","templated":true}]}}