{"id":1613,"date":"2012-02-16T13:30:46","date_gmt":"2012-02-16T12:30:46","guid":{"rendered":"https:\/\/www.noidiqua.it\/Agliana\/?p=1613"},"modified":"2023-07-26T17:05:01","modified_gmt":"2023-07-26T15:05:01","slug":"il-digestore-anaerobico","status":"publish","type":"post","link":"https:\/\/www.noidiqua.it\/Agliana\/il-digestore-anaerobico\/","title":{"rendered":"Il Digestore Anaerobico"},"content":{"rendered":"<p><em>di Piera Salvi<\/em><\/p>\n<p><em>febbraio 2012<\/em><\/p>\n<p><a href=\"https:\/\/www.noidiqua.it\/Agliana\/wp-content\/uploads\/2018\/03\/Logo-Noidiqua.png\" rel=\"wp-prettyPhoto[1613]\"><img loading=\"lazy\" decoding=\"async\" class=\"aligncenter size-full wp-image-6781\" src=\"https:\/\/www.noidiqua.it\/Agliana\/wp-content\/uploads\/2018\/03\/Logo-Noidiqua.png\" alt=\"\" width=\"488\" height=\"344\" srcset=\"https:\/\/www.noidiqua.it\/Agliana\/wp-content\/uploads\/2018\/03\/Logo-Noidiqua.png 488w, https:\/\/www.noidiqua.it\/Agliana\/wp-content\/uploads\/2018\/03\/Logo-Noidiqua-300x211.png 300w\" sizes=\"auto, (max-width: 488px) 100vw, 488px\" \/><\/a><\/p>\n<p>Al Calice, in territorio pratese al confine con Agliana, sembra allontanarsi l\u2019ipotesi del mega termovalorizzatore e si prevede un digestore anaerobico. Ma anche per questo nuovo impianto \u00e8 scattato il \u201cNo\u201d all\u2019ubicazione presso Calice, perch\u00e9 la zona \u00e8 ad alto rischio di alluvioni e gi\u00e0 interessata da diverse fonti d\u2019inquinamento. Queste in sintesi le ragioni che vedono le popolazioni che vivono nelle zone sul confine dei comuni di Agliana e Prato, schierate per il \u201cNo\u201d all\u2019ubicazione del digestore anaerobico previsto dal piano interprovinciale rifiuti dell\u2019Ato Centro (che comprende l\u2019area Firenze-Prato-Pistoia-Empoli) e che dovrebbe sorgere in territorio pratese al confine con Agliana, nelle vicinanze del torrente Calice. A sollevare notevoli preoccupazioni per l\u2019ubicazione di questo impianto, sul fronte aglianese c\u2019\u00e8 il comitato \u201cQualit\u00e0 della vita\u201d di Ponte dei Bini e sul fronte pratese il \u201cComitato ambientale di Casale\u201d. Quest\u2019ultimo ha presentato anche una serie di osservazioni tra le quali spicca la criticit\u00e0 del territorio dal punto di vista idrogeologico per la pericolosit\u00e0 idraulica molto elevata (PI4). Opinione completamente condivisa anche dal comitato di Ponte dei Bini. Infatti, nella zona, allagamenti e alluvioni sono molto frequenti: l\u2019ultima \u00e8 del dicembre 2009, con la rottura dell\u2019argine del Calice sul versante pratese che caus\u00f2 notevoli danni.<\/p>\n<p>Il digestore anaerobico \u00e8 un impianto che utilizza il cosiddetto rifiuto organico per produrre energia ed \u00e8 definito un impianto ecocompatibile, non dovrebbe emettere particelle inquinanti come l\u2019inceneritore ma potrebbe provocare disagi alla popolazione per i cattivi odori. I due comitati chiedono incontri a tutti gli enti preposti per esporre la loro contrariet\u00e0 a questa ubicazione, sia per l\u2019alto rischio alluvionale dell\u2019area, sia perch\u00e9 la zona (su entrambi i versanti) \u00e8 gi\u00e0 notevolmente interessata da fonti inquinanti: le emissioni dell\u2019inceneritore di Montale di cui \u00e8 previsto l\u2019ampliamento, il depuratore industriale di Prato (gi\u00e0 ampliato), il depuratore comunale di Agliana (destinato all\u2019ampliamento), l\u2019autostrada Firenze-Mare (dove si prevede la terza corsia), aziende insalubri che producono conglomerati per cemento e asfalto. Al comune di Agliana, nel giugno 2011, avevamo chiesto una valutazione d\u2019impatto ambientale sul digestore anaerobico, ma senza avere risposte.<\/p>\n<p>&nbsp;<\/p>","protected":false},"excerpt":{"rendered":"<p>di Piera Salvi febbraio 2012 Al Calice, in territorio pratese al confine con Agliana, sembra allontanarsi l\u2019ipotesi del mega termovalorizzatore e si prevede un digestore anaerobico. Ma anche per questo nuovo impianto \u00e8 scattato il \u201cNo\u201d all\u2019ubicazione presso Calice, perch\u00e9 la zona \u00e8 ad alto rischio di [&hellip;]<\/p>","protected":false},"author":13,"featured_media":0,"comment_status":"open","ping_status":"open","sticky":false,"template":"","format":"standard","meta":{"footnotes":""},"categories":[2,16],"tags":[37,38,84,85,96,111,126],"class_list":["post-1613","post","type-post","status-publish","format-standard","hentry","category-ag","category-storia-qt","tag-ag-ag","tag-aglianese","tag-laglianese","tag-la-storia","tag-noidiqua","tag-redazionale","tag-storia"],"yoast_head":"<!-- This site is optimized with the Yoast SEO plugin v25.5 - https:\/\/yoast.com\/wordpress\/plugins\/seo\/ -->\n<title>Il Digestore Anaerobico - Noi di Qua Testata giornalistica e di attualit\u00e0 di Agliana, Montale e Quarrata.<\/title>\n<meta name=\"robots\" content=\"index, follow, max-snippet:-1, max-image-preview:large, max-video-preview:-1\" \/>\n<link rel=\"canonical\" href=\"https:\/\/www.noidiqua.it\/Agliana\/il-digestore-anaerobico\/\" \/>\n<meta property=\"og:locale\" content=\"it_IT\" \/>\n<meta property=\"og:type\" content=\"article\" \/>\n<meta property=\"og:title\" content=\"Il Digestore Anaerobico - Noi di Qua Testata giornalistica e di attualit\u00e0 di Agliana, Montale e Quarrata.\" \/>\n<meta property=\"og:description\" content=\"di Piera Salvi febbraio 2012 Al Calice, in territorio pratese al confine con Agliana, sembra allontanarsi l\u2019ipotesi del mega termovalorizzatore e si prevede un digestore anaerobico. Ma anche per questo nuovo impianto \u00e8 scattato il \u201cNo\u201d all\u2019ubicazione presso Calice, perch\u00e9 la zona \u00e8 ad alto rischio di [&hellip;]\" \/>\n<meta property=\"og:url\" content=\"https:\/\/www.noidiqua.it\/Agliana\/il-digestore-anaerobico\/\" \/>\n<meta property=\"og:site_name\" content=\"Noi di Qua Testata giornalistica e di attualit\u00e0 di Agliana, Montale e Quarrata.\" \/>\n<meta property=\"article:publisher\" content=\"https:\/\/www.facebook.com\/noidiqua.trimestrale\/\" \/>\n<meta property=\"article:published_time\" content=\"2012-02-16T12:30:46+00:00\" \/>\n<meta property=\"article:modified_time\" content=\"2023-07-26T15:05:01+00:00\" \/>\n<meta property=\"og:image\" content=\"https:\/\/www.noidiqua.it\/Agliana\/wp-content\/uploads\/2018\/03\/Logo-Noidiqua.png\" \/>\n<meta name=\"author\" content=\"Piera Salvi\" \/>\n<meta name=\"twitter:label1\" content=\"Scritto da\" \/>\n\t<meta name=\"twitter:data1\" content=\"Piera Salvi\" \/>\n\t<meta name=\"twitter:label2\" content=\"Tempo di lettura stimato\" \/>\n\t<meta name=\"twitter:data2\" content=\"2 minuti\" \/>\n<script type=\"application\/ld+json\" class=\"yoast-schema-graph\">{\"@context\":\"https:\/\/schema.org\",\"@graph\":[{\"@type\":\"WebPage\",\"@id\":\"https:\/\/www.noidiqua.it\/Agliana\/il-digestore-anaerobico\/\",\"url\":\"https:\/\/www.noidiqua.it\/Agliana\/il-digestore-anaerobico\/\",\"name\":\"Il Digestore Anaerobico - Noi di Qua Testata giornalistica e di attualit\u00e0 di Agliana, Montale e Quarrata.\",\"isPartOf\":{\"@id\":\"https:\/\/www.noidiqua.it\/Agliana\/#website\"},\"primaryImageOfPage\":{\"@id\":\"https:\/\/www.noidiqua.it\/Agliana\/il-digestore-anaerobico\/#primaryimage\"},\"image\":{\"@id\":\"https:\/\/www.noidiqua.it\/Agliana\/il-digestore-anaerobico\/#primaryimage\"},\"thumbnailUrl\":\"https:\/\/www.noidiqua.it\/Agliana\/wp-content\/uploads\/2018\/03\/Logo-Noidiqua.png\",\"datePublished\":\"2012-02-16T12:30:46+00:00\",\"dateModified\":\"2023-07-26T15:05:01+00:00\",\"author\":{\"@id\":\"https:\/\/www.noidiqua.it\/Agliana\/#\/schema\/person\/bb7515c2330bb1137f247276096fa7dc\"},\"breadcrumb\":{\"@id\":\"https:\/\/www.noidiqua.it\/Agliana\/il-digestore-anaerobico\/#breadcrumb\"},\"inLanguage\":\"it-IT\",\"potentialAction\":[{\"@type\":\"ReadAction\",\"target\":[\"https:\/\/www.noidiqua.it\/Agliana\/il-digestore-anaerobico\/\"]}]},{\"@type\":\"ImageObject\",\"inLanguage\":\"it-IT\",\"@id\":\"https:\/\/www.noidiqua.it\/Agliana\/il-digestore-anaerobico\/#primaryimage\",\"url\":\"https:\/\/www.noidiqua.it\/Agliana\/wp-content\/uploads\/2018\/03\/Logo-Noidiqua.png\",\"contentUrl\":\"https:\/\/www.noidiqua.it\/Agliana\/wp-content\/uploads\/2018\/03\/Logo-Noidiqua.png\",\"width\":488,\"height\":344},{\"@type\":\"BreadcrumbList\",\"@id\":\"https:\/\/www.noidiqua.it\/Agliana\/il-digestore-anaerobico\/#breadcrumb\",\"itemListElement\":[{\"@type\":\"ListItem\",\"position\":1,\"name\":\"Home\",\"item\":\"https:\/\/www.noidiqua.it\/Agliana\/\"},{\"@type\":\"ListItem\",\"position\":2,\"name\":\"Il Digestore Anaerobico\"}]},{\"@type\":\"WebSite\",\"@id\":\"https:\/\/www.noidiqua.it\/Agliana\/#website\",\"url\":\"https:\/\/www.noidiqua.it\/Agliana\/\",\"name\":\"Noi di Qua Testata giornalistica e di attualit\u00e0 di Agliana, Montale e Quarrata.\",\"description\":\"Testata Giornalistica Quarrata Montale Agliana\",\"potentialAction\":[{\"@type\":\"SearchAction\",\"target\":{\"@type\":\"EntryPoint\",\"urlTemplate\":\"https:\/\/www.noidiqua.it\/Agliana\/?s={search_term_string}\"},\"query-input\":{\"@type\":\"PropertyValueSpecification\",\"valueRequired\":true,\"valueName\":\"search_term_string\"}}],\"inLanguage\":\"it-IT\"},{\"@type\":\"Person\",\"@id\":\"https:\/\/www.noidiqua.it\/Agliana\/#\/schema\/person\/bb7515c2330bb1137f247276096fa7dc\",\"name\":\"Piera Salvi\",\"image\":{\"@type\":\"ImageObject\",\"inLanguage\":\"it-IT\",\"@id\":\"https:\/\/www.noidiqua.it\/Agliana\/#\/schema\/person\/image\/\",\"url\":\"https:\/\/secure.gravatar.com\/avatar\/2f9b1fb6e13f3b3e63bde435d999a73be036e320f7a0f5f32f9ac21859d999cd?s=96&d=mm&r=g\",\"contentUrl\":\"https:\/\/secure.gravatar.com\/avatar\/2f9b1fb6e13f3b3e63bde435d999a73be036e320f7a0f5f32f9ac21859d999cd?s=96&d=mm&r=g\",\"caption\":\"Piera Salvi\"},\"url\":\"https:\/\/www.noidiqua.it\/Agliana\/author\/piera-salvi\/\"}]}<\/script>\n<!-- \/ Yoast SEO plugin. -->","yoast_head_json":{"title":"Il Digestore Anaerobico - Noi di Qua Testata giornalistica e di attualit\u00e0 di Agliana, Montale e Quarrata.","robots":{"index":"index","follow":"follow","max-snippet":"max-snippet:-1","max-image-preview":"max-image-preview:large","max-video-preview":"max-video-preview:-1"},"canonical":"https:\/\/www.noidiqua.it\/Agliana\/il-digestore-anaerobico\/","og_locale":"it_IT","og_type":"article","og_title":"Il Digestore Anaerobico - Noi di Qua Testata giornalistica e di attualit\u00e0 di Agliana, Montale e Quarrata.","og_description":"di Piera Salvi febbraio 2012 Al Calice, in territorio pratese al confine con Agliana, sembra allontanarsi l\u2019ipotesi del mega termovalorizzatore e si prevede un digestore anaerobico. Ma anche per questo nuovo impianto \u00e8 scattato il \u201cNo\u201d all\u2019ubicazione presso Calice, perch\u00e9 la zona \u00e8 ad alto rischio di [&hellip;]","og_url":"https:\/\/www.noidiqua.it\/Agliana\/il-digestore-anaerobico\/","og_site_name":"Noi di Qua Testata giornalistica e di attualit\u00e0 di Agliana, Montale e Quarrata.","article_publisher":"https:\/\/www.facebook.com\/noidiqua.trimestrale\/","article_published_time":"2012-02-16T12:30:46+00:00","article_modified_time":"2023-07-26T15:05:01+00:00","og_image":[{"url":"https:\/\/www.noidiqua.it\/Agliana\/wp-content\/uploads\/2018\/03\/Logo-Noidiqua.png","type":"","width":"","height":""}],"author":"Piera Salvi","twitter_misc":{"Scritto da":"Piera Salvi","Tempo di lettura stimato":"2 minuti"},"schema":{"@context":"https:\/\/schema.org","@graph":[{"@type":"WebPage","@id":"https:\/\/www.noidiqua.it\/Agliana\/il-digestore-anaerobico\/","url":"https:\/\/www.noidiqua.it\/Agliana\/il-digestore-anaerobico\/","name":"Il Digestore Anaerobico - Noi di Qua Testata giornalistica e di attualit\u00e0 di Agliana, Montale e Quarrata.","isPartOf":{"@id":"https:\/\/www.noidiqua.it\/Agliana\/#website"},"primaryImageOfPage":{"@id":"https:\/\/www.noidiqua.it\/Agliana\/il-digestore-anaerobico\/#primaryimage"},"image":{"@id":"https:\/\/www.noidiqua.it\/Agliana\/il-digestore-anaerobico\/#primaryimage"},"thumbnailUrl":"https:\/\/www.noidiqua.it\/Agliana\/wp-content\/uploads\/2018\/03\/Logo-Noidiqua.png","datePublished":"2012-02-16T12:30:46+00:00","dateModified":"2023-07-26T15:05:01+00:00","author":{"@id":"https:\/\/www.noidiqua.it\/Agliana\/#\/schema\/person\/bb7515c2330bb1137f247276096fa7dc"},"breadcrumb":{"@id":"https:\/\/www.noidiqua.it\/Agliana\/il-digestore-anaerobico\/#breadcrumb"},"inLanguage":"it-IT","potentialAction":[{"@type":"ReadAction","target":["https:\/\/www.noidiqua.it\/Agliana\/il-digestore-anaerobico\/"]}]},{"@type":"ImageObject","inLanguage":"it-IT","@id":"https:\/\/www.noidiqua.it\/Agliana\/il-digestore-anaerobico\/#primaryimage","url":"https:\/\/www.noidiqua.it\/Agliana\/wp-content\/uploads\/2018\/03\/Logo-Noidiqua.png","contentUrl":"https:\/\/www.noidiqua.it\/Agliana\/wp-content\/uploads\/2018\/03\/Logo-Noidiqua.png","width":488,"height":344},{"@type":"BreadcrumbList","@id":"https:\/\/www.noidiqua.it\/Agliana\/il-digestore-anaerobico\/#breadcrumb","itemListElement":[{"@type":"ListItem","position":1,"name":"Home","item":"https:\/\/www.noidiqua.it\/Agliana\/"},{"@type":"ListItem","position":2,"name":"Il Digestore Anaerobico"}]},{"@type":"WebSite","@id":"https:\/\/www.noidiqua.it\/Agliana\/#website","url":"https:\/\/www.noidiqua.it\/Agliana\/","name":"Noi di Qua Testata giornalistica e di attualit\u00e0 di Agliana, Montale e Quarrata.","description":"Testata Giornalistica Quarrata Montale Agliana","potentialAction":[{"@type":"SearchAction","target":{"@type":"EntryPoint","urlTemplate":"https:\/\/www.noidiqua.it\/Agliana\/?s={search_term_string}"},"query-input":{"@type":"PropertyValueSpecification","valueRequired":true,"valueName":"search_term_string"}}],"inLanguage":"it-IT"},{"@type":"Person","@id":"https:\/\/www.noidiqua.it\/Agliana\/#\/schema\/person\/bb7515c2330bb1137f247276096fa7dc","name":"Piera Salvi","image":{"@type":"ImageObject","inLanguage":"it-IT","@id":"https:\/\/www.noidiqua.it\/Agliana\/#\/schema\/person\/image\/","url":"https:\/\/secure.gravatar.com\/avatar\/2f9b1fb6e13f3b3e63bde435d999a73be036e320f7a0f5f32f9ac21859d999cd?s=96&d=mm&r=g","contentUrl":"https:\/\/secure.gravatar.com\/avatar\/2f9b1fb6e13f3b3e63bde435d999a73be036e320f7a0f5f32f9ac21859d999cd?s=96&d=mm&r=g","caption":"Piera Salvi"},"url":"https:\/\/www.noidiqua.it\/Agliana\/author\/piera-salvi\/"}]}},"_links":{"self":[{"href":"https:\/\/www.noidiqua.it\/Agliana\/wp-json\/wp\/v2\/posts\/1613","targetHints":{"allow":["GET"]}}],"collection":[{"href":"https:\/\/www.noidiqua.it\/Agliana\/wp-json\/wp\/v2\/posts"}],"about":[{"href":"https:\/\/www.noidiqua.it\/Agliana\/wp-json\/wp\/v2\/types\/post"}],"author":[{"embeddable":true,"href":"https:\/\/www.noidiqua.it\/Agliana\/wp-json\/wp\/v2\/users\/13"}],"replies":[{"embeddable":true,"href":"https:\/\/www.noidiqua.it\/Agliana\/wp-json\/wp\/v2\/comments?post=1613"}],"version-history":[{"count":3,"href":"https:\/\/www.noidiqua.it\/Agliana\/wp-json\/wp\/v2\/posts\/1613\/revisions"}],"predecessor-version":[{"id":8609,"href":"https:\/\/www.noidiqua.it\/Agliana\/wp-json\/wp\/v2\/posts\/1613\/revisions\/8609"}],"wp:attachment":[{"href":"https:\/\/www.noidiqua.it\/Agliana\/wp-json\/wp\/v2\/media?parent=1613"}],"wp:term":[{"taxonomy":"category","embeddable":true,"href":"https:\/\/www.noidiqua.it\/Agliana\/wp-json\/wp\/v2\/categories?post=1613"},{"taxonomy":"post_tag","embeddable":true,"href":"https:\/\/www.noidiqua.it\/Agliana\/wp-json\/wp\/v2\/tags?post=1613"}],"curies":[{"name":"wp","href":"https:\/\/api.w.org\/{rel}","templated":true}]}}