{"id":1629,"date":"2012-02-16T13:44:20","date_gmt":"2012-02-16T12:44:20","guid":{"rendered":"https:\/\/www.noidiqua.it\/Agliana\/?p=1629"},"modified":"2023-03-10T10:33:24","modified_gmt":"2023-03-10T09:33:24","slug":"l-isola-di-uait-e-gli-indimenticabili-anni-60-70","status":"publish","type":"post","link":"https:\/\/www.noidiqua.it\/Agliana\/l-isola-di-uait-e-gli-indimenticabili-anni-60-70\/","title":{"rendered":"L&#8217;isola di Uait &#8230;e gli indimenticabili anni \u201860 e \u201870"},"content":{"rendered":"<p style=\"text-align: justify;\"><em>di Piera Salvi<\/em><\/p>\n<p style=\"text-align: justify;\"><em>febbraio 2012<\/em><\/p>\n<p><a href=\"https:\/\/www.noidiqua.it\/Agliana\/wp-content\/uploads\/2012\/02\/uait-2.jpg\" rel=\"wp-prettyPhoto[1629]\"><img loading=\"lazy\" decoding=\"async\" class=\"aligncenter  wp-image-8345\" src=\"https:\/\/www.noidiqua.it\/Agliana\/wp-content\/uploads\/2012\/02\/uait-2.jpg\" alt=\"\" width=\"479\" height=\"319\" srcset=\"https:\/\/www.noidiqua.it\/Agliana\/wp-content\/uploads\/2012\/02\/uait-2.jpg 2048w, https:\/\/www.noidiqua.it\/Agliana\/wp-content\/uploads\/2012\/02\/uait-2-300x200.jpg 300w, https:\/\/www.noidiqua.it\/Agliana\/wp-content\/uploads\/2012\/02\/uait-2-1024x683.jpg 1024w, https:\/\/www.noidiqua.it\/Agliana\/wp-content\/uploads\/2012\/02\/uait-2-768x512.jpg 768w, https:\/\/www.noidiqua.it\/Agliana\/wp-content\/uploads\/2012\/02\/uait-2-1536x1024.jpg 1536w, https:\/\/www.noidiqua.it\/Agliana\/wp-content\/uploads\/2012\/02\/uait-2-640x427.jpg 640w\" sizes=\"auto, (max-width: 479px) 100vw, 479px\" \/><\/a><\/p>\n<p>\u201cC\u2019erano una volta sette ragazzi, che si divertivano a passare le loro serate suonando e cantando le canzoni della loro giovent\u00f9\u201d. Inizia cos\u00ec la storia della band <strong>\u201cL\u2019isola di Uait\u201d<\/strong> (s\u00ec avete letto bene, proprio Uait!), ragazzi che anche crescendo, anche dopo gli &#8230;anta, hanno conservato \u201cnegli occhi il blu della giovent\u00f9\u201d, come cantavano i \u201cDik Dik\u201d nella loro celebre canzone \u201cL\u2019isola di Wight\u201d, lanciata negli anni Settanta. Diversi anni fa, riscoprendo le passioni dei loro anni verdi, i sette ragazzi si misero di nuovo a suonare. Niente di serio: &lt;&lt;Una cosa cos\u00ec, tanto per passare il tempo&gt;&gt;. Finch\u00e9, una sera, i loro amici li convinsero a suonare durante una cena, ma era &lt;&lt;cos\u00ec, tanto per divertirsi&gt;&gt;. E i sette ragazzi si divertirono e fecero divertire e sognare anche il pubblico. Un pubblico di amici, \u00e8 vero, ma ben sufficiente a far capire che la cosa funzionava. Da l\u00ec \u00e8 iniziata una serie ininterrotta di serate e successi, che non accennano a finire. Ancora oggi, dopo anni di concerti, vivono felici e contenti suonando e cantando per ogni dove e da sette membri sono diventati pure dieci. Suonano interamente dal vivo ed offrono agli spettatori un mix tra musica e storia molto originale.<\/p>\n<p><a href=\"https:\/\/www.noidiqua.it\/Agliana\/wp-content\/uploads\/2012\/02\/uait-3.png\" rel=\"wp-prettyPhoto[1629]\"><img loading=\"lazy\" decoding=\"async\" class=\"aligncenter size-full wp-image-8346\" src=\"https:\/\/www.noidiqua.it\/Agliana\/wp-content\/uploads\/2012\/02\/uait-3.png\" alt=\"\" width=\"500\" height=\"335\" srcset=\"https:\/\/www.noidiqua.it\/Agliana\/wp-content\/uploads\/2012\/02\/uait-3.png 500w, https:\/\/www.noidiqua.it\/Agliana\/wp-content\/uploads\/2012\/02\/uait-3-300x201.png 300w\" sizes=\"auto, (max-width: 500px) 100vw, 500px\" \/><\/a><\/p>\n<p>Il repertorio spazia tra gli autori e gli interpreti pi\u00f9 importanti della musica degli anni \u201860 e \u201870: <strong>\u201cNomadi\u201d, \u201cBattisti\u201d, \u201cDik Dik\u201d, \u201cPfm\u201d, \u201cNew Trolls\u201d, \u201cCamaleonti\u201d, \u201cCelentano\u201d<\/strong>, solo per citarne alcuni. Brani che hanno fatto sognare e continuano a entusiasmare intere generazioni. Canzoni, a volte dimenticate, tra le pi\u00f9 famose dell\u2019epoca, in un susseguirsi di piacevoli sorprese che coinvolgono lo spettatore che, spesso, si ritrova a cantare insieme a loro. Buona musica, molto apprezzata anche dalle giovani generazioni, che coinvolge perfino gli adolescenti, condita con un pizzico di nostalgia, irresistibile per chi ha qualche capello bianco&#8230; E nel presentare i brani raccontano anche qualche particolare della storia della canzone, del suo autore, dell\u2019interprete e in qualche caso anche della storia culturale e sociale di quegli anni. Hanno raccolto molte centinaia di diapositive rappresentative dell\u2019epoca che, proiettate durante le serate, ripercorrono per flash fatti e personaggi.<\/p>\n<p><a href=\"https:\/\/www.noidiqua.it\/Agliana\/wp-content\/uploads\/2012\/02\/uait-1.png\" rel=\"wp-prettyPhoto[1629]\"><img loading=\"lazy\" decoding=\"async\" class=\"aligncenter size-full wp-image-8347\" src=\"https:\/\/www.noidiqua.it\/Agliana\/wp-content\/uploads\/2012\/02\/uait-1.png\" alt=\"\" width=\"512\" height=\"341\" srcset=\"https:\/\/www.noidiqua.it\/Agliana\/wp-content\/uploads\/2012\/02\/uait-1.png 512w, https:\/\/www.noidiqua.it\/Agliana\/wp-content\/uploads\/2012\/02\/uait-1-300x200.png 300w\" sizes=\"auto, (max-width: 512px) 100vw, 512px\" \/><\/a><\/p>\n<p>La band \u00e8 composta da <strong>Massimo Panerai<\/strong> (chitarra e voce),<strong> Fabrizio Magazzini<\/strong> (chitarra), <strong>Alessandro Baroncelli<\/strong> (tastiera e voce), <strong>Claudio Tiezzi<\/strong> (chitarra, armonica e voce), <strong>Fabrizio Rossi<\/strong> (tromba), <strong>Giampiero Gai<\/strong> (sax), <strong>Simone Gori<\/strong> (trombone), <strong>Maurizio Ricasoli<\/strong> (basso), <strong>Mauro Tosetti<\/strong> (percussioni) e <strong>Giorgio Brizzi<\/strong> (tromba). Dal 2003 ad oggi, hanno collezionato un susseguirsi di successi, dalle varie esibizioni al \u201cGiugno aglianese\u201d, alla \u201cNotte bianca\u201d quarratina, le numerose feste in piazza e nei circoli, nell\u2019area pistoiese e fuori provincia, fino alla Costa Etrusca e in Provenza. Memorabili i concerti con l\u2019orchestra classica \u201cMusica omnia\u201d e con il gruppo bandistico \u201cI Tigrotti\u201d. E un bel giorno, tra gli elogi dei tanti fans, sono arrivati anche i complimenti dei \u201cDik Dik\u201d e potete immaginare la gioia: &lt;&lt;Un motivo in pi\u00f9&gt;&gt; dicono &lt;&lt;per continuare a suonare, ancora pi\u00f9 felici e contenti&gt;&gt;.<\/p>\n<p style=\"text-align: justify;\">\n<p style=\"text-align: justify;\">\n<p style=\"text-align: justify;\">","protected":false},"excerpt":{"rendered":"<p>di Piera Salvi febbraio 2012 \u201cC\u2019erano una volta sette ragazzi, che si divertivano a passare le loro serate suonando e cantando le canzoni della loro giovent\u00f9\u201d. Inizia cos\u00ec la storia della band \u201cL\u2019isola di Uait\u201d (s\u00ec avete letto bene, proprio Uait!), ragazzi che anche crescendo, anche dopo [&hellip;]<\/p>","protected":false},"author":13,"featured_media":0,"comment_status":"open","ping_status":"open","sticky":false,"template":"","format":"standard","meta":{"footnotes":""},"categories":[2,145],"tags":[38,51,83,84,96,108,124],"class_list":["post-1629","post","type-post","status-publish","format-standard","hentry","category-ag","category-che-spettacolo-ag","tag-aglianese","tag-che-spettacolo","tag-isola-di-uait","tag-laglianese","tag-noidiqua","tag-piera-salvi","tag-spettacolo"],"yoast_head":"<!-- This site is optimized with the Yoast SEO plugin v25.5 - https:\/\/yoast.com\/wordpress\/plugins\/seo\/ -->\n<title>L&#039;isola di Uait ...e gli indimenticabili anni \u201860 e \u201870 - Noi di Qua Testata giornalistica e di attualit\u00e0 di Agliana, Montale e Quarrata.<\/title>\n<meta name=\"robots\" content=\"index, follow, max-snippet:-1, max-image-preview:large, max-video-preview:-1\" \/>\n<link rel=\"canonical\" href=\"https:\/\/www.noidiqua.it\/Agliana\/l-isola-di-uait-e-gli-indimenticabili-anni-60-70\/\" \/>\n<meta property=\"og:locale\" content=\"it_IT\" \/>\n<meta property=\"og:type\" content=\"article\" \/>\n<meta property=\"og:title\" content=\"L&#039;isola di Uait ...e gli indimenticabili anni \u201860 e \u201870 - Noi di Qua Testata giornalistica e di attualit\u00e0 di Agliana, Montale e Quarrata.\" \/>\n<meta property=\"og:description\" content=\"di Piera Salvi febbraio 2012 \u201cC\u2019erano una volta sette ragazzi, che si divertivano a passare le loro serate suonando e cantando le canzoni della loro giovent\u00f9\u201d. Inizia cos\u00ec la storia della band \u201cL\u2019isola di Uait\u201d (s\u00ec avete letto bene, proprio Uait!), ragazzi che anche crescendo, anche dopo [&hellip;]\" \/>\n<meta property=\"og:url\" content=\"https:\/\/www.noidiqua.it\/Agliana\/l-isola-di-uait-e-gli-indimenticabili-anni-60-70\/\" \/>\n<meta property=\"og:site_name\" content=\"Noi di Qua Testata giornalistica e di attualit\u00e0 di Agliana, Montale e Quarrata.\" \/>\n<meta property=\"article:publisher\" content=\"https:\/\/www.facebook.com\/noidiqua.trimestrale\/\" \/>\n<meta property=\"article:published_time\" content=\"2012-02-16T12:44:20+00:00\" \/>\n<meta property=\"article:modified_time\" content=\"2023-03-10T09:33:24+00:00\" \/>\n<meta property=\"og:image\" content=\"https:\/\/www.noidiqua.it\/Agliana\/wp-content\/uploads\/2012\/02\/uait-2.jpg\" \/>\n<meta name=\"author\" content=\"Piera Salvi\" \/>\n<meta name=\"twitter:label1\" content=\"Scritto da\" \/>\n\t<meta name=\"twitter:data1\" content=\"Piera Salvi\" \/>\n\t<meta name=\"twitter:label2\" content=\"Tempo di lettura stimato\" \/>\n\t<meta name=\"twitter:data2\" content=\"3 minuti\" \/>\n<script type=\"application\/ld+json\" class=\"yoast-schema-graph\">{\"@context\":\"https:\/\/schema.org\",\"@graph\":[{\"@type\":\"WebPage\",\"@id\":\"https:\/\/www.noidiqua.it\/Agliana\/l-isola-di-uait-e-gli-indimenticabili-anni-60-70\/\",\"url\":\"https:\/\/www.noidiqua.it\/Agliana\/l-isola-di-uait-e-gli-indimenticabili-anni-60-70\/\",\"name\":\"L'isola di Uait ...e gli indimenticabili anni \u201860 e \u201870 - Noi di Qua Testata giornalistica e di attualit\u00e0 di Agliana, Montale e Quarrata.\",\"isPartOf\":{\"@id\":\"https:\/\/www.noidiqua.it\/Agliana\/#website\"},\"primaryImageOfPage\":{\"@id\":\"https:\/\/www.noidiqua.it\/Agliana\/l-isola-di-uait-e-gli-indimenticabili-anni-60-70\/#primaryimage\"},\"image\":{\"@id\":\"https:\/\/www.noidiqua.it\/Agliana\/l-isola-di-uait-e-gli-indimenticabili-anni-60-70\/#primaryimage\"},\"thumbnailUrl\":\"https:\/\/www.noidiqua.it\/Agliana\/wp-content\/uploads\/2012\/02\/uait-2.jpg\",\"datePublished\":\"2012-02-16T12:44:20+00:00\",\"dateModified\":\"2023-03-10T09:33:24+00:00\",\"author\":{\"@id\":\"https:\/\/www.noidiqua.it\/Agliana\/#\/schema\/person\/bb7515c2330bb1137f247276096fa7dc\"},\"breadcrumb\":{\"@id\":\"https:\/\/www.noidiqua.it\/Agliana\/l-isola-di-uait-e-gli-indimenticabili-anni-60-70\/#breadcrumb\"},\"inLanguage\":\"it-IT\",\"potentialAction\":[{\"@type\":\"ReadAction\",\"target\":[\"https:\/\/www.noidiqua.it\/Agliana\/l-isola-di-uait-e-gli-indimenticabili-anni-60-70\/\"]}]},{\"@type\":\"ImageObject\",\"inLanguage\":\"it-IT\",\"@id\":\"https:\/\/www.noidiqua.it\/Agliana\/l-isola-di-uait-e-gli-indimenticabili-anni-60-70\/#primaryimage\",\"url\":\"https:\/\/www.noidiqua.it\/Agliana\/wp-content\/uploads\/2012\/02\/uait-2.jpg\",\"contentUrl\":\"https:\/\/www.noidiqua.it\/Agliana\/wp-content\/uploads\/2012\/02\/uait-2.jpg\",\"width\":2048,\"height\":1365},{\"@type\":\"BreadcrumbList\",\"@id\":\"https:\/\/www.noidiqua.it\/Agliana\/l-isola-di-uait-e-gli-indimenticabili-anni-60-70\/#breadcrumb\",\"itemListElement\":[{\"@type\":\"ListItem\",\"position\":1,\"name\":\"Home\",\"item\":\"https:\/\/www.noidiqua.it\/Agliana\/\"},{\"@type\":\"ListItem\",\"position\":2,\"name\":\"L&#8217;isola di Uait &#8230;e gli indimenticabili anni \u201860 e \u201870\"}]},{\"@type\":\"WebSite\",\"@id\":\"https:\/\/www.noidiqua.it\/Agliana\/#website\",\"url\":\"https:\/\/www.noidiqua.it\/Agliana\/\",\"name\":\"Noi di Qua Testata giornalistica e di attualit\u00e0 di Agliana, Montale e Quarrata.\",\"description\":\"Testata Giornalistica Quarrata Montale Agliana\",\"potentialAction\":[{\"@type\":\"SearchAction\",\"target\":{\"@type\":\"EntryPoint\",\"urlTemplate\":\"https:\/\/www.noidiqua.it\/Agliana\/?s={search_term_string}\"},\"query-input\":{\"@type\":\"PropertyValueSpecification\",\"valueRequired\":true,\"valueName\":\"search_term_string\"}}],\"inLanguage\":\"it-IT\"},{\"@type\":\"Person\",\"@id\":\"https:\/\/www.noidiqua.it\/Agliana\/#\/schema\/person\/bb7515c2330bb1137f247276096fa7dc\",\"name\":\"Piera Salvi\",\"image\":{\"@type\":\"ImageObject\",\"inLanguage\":\"it-IT\",\"@id\":\"https:\/\/www.noidiqua.it\/Agliana\/#\/schema\/person\/image\/\",\"url\":\"https:\/\/secure.gravatar.com\/avatar\/2f9b1fb6e13f3b3e63bde435d999a73be036e320f7a0f5f32f9ac21859d999cd?s=96&d=mm&r=g\",\"contentUrl\":\"https:\/\/secure.gravatar.com\/avatar\/2f9b1fb6e13f3b3e63bde435d999a73be036e320f7a0f5f32f9ac21859d999cd?s=96&d=mm&r=g\",\"caption\":\"Piera Salvi\"},\"url\":\"https:\/\/www.noidiqua.it\/Agliana\/author\/piera-salvi\/\"}]}<\/script>\n<!-- \/ Yoast SEO plugin. -->","yoast_head_json":{"title":"L'isola di Uait ...e gli indimenticabili anni \u201860 e \u201870 - Noi di Qua Testata giornalistica e di attualit\u00e0 di Agliana, Montale e Quarrata.","robots":{"index":"index","follow":"follow","max-snippet":"max-snippet:-1","max-image-preview":"max-image-preview:large","max-video-preview":"max-video-preview:-1"},"canonical":"https:\/\/www.noidiqua.it\/Agliana\/l-isola-di-uait-e-gli-indimenticabili-anni-60-70\/","og_locale":"it_IT","og_type":"article","og_title":"L'isola di Uait ...e gli indimenticabili anni \u201860 e \u201870 - Noi di Qua Testata giornalistica e di attualit\u00e0 di Agliana, Montale e Quarrata.","og_description":"di Piera Salvi febbraio 2012 \u201cC\u2019erano una volta sette ragazzi, che si divertivano a passare le loro serate suonando e cantando le canzoni della loro giovent\u00f9\u201d. Inizia cos\u00ec la storia della band \u201cL\u2019isola di Uait\u201d (s\u00ec avete letto bene, proprio Uait!), ragazzi che anche crescendo, anche dopo [&hellip;]","og_url":"https:\/\/www.noidiqua.it\/Agliana\/l-isola-di-uait-e-gli-indimenticabili-anni-60-70\/","og_site_name":"Noi di Qua Testata giornalistica e di attualit\u00e0 di Agliana, Montale e Quarrata.","article_publisher":"https:\/\/www.facebook.com\/noidiqua.trimestrale\/","article_published_time":"2012-02-16T12:44:20+00:00","article_modified_time":"2023-03-10T09:33:24+00:00","og_image":[{"url":"https:\/\/www.noidiqua.it\/Agliana\/wp-content\/uploads\/2012\/02\/uait-2.jpg","type":"","width":"","height":""}],"author":"Piera Salvi","twitter_misc":{"Scritto da":"Piera Salvi","Tempo di lettura stimato":"3 minuti"},"schema":{"@context":"https:\/\/schema.org","@graph":[{"@type":"WebPage","@id":"https:\/\/www.noidiqua.it\/Agliana\/l-isola-di-uait-e-gli-indimenticabili-anni-60-70\/","url":"https:\/\/www.noidiqua.it\/Agliana\/l-isola-di-uait-e-gli-indimenticabili-anni-60-70\/","name":"L'isola di Uait ...e gli indimenticabili anni \u201860 e \u201870 - Noi di Qua Testata giornalistica e di attualit\u00e0 di Agliana, Montale e Quarrata.","isPartOf":{"@id":"https:\/\/www.noidiqua.it\/Agliana\/#website"},"primaryImageOfPage":{"@id":"https:\/\/www.noidiqua.it\/Agliana\/l-isola-di-uait-e-gli-indimenticabili-anni-60-70\/#primaryimage"},"image":{"@id":"https:\/\/www.noidiqua.it\/Agliana\/l-isola-di-uait-e-gli-indimenticabili-anni-60-70\/#primaryimage"},"thumbnailUrl":"https:\/\/www.noidiqua.it\/Agliana\/wp-content\/uploads\/2012\/02\/uait-2.jpg","datePublished":"2012-02-16T12:44:20+00:00","dateModified":"2023-03-10T09:33:24+00:00","author":{"@id":"https:\/\/www.noidiqua.it\/Agliana\/#\/schema\/person\/bb7515c2330bb1137f247276096fa7dc"},"breadcrumb":{"@id":"https:\/\/www.noidiqua.it\/Agliana\/l-isola-di-uait-e-gli-indimenticabili-anni-60-70\/#breadcrumb"},"inLanguage":"it-IT","potentialAction":[{"@type":"ReadAction","target":["https:\/\/www.noidiqua.it\/Agliana\/l-isola-di-uait-e-gli-indimenticabili-anni-60-70\/"]}]},{"@type":"ImageObject","inLanguage":"it-IT","@id":"https:\/\/www.noidiqua.it\/Agliana\/l-isola-di-uait-e-gli-indimenticabili-anni-60-70\/#primaryimage","url":"https:\/\/www.noidiqua.it\/Agliana\/wp-content\/uploads\/2012\/02\/uait-2.jpg","contentUrl":"https:\/\/www.noidiqua.it\/Agliana\/wp-content\/uploads\/2012\/02\/uait-2.jpg","width":2048,"height":1365},{"@type":"BreadcrumbList","@id":"https:\/\/www.noidiqua.it\/Agliana\/l-isola-di-uait-e-gli-indimenticabili-anni-60-70\/#breadcrumb","itemListElement":[{"@type":"ListItem","position":1,"name":"Home","item":"https:\/\/www.noidiqua.it\/Agliana\/"},{"@type":"ListItem","position":2,"name":"L&#8217;isola di Uait &#8230;e gli indimenticabili anni \u201860 e \u201870"}]},{"@type":"WebSite","@id":"https:\/\/www.noidiqua.it\/Agliana\/#website","url":"https:\/\/www.noidiqua.it\/Agliana\/","name":"Noi di Qua Testata giornalistica e di attualit\u00e0 di Agliana, Montale e Quarrata.","description":"Testata Giornalistica Quarrata Montale Agliana","potentialAction":[{"@type":"SearchAction","target":{"@type":"EntryPoint","urlTemplate":"https:\/\/www.noidiqua.it\/Agliana\/?s={search_term_string}"},"query-input":{"@type":"PropertyValueSpecification","valueRequired":true,"valueName":"search_term_string"}}],"inLanguage":"it-IT"},{"@type":"Person","@id":"https:\/\/www.noidiqua.it\/Agliana\/#\/schema\/person\/bb7515c2330bb1137f247276096fa7dc","name":"Piera Salvi","image":{"@type":"ImageObject","inLanguage":"it-IT","@id":"https:\/\/www.noidiqua.it\/Agliana\/#\/schema\/person\/image\/","url":"https:\/\/secure.gravatar.com\/avatar\/2f9b1fb6e13f3b3e63bde435d999a73be036e320f7a0f5f32f9ac21859d999cd?s=96&d=mm&r=g","contentUrl":"https:\/\/secure.gravatar.com\/avatar\/2f9b1fb6e13f3b3e63bde435d999a73be036e320f7a0f5f32f9ac21859d999cd?s=96&d=mm&r=g","caption":"Piera Salvi"},"url":"https:\/\/www.noidiqua.it\/Agliana\/author\/piera-salvi\/"}]}},"_links":{"self":[{"href":"https:\/\/www.noidiqua.it\/Agliana\/wp-json\/wp\/v2\/posts\/1629","targetHints":{"allow":["GET"]}}],"collection":[{"href":"https:\/\/www.noidiqua.it\/Agliana\/wp-json\/wp\/v2\/posts"}],"about":[{"href":"https:\/\/www.noidiqua.it\/Agliana\/wp-json\/wp\/v2\/types\/post"}],"author":[{"embeddable":true,"href":"https:\/\/www.noidiqua.it\/Agliana\/wp-json\/wp\/v2\/users\/13"}],"replies":[{"embeddable":true,"href":"https:\/\/www.noidiqua.it\/Agliana\/wp-json\/wp\/v2\/comments?post=1629"}],"version-history":[{"count":5,"href":"https:\/\/www.noidiqua.it\/Agliana\/wp-json\/wp\/v2\/posts\/1629\/revisions"}],"predecessor-version":[{"id":8348,"href":"https:\/\/www.noidiqua.it\/Agliana\/wp-json\/wp\/v2\/posts\/1629\/revisions\/8348"}],"wp:attachment":[{"href":"https:\/\/www.noidiqua.it\/Agliana\/wp-json\/wp\/v2\/media?parent=1629"}],"wp:term":[{"taxonomy":"category","embeddable":true,"href":"https:\/\/www.noidiqua.it\/Agliana\/wp-json\/wp\/v2\/categories?post=1629"},{"taxonomy":"post_tag","embeddable":true,"href":"https:\/\/www.noidiqua.it\/Agliana\/wp-json\/wp\/v2\/tags?post=1629"}],"curies":[{"name":"wp","href":"https:\/\/api.w.org\/{rel}","templated":true}]}}