{"id":1671,"date":"2012-02-16T14:21:40","date_gmt":"2012-02-16T13:21:40","guid":{"rendered":"https:\/\/www.noidiqua.it\/Agliana\/?p=1671"},"modified":"2023-07-26T17:15:59","modified_gmt":"2023-07-26T15:15:59","slug":"coro-dei-bambini-di-agliana-incontro-con-la-direttrice-emanuela-mannori","status":"publish","type":"post","link":"https:\/\/www.noidiqua.it\/Agliana\/coro-dei-bambini-di-agliana-incontro-con-la-direttrice-emanuela-mannori\/","title":{"rendered":"Coro dei bambini di Agliana &#8211; incontro con la Direttrice Emanuela Mannori"},"content":{"rendered":"<p style=\"text-align: justify;\"><em>di David Colzi<\/em><\/p>\n<p style=\"text-align: justify;\"><em>febbraio 2012<\/em><\/p>\n<p style=\"text-align: center;\"><a href=\"https:\/\/www.noidiqua.it\/Agliana\/wp-content\/uploads\/2012\/02\/coro-2.png\" rel=\"wp-prettyPhoto[1671]\"><img loading=\"lazy\" decoding=\"async\" class=\"aligncenter size-full wp-image-8619\" src=\"https:\/\/www.noidiqua.it\/Agliana\/wp-content\/uploads\/2012\/02\/coro-2.png\" alt=\"\" width=\"503\" height=\"409\" srcset=\"https:\/\/www.noidiqua.it\/Agliana\/wp-content\/uploads\/2012\/02\/coro-2.png 503w, https:\/\/www.noidiqua.it\/Agliana\/wp-content\/uploads\/2012\/02\/coro-2-300x244.png 300w\" sizes=\"auto, (max-width: 503px) 100vw, 503px\" \/><\/a><em>foto: Massimiliano Sarno<\/em><\/p>\n<p style=\"text-align: center;\">Fa sempre piacere incontrare una persona che si occupa dell\u2019educazione e del divertimento dei giovani (e giovanissimi) della nostra comunit\u00e0: ci riferiamo ad Emanuela Mannori, che dal novembre 2009 dirige il \u201cCoro dei bambini di Agliana\u201d. <em>&lt;&lt;Inizialmente il progetto comprendeva non solo tutti i bambini delle parrocchie di Agliana, ma anche quelli di Stazione di Montale e Ferruccia di Quarrata. Oggi sono rimasti bambini e ragazzi di San Michele, San Niccol\u00f2, San Piero e Spedalino&gt;&gt;<\/em>. L\u2019occasione per iniziare questa avventura fu la riapertura della chiesa di San Piero a conclusione dei lavori di restauro, quando al coro tradizionale degli adulti (per l\u2019evento composto da tutti i cori di Agliana unificati sotto la direzione di Ornella Pellegrineschi), venne affiancato quello dei bimbi. Era il maggio 2008 e al timone del progetto c\u2019era Francesca Vannucci, gi\u00e0 Direttrice\u00a0 del Coro di Ferruccia.<\/p>\n<p style=\"text-align: center;\">L\u2019evento riusc\u00ec cos\u00ec bene, che si pens\u00f2 di fare il bis al Teatro Moderno nel gennaio 2010, e quell\u2019occasione, vide in prima fila la nostra Emanuela che da poco era divenuta Direttrice. <em>&lt;&lt;E\u2019 stato il Coro di San Piero, di cui faccio parte anche io, a spingere affinch\u00e9 il progetto prendesse vita e forma.&gt;&gt;<\/em> precisa Emanuela, che aggiunge; <em>&lt;&lt;Lavorare con i bambini \u00e8 molto gratificante, il loro entusiasmo ti coinvolge sempre; per questo propongo un repertorio di canzoni che piaccia soprattutto a loro. Il nostro compito principale sono i canti liturgici per l\u2019animazione della messa, che ci vede impegnati nella mattina di Natale e in quella di Pasqua. Poi, ovviamente, facciamo canti a tema, come quelli natalizi per i concerti in parrocchia, e anche qualche brano di musica leggera italiana: punto su temi universali, come pace, solidariet\u00e0 e amicizia.&gt;&gt;<\/em> Emanuela ci dice che \u00e8 importante che i bambini si trovino a loro agio in un coro, perch\u00e9 non \u00e8 solo divertimento, ma diventa anche un momento di crescita personale e collettiva. <em>&lt;&lt;Alcuni bambini, che negli anni hanno continuato a frequentare il coro, sono cambiati in positivo. Magari inizialmente erano un po\u2019 vivaci, ma stando con gli altri, ed imparando ad ascoltarsi, sono diventati&#8230; pi\u00f9 disciplinati! Oltre che un coro \u00e8 veramente un gruppo di amici che si vogliono bene (sorride)&gt;&gt;<\/em>.<\/p>\n<p style=\"text-align: center;\"><a href=\"https:\/\/www.noidiqua.it\/Agliana\/wp-content\/uploads\/2012\/02\/coro.png\" rel=\"wp-prettyPhoto[1671]\"><img loading=\"lazy\" decoding=\"async\" class=\"aligncenter size-full wp-image-8620\" src=\"https:\/\/www.noidiqua.it\/Agliana\/wp-content\/uploads\/2012\/02\/coro.png\" alt=\"\" width=\"505\" height=\"424\" srcset=\"https:\/\/www.noidiqua.it\/Agliana\/wp-content\/uploads\/2012\/02\/coro.png 505w, https:\/\/www.noidiqua.it\/Agliana\/wp-content\/uploads\/2012\/02\/coro-300x252.png 300w\" sizes=\"auto, (max-width: 505px) 100vw, 505px\" \/><\/a><\/p>\n<p style=\"text-align: center;\">Oggi nel \u201cCoro dei bambini di Agliana\u201d ci sono ragazzi che vanno dai sette ai quindici anni, con una netta prevalenza di \u201cfemminucce\u201d (quattordici su diciassette).<em> &lt;&lt;Il motivo&gt;&gt;<\/em> dice Emanuela <em>&lt;&lt;\u00e8 che molte bambine frequentano corsi di danza, quindi sono pi\u00f9 vicine alla musica, mentre i bambini spesso giocano a calcio, perci\u00f2 \u00e8 pi\u00f9 difficile che si interessino al canto.&gt;<\/em>&gt; E i genitori che dicono? <em>&lt;&lt;I genitori sono felicissimi, perch\u00e9 vedono i loro ragazzi contenti. Certo, \u00e8 sempre difficile convincerne altri a portare i loro figli a provare, perch\u00e9, come dicevo prima, hanno gi\u00e0 molti impegni oltre la scuola.&gt;&gt;<\/em> Chi vuol ringraziare? <em>&lt;&lt;Sicuramente Don Paolo Tofani che ci mette a disposizione la chiesa di San Piero per le prove. Poi Marco e Annalisa, cio\u00e8 il chitarrista e la pianista che ci accompagnano sia alle prove, che alle messe e ai concerti. Infine Giulia, che mi aiuta a risolvere i tanti piccoli problemi organizzativi.&gt;&gt;<\/em> conclude Emanuela Mannori.\u00a0<em>La mattina di Pasqua il \u201cCoro dei Bambini di Agliana\u201d animer\u00e0 la Santa Messa delle dieci, per cui non mancate!<\/em><\/p>\n<p>&nbsp;<\/p>\n<p style=\"text-align: justify;\">P.S: Il Coro si riunisce per le prove tutti i mercoled\u00ec dalle 21 alle 22 presso la chiesa di San Piero. Chiunque pu\u00f2 assistere alle prove.<\/p>","protected":false},"excerpt":{"rendered":"<p>di David Colzi febbraio 2012 foto: Massimiliano Sarno Fa sempre piacere incontrare una persona che si occupa dell\u2019educazione e del divertimento dei giovani (e giovanissimi) della nostra comunit\u00e0: ci riferiamo ad Emanuela Mannori, che dal novembre 2009 dirige il \u201cCoro dei bambini di Agliana\u201d. &lt;&lt;Inizialmente il progetto [&hellip;]<\/p>","protected":false},"author":5,"featured_media":0,"comment_status":"open","ping_status":"open","sticky":false,"template":"","format":"standard","meta":{"footnotes":""},"categories":[2,24,143],"tags":[37,38,57,58,84,96,107],"class_list":["post-1671","post","type-post","status-publish","format-standard","hentry","category-ag","category-personaggi-qt","category-persone-e-personaggi","tag-ag-ag","tag-aglianese","tag-coro","tag-coro-bambini-coro-agliana","tag-laglianese","tag-noidiqua","tag-personaggi"],"yoast_head":"<!-- This site is optimized with the Yoast SEO plugin v25.5 - https:\/\/yoast.com\/wordpress\/plugins\/seo\/ -->\n<title>Coro dei bambini di Agliana - incontro con la Direttrice Emanuela Mannori - Noi di Qua Testata giornalistica e di attualit\u00e0 di Agliana, Montale e Quarrata.<\/title>\n<meta name=\"robots\" content=\"index, follow, max-snippet:-1, max-image-preview:large, max-video-preview:-1\" \/>\n<link rel=\"canonical\" href=\"https:\/\/www.noidiqua.it\/Agliana\/coro-dei-bambini-di-agliana-incontro-con-la-direttrice-emanuela-mannori\/\" \/>\n<meta property=\"og:locale\" content=\"it_IT\" \/>\n<meta property=\"og:type\" content=\"article\" \/>\n<meta property=\"og:title\" content=\"Coro dei bambini di Agliana - incontro con la Direttrice Emanuela Mannori - Noi di Qua Testata giornalistica e di attualit\u00e0 di Agliana, Montale e Quarrata.\" \/>\n<meta property=\"og:description\" content=\"di David Colzi febbraio 2012 foto: Massimiliano Sarno Fa sempre piacere incontrare una persona che si occupa dell\u2019educazione e del divertimento dei giovani (e giovanissimi) della nostra comunit\u00e0: ci riferiamo ad Emanuela Mannori, che dal novembre 2009 dirige il \u201cCoro dei bambini di Agliana\u201d. &lt;&lt;Inizialmente il progetto [&hellip;]\" \/>\n<meta property=\"og:url\" content=\"https:\/\/www.noidiqua.it\/Agliana\/coro-dei-bambini-di-agliana-incontro-con-la-direttrice-emanuela-mannori\/\" \/>\n<meta property=\"og:site_name\" content=\"Noi di Qua Testata giornalistica e di attualit\u00e0 di Agliana, Montale e Quarrata.\" \/>\n<meta property=\"article:publisher\" content=\"https:\/\/www.facebook.com\/noidiqua.trimestrale\/\" \/>\n<meta property=\"article:published_time\" content=\"2012-02-16T13:21:40+00:00\" \/>\n<meta property=\"article:modified_time\" content=\"2023-07-26T15:15:59+00:00\" \/>\n<meta property=\"og:image\" content=\"https:\/\/www.noidiqua.it\/Agliana\/wp-content\/uploads\/2012\/02\/coro-2.png\" \/>\n<meta name=\"author\" content=\"David Colzi\" \/>\n<meta name=\"twitter:label1\" content=\"Scritto da\" \/>\n\t<meta name=\"twitter:data1\" content=\"David Colzi\" \/>\n\t<meta name=\"twitter:label2\" content=\"Tempo di lettura stimato\" \/>\n\t<meta name=\"twitter:data2\" content=\"3 minuti\" \/>\n<script type=\"application\/ld+json\" class=\"yoast-schema-graph\">{\"@context\":\"https:\/\/schema.org\",\"@graph\":[{\"@type\":\"WebPage\",\"@id\":\"https:\/\/www.noidiqua.it\/Agliana\/coro-dei-bambini-di-agliana-incontro-con-la-direttrice-emanuela-mannori\/\",\"url\":\"https:\/\/www.noidiqua.it\/Agliana\/coro-dei-bambini-di-agliana-incontro-con-la-direttrice-emanuela-mannori\/\",\"name\":\"Coro dei bambini di Agliana - incontro con la Direttrice Emanuela Mannori - Noi di Qua Testata giornalistica e di attualit\u00e0 di Agliana, Montale e Quarrata.\",\"isPartOf\":{\"@id\":\"https:\/\/www.noidiqua.it\/Agliana\/#website\"},\"primaryImageOfPage\":{\"@id\":\"https:\/\/www.noidiqua.it\/Agliana\/coro-dei-bambini-di-agliana-incontro-con-la-direttrice-emanuela-mannori\/#primaryimage\"},\"image\":{\"@id\":\"https:\/\/www.noidiqua.it\/Agliana\/coro-dei-bambini-di-agliana-incontro-con-la-direttrice-emanuela-mannori\/#primaryimage\"},\"thumbnailUrl\":\"https:\/\/www.noidiqua.it\/Agliana\/wp-content\/uploads\/2012\/02\/coro-2.png\",\"datePublished\":\"2012-02-16T13:21:40+00:00\",\"dateModified\":\"2023-07-26T15:15:59+00:00\",\"author\":{\"@id\":\"https:\/\/www.noidiqua.it\/Agliana\/#\/schema\/person\/3b45dd21eb2367c177b6a6d35c868ccc\"},\"breadcrumb\":{\"@id\":\"https:\/\/www.noidiqua.it\/Agliana\/coro-dei-bambini-di-agliana-incontro-con-la-direttrice-emanuela-mannori\/#breadcrumb\"},\"inLanguage\":\"it-IT\",\"potentialAction\":[{\"@type\":\"ReadAction\",\"target\":[\"https:\/\/www.noidiqua.it\/Agliana\/coro-dei-bambini-di-agliana-incontro-con-la-direttrice-emanuela-mannori\/\"]}]},{\"@type\":\"ImageObject\",\"inLanguage\":\"it-IT\",\"@id\":\"https:\/\/www.noidiqua.it\/Agliana\/coro-dei-bambini-di-agliana-incontro-con-la-direttrice-emanuela-mannori\/#primaryimage\",\"url\":\"https:\/\/www.noidiqua.it\/Agliana\/wp-content\/uploads\/2012\/02\/coro-2.png\",\"contentUrl\":\"https:\/\/www.noidiqua.it\/Agliana\/wp-content\/uploads\/2012\/02\/coro-2.png\",\"width\":503,\"height\":409},{\"@type\":\"BreadcrumbList\",\"@id\":\"https:\/\/www.noidiqua.it\/Agliana\/coro-dei-bambini-di-agliana-incontro-con-la-direttrice-emanuela-mannori\/#breadcrumb\",\"itemListElement\":[{\"@type\":\"ListItem\",\"position\":1,\"name\":\"Home\",\"item\":\"https:\/\/www.noidiqua.it\/Agliana\/\"},{\"@type\":\"ListItem\",\"position\":2,\"name\":\"Coro dei bambini di Agliana &#8211; incontro con la Direttrice Emanuela Mannori\"}]},{\"@type\":\"WebSite\",\"@id\":\"https:\/\/www.noidiqua.it\/Agliana\/#website\",\"url\":\"https:\/\/www.noidiqua.it\/Agliana\/\",\"name\":\"Noi di Qua Testata giornalistica e di attualit\u00e0 di Agliana, Montale e Quarrata.\",\"description\":\"Testata Giornalistica Quarrata Montale Agliana\",\"potentialAction\":[{\"@type\":\"SearchAction\",\"target\":{\"@type\":\"EntryPoint\",\"urlTemplate\":\"https:\/\/www.noidiqua.it\/Agliana\/?s={search_term_string}\"},\"query-input\":{\"@type\":\"PropertyValueSpecification\",\"valueRequired\":true,\"valueName\":\"search_term_string\"}}],\"inLanguage\":\"it-IT\"},{\"@type\":\"Person\",\"@id\":\"https:\/\/www.noidiqua.it\/Agliana\/#\/schema\/person\/3b45dd21eb2367c177b6a6d35c868ccc\",\"name\":\"David Colzi\",\"image\":{\"@type\":\"ImageObject\",\"inLanguage\":\"it-IT\",\"@id\":\"https:\/\/www.noidiqua.it\/Agliana\/#\/schema\/person\/image\/\",\"url\":\"https:\/\/secure.gravatar.com\/avatar\/515ac68c0075b78a8243a0f28e5a361c9b5c466a1d6912ac3919ddd928c4db8c?s=96&d=mm&r=g\",\"contentUrl\":\"https:\/\/secure.gravatar.com\/avatar\/515ac68c0075b78a8243a0f28e5a361c9b5c466a1d6912ac3919ddd928c4db8c?s=96&d=mm&r=g\",\"caption\":\"David Colzi\"},\"url\":\"https:\/\/www.noidiqua.it\/Agliana\/author\/david-colzi\/\"}]}<\/script>\n<!-- \/ Yoast SEO plugin. -->","yoast_head_json":{"title":"Coro dei bambini di Agliana - incontro con la Direttrice Emanuela Mannori - Noi di Qua Testata giornalistica e di attualit\u00e0 di Agliana, Montale e Quarrata.","robots":{"index":"index","follow":"follow","max-snippet":"max-snippet:-1","max-image-preview":"max-image-preview:large","max-video-preview":"max-video-preview:-1"},"canonical":"https:\/\/www.noidiqua.it\/Agliana\/coro-dei-bambini-di-agliana-incontro-con-la-direttrice-emanuela-mannori\/","og_locale":"it_IT","og_type":"article","og_title":"Coro dei bambini di Agliana - incontro con la Direttrice Emanuela Mannori - Noi di Qua Testata giornalistica e di attualit\u00e0 di Agliana, Montale e Quarrata.","og_description":"di David Colzi febbraio 2012 foto: Massimiliano Sarno Fa sempre piacere incontrare una persona che si occupa dell\u2019educazione e del divertimento dei giovani (e giovanissimi) della nostra comunit\u00e0: ci riferiamo ad Emanuela Mannori, che dal novembre 2009 dirige il \u201cCoro dei bambini di Agliana\u201d. &lt;&lt;Inizialmente il progetto [&hellip;]","og_url":"https:\/\/www.noidiqua.it\/Agliana\/coro-dei-bambini-di-agliana-incontro-con-la-direttrice-emanuela-mannori\/","og_site_name":"Noi di Qua Testata giornalistica e di attualit\u00e0 di Agliana, Montale e Quarrata.","article_publisher":"https:\/\/www.facebook.com\/noidiqua.trimestrale\/","article_published_time":"2012-02-16T13:21:40+00:00","article_modified_time":"2023-07-26T15:15:59+00:00","og_image":[{"url":"https:\/\/www.noidiqua.it\/Agliana\/wp-content\/uploads\/2012\/02\/coro-2.png","type":"","width":"","height":""}],"author":"David Colzi","twitter_misc":{"Scritto da":"David Colzi","Tempo di lettura stimato":"3 minuti"},"schema":{"@context":"https:\/\/schema.org","@graph":[{"@type":"WebPage","@id":"https:\/\/www.noidiqua.it\/Agliana\/coro-dei-bambini-di-agliana-incontro-con-la-direttrice-emanuela-mannori\/","url":"https:\/\/www.noidiqua.it\/Agliana\/coro-dei-bambini-di-agliana-incontro-con-la-direttrice-emanuela-mannori\/","name":"Coro dei bambini di Agliana - incontro con la Direttrice Emanuela Mannori - Noi di Qua Testata giornalistica e di attualit\u00e0 di Agliana, Montale e Quarrata.","isPartOf":{"@id":"https:\/\/www.noidiqua.it\/Agliana\/#website"},"primaryImageOfPage":{"@id":"https:\/\/www.noidiqua.it\/Agliana\/coro-dei-bambini-di-agliana-incontro-con-la-direttrice-emanuela-mannori\/#primaryimage"},"image":{"@id":"https:\/\/www.noidiqua.it\/Agliana\/coro-dei-bambini-di-agliana-incontro-con-la-direttrice-emanuela-mannori\/#primaryimage"},"thumbnailUrl":"https:\/\/www.noidiqua.it\/Agliana\/wp-content\/uploads\/2012\/02\/coro-2.png","datePublished":"2012-02-16T13:21:40+00:00","dateModified":"2023-07-26T15:15:59+00:00","author":{"@id":"https:\/\/www.noidiqua.it\/Agliana\/#\/schema\/person\/3b45dd21eb2367c177b6a6d35c868ccc"},"breadcrumb":{"@id":"https:\/\/www.noidiqua.it\/Agliana\/coro-dei-bambini-di-agliana-incontro-con-la-direttrice-emanuela-mannori\/#breadcrumb"},"inLanguage":"it-IT","potentialAction":[{"@type":"ReadAction","target":["https:\/\/www.noidiqua.it\/Agliana\/coro-dei-bambini-di-agliana-incontro-con-la-direttrice-emanuela-mannori\/"]}]},{"@type":"ImageObject","inLanguage":"it-IT","@id":"https:\/\/www.noidiqua.it\/Agliana\/coro-dei-bambini-di-agliana-incontro-con-la-direttrice-emanuela-mannori\/#primaryimage","url":"https:\/\/www.noidiqua.it\/Agliana\/wp-content\/uploads\/2012\/02\/coro-2.png","contentUrl":"https:\/\/www.noidiqua.it\/Agliana\/wp-content\/uploads\/2012\/02\/coro-2.png","width":503,"height":409},{"@type":"BreadcrumbList","@id":"https:\/\/www.noidiqua.it\/Agliana\/coro-dei-bambini-di-agliana-incontro-con-la-direttrice-emanuela-mannori\/#breadcrumb","itemListElement":[{"@type":"ListItem","position":1,"name":"Home","item":"https:\/\/www.noidiqua.it\/Agliana\/"},{"@type":"ListItem","position":2,"name":"Coro dei bambini di Agliana &#8211; incontro con la Direttrice Emanuela Mannori"}]},{"@type":"WebSite","@id":"https:\/\/www.noidiqua.it\/Agliana\/#website","url":"https:\/\/www.noidiqua.it\/Agliana\/","name":"Noi di Qua Testata giornalistica e di attualit\u00e0 di Agliana, Montale e Quarrata.","description":"Testata Giornalistica Quarrata Montale Agliana","potentialAction":[{"@type":"SearchAction","target":{"@type":"EntryPoint","urlTemplate":"https:\/\/www.noidiqua.it\/Agliana\/?s={search_term_string}"},"query-input":{"@type":"PropertyValueSpecification","valueRequired":true,"valueName":"search_term_string"}}],"inLanguage":"it-IT"},{"@type":"Person","@id":"https:\/\/www.noidiqua.it\/Agliana\/#\/schema\/person\/3b45dd21eb2367c177b6a6d35c868ccc","name":"David Colzi","image":{"@type":"ImageObject","inLanguage":"it-IT","@id":"https:\/\/www.noidiqua.it\/Agliana\/#\/schema\/person\/image\/","url":"https:\/\/secure.gravatar.com\/avatar\/515ac68c0075b78a8243a0f28e5a361c9b5c466a1d6912ac3919ddd928c4db8c?s=96&d=mm&r=g","contentUrl":"https:\/\/secure.gravatar.com\/avatar\/515ac68c0075b78a8243a0f28e5a361c9b5c466a1d6912ac3919ddd928c4db8c?s=96&d=mm&r=g","caption":"David Colzi"},"url":"https:\/\/www.noidiqua.it\/Agliana\/author\/david-colzi\/"}]}},"_links":{"self":[{"href":"https:\/\/www.noidiqua.it\/Agliana\/wp-json\/wp\/v2\/posts\/1671","targetHints":{"allow":["GET"]}}],"collection":[{"href":"https:\/\/www.noidiqua.it\/Agliana\/wp-json\/wp\/v2\/posts"}],"about":[{"href":"https:\/\/www.noidiqua.it\/Agliana\/wp-json\/wp\/v2\/types\/post"}],"author":[{"embeddable":true,"href":"https:\/\/www.noidiqua.it\/Agliana\/wp-json\/wp\/v2\/users\/5"}],"replies":[{"embeddable":true,"href":"https:\/\/www.noidiqua.it\/Agliana\/wp-json\/wp\/v2\/comments?post=1671"}],"version-history":[{"count":5,"href":"https:\/\/www.noidiqua.it\/Agliana\/wp-json\/wp\/v2\/posts\/1671\/revisions"}],"predecessor-version":[{"id":8621,"href":"https:\/\/www.noidiqua.it\/Agliana\/wp-json\/wp\/v2\/posts\/1671\/revisions\/8621"}],"wp:attachment":[{"href":"https:\/\/www.noidiqua.it\/Agliana\/wp-json\/wp\/v2\/media?parent=1671"}],"wp:term":[{"taxonomy":"category","embeddable":true,"href":"https:\/\/www.noidiqua.it\/Agliana\/wp-json\/wp\/v2\/categories?post=1671"},{"taxonomy":"post_tag","embeddable":true,"href":"https:\/\/www.noidiqua.it\/Agliana\/wp-json\/wp\/v2\/tags?post=1671"}],"curies":[{"name":"wp","href":"https:\/\/api.w.org\/{rel}","templated":true}]}}