{"id":1678,"date":"2012-02-16T14:28:10","date_gmt":"2012-02-16T13:28:10","guid":{"rendered":"https:\/\/www.noidiqua.it\/Agliana\/?p=1678"},"modified":"2023-07-26T17:19:03","modified_gmt":"2023-07-26T15:19:03","slug":"le-nuove-rotatorie","status":"publish","type":"post","link":"https:\/\/www.noidiqua.it\/Agliana\/le-nuove-rotatorie\/","title":{"rendered":"Le nuove rotatorie"},"content":{"rendered":"<p style=\"text-align: justify;\"><em>di Piera Salvi<\/em><\/p>\n<p style=\"text-align: justify;\"><em>febbraio 2012<\/em><\/p>\n<p><a href=\"https:\/\/www.noidiqua.it\/Agliana\/wp-content\/uploads\/2012\/02\/incrocioferruccia2.png\" rel=\"wp-prettyPhoto[1678]\"><img loading=\"lazy\" decoding=\"async\" class=\"aligncenter size-full wp-image-8622\" src=\"https:\/\/www.noidiqua.it\/Agliana\/wp-content\/uploads\/2012\/02\/incrocioferruccia2.png\" alt=\"\" width=\"498\" height=\"373\" srcset=\"https:\/\/www.noidiqua.it\/Agliana\/wp-content\/uploads\/2012\/02\/incrocioferruccia2.png 498w, https:\/\/www.noidiqua.it\/Agliana\/wp-content\/uploads\/2012\/02\/incrocioferruccia2-300x225.png 300w\" sizes=\"auto, (max-width: 498px) 100vw, 498px\" \/><\/a><\/p>\n<p>Previste due nuove rotatorie per migliorare la viabilit\u00e0 e la sicurezza su due strade provinciali che scorrono in territorio aglianese. Il 30 dicembre scorso \u00e8 stato firmato un accordo d\u2019intesa tra il sindaco di Agliana, Eleanna Ciampolini, e l\u2019assessore provinciale Mauro Mari; nuove rotatorie sulla Sp1 (Nuova pratese) e la Sp6 (che \u00e8 il principale collegamento tra Agliana e Quarrata). L\u2019obiettivo dell\u2019accordo \u00e8, infatti, quello di migliorare i collegamenti in merito alla viabilit\u00e0, gettando le basi per la realizzazione di due nuove rotatorie ad Agliana: una alla Ferruccia e l\u2019altra a Spedalino. La prima, richiesta pi\u00f9 volte anche dai residenti nella zona, sorger\u00e0 all\u2019incrocio della Sp6 con via Carlo Levi (dove si registrano vari incidenti) e contribuir\u00e0 in modo determinante a risolvere le difficolt\u00e0 d\u2019ingresso e uscita dalla provinciale 6 verso l\u2019insediamento abitativo di Ferruccia, che in questi ultimi anni ha visto crescere il numero di abitanti in modo significativo.<\/p>\n<p><a href=\"https:\/\/www.noidiqua.it\/Agliana\/wp-content\/uploads\/2012\/02\/incrocioferruccia1.png\" rel=\"wp-prettyPhoto[1678]\"><img loading=\"lazy\" decoding=\"async\" class=\"aligncenter size-full wp-image-8623\" src=\"https:\/\/www.noidiqua.it\/Agliana\/wp-content\/uploads\/2012\/02\/incrocioferruccia1.png\" alt=\"\" width=\"502\" height=\"382\" srcset=\"https:\/\/www.noidiqua.it\/Agliana\/wp-content\/uploads\/2012\/02\/incrocioferruccia1.png 502w, https:\/\/www.noidiqua.it\/Agliana\/wp-content\/uploads\/2012\/02\/incrocioferruccia1-300x228.png 300w\" sizes=\"auto, (max-width: 502px) 100vw, 502px\" \/><\/a><\/p>\n<p>L\u2019intervento presso Spedalino, con la rotatoria all\u2019intersezione di via Settola (dove l\u2019accesso alla Sp1 dalla parte sud \u00e8 attualmente chiuso), mira a restituire a quest\u2019ultima il ruolo di collegamento con via Provinciale Pratese, e di ingresso, alla zona nord di Agliana, funzione che aveva gi\u00e0 in passato. <em>&lt;&lt;Continua&gt;&gt;<\/em> ha detto il sindaco Eleanna Ciampolini <em>&lt;&lt;la proficua collaborazione con la Provincia di Pistoia, che prima ha portato all\u2019eliminazione dei semafori su tutto il territorio e che adesso, grazie a quest\u2019accordo, contribuir\u00e0 a migliorare i collegamenti ad Agliana&gt;&gt;. &lt;&lt;Sono particolarmente soddisfatta&gt;&gt;<\/em> ha concluso<em> &lt;&lt;soprattutto per l\u2019intervento che riguarder\u00e0 la zona di Ferruccia, perch\u00e9 risolver\u00e0 un disagio particolarmente sentito dalla popolazione e permetter\u00e0 a chi entra ed esce da quel centro abitato di farlo con fluidit\u00e0 e soprattutto in sicurezza.&gt;&gt;<\/em><\/p>\n<p style=\"text-align: justify;\">\n<p style=\"text-align: justify;\">","protected":false},"excerpt":{"rendered":"<p>di Piera Salvi febbraio 2012 Previste due nuove rotatorie per migliorare la viabilit\u00e0 e la sicurezza su due strade provinciali che scorrono in territorio aglianese. Il 30 dicembre scorso \u00e8 stato firmato un accordo d\u2019intesa tra il sindaco di Agliana, Eleanna Ciampolini, e l\u2019assessore provinciale Mauro Mari; [&hellip;]<\/p>","protected":false},"author":13,"featured_media":0,"comment_status":"open","ping_status":"open","sticky":false,"template":"","format":"standard","meta":{"footnotes":""},"categories":[2,11],"tags":[37,38,76,84,96,124],"class_list":["post-1678","post","type-post","status-publish","format-standard","hentry","category-ag","category-fotonotizie-qt","tag-ag-ag","tag-aglianese","tag-fotonotizia","tag-laglianese","tag-noidiqua","tag-spettacolo"],"yoast_head":"<!-- This site is optimized with the Yoast SEO plugin v25.5 - https:\/\/yoast.com\/wordpress\/plugins\/seo\/ -->\n<title>Le nuove rotatorie - Noi di Qua Testata giornalistica e di attualit\u00e0 di Agliana, Montale e Quarrata.<\/title>\n<meta name=\"robots\" content=\"index, follow, max-snippet:-1, max-image-preview:large, max-video-preview:-1\" \/>\n<link rel=\"canonical\" href=\"https:\/\/www.noidiqua.it\/Agliana\/le-nuove-rotatorie\/\" \/>\n<meta property=\"og:locale\" content=\"it_IT\" \/>\n<meta property=\"og:type\" content=\"article\" \/>\n<meta property=\"og:title\" content=\"Le nuove rotatorie - Noi di Qua Testata giornalistica e di attualit\u00e0 di Agliana, Montale e Quarrata.\" \/>\n<meta property=\"og:description\" content=\"di Piera Salvi febbraio 2012 Previste due nuove rotatorie per migliorare la viabilit\u00e0 e la sicurezza su due strade provinciali che scorrono in territorio aglianese. Il 30 dicembre scorso \u00e8 stato firmato un accordo d\u2019intesa tra il sindaco di Agliana, Eleanna Ciampolini, e l\u2019assessore provinciale Mauro Mari; [&hellip;]\" \/>\n<meta property=\"og:url\" content=\"https:\/\/www.noidiqua.it\/Agliana\/le-nuove-rotatorie\/\" \/>\n<meta property=\"og:site_name\" content=\"Noi di Qua Testata giornalistica e di attualit\u00e0 di Agliana, Montale e Quarrata.\" \/>\n<meta property=\"article:publisher\" content=\"https:\/\/www.facebook.com\/noidiqua.trimestrale\/\" \/>\n<meta property=\"article:published_time\" content=\"2012-02-16T13:28:10+00:00\" \/>\n<meta property=\"article:modified_time\" content=\"2023-07-26T15:19:03+00:00\" \/>\n<meta property=\"og:image\" content=\"https:\/\/www.noidiqua.it\/Agliana\/wp-content\/uploads\/2012\/02\/incrocioferruccia2.png\" \/>\n<meta name=\"author\" content=\"Piera Salvi\" \/>\n<meta name=\"twitter:label1\" content=\"Scritto da\" \/>\n\t<meta name=\"twitter:data1\" content=\"Piera Salvi\" \/>\n\t<meta name=\"twitter:label2\" content=\"Tempo di lettura stimato\" \/>\n\t<meta name=\"twitter:data2\" content=\"2 minuti\" \/>\n<script type=\"application\/ld+json\" class=\"yoast-schema-graph\">{\"@context\":\"https:\/\/schema.org\",\"@graph\":[{\"@type\":\"WebPage\",\"@id\":\"https:\/\/www.noidiqua.it\/Agliana\/le-nuove-rotatorie\/\",\"url\":\"https:\/\/www.noidiqua.it\/Agliana\/le-nuove-rotatorie\/\",\"name\":\"Le nuove rotatorie - Noi di Qua Testata giornalistica e di attualit\u00e0 di Agliana, Montale e Quarrata.\",\"isPartOf\":{\"@id\":\"https:\/\/www.noidiqua.it\/Agliana\/#website\"},\"primaryImageOfPage\":{\"@id\":\"https:\/\/www.noidiqua.it\/Agliana\/le-nuove-rotatorie\/#primaryimage\"},\"image\":{\"@id\":\"https:\/\/www.noidiqua.it\/Agliana\/le-nuove-rotatorie\/#primaryimage\"},\"thumbnailUrl\":\"https:\/\/www.noidiqua.it\/Agliana\/wp-content\/uploads\/2012\/02\/incrocioferruccia2.png\",\"datePublished\":\"2012-02-16T13:28:10+00:00\",\"dateModified\":\"2023-07-26T15:19:03+00:00\",\"author\":{\"@id\":\"https:\/\/www.noidiqua.it\/Agliana\/#\/schema\/person\/bb7515c2330bb1137f247276096fa7dc\"},\"breadcrumb\":{\"@id\":\"https:\/\/www.noidiqua.it\/Agliana\/le-nuove-rotatorie\/#breadcrumb\"},\"inLanguage\":\"it-IT\",\"potentialAction\":[{\"@type\":\"ReadAction\",\"target\":[\"https:\/\/www.noidiqua.it\/Agliana\/le-nuove-rotatorie\/\"]}]},{\"@type\":\"ImageObject\",\"inLanguage\":\"it-IT\",\"@id\":\"https:\/\/www.noidiqua.it\/Agliana\/le-nuove-rotatorie\/#primaryimage\",\"url\":\"https:\/\/www.noidiqua.it\/Agliana\/wp-content\/uploads\/2012\/02\/incrocioferruccia2.png\",\"contentUrl\":\"https:\/\/www.noidiqua.it\/Agliana\/wp-content\/uploads\/2012\/02\/incrocioferruccia2.png\",\"width\":498,\"height\":373},{\"@type\":\"BreadcrumbList\",\"@id\":\"https:\/\/www.noidiqua.it\/Agliana\/le-nuove-rotatorie\/#breadcrumb\",\"itemListElement\":[{\"@type\":\"ListItem\",\"position\":1,\"name\":\"Home\",\"item\":\"https:\/\/www.noidiqua.it\/Agliana\/\"},{\"@type\":\"ListItem\",\"position\":2,\"name\":\"Le nuove rotatorie\"}]},{\"@type\":\"WebSite\",\"@id\":\"https:\/\/www.noidiqua.it\/Agliana\/#website\",\"url\":\"https:\/\/www.noidiqua.it\/Agliana\/\",\"name\":\"Noi di Qua Testata giornalistica e di attualit\u00e0 di Agliana, Montale e Quarrata.\",\"description\":\"Testata Giornalistica Quarrata Montale Agliana\",\"potentialAction\":[{\"@type\":\"SearchAction\",\"target\":{\"@type\":\"EntryPoint\",\"urlTemplate\":\"https:\/\/www.noidiqua.it\/Agliana\/?s={search_term_string}\"},\"query-input\":{\"@type\":\"PropertyValueSpecification\",\"valueRequired\":true,\"valueName\":\"search_term_string\"}}],\"inLanguage\":\"it-IT\"},{\"@type\":\"Person\",\"@id\":\"https:\/\/www.noidiqua.it\/Agliana\/#\/schema\/person\/bb7515c2330bb1137f247276096fa7dc\",\"name\":\"Piera Salvi\",\"image\":{\"@type\":\"ImageObject\",\"inLanguage\":\"it-IT\",\"@id\":\"https:\/\/www.noidiqua.it\/Agliana\/#\/schema\/person\/image\/\",\"url\":\"https:\/\/secure.gravatar.com\/avatar\/2f9b1fb6e13f3b3e63bde435d999a73be036e320f7a0f5f32f9ac21859d999cd?s=96&d=mm&r=g\",\"contentUrl\":\"https:\/\/secure.gravatar.com\/avatar\/2f9b1fb6e13f3b3e63bde435d999a73be036e320f7a0f5f32f9ac21859d999cd?s=96&d=mm&r=g\",\"caption\":\"Piera Salvi\"},\"url\":\"https:\/\/www.noidiqua.it\/Agliana\/author\/piera-salvi\/\"}]}<\/script>\n<!-- \/ Yoast SEO plugin. -->","yoast_head_json":{"title":"Le nuove rotatorie - Noi di Qua Testata giornalistica e di attualit\u00e0 di Agliana, Montale e Quarrata.","robots":{"index":"index","follow":"follow","max-snippet":"max-snippet:-1","max-image-preview":"max-image-preview:large","max-video-preview":"max-video-preview:-1"},"canonical":"https:\/\/www.noidiqua.it\/Agliana\/le-nuove-rotatorie\/","og_locale":"it_IT","og_type":"article","og_title":"Le nuove rotatorie - Noi di Qua Testata giornalistica e di attualit\u00e0 di Agliana, Montale e Quarrata.","og_description":"di Piera Salvi febbraio 2012 Previste due nuove rotatorie per migliorare la viabilit\u00e0 e la sicurezza su due strade provinciali che scorrono in territorio aglianese. Il 30 dicembre scorso \u00e8 stato firmato un accordo d\u2019intesa tra il sindaco di Agliana, Eleanna Ciampolini, e l\u2019assessore provinciale Mauro Mari; [&hellip;]","og_url":"https:\/\/www.noidiqua.it\/Agliana\/le-nuove-rotatorie\/","og_site_name":"Noi di Qua Testata giornalistica e di attualit\u00e0 di Agliana, Montale e Quarrata.","article_publisher":"https:\/\/www.facebook.com\/noidiqua.trimestrale\/","article_published_time":"2012-02-16T13:28:10+00:00","article_modified_time":"2023-07-26T15:19:03+00:00","og_image":[{"url":"https:\/\/www.noidiqua.it\/Agliana\/wp-content\/uploads\/2012\/02\/incrocioferruccia2.png","type":"","width":"","height":""}],"author":"Piera Salvi","twitter_misc":{"Scritto da":"Piera Salvi","Tempo di lettura stimato":"2 minuti"},"schema":{"@context":"https:\/\/schema.org","@graph":[{"@type":"WebPage","@id":"https:\/\/www.noidiqua.it\/Agliana\/le-nuove-rotatorie\/","url":"https:\/\/www.noidiqua.it\/Agliana\/le-nuove-rotatorie\/","name":"Le nuove rotatorie - Noi di Qua Testata giornalistica e di attualit\u00e0 di Agliana, Montale e Quarrata.","isPartOf":{"@id":"https:\/\/www.noidiqua.it\/Agliana\/#website"},"primaryImageOfPage":{"@id":"https:\/\/www.noidiqua.it\/Agliana\/le-nuove-rotatorie\/#primaryimage"},"image":{"@id":"https:\/\/www.noidiqua.it\/Agliana\/le-nuove-rotatorie\/#primaryimage"},"thumbnailUrl":"https:\/\/www.noidiqua.it\/Agliana\/wp-content\/uploads\/2012\/02\/incrocioferruccia2.png","datePublished":"2012-02-16T13:28:10+00:00","dateModified":"2023-07-26T15:19:03+00:00","author":{"@id":"https:\/\/www.noidiqua.it\/Agliana\/#\/schema\/person\/bb7515c2330bb1137f247276096fa7dc"},"breadcrumb":{"@id":"https:\/\/www.noidiqua.it\/Agliana\/le-nuove-rotatorie\/#breadcrumb"},"inLanguage":"it-IT","potentialAction":[{"@type":"ReadAction","target":["https:\/\/www.noidiqua.it\/Agliana\/le-nuove-rotatorie\/"]}]},{"@type":"ImageObject","inLanguage":"it-IT","@id":"https:\/\/www.noidiqua.it\/Agliana\/le-nuove-rotatorie\/#primaryimage","url":"https:\/\/www.noidiqua.it\/Agliana\/wp-content\/uploads\/2012\/02\/incrocioferruccia2.png","contentUrl":"https:\/\/www.noidiqua.it\/Agliana\/wp-content\/uploads\/2012\/02\/incrocioferruccia2.png","width":498,"height":373},{"@type":"BreadcrumbList","@id":"https:\/\/www.noidiqua.it\/Agliana\/le-nuove-rotatorie\/#breadcrumb","itemListElement":[{"@type":"ListItem","position":1,"name":"Home","item":"https:\/\/www.noidiqua.it\/Agliana\/"},{"@type":"ListItem","position":2,"name":"Le nuove rotatorie"}]},{"@type":"WebSite","@id":"https:\/\/www.noidiqua.it\/Agliana\/#website","url":"https:\/\/www.noidiqua.it\/Agliana\/","name":"Noi di Qua Testata giornalistica e di attualit\u00e0 di Agliana, Montale e Quarrata.","description":"Testata Giornalistica Quarrata Montale Agliana","potentialAction":[{"@type":"SearchAction","target":{"@type":"EntryPoint","urlTemplate":"https:\/\/www.noidiqua.it\/Agliana\/?s={search_term_string}"},"query-input":{"@type":"PropertyValueSpecification","valueRequired":true,"valueName":"search_term_string"}}],"inLanguage":"it-IT"},{"@type":"Person","@id":"https:\/\/www.noidiqua.it\/Agliana\/#\/schema\/person\/bb7515c2330bb1137f247276096fa7dc","name":"Piera Salvi","image":{"@type":"ImageObject","inLanguage":"it-IT","@id":"https:\/\/www.noidiqua.it\/Agliana\/#\/schema\/person\/image\/","url":"https:\/\/secure.gravatar.com\/avatar\/2f9b1fb6e13f3b3e63bde435d999a73be036e320f7a0f5f32f9ac21859d999cd?s=96&d=mm&r=g","contentUrl":"https:\/\/secure.gravatar.com\/avatar\/2f9b1fb6e13f3b3e63bde435d999a73be036e320f7a0f5f32f9ac21859d999cd?s=96&d=mm&r=g","caption":"Piera Salvi"},"url":"https:\/\/www.noidiqua.it\/Agliana\/author\/piera-salvi\/"}]}},"_links":{"self":[{"href":"https:\/\/www.noidiqua.it\/Agliana\/wp-json\/wp\/v2\/posts\/1678","targetHints":{"allow":["GET"]}}],"collection":[{"href":"https:\/\/www.noidiqua.it\/Agliana\/wp-json\/wp\/v2\/posts"}],"about":[{"href":"https:\/\/www.noidiqua.it\/Agliana\/wp-json\/wp\/v2\/types\/post"}],"author":[{"embeddable":true,"href":"https:\/\/www.noidiqua.it\/Agliana\/wp-json\/wp\/v2\/users\/13"}],"replies":[{"embeddable":true,"href":"https:\/\/www.noidiqua.it\/Agliana\/wp-json\/wp\/v2\/comments?post=1678"}],"version-history":[{"count":3,"href":"https:\/\/www.noidiqua.it\/Agliana\/wp-json\/wp\/v2\/posts\/1678\/revisions"}],"predecessor-version":[{"id":8625,"href":"https:\/\/www.noidiqua.it\/Agliana\/wp-json\/wp\/v2\/posts\/1678\/revisions\/8625"}],"wp:attachment":[{"href":"https:\/\/www.noidiqua.it\/Agliana\/wp-json\/wp\/v2\/media?parent=1678"}],"wp:term":[{"taxonomy":"category","embeddable":true,"href":"https:\/\/www.noidiqua.it\/Agliana\/wp-json\/wp\/v2\/categories?post=1678"},{"taxonomy":"post_tag","embeddable":true,"href":"https:\/\/www.noidiqua.it\/Agliana\/wp-json\/wp\/v2\/tags?post=1678"}],"curies":[{"name":"wp","href":"https:\/\/api.w.org\/{rel}","templated":true}]}}