{"id":1734,"date":"2012-05-07T13:48:49","date_gmt":"2012-05-07T13:48:49","guid":{"rendered":"https:\/\/www.noidiqua.it\/Agliana\/?p=1734"},"modified":"2023-07-26T12:27:40","modified_gmt":"2023-07-26T10:27:40","slug":"dogma-tra-metal-e-lirica","status":"publish","type":"post","link":"https:\/\/www.noidiqua.it\/Agliana\/dogma-tra-metal-e-lirica\/","title":{"rendered":"DOGMA &#8211; tra Metal e Lirica"},"content":{"rendered":"<p style=\"text-align: justify;\"><em>di Marco Bagnoli<\/em><\/p>\n<div style=\"text-align: justify;\"><em>giugno 2012<\/em><\/div>\n<div><\/div>\n<div style=\"text-align: justify;\"><a href=\"https:\/\/www.noidiqua.it\/Agliana\/wp-content\/uploads\/2012\/05\/dogma-1.png\" rel=\"wp-prettyPhoto[1734]\"><img loading=\"lazy\" decoding=\"async\" class=\"aligncenter size-full wp-image-8554\" src=\"https:\/\/www.noidiqua.it\/Agliana\/wp-content\/uploads\/2012\/05\/dogma-1.png\" alt=\"\" width=\"501\" height=\"392\" srcset=\"https:\/\/www.noidiqua.it\/Agliana\/wp-content\/uploads\/2012\/05\/dogma-1.png 501w, https:\/\/www.noidiqua.it\/Agliana\/wp-content\/uploads\/2012\/05\/dogma-1-300x235.png 300w\" sizes=\"auto, (max-width: 501px) 100vw, 501px\" \/><\/a><\/div>\n<div style=\"text-align: justify;\"><\/div>\n<p style=\"text-align: justify;\">\u201c<em>Dal greco, opinione, decisione, punto di dottrina stabilito e tenuto per verit\u00e0 incontrastabile\u201d.<\/em> Tuttavia i cinque componenti della band sono ben lieti di aprirsi con noi. I <strong>Dogma<\/strong> nascono nell\u2019ultimo scorcio del 2009 dalla comune passione per la musica di Stefano e Flavio. I due, \u201ccugini da una vita\u201d, si animano al ritmo di una frangia specifica del grande albero del rock, il Symphonic Metal. Per i non addetti ai lavori, il <em>metallo sinfonico<\/em> \u00e8 un genere che sposa le tipiche sonorit\u00e0 di chitarre cattive e scariche di tamburi, con l\u2019ariosit\u00e0 pi\u00f9 \u201ctradizionale\u201d della musica classica e operistica. \u00c8 per questo che Stefano Bertacci, tastierista, e Flavio Salvadori, batterista, si mettono in cerca della vocalit\u00e0 essenziale alla riuscita del tutto, quella femminile, di soprano, in una parola: lirica.<\/p>\n<p style=\"text-align: justify;\">Gli inizi sono un po\u2019 quelli di tutte le band: molto entusiasmo, divertimento continuo e uno sguardo radioso rivolto al futuro; la formazione a cinque, con basso e chitarra, inaugura quindi la propria ambiziosa carriera nella primavera 2010, vincendo il contest delle Piastre e piazzandosi secondi ad un altro concorso, il <strong>Music Up 2010<\/strong>. A questo punto della storia le cose cominciano un po\u2019 a complicarsi: alcuni componenti del gruppo abbandonano e vengono rimpiazzati. Soltanto nell\u2019aprile del 2011 li ritroviamo tutti come sono oggi: Stefano e Flavio, i fondatori, Claire alla voce, Luca alla chitarra e Federico al basso. Partecipano ad un concerto al \u201c<strong>Teatro Cinema Moderno<\/strong>\u201d di Agliana, suonano a Quarrata nell\u2019ambito delle manifestazioni che interessano il Polo tecnologico, poi ad Empoli e di nuovo ad Agliana, in una festa privata, prima di salire sull\u2019ambito palco del \u201cGiugno\u201d. In autunno partecipano al contest organizzato dal \u201cKeller Platz\u201d di Prato: una competizione che li mette a confronto con una realt\u00e0 musicale sempre amatoriale, ma di una qualit\u00e0 non scontata \u2013 e i Dogma conquistano la medaglia d\u2019argento. Il premio \u00e8 un giorno di lavoro in uno studio di registrazione al \u201cPlay Studio\u201d, nel corso del quale realizzano il loro primo singolo, \u201c<em>The final fight\u201d<\/em>.<\/p>\n<p style=\"text-align: justify;\">Nel corso di questi mesi collaborano anche con un giovane violoncellista, Tiziano, tanto per rimarcare la loro parentela con la musica classica. Ma fino a che punto i Dogma sono coinvolti con questa tradizione secolare, squisitamente europea e felicemente italiana? E soprattutto chi sono i Dogma, da dove vengono e cosa combinano nella vita? Tanto per cominciare sono tutti di Agliana, tra i 21 e i 23 anni, a parte Luca, il chitarrista, che vive e Pistoia e di anni ne ha 29. <strong>Claire Briant Nesti<\/strong> si avvicina alla musica all\u2019et\u00e0 di dieci anni, partecipando ai laboratori musicali organizzati dal comune di Agliana; ben presto diverr\u00e0 lei stessa uno dei componenti originari di quella importante realt\u00e0 che \u00e8 oggi la corale \u201cTerra Betinga\u201d, che ancora la vede in prima fila come soprano lirico. E&#8217; importante sottolineare lo studio, la costanza con la quale questi ragazzi vivono la loro esperienza di continua crescita a contatto con la musica \u2013 a maggior ragione chi dal palco guarda negli occhi il pubblico e della band finisce per diventare il punto di riferimento; tra l\u2019altro Claire si dedica alle lezioni di canto sia come allieva che come insegnante.<\/p>\n<p style=\"text-align: justify;\">\n<p><a href=\"https:\/\/www.noidiqua.it\/Agliana\/wp-content\/uploads\/2012\/05\/dogma-2.png\" rel=\"wp-prettyPhoto[1734]\"><img loading=\"lazy\" decoding=\"async\" class=\"aligncenter size-full wp-image-8555\" src=\"https:\/\/www.noidiqua.it\/Agliana\/wp-content\/uploads\/2012\/05\/dogma-2.png\" alt=\"\" width=\"501\" height=\"280\" srcset=\"https:\/\/www.noidiqua.it\/Agliana\/wp-content\/uploads\/2012\/05\/dogma-2.png 501w, https:\/\/www.noidiqua.it\/Agliana\/wp-content\/uploads\/2012\/05\/dogma-2-300x168.png 300w\" sizes=\"auto, (max-width: 501px) 100vw, 501px\" \/><\/a><\/p>\n<p style=\"text-align: justify;\">I suoi racconti fantasy sono lo spunto per alcuni testi delle loro canzoni. <strong>Stefano<\/strong> tocca l\u2019avorio del pianoforte alla tenera et\u00e0 di cinque anni \u2013 e difatti non \u00e8 un caso se \u00e8 il principale autore dei loro brani originali. <strong>Flavio<\/strong> ha iniziato a suonare la batteria poco prima di fondare il gruppo, e i risultati ottenuti in cos\u00ec poco tempo sono davvero ammirevoli \u2013 anche se il suo \u201cprimo amore\u201d \u00e8 il clarinetto, che suona, pensate, in divisa, quella della banda dei Tigrotti. <strong>Luca D\u2019Achille<\/strong> sta facendo della musica una cosa seria ed \u00e8 attualmente iscritto al terzo anno dell\u2019Accademia Lizard di Fiesole, che gli frutter\u00e0 a breve un diploma riconosciuto in ambito europeo. <strong>Federico Diana<\/strong> proviene pure lui dal mondo \u201cclassico\u201d, quello del jazz, e si \u00e8 accostato al Metal quasi per caso \u2013 anche se gli calza a pennello. Sono tutti studenti di materie serie, come Ingegneria, Medicina, Economia aziendale e Giurisprudenza \u2013 a parte Luca, che lavora nel campo vorticoso della meteorologia. Nel momento in cui leggete si stanno giocando la finale dell\u2019Emergenza Rock di Firenze\u00a0 <em>&lt;&lt;una delle pi\u00f9 intense esperienze fin qui vissute&gt;&gt;<\/em> raccontano <em>&lt;&lt;una grande lezione di passione e professionalit\u00e0&gt;&gt;<\/em>. Premio in palio una serata all\u2019Alcatraz di Milano. Resta appena il tempo per ringraziare tutti coloro che li hanno fin qui sostenuti, gli amici, ma soprattutto le loro famiglie, perch\u00e9 anche i sogni hanno bisogno della terra per poter camminare, e su questa terra quasi niente ti viene regalato. Di questo fidatevi, dovete esser certi.<\/p>","protected":false},"excerpt":{"rendered":"<p>di Marco Bagnoli giugno 2012 \u201cDal greco, opinione, decisione, punto di dottrina stabilito e tenuto per verit\u00e0 incontrastabile\u201d. Tuttavia i cinque componenti della band sono ben lieti di aprirsi con noi. I Dogma nascono nell\u2019ultimo scorcio del 2009 dalla comune passione per la musica di Stefano e [&hellip;]<\/p>","protected":false},"author":3,"featured_media":0,"comment_status":"open","ping_status":"open","sticky":false,"template":"","format":"standard","meta":{"footnotes":""},"categories":[2,145],"tags":[37,38,44,64,84,94,124],"class_list":["post-1734","post","type-post","status-publish","format-standard","hentry","category-ag","category-che-spettacolo-ag","tag-ag-ag","tag-aglianese","tag-band","tag-dogma","tag-laglianese","tag-musica","tag-spettacolo"],"yoast_head":"<!-- This site is optimized with the Yoast SEO plugin v25.5 - https:\/\/yoast.com\/wordpress\/plugins\/seo\/ -->\n<title>DOGMA - tra Metal e Lirica - Noi di Qua Testata giornalistica e di attualit\u00e0 di Agliana, Montale e Quarrata.<\/title>\n<meta name=\"robots\" content=\"index, follow, max-snippet:-1, max-image-preview:large, max-video-preview:-1\" \/>\n<link rel=\"canonical\" href=\"https:\/\/www.noidiqua.it\/Agliana\/dogma-tra-metal-e-lirica\/\" \/>\n<meta property=\"og:locale\" content=\"it_IT\" \/>\n<meta property=\"og:type\" content=\"article\" \/>\n<meta property=\"og:title\" content=\"DOGMA - tra Metal e Lirica - Noi di Qua Testata giornalistica e di attualit\u00e0 di Agliana, Montale e Quarrata.\" \/>\n<meta property=\"og:description\" content=\"di Marco Bagnoli giugno 2012 \u201cDal greco, opinione, decisione, punto di dottrina stabilito e tenuto per verit\u00e0 incontrastabile\u201d. Tuttavia i cinque componenti della band sono ben lieti di aprirsi con noi. I Dogma nascono nell\u2019ultimo scorcio del 2009 dalla comune passione per la musica di Stefano e [&hellip;]\" \/>\n<meta property=\"og:url\" content=\"https:\/\/www.noidiqua.it\/Agliana\/dogma-tra-metal-e-lirica\/\" \/>\n<meta property=\"og:site_name\" content=\"Noi di Qua Testata giornalistica e di attualit\u00e0 di Agliana, Montale e Quarrata.\" \/>\n<meta property=\"article:publisher\" content=\"https:\/\/www.facebook.com\/noidiqua.trimestrale\/\" \/>\n<meta property=\"article:published_time\" content=\"2012-05-07T13:48:49+00:00\" \/>\n<meta property=\"article:modified_time\" content=\"2023-07-26T10:27:40+00:00\" \/>\n<meta property=\"og:image\" content=\"https:\/\/www.noidiqua.it\/Agliana\/wp-content\/uploads\/2012\/05\/dogma-1.png\" \/>\n<meta name=\"author\" content=\"Marco Bagnoli\" \/>\n<meta name=\"twitter:label1\" content=\"Scritto da\" \/>\n\t<meta name=\"twitter:data1\" content=\"Marco Bagnoli\" \/>\n\t<meta name=\"twitter:label2\" content=\"Tempo di lettura stimato\" \/>\n\t<meta name=\"twitter:data2\" content=\"4 minuti\" \/>\n<script type=\"application\/ld+json\" class=\"yoast-schema-graph\">{\"@context\":\"https:\/\/schema.org\",\"@graph\":[{\"@type\":\"WebPage\",\"@id\":\"https:\/\/www.noidiqua.it\/Agliana\/dogma-tra-metal-e-lirica\/\",\"url\":\"https:\/\/www.noidiqua.it\/Agliana\/dogma-tra-metal-e-lirica\/\",\"name\":\"DOGMA - tra Metal e Lirica - Noi di Qua Testata giornalistica e di attualit\u00e0 di Agliana, Montale e Quarrata.\",\"isPartOf\":{\"@id\":\"https:\/\/www.noidiqua.it\/Agliana\/#website\"},\"primaryImageOfPage\":{\"@id\":\"https:\/\/www.noidiqua.it\/Agliana\/dogma-tra-metal-e-lirica\/#primaryimage\"},\"image\":{\"@id\":\"https:\/\/www.noidiqua.it\/Agliana\/dogma-tra-metal-e-lirica\/#primaryimage\"},\"thumbnailUrl\":\"https:\/\/www.noidiqua.it\/Agliana\/wp-content\/uploads\/2012\/05\/dogma-1.png\",\"datePublished\":\"2012-05-07T13:48:49+00:00\",\"dateModified\":\"2023-07-26T10:27:40+00:00\",\"author\":{\"@id\":\"https:\/\/www.noidiqua.it\/Agliana\/#\/schema\/person\/4e183cb0c6d7951e716a876aa702e1a2\"},\"breadcrumb\":{\"@id\":\"https:\/\/www.noidiqua.it\/Agliana\/dogma-tra-metal-e-lirica\/#breadcrumb\"},\"inLanguage\":\"it-IT\",\"potentialAction\":[{\"@type\":\"ReadAction\",\"target\":[\"https:\/\/www.noidiqua.it\/Agliana\/dogma-tra-metal-e-lirica\/\"]}]},{\"@type\":\"ImageObject\",\"inLanguage\":\"it-IT\",\"@id\":\"https:\/\/www.noidiqua.it\/Agliana\/dogma-tra-metal-e-lirica\/#primaryimage\",\"url\":\"https:\/\/www.noidiqua.it\/Agliana\/wp-content\/uploads\/2012\/05\/dogma-1.png\",\"contentUrl\":\"https:\/\/www.noidiqua.it\/Agliana\/wp-content\/uploads\/2012\/05\/dogma-1.png\",\"width\":501,\"height\":392},{\"@type\":\"BreadcrumbList\",\"@id\":\"https:\/\/www.noidiqua.it\/Agliana\/dogma-tra-metal-e-lirica\/#breadcrumb\",\"itemListElement\":[{\"@type\":\"ListItem\",\"position\":1,\"name\":\"Home\",\"item\":\"https:\/\/www.noidiqua.it\/Agliana\/\"},{\"@type\":\"ListItem\",\"position\":2,\"name\":\"DOGMA &#8211; tra Metal e Lirica\"}]},{\"@type\":\"WebSite\",\"@id\":\"https:\/\/www.noidiqua.it\/Agliana\/#website\",\"url\":\"https:\/\/www.noidiqua.it\/Agliana\/\",\"name\":\"Noi di Qua Testata giornalistica e di attualit\u00e0 di Agliana, Montale e Quarrata.\",\"description\":\"Testata Giornalistica Quarrata Montale Agliana\",\"potentialAction\":[{\"@type\":\"SearchAction\",\"target\":{\"@type\":\"EntryPoint\",\"urlTemplate\":\"https:\/\/www.noidiqua.it\/Agliana\/?s={search_term_string}\"},\"query-input\":{\"@type\":\"PropertyValueSpecification\",\"valueRequired\":true,\"valueName\":\"search_term_string\"}}],\"inLanguage\":\"it-IT\"},{\"@type\":\"Person\",\"@id\":\"https:\/\/www.noidiqua.it\/Agliana\/#\/schema\/person\/4e183cb0c6d7951e716a876aa702e1a2\",\"name\":\"Marco Bagnoli\",\"image\":{\"@type\":\"ImageObject\",\"inLanguage\":\"it-IT\",\"@id\":\"https:\/\/www.noidiqua.it\/Agliana\/#\/schema\/person\/image\/\",\"url\":\"https:\/\/secure.gravatar.com\/avatar\/73ace53724c50db9c48af54756f17b7cdb015a9d8d2c08c7e04e480539a94eee?s=96&d=mm&r=g\",\"contentUrl\":\"https:\/\/secure.gravatar.com\/avatar\/73ace53724c50db9c48af54756f17b7cdb015a9d8d2c08c7e04e480539a94eee?s=96&d=mm&r=g\",\"caption\":\"Marco Bagnoli\"},\"url\":\"https:\/\/www.noidiqua.it\/Agliana\/author\/marco-bagnoli\/\"}]}<\/script>\n<!-- \/ Yoast SEO plugin. -->","yoast_head_json":{"title":"DOGMA - tra Metal e Lirica - Noi di Qua Testata giornalistica e di attualit\u00e0 di Agliana, Montale e Quarrata.","robots":{"index":"index","follow":"follow","max-snippet":"max-snippet:-1","max-image-preview":"max-image-preview:large","max-video-preview":"max-video-preview:-1"},"canonical":"https:\/\/www.noidiqua.it\/Agliana\/dogma-tra-metal-e-lirica\/","og_locale":"it_IT","og_type":"article","og_title":"DOGMA - tra Metal e Lirica - Noi di Qua Testata giornalistica e di attualit\u00e0 di Agliana, Montale e Quarrata.","og_description":"di Marco Bagnoli giugno 2012 \u201cDal greco, opinione, decisione, punto di dottrina stabilito e tenuto per verit\u00e0 incontrastabile\u201d. Tuttavia i cinque componenti della band sono ben lieti di aprirsi con noi. I Dogma nascono nell\u2019ultimo scorcio del 2009 dalla comune passione per la musica di Stefano e [&hellip;]","og_url":"https:\/\/www.noidiqua.it\/Agliana\/dogma-tra-metal-e-lirica\/","og_site_name":"Noi di Qua Testata giornalistica e di attualit\u00e0 di Agliana, Montale e Quarrata.","article_publisher":"https:\/\/www.facebook.com\/noidiqua.trimestrale\/","article_published_time":"2012-05-07T13:48:49+00:00","article_modified_time":"2023-07-26T10:27:40+00:00","og_image":[{"url":"https:\/\/www.noidiqua.it\/Agliana\/wp-content\/uploads\/2012\/05\/dogma-1.png","type":"","width":"","height":""}],"author":"Marco Bagnoli","twitter_misc":{"Scritto da":"Marco Bagnoli","Tempo di lettura stimato":"4 minuti"},"schema":{"@context":"https:\/\/schema.org","@graph":[{"@type":"WebPage","@id":"https:\/\/www.noidiqua.it\/Agliana\/dogma-tra-metal-e-lirica\/","url":"https:\/\/www.noidiqua.it\/Agliana\/dogma-tra-metal-e-lirica\/","name":"DOGMA - tra Metal e Lirica - Noi di Qua Testata giornalistica e di attualit\u00e0 di Agliana, Montale e Quarrata.","isPartOf":{"@id":"https:\/\/www.noidiqua.it\/Agliana\/#website"},"primaryImageOfPage":{"@id":"https:\/\/www.noidiqua.it\/Agliana\/dogma-tra-metal-e-lirica\/#primaryimage"},"image":{"@id":"https:\/\/www.noidiqua.it\/Agliana\/dogma-tra-metal-e-lirica\/#primaryimage"},"thumbnailUrl":"https:\/\/www.noidiqua.it\/Agliana\/wp-content\/uploads\/2012\/05\/dogma-1.png","datePublished":"2012-05-07T13:48:49+00:00","dateModified":"2023-07-26T10:27:40+00:00","author":{"@id":"https:\/\/www.noidiqua.it\/Agliana\/#\/schema\/person\/4e183cb0c6d7951e716a876aa702e1a2"},"breadcrumb":{"@id":"https:\/\/www.noidiqua.it\/Agliana\/dogma-tra-metal-e-lirica\/#breadcrumb"},"inLanguage":"it-IT","potentialAction":[{"@type":"ReadAction","target":["https:\/\/www.noidiqua.it\/Agliana\/dogma-tra-metal-e-lirica\/"]}]},{"@type":"ImageObject","inLanguage":"it-IT","@id":"https:\/\/www.noidiqua.it\/Agliana\/dogma-tra-metal-e-lirica\/#primaryimage","url":"https:\/\/www.noidiqua.it\/Agliana\/wp-content\/uploads\/2012\/05\/dogma-1.png","contentUrl":"https:\/\/www.noidiqua.it\/Agliana\/wp-content\/uploads\/2012\/05\/dogma-1.png","width":501,"height":392},{"@type":"BreadcrumbList","@id":"https:\/\/www.noidiqua.it\/Agliana\/dogma-tra-metal-e-lirica\/#breadcrumb","itemListElement":[{"@type":"ListItem","position":1,"name":"Home","item":"https:\/\/www.noidiqua.it\/Agliana\/"},{"@type":"ListItem","position":2,"name":"DOGMA &#8211; tra Metal e Lirica"}]},{"@type":"WebSite","@id":"https:\/\/www.noidiqua.it\/Agliana\/#website","url":"https:\/\/www.noidiqua.it\/Agliana\/","name":"Noi di Qua Testata giornalistica e di attualit\u00e0 di Agliana, Montale e Quarrata.","description":"Testata Giornalistica Quarrata Montale Agliana","potentialAction":[{"@type":"SearchAction","target":{"@type":"EntryPoint","urlTemplate":"https:\/\/www.noidiqua.it\/Agliana\/?s={search_term_string}"},"query-input":{"@type":"PropertyValueSpecification","valueRequired":true,"valueName":"search_term_string"}}],"inLanguage":"it-IT"},{"@type":"Person","@id":"https:\/\/www.noidiqua.it\/Agliana\/#\/schema\/person\/4e183cb0c6d7951e716a876aa702e1a2","name":"Marco Bagnoli","image":{"@type":"ImageObject","inLanguage":"it-IT","@id":"https:\/\/www.noidiqua.it\/Agliana\/#\/schema\/person\/image\/","url":"https:\/\/secure.gravatar.com\/avatar\/73ace53724c50db9c48af54756f17b7cdb015a9d8d2c08c7e04e480539a94eee?s=96&d=mm&r=g","contentUrl":"https:\/\/secure.gravatar.com\/avatar\/73ace53724c50db9c48af54756f17b7cdb015a9d8d2c08c7e04e480539a94eee?s=96&d=mm&r=g","caption":"Marco Bagnoli"},"url":"https:\/\/www.noidiqua.it\/Agliana\/author\/marco-bagnoli\/"}]}},"_links":{"self":[{"href":"https:\/\/www.noidiqua.it\/Agliana\/wp-json\/wp\/v2\/posts\/1734","targetHints":{"allow":["GET"]}}],"collection":[{"href":"https:\/\/www.noidiqua.it\/Agliana\/wp-json\/wp\/v2\/posts"}],"about":[{"href":"https:\/\/www.noidiqua.it\/Agliana\/wp-json\/wp\/v2\/types\/post"}],"author":[{"embeddable":true,"href":"https:\/\/www.noidiqua.it\/Agliana\/wp-json\/wp\/v2\/users\/3"}],"replies":[{"embeddable":true,"href":"https:\/\/www.noidiqua.it\/Agliana\/wp-json\/wp\/v2\/comments?post=1734"}],"version-history":[{"count":5,"href":"https:\/\/www.noidiqua.it\/Agliana\/wp-json\/wp\/v2\/posts\/1734\/revisions"}],"predecessor-version":[{"id":8556,"href":"https:\/\/www.noidiqua.it\/Agliana\/wp-json\/wp\/v2\/posts\/1734\/revisions\/8556"}],"wp:attachment":[{"href":"https:\/\/www.noidiqua.it\/Agliana\/wp-json\/wp\/v2\/media?parent=1734"}],"wp:term":[{"taxonomy":"category","embeddable":true,"href":"https:\/\/www.noidiqua.it\/Agliana\/wp-json\/wp\/v2\/categories?post=1734"},{"taxonomy":"post_tag","embeddable":true,"href":"https:\/\/www.noidiqua.it\/Agliana\/wp-json\/wp\/v2\/tags?post=1734"}],"curies":[{"name":"wp","href":"https:\/\/api.w.org\/{rel}","templated":true}]}}