{"id":1753,"date":"2012-05-07T14:21:32","date_gmt":"2012-05-07T12:21:32","guid":{"rendered":"https:\/\/www.noidiqua.it\/Agliana\/?p=1753"},"modified":"2023-07-26T12:40:20","modified_gmt":"2023-07-26T10:40:20","slug":"fotonotizia","status":"publish","type":"post","link":"https:\/\/www.noidiqua.it\/Agliana\/fotonotizia\/","title":{"rendered":"I brevi di Noidiqua"},"content":{"rendered":"<p style=\"text-align: justify;\"><em>di Piera Salvi<\/em><\/p>\n<p style=\"text-align: justify;\"><em>maggio 2012<\/em><\/p>\n<p><a href=\"https:\/\/www.noidiqua.it\/Agliana\/wp-content\/uploads\/2018\/03\/Logo-Noidiqua.png\" rel=\"wp-prettyPhoto[1753]\"><img loading=\"lazy\" decoding=\"async\" class=\"aligncenter size-full wp-image-6781\" src=\"https:\/\/www.noidiqua.it\/Agliana\/wp-content\/uploads\/2018\/03\/Logo-Noidiqua.png\" alt=\"\" width=\"488\" height=\"344\" srcset=\"https:\/\/www.noidiqua.it\/Agliana\/wp-content\/uploads\/2018\/03\/Logo-Noidiqua.png 488w, https:\/\/www.noidiqua.it\/Agliana\/wp-content\/uploads\/2018\/03\/Logo-Noidiqua-300x211.png 300w\" sizes=\"auto, (max-width: 488px) 100vw, 488px\" \/><\/a><\/p>\n<p style=\"text-align: justify;\">\n<p style=\"text-align: justify;\"><strong>All\u2019istituto tecnico settore economico \u201cAldo Capitini\u201d \u00e8 stato inaugurato un nuovo laboratorio linguistico multimediale all\u2019avanguardia<\/strong>, con trenta postazioni interattive e una postazione insegnante, tutte dotate di cuffie professionali. Con questo intervento il \u201cCapitini\u201d ha rinnovato anche il cablaggio, realizzato ora in fibra ottica, che collega il Centro elaborazione dati con tutti i laboratori: sei con l\u2019ultima aula inaugurata. <em>&lt;&lt;Un intervento&gt;&gt;<\/em> spiega il dirigente scolastico Santi Marroncini, <em>&lt;&lt;realizzato con il contributo della Fondazione Cassa di risparmio di Pistoia e Pescia e della provincia di Pistoia, che ora vede il Capitini unica scuola nella provincia di Pistoia dotata di cablaggio in fibra ottica. La nuova struttura soddisfa l\u2019esigenza di ammodernamento tecnologico, velocizza il flusso dati, migliora le capacit\u00e0 operative e consente di raggiungere un pi\u00f9 elevato standard nei processi di insegnamento e formazione&gt;&gt;<\/em>. <em>&lt;&lt;Il progetto ha l\u2019obiettivo di implementare con la virtualizzazione una struttura che non renda obsoleti i computer in pochi anni, grazie all\u2019aggiornamento del server e all\u2019infrastruttura centrale&gt;&gt;<\/em> aggiunge Simone Lo Iacono, ex studente del Capitini e ora insegnante, che fa parte del team tecnico informatico con i colleghi Andrea Rinaldi, Maria Giovanna Martini e Anna Maria Agostani. 30mila euro circa il costo totale dell\u2019intervento, di cui 15mila finanziati dalla Fondazione Caripit, mentre la provincia di Pistoia ha contribuito con l\u2019acquisto di sedie e banchi.<\/p>\n<p>&nbsp;<\/p>\n<p style=\"text-align: justify;\"><strong>Successo dell\u2019associazione culturale \u201c<a href=\"http:\/\/www.labottegadellemaschere.it\/\">La Bottega delle Maschere<\/a>\u201d, in Provenza con il progetto \u201cDonne nel tempo\u201d<\/strong> che affronta, attraverso rappresentazioni teatrali, il vissuto delle donne toscane dall\u2019inizio del \u2018900 fino agli anni \u201880. Le repliche si sono svolte nella cittadina di Mallemort de Provence (con la quale Agliana \u00e8 gemellata da circa venti anni) e nella vicina citt\u00e0 di Eygui\u00e8res, dove \u201cLa Bottega delle Maschere\u201d, da anni, ha attivato una collaborazione con l\u2019associazione \u201c Il mond\u2019\u00e8 mio\u201d. Lo spettacolo, tratto da \u201cLa bambina con la farfalla sulla testa\u201d di Dunia Sardi, parla di storie di donne toscane dal dopo guerra agli anni \u201980. L\u2019adattamento per il teatro, curato da Maura Salvi, mette in risalto come le donne, in ogni epoca, abbiano avuto un ruolo importante nel riuscire a superare le difficolt\u00e0, sia economiche che sociali. Viene evidenziato il periodo del dopoguerra, la rinascita, le evoluzioni socio culturali ed economiche, il sentirsi indipendenti. Molto interessanti gli incontri dopo gli spettacoli con le donne provenzali, che hanno manifestato di avere percepito benissimo emozioni e sensazioni anche perch\u00e9, molte, hanno un vissuto molto simile. L\u2019eccellente traduzione fatta da Denise Durand (interprete storica del gemellaggio) ha facilitato la comprensione. Sempre sui temi del lavoro, \u201cLa Bottega delle Maschere\u201d aveva gi\u00e0 allestito lo spettacolo \u201cLe ragazze della fabbrichina\u201d con adattamento teatrale e regia di Maura Salvi, che, alla sesta edizione del concorso teatrale \u201cFabrizio Rafanelli\u201d di Bottegone, ha vinto il premio per la \u201cmigliore regia\u201d.<\/p>\n<p>&nbsp;<\/p>\n<p style=\"text-align: justify;\"><strong>A luglio scompariranno tutti i cassonetti dei rifiuti dal territorio aglianese e la raccolta porta a porta integrale, tra due mesi, sar\u00e0 estesa anche all\u2019organico e all\u2019indifferenziato<\/strong>. Nel 2010 il comune di Agliana ha dato il via alla raccolta a domicilio di carta e cartone, nel 2011 ha esteso il servizio a vetro e multimateriale, da luglio tutte le tipologie di rifiuti, differenziate in appositi contenitori consegnati dall\u2019azienda, saranno raccolte direttamente a domicilio. Nelle previsioni del Cis, c\u2019\u00e8 anche l\u2019ampliamento dell\u2019orario di apertura della piattaforma Maciste per il conferimento degli ingombranti. L\u2019obiettivo del porta a porta integrale, come ha ricordato il sindaco, \u00e8 stato condiviso da tutto il consiglio comunale e porter\u00e0 entro la fine del 2012 a raggiungere almeno il 65% di differenziata. <em>&lt;&lt;Ma probabilmente questa percentuale sar\u00e0 superata&gt;&gt;<\/em> auspicano i dirigenti Cis. Incaricati del Cis, muniti di tesserino di riconoscimento, stanno passando in tutte le case per distribuire (gratuitamente) il materiale informativo, i bidoncini per l\u2019organico e l\u2019indifferenziato e un cestone per la carta. Il progetto prevede nel piano finanziario del Cis un aumento dei costi del servizio del 15%. Ci saranno anche nuove assunzioni: 3 immediate, per arrivare a 8 o 10 entro la fine dell\u2019anno. Nell\u2019ultimo biennio si \u00e8 registrata una diminuzione del 15% dei rifiuti e il sindaco non esclude la necessit\u00e0 di ripensare all\u2019effettiva necessit\u00e0 di nuovi impianti di smaltimento nel piano interprovinciale, compreso l\u2019ampliamento dell\u2019inceneritore di Montale.<\/p>\n<p>&nbsp;<\/p>\n<p style=\"text-align: justify;\"><strong>Giovani, musica e solidariet\u00e0 sono i protagonisti della lunga kermesse del \u201cGiugno aglianese 2012\u201d<\/strong>, che ha preso il via, luned\u00ec 28 maggio con il rilancio del <strong><em>Torneo dei rioni<\/em><\/strong> e che \u00e8 entrato nel vivo gi\u00e0 da venerd\u00ec 1 giugno con <strong><em>Epicentro festival<\/em><\/strong> (fino al 3 giugno), organizzato dall\u2019associazione <strong><em>Epicentro musicale<\/em><\/strong>. Oltre a portare ad Agliana importanti band musicali (Morkobot e i compagni di etichetta Incoming Cerebral Overdrive, Diaframma, Eveline, Calibro 35 e tanti altri), il festival, giunto alla IV edizione, si \u00e8 intrecciato con il progetto Eva-Pescomaggiore, in aiuto alle popolazione abruzzesi colpite dal terremoto. Il ricavato \u00e8 servito a raccogliere fondi per portare<strong><em> Scosse di solidariet\u00e0<\/em><\/strong> alle popolazioni abruzzesi colpite dal sisma. Domenica 3 dibattito-talk <strong><em>(R)Esistere: L\u2019Aquila dopo il terremoto<\/em><\/strong>, con i realizzatori del progetto <strong><em>Eva<\/em><\/strong>. Dal 4 giugno eventi in piazza Gramsci, con <strong><em>Festa della Birra<\/em><\/strong> (dal 4 all\u20198) organizzata dal bar \u201cGallo nero\u201d che ne fu promotore nel 1981. Il 10 c\u2019\u00e8 stato l\u2019appuntamento con il <strong><em>Premio di poesia<\/em><\/strong> e il 12 <strong><em>Festa dello sport <\/em><\/strong>dedicata quest\u2019anno agli atleti stranieri che si sono affermati in zona, come simbolo di integrazione e sport senza frontiere. Il 16 e 17 <strong><em>Cosplay<\/em><\/strong>: manifestazione in crescente successo che attira molti giovani. Il 23 e 24, ancora sotto il segno dell\u2019integrazione si terr\u00e0 l\u2019ormai consolidata <strong><em>Festa dei popoli<\/em><\/strong>, mentre il 25 e 26 novit\u00e0 assoluta e spazio alle giovani band emergenti con il contest <strong><em>Canta il Gallo<\/em><\/strong>: esibizione di otto gruppi selezionati tra i partecipanti al bando gestito dal bar \u201cGallo nero\u201d, che organizza il contest in collaborazione con Elisabetta Branchetti. Il 29, secondo tradizione c\u2019\u00e8 la <strong><em>Sagra del pesce<\/em><\/strong>, organizzata dalla \u201cLenza aglianese\u201d. Tra le novit\u00e0 anche le iniziative organizzate dall\u2019associazione <strong><em>Il Moderno<\/em><\/strong> presso l\u2019omonimo teatro con iniziative per bambini (dal 20 giugno in collaborazione con il Centro commerciale naturale) e festa della birra a luglio. Dal 15 giugno all\u20191 luglio <strong><em>Luna park<\/em><\/strong> in Carabattole. Per i bambini confermati anche i gonfiabili nell\u2019area Bellucci nella prima parte del mese. Infine, per i buongustai il ristorante \u201cGiulio\u201d preparer\u00e0, tutti i marted\u00ec fino al 3 luglio, pollo e coniglio fritto (specialit\u00e0 della tradizione paesana).<\/p>","protected":false},"excerpt":{"rendered":"<p>di Piera Salvi maggio 2012 All\u2019istituto tecnico settore economico \u201cAldo Capitini\u201d \u00e8 stato inaugurato un nuovo laboratorio linguistico multimediale all\u2019avanguardia, con trenta postazioni interattive e una postazione insegnante, tutte dotate di cuffie professionali. Con questo intervento il \u201cCapitini\u201d ha rinnovato anche il cablaggio, realizzato ora in fibra [&hellip;]<\/p>","protected":false},"author":13,"featured_media":0,"comment_status":"open","ping_status":"open","sticky":false,"template":"","format":"standard","meta":{"footnotes":""},"categories":[2,14],"tags":[37,38,76,84,96],"class_list":["post-1753","post","type-post","status-publish","format-standard","hentry","category-ag","category-brevi-ndq-qt","tag-ag-ag","tag-aglianese","tag-fotonotizia","tag-laglianese","tag-noidiqua"],"yoast_head":"<!-- This site is optimized with the Yoast SEO plugin v25.5 - https:\/\/yoast.com\/wordpress\/plugins\/seo\/ -->\n<title>I brevi di Noidiqua - Noi di Qua Testata giornalistica e di attualit\u00e0 di Agliana, Montale e Quarrata.<\/title>\n<meta name=\"robots\" content=\"index, follow, max-snippet:-1, max-image-preview:large, max-video-preview:-1\" \/>\n<link rel=\"canonical\" href=\"https:\/\/www.noidiqua.it\/Agliana\/fotonotizia\/\" \/>\n<meta property=\"og:locale\" content=\"it_IT\" \/>\n<meta property=\"og:type\" content=\"article\" \/>\n<meta property=\"og:title\" content=\"I brevi di Noidiqua - Noi di Qua Testata giornalistica e di attualit\u00e0 di Agliana, Montale e Quarrata.\" \/>\n<meta property=\"og:description\" content=\"di Piera Salvi maggio 2012 All\u2019istituto tecnico settore economico \u201cAldo Capitini\u201d \u00e8 stato inaugurato un nuovo laboratorio linguistico multimediale all\u2019avanguardia, con trenta postazioni interattive e una postazione insegnante, tutte dotate di cuffie professionali. Con questo intervento il \u201cCapitini\u201d ha rinnovato anche il cablaggio, realizzato ora in fibra [&hellip;]\" \/>\n<meta property=\"og:url\" content=\"https:\/\/www.noidiqua.it\/Agliana\/fotonotizia\/\" \/>\n<meta property=\"og:site_name\" content=\"Noi di Qua Testata giornalistica e di attualit\u00e0 di Agliana, Montale e Quarrata.\" \/>\n<meta property=\"article:publisher\" content=\"https:\/\/www.facebook.com\/noidiqua.trimestrale\/\" \/>\n<meta property=\"article:published_time\" content=\"2012-05-07T12:21:32+00:00\" \/>\n<meta property=\"article:modified_time\" content=\"2023-07-26T10:40:20+00:00\" \/>\n<meta property=\"og:image\" content=\"https:\/\/www.noidiqua.it\/Agliana\/wp-content\/uploads\/2018\/03\/Logo-Noidiqua.png\" \/>\n<meta name=\"author\" content=\"Piera Salvi\" \/>\n<meta name=\"twitter:label1\" content=\"Scritto da\" \/>\n\t<meta name=\"twitter:data1\" content=\"Piera Salvi\" \/>\n\t<meta name=\"twitter:label2\" content=\"Tempo di lettura stimato\" \/>\n\t<meta name=\"twitter:data2\" content=\"5 minuti\" \/>\n<script type=\"application\/ld+json\" class=\"yoast-schema-graph\">{\"@context\":\"https:\/\/schema.org\",\"@graph\":[{\"@type\":\"WebPage\",\"@id\":\"https:\/\/www.noidiqua.it\/Agliana\/fotonotizia\/\",\"url\":\"https:\/\/www.noidiqua.it\/Agliana\/fotonotizia\/\",\"name\":\"I brevi di Noidiqua - Noi di Qua Testata giornalistica e di attualit\u00e0 di Agliana, Montale e Quarrata.\",\"isPartOf\":{\"@id\":\"https:\/\/www.noidiqua.it\/Agliana\/#website\"},\"primaryImageOfPage\":{\"@id\":\"https:\/\/www.noidiqua.it\/Agliana\/fotonotizia\/#primaryimage\"},\"image\":{\"@id\":\"https:\/\/www.noidiqua.it\/Agliana\/fotonotizia\/#primaryimage\"},\"thumbnailUrl\":\"https:\/\/www.noidiqua.it\/Agliana\/wp-content\/uploads\/2018\/03\/Logo-Noidiqua.png\",\"datePublished\":\"2012-05-07T12:21:32+00:00\",\"dateModified\":\"2023-07-26T10:40:20+00:00\",\"author\":{\"@id\":\"https:\/\/www.noidiqua.it\/Agliana\/#\/schema\/person\/bb7515c2330bb1137f247276096fa7dc\"},\"breadcrumb\":{\"@id\":\"https:\/\/www.noidiqua.it\/Agliana\/fotonotizia\/#breadcrumb\"},\"inLanguage\":\"it-IT\",\"potentialAction\":[{\"@type\":\"ReadAction\",\"target\":[\"https:\/\/www.noidiqua.it\/Agliana\/fotonotizia\/\"]}]},{\"@type\":\"ImageObject\",\"inLanguage\":\"it-IT\",\"@id\":\"https:\/\/www.noidiqua.it\/Agliana\/fotonotizia\/#primaryimage\",\"url\":\"https:\/\/www.noidiqua.it\/Agliana\/wp-content\/uploads\/2018\/03\/Logo-Noidiqua.png\",\"contentUrl\":\"https:\/\/www.noidiqua.it\/Agliana\/wp-content\/uploads\/2018\/03\/Logo-Noidiqua.png\",\"width\":488,\"height\":344},{\"@type\":\"BreadcrumbList\",\"@id\":\"https:\/\/www.noidiqua.it\/Agliana\/fotonotizia\/#breadcrumb\",\"itemListElement\":[{\"@type\":\"ListItem\",\"position\":1,\"name\":\"Home\",\"item\":\"https:\/\/www.noidiqua.it\/Agliana\/\"},{\"@type\":\"ListItem\",\"position\":2,\"name\":\"I brevi di Noidiqua\"}]},{\"@type\":\"WebSite\",\"@id\":\"https:\/\/www.noidiqua.it\/Agliana\/#website\",\"url\":\"https:\/\/www.noidiqua.it\/Agliana\/\",\"name\":\"Noi di Qua Testata giornalistica e di attualit\u00e0 di Agliana, Montale e Quarrata.\",\"description\":\"Testata Giornalistica Quarrata Montale Agliana\",\"potentialAction\":[{\"@type\":\"SearchAction\",\"target\":{\"@type\":\"EntryPoint\",\"urlTemplate\":\"https:\/\/www.noidiqua.it\/Agliana\/?s={search_term_string}\"},\"query-input\":{\"@type\":\"PropertyValueSpecification\",\"valueRequired\":true,\"valueName\":\"search_term_string\"}}],\"inLanguage\":\"it-IT\"},{\"@type\":\"Person\",\"@id\":\"https:\/\/www.noidiqua.it\/Agliana\/#\/schema\/person\/bb7515c2330bb1137f247276096fa7dc\",\"name\":\"Piera Salvi\",\"image\":{\"@type\":\"ImageObject\",\"inLanguage\":\"it-IT\",\"@id\":\"https:\/\/www.noidiqua.it\/Agliana\/#\/schema\/person\/image\/\",\"url\":\"https:\/\/secure.gravatar.com\/avatar\/2f9b1fb6e13f3b3e63bde435d999a73be036e320f7a0f5f32f9ac21859d999cd?s=96&d=mm&r=g\",\"contentUrl\":\"https:\/\/secure.gravatar.com\/avatar\/2f9b1fb6e13f3b3e63bde435d999a73be036e320f7a0f5f32f9ac21859d999cd?s=96&d=mm&r=g\",\"caption\":\"Piera Salvi\"},\"url\":\"https:\/\/www.noidiqua.it\/Agliana\/author\/piera-salvi\/\"}]}<\/script>\n<!-- \/ Yoast SEO plugin. -->","yoast_head_json":{"title":"I brevi di Noidiqua - Noi di Qua Testata giornalistica e di attualit\u00e0 di Agliana, Montale e Quarrata.","robots":{"index":"index","follow":"follow","max-snippet":"max-snippet:-1","max-image-preview":"max-image-preview:large","max-video-preview":"max-video-preview:-1"},"canonical":"https:\/\/www.noidiqua.it\/Agliana\/fotonotizia\/","og_locale":"it_IT","og_type":"article","og_title":"I brevi di Noidiqua - Noi di Qua Testata giornalistica e di attualit\u00e0 di Agliana, Montale e Quarrata.","og_description":"di Piera Salvi maggio 2012 All\u2019istituto tecnico settore economico \u201cAldo Capitini\u201d \u00e8 stato inaugurato un nuovo laboratorio linguistico multimediale all\u2019avanguardia, con trenta postazioni interattive e una postazione insegnante, tutte dotate di cuffie professionali. Con questo intervento il \u201cCapitini\u201d ha rinnovato anche il cablaggio, realizzato ora in fibra [&hellip;]","og_url":"https:\/\/www.noidiqua.it\/Agliana\/fotonotizia\/","og_site_name":"Noi di Qua Testata giornalistica e di attualit\u00e0 di Agliana, Montale e Quarrata.","article_publisher":"https:\/\/www.facebook.com\/noidiqua.trimestrale\/","article_published_time":"2012-05-07T12:21:32+00:00","article_modified_time":"2023-07-26T10:40:20+00:00","og_image":[{"url":"https:\/\/www.noidiqua.it\/Agliana\/wp-content\/uploads\/2018\/03\/Logo-Noidiqua.png","type":"","width":"","height":""}],"author":"Piera Salvi","twitter_misc":{"Scritto da":"Piera Salvi","Tempo di lettura stimato":"5 minuti"},"schema":{"@context":"https:\/\/schema.org","@graph":[{"@type":"WebPage","@id":"https:\/\/www.noidiqua.it\/Agliana\/fotonotizia\/","url":"https:\/\/www.noidiqua.it\/Agliana\/fotonotizia\/","name":"I brevi di Noidiqua - Noi di Qua Testata giornalistica e di attualit\u00e0 di Agliana, Montale e Quarrata.","isPartOf":{"@id":"https:\/\/www.noidiqua.it\/Agliana\/#website"},"primaryImageOfPage":{"@id":"https:\/\/www.noidiqua.it\/Agliana\/fotonotizia\/#primaryimage"},"image":{"@id":"https:\/\/www.noidiqua.it\/Agliana\/fotonotizia\/#primaryimage"},"thumbnailUrl":"https:\/\/www.noidiqua.it\/Agliana\/wp-content\/uploads\/2018\/03\/Logo-Noidiqua.png","datePublished":"2012-05-07T12:21:32+00:00","dateModified":"2023-07-26T10:40:20+00:00","author":{"@id":"https:\/\/www.noidiqua.it\/Agliana\/#\/schema\/person\/bb7515c2330bb1137f247276096fa7dc"},"breadcrumb":{"@id":"https:\/\/www.noidiqua.it\/Agliana\/fotonotizia\/#breadcrumb"},"inLanguage":"it-IT","potentialAction":[{"@type":"ReadAction","target":["https:\/\/www.noidiqua.it\/Agliana\/fotonotizia\/"]}]},{"@type":"ImageObject","inLanguage":"it-IT","@id":"https:\/\/www.noidiqua.it\/Agliana\/fotonotizia\/#primaryimage","url":"https:\/\/www.noidiqua.it\/Agliana\/wp-content\/uploads\/2018\/03\/Logo-Noidiqua.png","contentUrl":"https:\/\/www.noidiqua.it\/Agliana\/wp-content\/uploads\/2018\/03\/Logo-Noidiqua.png","width":488,"height":344},{"@type":"BreadcrumbList","@id":"https:\/\/www.noidiqua.it\/Agliana\/fotonotizia\/#breadcrumb","itemListElement":[{"@type":"ListItem","position":1,"name":"Home","item":"https:\/\/www.noidiqua.it\/Agliana\/"},{"@type":"ListItem","position":2,"name":"I brevi di Noidiqua"}]},{"@type":"WebSite","@id":"https:\/\/www.noidiqua.it\/Agliana\/#website","url":"https:\/\/www.noidiqua.it\/Agliana\/","name":"Noi di Qua Testata giornalistica e di attualit\u00e0 di Agliana, Montale e Quarrata.","description":"Testata Giornalistica Quarrata Montale Agliana","potentialAction":[{"@type":"SearchAction","target":{"@type":"EntryPoint","urlTemplate":"https:\/\/www.noidiqua.it\/Agliana\/?s={search_term_string}"},"query-input":{"@type":"PropertyValueSpecification","valueRequired":true,"valueName":"search_term_string"}}],"inLanguage":"it-IT"},{"@type":"Person","@id":"https:\/\/www.noidiqua.it\/Agliana\/#\/schema\/person\/bb7515c2330bb1137f247276096fa7dc","name":"Piera Salvi","image":{"@type":"ImageObject","inLanguage":"it-IT","@id":"https:\/\/www.noidiqua.it\/Agliana\/#\/schema\/person\/image\/","url":"https:\/\/secure.gravatar.com\/avatar\/2f9b1fb6e13f3b3e63bde435d999a73be036e320f7a0f5f32f9ac21859d999cd?s=96&d=mm&r=g","contentUrl":"https:\/\/secure.gravatar.com\/avatar\/2f9b1fb6e13f3b3e63bde435d999a73be036e320f7a0f5f32f9ac21859d999cd?s=96&d=mm&r=g","caption":"Piera Salvi"},"url":"https:\/\/www.noidiqua.it\/Agliana\/author\/piera-salvi\/"}]}},"_links":{"self":[{"href":"https:\/\/www.noidiqua.it\/Agliana\/wp-json\/wp\/v2\/posts\/1753","targetHints":{"allow":["GET"]}}],"collection":[{"href":"https:\/\/www.noidiqua.it\/Agliana\/wp-json\/wp\/v2\/posts"}],"about":[{"href":"https:\/\/www.noidiqua.it\/Agliana\/wp-json\/wp\/v2\/types\/post"}],"author":[{"embeddable":true,"href":"https:\/\/www.noidiqua.it\/Agliana\/wp-json\/wp\/v2\/users\/13"}],"replies":[{"embeddable":true,"href":"https:\/\/www.noidiqua.it\/Agliana\/wp-json\/wp\/v2\/comments?post=1753"}],"version-history":[{"count":3,"href":"https:\/\/www.noidiqua.it\/Agliana\/wp-json\/wp\/v2\/posts\/1753\/revisions"}],"predecessor-version":[{"id":8566,"href":"https:\/\/www.noidiqua.it\/Agliana\/wp-json\/wp\/v2\/posts\/1753\/revisions\/8566"}],"wp:attachment":[{"href":"https:\/\/www.noidiqua.it\/Agliana\/wp-json\/wp\/v2\/media?parent=1753"}],"wp:term":[{"taxonomy":"category","embeddable":true,"href":"https:\/\/www.noidiqua.it\/Agliana\/wp-json\/wp\/v2\/categories?post=1753"},{"taxonomy":"post_tag","embeddable":true,"href":"https:\/\/www.noidiqua.it\/Agliana\/wp-json\/wp\/v2\/tags?post=1753"}],"curies":[{"name":"wp","href":"https:\/\/api.w.org\/{rel}","templated":true}]}}