{"id":1846,"date":"2012-08-11T08:28:38","date_gmt":"2012-08-11T06:28:38","guid":{"rendered":"https:\/\/www.noidiqua.it\/Agliana\/?p=1846"},"modified":"2023-02-16T10:21:37","modified_gmt":"2023-02-16T09:21:37","slug":"il-torneo-dei-rioni","status":"publish","type":"post","link":"https:\/\/www.noidiqua.it\/Agliana\/il-torneo-dei-rioni\/","title":{"rendered":"Il Torneo dei Rioni"},"content":{"rendered":"<div>\n<p style=\"text-align: justify;\"><em>di Piera Salvi.\u00a0 <em>Foto: Adriano Tesi<\/em><br \/>\n<\/em><\/p>\n<div style=\"text-align: justify;\"><em>agosto 2012<\/em><\/div>\n<div style=\"text-align: justify;\"><\/div>\n<div style=\"text-align: justify;\"><\/div>\n<\/div>\n<div style=\"text-align: justify;\"><a href=\"https:\/\/www.noidiqua.it\/Agliana\/wp-content\/uploads\/2012\/08\/rioni-2.png\" rel=\"wp-prettyPhoto[1846]\"><img loading=\"lazy\" decoding=\"async\" class=\"aligncenter size-full wp-image-8325\" src=\"https:\/\/www.noidiqua.it\/Agliana\/wp-content\/uploads\/2012\/08\/rioni-2.png\" alt=\"\" width=\"502\" height=\"361\" srcset=\"https:\/\/www.noidiqua.it\/Agliana\/wp-content\/uploads\/2012\/08\/rioni-2.png 502w, https:\/\/www.noidiqua.it\/Agliana\/wp-content\/uploads\/2012\/08\/rioni-2-300x216.png 300w\" sizes=\"auto, (max-width: 502px) 100vw, 502px\" \/><\/a><\/div>\n<p>&nbsp;<\/p>\n<p style=\"text-align: justify;\">Un risultato oltre le pi\u00f9 rosee aspettative per il <strong>\u201cTorneo dei rioni\u201d<\/strong>, rilanciato ad Agliana dopo 27 anni su iniziativa di tre giovani: Andrea Camiscia, Riccardo Vannucci e Luca Benesperi. &lt;<em>&lt;La media di presenze allo stadio \u00e8 stata di 500 spettatori a partita, ma ci sono state punte di oltre 1.500 spettatori paganti&gt;&gt;<\/em> riferisce <strong>Luca Benesperi<\/strong>, presidente del comitato organizzatore. Modico il costo dei biglietti: 2 euro; 3 euro solo per la finale giocata tra Mercato e Niccolao e vinta da quest\u2019ultimo ai rigori. <em>&lt;&lt;Siamo riusciti a far ripartire la manifestazione dopo 27 anni e ringrazio per il sostegno Andrea Camiscia, Riccardo Vannucci, l\u2019assessore allo sport del comune di Agliana, Fabrizio Magazzini, i rappresentanti di tutti i rioni e Antonio Papi presidente dell\u2019Agisport&gt;&gt;<\/em>, aggiunge Luca Benesperi. I rioni in gara nell\u2019edizione 2012 erano sei: Mercato, Ponte ai Tigli, Niccolao, Vacchereccia, Spedalino e Ferruccia. La prima edizione, del 1976, prese il via con otto rioni: Niccolao, Vacchereccia, Spedalino, Mercato, Tigli, Due Botteghe, Polesine, Harlem. L\u2019anno successivo si aggiunsero Ferruccia e Ponte alla Trave. L\u2019ultima edizione, da quanto riferisce Pasqualino Ermini (che ha conservato tutti i cimeli), risale al 1985. Felicissimo per il rilancio del torneo rionale, Romano Barocelli ex commerciante aglianese, 82enne (molto conosciuto come <em>Mandarino<\/em>) che fu tra i promotori della prima edizione, all\u2019epoca \u201cPalio Fiera aglianese\u201d, insieme a due amici che oggi non ci sono pi\u00f9: Rodolfo Bonacchi, grande calciatore aglianese che aveva giocato anche in serie A e nella nazionale e Fiorello Franchi, grande formatore di squadre giovanili a cui \u00e8 dedicato un campo sportivo aglianese.<\/p>\n<p style=\"text-align: justify;\"><a href=\"https:\/\/www.noidiqua.it\/Agliana\/wp-content\/uploads\/2012\/08\/rioni-3.png\" rel=\"wp-prettyPhoto[1846]\"><img loading=\"lazy\" decoding=\"async\" class=\"aligncenter size-full wp-image-8326\" src=\"https:\/\/www.noidiqua.it\/Agliana\/wp-content\/uploads\/2012\/08\/rioni-3.png\" alt=\"\" width=\"503\" height=\"356\" srcset=\"https:\/\/www.noidiqua.it\/Agliana\/wp-content\/uploads\/2012\/08\/rioni-3.png 503w, https:\/\/www.noidiqua.it\/Agliana\/wp-content\/uploads\/2012\/08\/rioni-3-300x212.png 300w\" sizes=\"auto, (max-width: 503px) 100vw, 503px\" \/><\/a><\/p>\n<p style=\"text-align: justify;\"><strong>Ma come prese vita il primo \u201cPalio dei rioni\u201d?<\/strong><br \/>\n<em>&lt;&lt;Dalle nostre chiacchierate serali nella \u201cPizzeria Gina\u201d&gt;&gt;<\/em> racconta Romano Baroncelli , <em>&lt;&lt;poi cominciammo a riunirci al circolo Rinascita per organizzarci. Tra le prime persone che ne presero parte ricordo anche Gino Alteri, che fu molto prezioso per curare tutta la parte organizzativa e Antonio Cecchi, che chiamavano Bettaroni, anche loro scomparsi. Inoltre Guido Salvi, Nino Ricotta e altri. Ci furono tante difficolt\u00e0 per partire&gt;&gt;<\/em>.<br \/>\n<strong>Per esempio?\u00a0<\/strong><em>&lt;&lt;La divisione dei confini&gt;&gt;<\/em> ricorda Baroncelli. <em>&lt;&lt;Allora ogni rione aveva come punto di riferimento un bar. Facevamo riunioni fino a notte per stabilire i confini e spesso al mattino, le carte cambiavano. E poi c\u2019era la contesa per l\u2019assegnazione dei giocatori: veniva spulciato il numero civico dei vari giocatori per stabilire a quale rione appartenevano. Per\u00f2 c\u2019era tanta passione, tanto folclore, belle sfilate. Dopo qualche anno io mi tirai indietro per ragioni di lavoro. Le riunioni andavano avanti fino a notte, facevo l\u2019ambulante, dovevo alzarmi alle 5 del mattino e non potevo proprio continuare. Mi fa piacere ricordare i vecchi promotori ma voglio anche ringraziare chi \u00e8 riuscito a rilanciare il torneo&gt;&gt;<\/em>.\u00a0Se pensate che nel terzo millennio le questioni dei confini siano superate, vi sbagliate. Ecco cosa risponde Luca Benesperi quando gli chiediamo:<strong>le maggiori difficolt\u00e0 per far ripartire il torneo?\u00a0<\/strong><em>&lt;&lt;La divisione del territorio. Non c\u2019\u00e8 una mappa per la suddivisione delle frazioni e neppure della vecchia divisione nei precedenti tornei dei rioni. Ci sono stati di aiuto i parroci, indicandoci i confini delle parrocchie. Ma i confini delle frazioni si sanno per consuetudine, non esiste una carta. Comunque tutti i presidenti dei rioni hanno dimostrato senso di responsabilit\u00e0, sapendo fare anche qualche passo indietro. Si sono riaccese anche vecchie rivalit\u00e0 di campanile, con slogan anche irriverenti, ma nei limiti della sportivit\u00e0. La nostra grande soddisfazione \u00e8 dovuta al risveglio di Agliana, al clima frizzante che si \u00e8 ricreato, con caroselli e feste rionali&gt;&gt;<\/em>.<\/p>\n<p style=\"text-align: justify;\"><a href=\"https:\/\/www.noidiqua.it\/Agliana\/wp-content\/uploads\/2012\/08\/rioni-1.png\" rel=\"wp-prettyPhoto[1846]\"><img loading=\"lazy\" decoding=\"async\" class=\"aligncenter size-full wp-image-8329\" src=\"https:\/\/www.noidiqua.it\/Agliana\/wp-content\/uploads\/2012\/08\/rioni-1.png\" alt=\"\" width=\"507\" height=\"324\" srcset=\"https:\/\/www.noidiqua.it\/Agliana\/wp-content\/uploads\/2012\/08\/rioni-1.png 507w, https:\/\/www.noidiqua.it\/Agliana\/wp-content\/uploads\/2012\/08\/rioni-1-300x192.png 300w\" sizes=\"auto, (max-width: 507px) 100vw, 507px\" \/><\/a><\/p>\n<p style=\"text-align: justify;\">Circa 17.000 euro di entrate il consuntivo a chiusura del torneo, cifra che, tolte le spese, \u00e8 stata destinata in beneficenza tra varie associazioni aglianesi: 3.000 euro all\u2019associazione <strong>\u201cPortAperta\u201d<\/strong>, e 1.000 euro a testa a <strong>\u201cGianluca Melani onlus\u201d<\/strong>, <strong>\u201cInsieme\u201d<\/strong>, <strong>\u201cMisericordia di Agliana\u201d<\/strong> e <strong>\u201cProtezione civile di Agliana\u201d<\/strong>. In pi\u00f9, altre 1.000 euro alle popolazioni colpite dal terremoto in Emilia Romagna. Infine, 1.200 euro ad ognuno dei sei rioni, per fronteggiare le spese sostenute e per le spese future, poich\u00e9 la macchina per il prossimo torneo sta gi\u00e0 scaldando i motori. <em>&lt;&lt;Da sottolineare&gt;&gt;<\/em> precisa Luca Benesperi <em>&lt;&lt;che il torneo 2012 \u00e8 stato quasi a costo zero. I premi sono stati riciclati , rispolverando e personalizzando vecchi trofei e coppe che nel tempo le varie societ\u00e0 avevano donato al Comune. Il trofeo in marmo di Carrara \u00e8 nuovo , ma di anno in anno passer\u00e0 al vincitore. Nel 2013 la manifestazione sar\u00e0 ricca di sorprese perch\u00e9 coincide con il centenario del comune di Agliana e il novantesimo della fondazione dell\u2019Aglianese&gt;&gt;<\/em>.<\/p>\n<p style=\"text-align: justify;\">\n<p style=\"text-align: justify;\">\n<p style=\"text-align: justify;\">\n<p><a href=\"https:\/\/www.noidiqua.it\/Agliana\/wp-content\/uploads\/2012\/08\/rioni.png\" rel=\"wp-prettyPhoto[1846]\"><img loading=\"lazy\" decoding=\"async\" class=\"aligncenter size-full wp-image-8330\" src=\"https:\/\/www.noidiqua.it\/Agliana\/wp-content\/uploads\/2012\/08\/rioni.png\" alt=\"\" width=\"506\" height=\"398\" srcset=\"https:\/\/www.noidiqua.it\/Agliana\/wp-content\/uploads\/2012\/08\/rioni.png 506w, https:\/\/www.noidiqua.it\/Agliana\/wp-content\/uploads\/2012\/08\/rioni-300x236.png 300w\" sizes=\"auto, (max-width: 506px) 100vw, 506px\" \/><\/a><\/p>\n<p class=\"p1\"><i>Foto sopra. Gli stendardi delle prime due edizioni, conservati da Pasquale Ermini.<\/i><\/p>","protected":false},"excerpt":{"rendered":"<p>di Piera Salvi.\u00a0 Foto: Adriano Tesi agosto 2012 &nbsp; Un risultato oltre le pi\u00f9 rosee aspettative per il \u201cTorneo dei rioni\u201d, rilanciato ad Agliana dopo 27 anni su iniziativa di tre giovani: Andrea Camiscia, Riccardo Vannucci e Luca Benesperi. &lt;&lt;La media di presenze allo stadio \u00e8 stata [&hellip;]<\/p>","protected":false},"author":13,"featured_media":0,"comment_status":"open","ping_status":"open","sticky":false,"template":"","format":"standard","meta":{"footnotes":""},"categories":[2,16],"tags":[34,37,96,108],"class_list":["post-1846","post","type-post","status-publish","format-standard","hentry","category-ag","category-storia-qt","tag-torneo-pailo-rioni","tag-ag-ag","tag-noidiqua","tag-piera-salvi"],"yoast_head":"<!-- This site is optimized with the Yoast SEO plugin v25.5 - https:\/\/yoast.com\/wordpress\/plugins\/seo\/ -->\n<title>Il Torneo dei Rioni - Noi di Qua Testata giornalistica e di attualit\u00e0 di Agliana, Montale e Quarrata.<\/title>\n<meta name=\"robots\" content=\"index, follow, max-snippet:-1, max-image-preview:large, max-video-preview:-1\" \/>\n<link rel=\"canonical\" href=\"https:\/\/www.noidiqua.it\/Agliana\/il-torneo-dei-rioni\/\" \/>\n<meta property=\"og:locale\" content=\"it_IT\" \/>\n<meta property=\"og:type\" content=\"article\" \/>\n<meta property=\"og:title\" content=\"Il Torneo dei Rioni - Noi di Qua Testata giornalistica e di attualit\u00e0 di Agliana, Montale e Quarrata.\" \/>\n<meta property=\"og:description\" content=\"di Piera Salvi.\u00a0 Foto: Adriano Tesi agosto 2012 &nbsp; Un risultato oltre le pi\u00f9 rosee aspettative per il \u201cTorneo dei rioni\u201d, rilanciato ad Agliana dopo 27 anni su iniziativa di tre giovani: Andrea Camiscia, Riccardo Vannucci e Luca Benesperi. &lt;&lt;La media di presenze allo stadio \u00e8 stata [&hellip;]\" \/>\n<meta property=\"og:url\" content=\"https:\/\/www.noidiqua.it\/Agliana\/il-torneo-dei-rioni\/\" \/>\n<meta property=\"og:site_name\" content=\"Noi di Qua Testata giornalistica e di attualit\u00e0 di Agliana, Montale e Quarrata.\" \/>\n<meta property=\"article:publisher\" content=\"https:\/\/www.facebook.com\/noidiqua.trimestrale\/\" \/>\n<meta property=\"article:published_time\" content=\"2012-08-11T06:28:38+00:00\" \/>\n<meta property=\"article:modified_time\" content=\"2023-02-16T09:21:37+00:00\" \/>\n<meta property=\"og:image\" content=\"https:\/\/www.noidiqua.it\/Agliana\/wp-content\/uploads\/2012\/08\/rioni-2.png\" \/>\n<meta name=\"author\" content=\"Piera Salvi\" \/>\n<meta name=\"twitter:label1\" content=\"Scritto da\" \/>\n\t<meta name=\"twitter:data1\" content=\"Piera Salvi\" \/>\n\t<meta name=\"twitter:label2\" content=\"Tempo di lettura stimato\" \/>\n\t<meta name=\"twitter:data2\" content=\"5 minuti\" \/>\n<script type=\"application\/ld+json\" class=\"yoast-schema-graph\">{\"@context\":\"https:\/\/schema.org\",\"@graph\":[{\"@type\":\"WebPage\",\"@id\":\"https:\/\/www.noidiqua.it\/Agliana\/il-torneo-dei-rioni\/\",\"url\":\"https:\/\/www.noidiqua.it\/Agliana\/il-torneo-dei-rioni\/\",\"name\":\"Il Torneo dei Rioni - Noi di Qua Testata giornalistica e di attualit\u00e0 di Agliana, Montale e Quarrata.\",\"isPartOf\":{\"@id\":\"https:\/\/www.noidiqua.it\/Agliana\/#website\"},\"primaryImageOfPage\":{\"@id\":\"https:\/\/www.noidiqua.it\/Agliana\/il-torneo-dei-rioni\/#primaryimage\"},\"image\":{\"@id\":\"https:\/\/www.noidiqua.it\/Agliana\/il-torneo-dei-rioni\/#primaryimage\"},\"thumbnailUrl\":\"https:\/\/www.noidiqua.it\/Agliana\/wp-content\/uploads\/2012\/08\/rioni-2.png\",\"datePublished\":\"2012-08-11T06:28:38+00:00\",\"dateModified\":\"2023-02-16T09:21:37+00:00\",\"author\":{\"@id\":\"https:\/\/www.noidiqua.it\/Agliana\/#\/schema\/person\/bb7515c2330bb1137f247276096fa7dc\"},\"breadcrumb\":{\"@id\":\"https:\/\/www.noidiqua.it\/Agliana\/il-torneo-dei-rioni\/#breadcrumb\"},\"inLanguage\":\"it-IT\",\"potentialAction\":[{\"@type\":\"ReadAction\",\"target\":[\"https:\/\/www.noidiqua.it\/Agliana\/il-torneo-dei-rioni\/\"]}]},{\"@type\":\"ImageObject\",\"inLanguage\":\"it-IT\",\"@id\":\"https:\/\/www.noidiqua.it\/Agliana\/il-torneo-dei-rioni\/#primaryimage\",\"url\":\"https:\/\/www.noidiqua.it\/Agliana\/wp-content\/uploads\/2012\/08\/rioni-2.png\",\"contentUrl\":\"https:\/\/www.noidiqua.it\/Agliana\/wp-content\/uploads\/2012\/08\/rioni-2.png\",\"width\":502,\"height\":361},{\"@type\":\"BreadcrumbList\",\"@id\":\"https:\/\/www.noidiqua.it\/Agliana\/il-torneo-dei-rioni\/#breadcrumb\",\"itemListElement\":[{\"@type\":\"ListItem\",\"position\":1,\"name\":\"Home\",\"item\":\"https:\/\/www.noidiqua.it\/Agliana\/\"},{\"@type\":\"ListItem\",\"position\":2,\"name\":\"Il Torneo dei Rioni\"}]},{\"@type\":\"WebSite\",\"@id\":\"https:\/\/www.noidiqua.it\/Agliana\/#website\",\"url\":\"https:\/\/www.noidiqua.it\/Agliana\/\",\"name\":\"Noi di Qua Testata giornalistica e di attualit\u00e0 di Agliana, Montale e Quarrata.\",\"description\":\"Testata Giornalistica Quarrata Montale Agliana\",\"potentialAction\":[{\"@type\":\"SearchAction\",\"target\":{\"@type\":\"EntryPoint\",\"urlTemplate\":\"https:\/\/www.noidiqua.it\/Agliana\/?s={search_term_string}\"},\"query-input\":{\"@type\":\"PropertyValueSpecification\",\"valueRequired\":true,\"valueName\":\"search_term_string\"}}],\"inLanguage\":\"it-IT\"},{\"@type\":\"Person\",\"@id\":\"https:\/\/www.noidiqua.it\/Agliana\/#\/schema\/person\/bb7515c2330bb1137f247276096fa7dc\",\"name\":\"Piera Salvi\",\"image\":{\"@type\":\"ImageObject\",\"inLanguage\":\"it-IT\",\"@id\":\"https:\/\/www.noidiqua.it\/Agliana\/#\/schema\/person\/image\/\",\"url\":\"https:\/\/secure.gravatar.com\/avatar\/2f9b1fb6e13f3b3e63bde435d999a73be036e320f7a0f5f32f9ac21859d999cd?s=96&d=mm&r=g\",\"contentUrl\":\"https:\/\/secure.gravatar.com\/avatar\/2f9b1fb6e13f3b3e63bde435d999a73be036e320f7a0f5f32f9ac21859d999cd?s=96&d=mm&r=g\",\"caption\":\"Piera Salvi\"},\"url\":\"https:\/\/www.noidiqua.it\/Agliana\/author\/piera-salvi\/\"}]}<\/script>\n<!-- \/ Yoast SEO plugin. -->","yoast_head_json":{"title":"Il Torneo dei Rioni - Noi di Qua Testata giornalistica e di attualit\u00e0 di Agliana, Montale e Quarrata.","robots":{"index":"index","follow":"follow","max-snippet":"max-snippet:-1","max-image-preview":"max-image-preview:large","max-video-preview":"max-video-preview:-1"},"canonical":"https:\/\/www.noidiqua.it\/Agliana\/il-torneo-dei-rioni\/","og_locale":"it_IT","og_type":"article","og_title":"Il Torneo dei Rioni - Noi di Qua Testata giornalistica e di attualit\u00e0 di Agliana, Montale e Quarrata.","og_description":"di Piera Salvi.\u00a0 Foto: Adriano Tesi agosto 2012 &nbsp; Un risultato oltre le pi\u00f9 rosee aspettative per il \u201cTorneo dei rioni\u201d, rilanciato ad Agliana dopo 27 anni su iniziativa di tre giovani: Andrea Camiscia, Riccardo Vannucci e Luca Benesperi. &lt;&lt;La media di presenze allo stadio \u00e8 stata [&hellip;]","og_url":"https:\/\/www.noidiqua.it\/Agliana\/il-torneo-dei-rioni\/","og_site_name":"Noi di Qua Testata giornalistica e di attualit\u00e0 di Agliana, Montale e Quarrata.","article_publisher":"https:\/\/www.facebook.com\/noidiqua.trimestrale\/","article_published_time":"2012-08-11T06:28:38+00:00","article_modified_time":"2023-02-16T09:21:37+00:00","og_image":[{"url":"https:\/\/www.noidiqua.it\/Agliana\/wp-content\/uploads\/2012\/08\/rioni-2.png","type":"","width":"","height":""}],"author":"Piera Salvi","twitter_misc":{"Scritto da":"Piera Salvi","Tempo di lettura stimato":"5 minuti"},"schema":{"@context":"https:\/\/schema.org","@graph":[{"@type":"WebPage","@id":"https:\/\/www.noidiqua.it\/Agliana\/il-torneo-dei-rioni\/","url":"https:\/\/www.noidiqua.it\/Agliana\/il-torneo-dei-rioni\/","name":"Il Torneo dei Rioni - Noi di Qua Testata giornalistica e di attualit\u00e0 di Agliana, Montale e Quarrata.","isPartOf":{"@id":"https:\/\/www.noidiqua.it\/Agliana\/#website"},"primaryImageOfPage":{"@id":"https:\/\/www.noidiqua.it\/Agliana\/il-torneo-dei-rioni\/#primaryimage"},"image":{"@id":"https:\/\/www.noidiqua.it\/Agliana\/il-torneo-dei-rioni\/#primaryimage"},"thumbnailUrl":"https:\/\/www.noidiqua.it\/Agliana\/wp-content\/uploads\/2012\/08\/rioni-2.png","datePublished":"2012-08-11T06:28:38+00:00","dateModified":"2023-02-16T09:21:37+00:00","author":{"@id":"https:\/\/www.noidiqua.it\/Agliana\/#\/schema\/person\/bb7515c2330bb1137f247276096fa7dc"},"breadcrumb":{"@id":"https:\/\/www.noidiqua.it\/Agliana\/il-torneo-dei-rioni\/#breadcrumb"},"inLanguage":"it-IT","potentialAction":[{"@type":"ReadAction","target":["https:\/\/www.noidiqua.it\/Agliana\/il-torneo-dei-rioni\/"]}]},{"@type":"ImageObject","inLanguage":"it-IT","@id":"https:\/\/www.noidiqua.it\/Agliana\/il-torneo-dei-rioni\/#primaryimage","url":"https:\/\/www.noidiqua.it\/Agliana\/wp-content\/uploads\/2012\/08\/rioni-2.png","contentUrl":"https:\/\/www.noidiqua.it\/Agliana\/wp-content\/uploads\/2012\/08\/rioni-2.png","width":502,"height":361},{"@type":"BreadcrumbList","@id":"https:\/\/www.noidiqua.it\/Agliana\/il-torneo-dei-rioni\/#breadcrumb","itemListElement":[{"@type":"ListItem","position":1,"name":"Home","item":"https:\/\/www.noidiqua.it\/Agliana\/"},{"@type":"ListItem","position":2,"name":"Il Torneo dei Rioni"}]},{"@type":"WebSite","@id":"https:\/\/www.noidiqua.it\/Agliana\/#website","url":"https:\/\/www.noidiqua.it\/Agliana\/","name":"Noi di Qua Testata giornalistica e di attualit\u00e0 di Agliana, Montale e Quarrata.","description":"Testata Giornalistica Quarrata Montale Agliana","potentialAction":[{"@type":"SearchAction","target":{"@type":"EntryPoint","urlTemplate":"https:\/\/www.noidiqua.it\/Agliana\/?s={search_term_string}"},"query-input":{"@type":"PropertyValueSpecification","valueRequired":true,"valueName":"search_term_string"}}],"inLanguage":"it-IT"},{"@type":"Person","@id":"https:\/\/www.noidiqua.it\/Agliana\/#\/schema\/person\/bb7515c2330bb1137f247276096fa7dc","name":"Piera Salvi","image":{"@type":"ImageObject","inLanguage":"it-IT","@id":"https:\/\/www.noidiqua.it\/Agliana\/#\/schema\/person\/image\/","url":"https:\/\/secure.gravatar.com\/avatar\/2f9b1fb6e13f3b3e63bde435d999a73be036e320f7a0f5f32f9ac21859d999cd?s=96&d=mm&r=g","contentUrl":"https:\/\/secure.gravatar.com\/avatar\/2f9b1fb6e13f3b3e63bde435d999a73be036e320f7a0f5f32f9ac21859d999cd?s=96&d=mm&r=g","caption":"Piera Salvi"},"url":"https:\/\/www.noidiqua.it\/Agliana\/author\/piera-salvi\/"}]}},"_links":{"self":[{"href":"https:\/\/www.noidiqua.it\/Agliana\/wp-json\/wp\/v2\/posts\/1846","targetHints":{"allow":["GET"]}}],"collection":[{"href":"https:\/\/www.noidiqua.it\/Agliana\/wp-json\/wp\/v2\/posts"}],"about":[{"href":"https:\/\/www.noidiqua.it\/Agliana\/wp-json\/wp\/v2\/types\/post"}],"author":[{"embeddable":true,"href":"https:\/\/www.noidiqua.it\/Agliana\/wp-json\/wp\/v2\/users\/13"}],"replies":[{"embeddable":true,"href":"https:\/\/www.noidiqua.it\/Agliana\/wp-json\/wp\/v2\/comments?post=1846"}],"version-history":[{"count":3,"href":"https:\/\/www.noidiqua.it\/Agliana\/wp-json\/wp\/v2\/posts\/1846\/revisions"}],"predecessor-version":[{"id":8331,"href":"https:\/\/www.noidiqua.it\/Agliana\/wp-json\/wp\/v2\/posts\/1846\/revisions\/8331"}],"wp:attachment":[{"href":"https:\/\/www.noidiqua.it\/Agliana\/wp-json\/wp\/v2\/media?parent=1846"}],"wp:term":[{"taxonomy":"category","embeddable":true,"href":"https:\/\/www.noidiqua.it\/Agliana\/wp-json\/wp\/v2\/categories?post=1846"},{"taxonomy":"post_tag","embeddable":true,"href":"https:\/\/www.noidiqua.it\/Agliana\/wp-json\/wp\/v2\/tags?post=1846"}],"curies":[{"name":"wp","href":"https:\/\/api.w.org\/{rel}","templated":true}]}}