{"id":1889,"date":"2012-08-19T13:39:29","date_gmt":"2012-08-19T13:39:29","guid":{"rendered":"https:\/\/www.noidiqua.it\/Agliana\/?p=1889"},"modified":"2023-02-16T10:10:16","modified_gmt":"2023-02-16T09:10:16","slug":"giancarlo-tombelli-lantico-mestiere-del-calzolaio","status":"publish","type":"post","link":"https:\/\/www.noidiqua.it\/Agliana\/giancarlo-tombelli-lantico-mestiere-del-calzolaio\/","title":{"rendered":"Giancarlo Tombelli &#8211; l&#8217;antico mestiere del calzolaio"},"content":{"rendered":"<p style=\"text-align: justify;\"><em>di Marco Bagnoli <em>&#8211;\u00a0foto: Adriano Tesi<\/em><br \/>\n<\/em><\/p>\n<p style=\"text-align: justify;\"><em>Agosto 2012<\/em><\/p>\n<p style=\"text-align: justify;\"><a href=\"https:\/\/www.noidiqua.it\/Agliana\/wp-content\/uploads\/2012\/08\/tombelli-2.png\" rel=\"wp-prettyPhoto[1889]\"><img loading=\"lazy\" decoding=\"async\" class=\"aligncenter size-full wp-image-8316\" src=\"https:\/\/www.noidiqua.it\/Agliana\/wp-content\/uploads\/2012\/08\/tombelli-2.png\" alt=\"\" width=\"502\" height=\"376\" srcset=\"https:\/\/www.noidiqua.it\/Agliana\/wp-content\/uploads\/2012\/08\/tombelli-2.png 502w, https:\/\/www.noidiqua.it\/Agliana\/wp-content\/uploads\/2012\/08\/tombelli-2-300x225.png 300w\" sizes=\"auto, (max-width: 502px) 100vw, 502px\" \/><\/a><a href=\"https:\/\/www.noidiqua.it\/Agliana\/wp-content\/uploads\/2012\/08\/calzolaio.jpg\" rel=\"wp-prettyPhoto[1889]\"><br \/>\n<\/a>Siamo andati a far visita all\u2019<strong>ultimo<\/strong> <strong>calzolaio<\/strong> rimasto ad Agliana. Ma sar\u00e0 poi vero che \u00e8 proprio l\u2019ultimo? Giancarlo ci dice di s\u00ec, di botteghe come la sua non ce ne sono pi\u00f9. Giancarlo abita a Ponte alla trave dal \u201878, da quando si \u00e8 sposato con Ambra, ma lui in realt\u00e0 \u00e8 di Lastra a Signa; \u00e8 proprio a Signa che ha iniziato a muovere i primi passi con le scarpe, come operaio in un tomaificio. Anche le grandi commesse delle ditte per cui lavoravano hanno iniziato a scalcagnarsi, a consumarsi tutte un po\u2019 per volta, prima per colpa della globalizzazione, poi per questa crisi lunga come una quaresima, di cui non si vede la coda e quasi nemmeno la testa. A un certo punto, all\u2019incirca sei o sette anni fa, Giancarlo decise di mettere a frutto quel lavoro che gli era rimasto nelle mani e inizi\u00f2 il mestiere di calzolaio, un mestiere n\u00e9 pi\u00f9 facile n\u00e9 pi\u00f9 difficile di tutti quegl\u2019altri, ma come tutte le cose, bisogna saperle fare. E a quanto pare, ultimo o non ultimo, il suo lo fa bene, dato il giro di clienti che capitano in negozio \u2013 come quello capitato nel corso di quest\u2019intervista, che salutiamo.<\/p>\n<p><a href=\"https:\/\/www.noidiqua.it\/Agliana\/wp-content\/uploads\/2012\/08\/tombelli-3.png\" rel=\"wp-prettyPhoto[1889]\"><img loading=\"lazy\" decoding=\"async\" class=\"aligncenter size-full wp-image-8317\" src=\"https:\/\/www.noidiqua.it\/Agliana\/wp-content\/uploads\/2012\/08\/tombelli-3.png\" alt=\"\" width=\"501\" height=\"334\" srcset=\"https:\/\/www.noidiqua.it\/Agliana\/wp-content\/uploads\/2012\/08\/tombelli-3.png 501w, https:\/\/www.noidiqua.it\/Agliana\/wp-content\/uploads\/2012\/08\/tombelli-3-300x200.png 300w\" sizes=\"auto, (max-width: 501px) 100vw, 501px\" \/><\/a><\/p>\n<p style=\"text-align: justify;\">La problematica viene fuori quando si mette di mezzo la burocrazia, per cui di fatto Giancarlo non pu\u00f2 definirsi artigiano per un discorso di convenienza costo &#8211; beneficio, ma a parte questo l\u2019artigianalit\u00e0 nel suo mestiere c\u2019\u00e8 tutta, dal grembiule di pelle, agli attrezzi un po\u2019 minacciosi disposti sul banco. Questo comunque gli consente di essere padrone del suo tempo, potendosi concedere il pomeriggio a porte aperte con la gente che passa ed entra e le mattinate un po\u2019 pi\u00f9 libere, scendendo in bottega a comodo suo per lavorare da solo in santa pace; condizione ideale per lui, che fa anche il volontario alla <strong>Misericordia<\/strong>. Tecnicamente lui sarebbe ciabattino, non calzolaio, dal momento che le scarpe le ripara, non le fabbrica; ma questo non cambia di molto la nostra storia, giusto? Attaccato al muro c\u2019\u00e8 un manifesto, pieno di nomi; c\u2019\u00e8 anche il suo, di quella volta che ha fatto l\u2019attore. Sono circa tre anni che gli amici della <strong>\u201cBottega delle maschere\u201d<\/strong> si ritrovano sopra il bar del prete a San Michele, per tirar su uno spettacolo e metterlo in scena, in estate all\u2019aperto, per il <strong>\u201cGiugno Aglianese\u201d<\/strong>, e un paio di volte al<strong> \u201cModerno\u201d<\/strong> \u2013 in tutto una manciata di recite, fatte da dilettante, ma anche quelle, col cuore. E, come se non bastasse, trova sempre il tempo per un po\u2019 di volontariato dalle parti della Misericordia.<\/p>\n<p style=\"text-align: justify;\">\n<p><a href=\"https:\/\/www.noidiqua.it\/Agliana\/wp-content\/uploads\/2012\/08\/tombelli-1.png\" rel=\"wp-prettyPhoto[1889]\"><img loading=\"lazy\" decoding=\"async\" class=\"aligncenter  wp-image-8318\" src=\"https:\/\/www.noidiqua.it\/Agliana\/wp-content\/uploads\/2012\/08\/tombelli-1.png\" alt=\"\" width=\"414\" height=\"363\" srcset=\"https:\/\/www.noidiqua.it\/Agliana\/wp-content\/uploads\/2012\/08\/tombelli-1.png 507w, https:\/\/www.noidiqua.it\/Agliana\/wp-content\/uploads\/2012\/08\/tombelli-1-300x263.png 300w\" sizes=\"auto, (max-width: 414px) 100vw, 414px\" \/><\/a><\/p>","protected":false},"excerpt":{"rendered":"<p>di Marco Bagnoli &#8211;\u00a0foto: Adriano Tesi Agosto 2012 Siamo andati a far visita all\u2019ultimo calzolaio rimasto ad Agliana. Ma sar\u00e0 poi vero che \u00e8 proprio l\u2019ultimo? Giancarlo ci dice di s\u00ec, di botteghe come la sua non ce ne sono pi\u00f9. Giancarlo abita a Ponte alla trave [&hellip;]<\/p>","protected":false},"author":3,"featured_media":0,"comment_status":"open","ping_status":"open","sticky":false,"template":"","format":"standard","meta":{"footnotes":""},"categories":[2,3],"tags":[37,38,80,96,128],"class_list":["post-1889","post","type-post","status-publish","format-standard","hentry","category-ag","category-arte-artigianato-qt","tag-ag-ag","tag-aglianese","tag-giancarlo-tombelli","tag-noidiqua","tag-territorio"],"yoast_head":"<!-- This site is optimized with the Yoast SEO plugin v25.5 - https:\/\/yoast.com\/wordpress\/plugins\/seo\/ -->\n<title>Giancarlo Tombelli - l&#039;antico mestiere del calzolaio - Noi di Qua Testata giornalistica e di attualit\u00e0 di Agliana, Montale e Quarrata.<\/title>\n<meta name=\"robots\" content=\"index, follow, max-snippet:-1, max-image-preview:large, max-video-preview:-1\" \/>\n<link rel=\"canonical\" href=\"https:\/\/www.noidiqua.it\/Agliana\/giancarlo-tombelli-lantico-mestiere-del-calzolaio\/\" \/>\n<meta property=\"og:locale\" content=\"it_IT\" \/>\n<meta property=\"og:type\" content=\"article\" \/>\n<meta property=\"og:title\" content=\"Giancarlo Tombelli - l&#039;antico mestiere del calzolaio - Noi di Qua Testata giornalistica e di attualit\u00e0 di Agliana, Montale e Quarrata.\" \/>\n<meta property=\"og:description\" content=\"di Marco Bagnoli &#8211;\u00a0foto: Adriano Tesi Agosto 2012 Siamo andati a far visita all\u2019ultimo calzolaio rimasto ad Agliana. Ma sar\u00e0 poi vero che \u00e8 proprio l\u2019ultimo? Giancarlo ci dice di s\u00ec, di botteghe come la sua non ce ne sono pi\u00f9. Giancarlo abita a Ponte alla trave [&hellip;]\" \/>\n<meta property=\"og:url\" content=\"https:\/\/www.noidiqua.it\/Agliana\/giancarlo-tombelli-lantico-mestiere-del-calzolaio\/\" \/>\n<meta property=\"og:site_name\" content=\"Noi di Qua Testata giornalistica e di attualit\u00e0 di Agliana, Montale e Quarrata.\" \/>\n<meta property=\"article:publisher\" content=\"https:\/\/www.facebook.com\/noidiqua.trimestrale\/\" \/>\n<meta property=\"article:published_time\" content=\"2012-08-19T13:39:29+00:00\" \/>\n<meta property=\"article:modified_time\" content=\"2023-02-16T09:10:16+00:00\" \/>\n<meta property=\"og:image\" content=\"https:\/\/www.noidiqua.it\/Agliana\/wp-content\/uploads\/2012\/08\/tombelli-2.png\" \/>\n<meta name=\"author\" content=\"Marco Bagnoli\" \/>\n<meta name=\"twitter:label1\" content=\"Scritto da\" \/>\n\t<meta name=\"twitter:data1\" content=\"Marco Bagnoli\" \/>\n\t<meta name=\"twitter:label2\" content=\"Tempo di lettura stimato\" \/>\n\t<meta name=\"twitter:data2\" content=\"3 minuti\" \/>\n<script type=\"application\/ld+json\" class=\"yoast-schema-graph\">{\"@context\":\"https:\/\/schema.org\",\"@graph\":[{\"@type\":\"WebPage\",\"@id\":\"https:\/\/www.noidiqua.it\/Agliana\/giancarlo-tombelli-lantico-mestiere-del-calzolaio\/\",\"url\":\"https:\/\/www.noidiqua.it\/Agliana\/giancarlo-tombelli-lantico-mestiere-del-calzolaio\/\",\"name\":\"Giancarlo Tombelli - l'antico mestiere del calzolaio - Noi di Qua Testata giornalistica e di attualit\u00e0 di Agliana, Montale e Quarrata.\",\"isPartOf\":{\"@id\":\"https:\/\/www.noidiqua.it\/Agliana\/#website\"},\"primaryImageOfPage\":{\"@id\":\"https:\/\/www.noidiqua.it\/Agliana\/giancarlo-tombelli-lantico-mestiere-del-calzolaio\/#primaryimage\"},\"image\":{\"@id\":\"https:\/\/www.noidiqua.it\/Agliana\/giancarlo-tombelli-lantico-mestiere-del-calzolaio\/#primaryimage\"},\"thumbnailUrl\":\"https:\/\/www.noidiqua.it\/Agliana\/wp-content\/uploads\/2012\/08\/tombelli-2.png\",\"datePublished\":\"2012-08-19T13:39:29+00:00\",\"dateModified\":\"2023-02-16T09:10:16+00:00\",\"author\":{\"@id\":\"https:\/\/www.noidiqua.it\/Agliana\/#\/schema\/person\/4e183cb0c6d7951e716a876aa702e1a2\"},\"breadcrumb\":{\"@id\":\"https:\/\/www.noidiqua.it\/Agliana\/giancarlo-tombelli-lantico-mestiere-del-calzolaio\/#breadcrumb\"},\"inLanguage\":\"it-IT\",\"potentialAction\":[{\"@type\":\"ReadAction\",\"target\":[\"https:\/\/www.noidiqua.it\/Agliana\/giancarlo-tombelli-lantico-mestiere-del-calzolaio\/\"]}]},{\"@type\":\"ImageObject\",\"inLanguage\":\"it-IT\",\"@id\":\"https:\/\/www.noidiqua.it\/Agliana\/giancarlo-tombelli-lantico-mestiere-del-calzolaio\/#primaryimage\",\"url\":\"https:\/\/www.noidiqua.it\/Agliana\/wp-content\/uploads\/2012\/08\/tombelli-2.png\",\"contentUrl\":\"https:\/\/www.noidiqua.it\/Agliana\/wp-content\/uploads\/2012\/08\/tombelli-2.png\",\"width\":502,\"height\":376},{\"@type\":\"BreadcrumbList\",\"@id\":\"https:\/\/www.noidiqua.it\/Agliana\/giancarlo-tombelli-lantico-mestiere-del-calzolaio\/#breadcrumb\",\"itemListElement\":[{\"@type\":\"ListItem\",\"position\":1,\"name\":\"Home\",\"item\":\"https:\/\/www.noidiqua.it\/Agliana\/\"},{\"@type\":\"ListItem\",\"position\":2,\"name\":\"Giancarlo Tombelli &#8211; l&#8217;antico mestiere del calzolaio\"}]},{\"@type\":\"WebSite\",\"@id\":\"https:\/\/www.noidiqua.it\/Agliana\/#website\",\"url\":\"https:\/\/www.noidiqua.it\/Agliana\/\",\"name\":\"Noi di Qua Testata giornalistica e di attualit\u00e0 di Agliana, Montale e Quarrata.\",\"description\":\"Testata Giornalistica Quarrata Montale Agliana\",\"potentialAction\":[{\"@type\":\"SearchAction\",\"target\":{\"@type\":\"EntryPoint\",\"urlTemplate\":\"https:\/\/www.noidiqua.it\/Agliana\/?s={search_term_string}\"},\"query-input\":{\"@type\":\"PropertyValueSpecification\",\"valueRequired\":true,\"valueName\":\"search_term_string\"}}],\"inLanguage\":\"it-IT\"},{\"@type\":\"Person\",\"@id\":\"https:\/\/www.noidiqua.it\/Agliana\/#\/schema\/person\/4e183cb0c6d7951e716a876aa702e1a2\",\"name\":\"Marco Bagnoli\",\"image\":{\"@type\":\"ImageObject\",\"inLanguage\":\"it-IT\",\"@id\":\"https:\/\/www.noidiqua.it\/Agliana\/#\/schema\/person\/image\/\",\"url\":\"https:\/\/secure.gravatar.com\/avatar\/73ace53724c50db9c48af54756f17b7cdb015a9d8d2c08c7e04e480539a94eee?s=96&d=mm&r=g\",\"contentUrl\":\"https:\/\/secure.gravatar.com\/avatar\/73ace53724c50db9c48af54756f17b7cdb015a9d8d2c08c7e04e480539a94eee?s=96&d=mm&r=g\",\"caption\":\"Marco Bagnoli\"},\"url\":\"https:\/\/www.noidiqua.it\/Agliana\/author\/marco-bagnoli\/\"}]}<\/script>\n<!-- \/ Yoast SEO plugin. -->","yoast_head_json":{"title":"Giancarlo Tombelli - l'antico mestiere del calzolaio - Noi di Qua Testata giornalistica e di attualit\u00e0 di Agliana, Montale e Quarrata.","robots":{"index":"index","follow":"follow","max-snippet":"max-snippet:-1","max-image-preview":"max-image-preview:large","max-video-preview":"max-video-preview:-1"},"canonical":"https:\/\/www.noidiqua.it\/Agliana\/giancarlo-tombelli-lantico-mestiere-del-calzolaio\/","og_locale":"it_IT","og_type":"article","og_title":"Giancarlo Tombelli - l'antico mestiere del calzolaio - Noi di Qua Testata giornalistica e di attualit\u00e0 di Agliana, Montale e Quarrata.","og_description":"di Marco Bagnoli &#8211;\u00a0foto: Adriano Tesi Agosto 2012 Siamo andati a far visita all\u2019ultimo calzolaio rimasto ad Agliana. Ma sar\u00e0 poi vero che \u00e8 proprio l\u2019ultimo? Giancarlo ci dice di s\u00ec, di botteghe come la sua non ce ne sono pi\u00f9. Giancarlo abita a Ponte alla trave [&hellip;]","og_url":"https:\/\/www.noidiqua.it\/Agliana\/giancarlo-tombelli-lantico-mestiere-del-calzolaio\/","og_site_name":"Noi di Qua Testata giornalistica e di attualit\u00e0 di Agliana, Montale e Quarrata.","article_publisher":"https:\/\/www.facebook.com\/noidiqua.trimestrale\/","article_published_time":"2012-08-19T13:39:29+00:00","article_modified_time":"2023-02-16T09:10:16+00:00","og_image":[{"url":"https:\/\/www.noidiqua.it\/Agliana\/wp-content\/uploads\/2012\/08\/tombelli-2.png","type":"","width":"","height":""}],"author":"Marco Bagnoli","twitter_misc":{"Scritto da":"Marco Bagnoli","Tempo di lettura stimato":"3 minuti"},"schema":{"@context":"https:\/\/schema.org","@graph":[{"@type":"WebPage","@id":"https:\/\/www.noidiqua.it\/Agliana\/giancarlo-tombelli-lantico-mestiere-del-calzolaio\/","url":"https:\/\/www.noidiqua.it\/Agliana\/giancarlo-tombelli-lantico-mestiere-del-calzolaio\/","name":"Giancarlo Tombelli - l'antico mestiere del calzolaio - Noi di Qua Testata giornalistica e di attualit\u00e0 di Agliana, Montale e Quarrata.","isPartOf":{"@id":"https:\/\/www.noidiqua.it\/Agliana\/#website"},"primaryImageOfPage":{"@id":"https:\/\/www.noidiqua.it\/Agliana\/giancarlo-tombelli-lantico-mestiere-del-calzolaio\/#primaryimage"},"image":{"@id":"https:\/\/www.noidiqua.it\/Agliana\/giancarlo-tombelli-lantico-mestiere-del-calzolaio\/#primaryimage"},"thumbnailUrl":"https:\/\/www.noidiqua.it\/Agliana\/wp-content\/uploads\/2012\/08\/tombelli-2.png","datePublished":"2012-08-19T13:39:29+00:00","dateModified":"2023-02-16T09:10:16+00:00","author":{"@id":"https:\/\/www.noidiqua.it\/Agliana\/#\/schema\/person\/4e183cb0c6d7951e716a876aa702e1a2"},"breadcrumb":{"@id":"https:\/\/www.noidiqua.it\/Agliana\/giancarlo-tombelli-lantico-mestiere-del-calzolaio\/#breadcrumb"},"inLanguage":"it-IT","potentialAction":[{"@type":"ReadAction","target":["https:\/\/www.noidiqua.it\/Agliana\/giancarlo-tombelli-lantico-mestiere-del-calzolaio\/"]}]},{"@type":"ImageObject","inLanguage":"it-IT","@id":"https:\/\/www.noidiqua.it\/Agliana\/giancarlo-tombelli-lantico-mestiere-del-calzolaio\/#primaryimage","url":"https:\/\/www.noidiqua.it\/Agliana\/wp-content\/uploads\/2012\/08\/tombelli-2.png","contentUrl":"https:\/\/www.noidiqua.it\/Agliana\/wp-content\/uploads\/2012\/08\/tombelli-2.png","width":502,"height":376},{"@type":"BreadcrumbList","@id":"https:\/\/www.noidiqua.it\/Agliana\/giancarlo-tombelli-lantico-mestiere-del-calzolaio\/#breadcrumb","itemListElement":[{"@type":"ListItem","position":1,"name":"Home","item":"https:\/\/www.noidiqua.it\/Agliana\/"},{"@type":"ListItem","position":2,"name":"Giancarlo Tombelli &#8211; l&#8217;antico mestiere del calzolaio"}]},{"@type":"WebSite","@id":"https:\/\/www.noidiqua.it\/Agliana\/#website","url":"https:\/\/www.noidiqua.it\/Agliana\/","name":"Noi di Qua Testata giornalistica e di attualit\u00e0 di Agliana, Montale e Quarrata.","description":"Testata Giornalistica Quarrata Montale Agliana","potentialAction":[{"@type":"SearchAction","target":{"@type":"EntryPoint","urlTemplate":"https:\/\/www.noidiqua.it\/Agliana\/?s={search_term_string}"},"query-input":{"@type":"PropertyValueSpecification","valueRequired":true,"valueName":"search_term_string"}}],"inLanguage":"it-IT"},{"@type":"Person","@id":"https:\/\/www.noidiqua.it\/Agliana\/#\/schema\/person\/4e183cb0c6d7951e716a876aa702e1a2","name":"Marco Bagnoli","image":{"@type":"ImageObject","inLanguage":"it-IT","@id":"https:\/\/www.noidiqua.it\/Agliana\/#\/schema\/person\/image\/","url":"https:\/\/secure.gravatar.com\/avatar\/73ace53724c50db9c48af54756f17b7cdb015a9d8d2c08c7e04e480539a94eee?s=96&d=mm&r=g","contentUrl":"https:\/\/secure.gravatar.com\/avatar\/73ace53724c50db9c48af54756f17b7cdb015a9d8d2c08c7e04e480539a94eee?s=96&d=mm&r=g","caption":"Marco Bagnoli"},"url":"https:\/\/www.noidiqua.it\/Agliana\/author\/marco-bagnoli\/"}]}},"_links":{"self":[{"href":"https:\/\/www.noidiqua.it\/Agliana\/wp-json\/wp\/v2\/posts\/1889","targetHints":{"allow":["GET"]}}],"collection":[{"href":"https:\/\/www.noidiqua.it\/Agliana\/wp-json\/wp\/v2\/posts"}],"about":[{"href":"https:\/\/www.noidiqua.it\/Agliana\/wp-json\/wp\/v2\/types\/post"}],"author":[{"embeddable":true,"href":"https:\/\/www.noidiqua.it\/Agliana\/wp-json\/wp\/v2\/users\/3"}],"replies":[{"embeddable":true,"href":"https:\/\/www.noidiqua.it\/Agliana\/wp-json\/wp\/v2\/comments?post=1889"}],"version-history":[{"count":3,"href":"https:\/\/www.noidiqua.it\/Agliana\/wp-json\/wp\/v2\/posts\/1889\/revisions"}],"predecessor-version":[{"id":8319,"href":"https:\/\/www.noidiqua.it\/Agliana\/wp-json\/wp\/v2\/posts\/1889\/revisions\/8319"}],"wp:attachment":[{"href":"https:\/\/www.noidiqua.it\/Agliana\/wp-json\/wp\/v2\/media?parent=1889"}],"wp:term":[{"taxonomy":"category","embeddable":true,"href":"https:\/\/www.noidiqua.it\/Agliana\/wp-json\/wp\/v2\/categories?post=1889"},{"taxonomy":"post_tag","embeddable":true,"href":"https:\/\/www.noidiqua.it\/Agliana\/wp-json\/wp\/v2\/tags?post=1889"}],"curies":[{"name":"wp","href":"https:\/\/api.w.org\/{rel}","templated":true}]}}