{"id":1902,"date":"2012-08-19T14:02:22","date_gmt":"2012-08-19T12:02:22","guid":{"rendered":"https:\/\/www.noidiqua.it\/Agliana\/?p=1902"},"modified":"2023-02-16T10:12:14","modified_gmt":"2023-02-16T09:12:14","slug":"progetto-chernobyl","status":"publish","type":"post","link":"https:\/\/www.noidiqua.it\/Agliana\/progetto-chernobyl\/","title":{"rendered":"Progetto Chernobyl"},"content":{"rendered":"<p style=\"text-align: justify;\"><em>di Piera Salvi <em>&#8211;\u00a0foto: Adriano Tesi<\/em><br \/>\n<\/em><\/p>\n<p style=\"text-align: justify;\"><em>Agosto 2012<\/em><\/p>\n<p><a href=\"https:\/\/www.noidiqua.it\/Agliana\/wp-content\/uploads\/2012\/08\/progetto-2.png\" rel=\"wp-prettyPhoto[1902]\"><img loading=\"lazy\" decoding=\"async\" class=\"aligncenter size-full wp-image-8320\" src=\"https:\/\/www.noidiqua.it\/Agliana\/wp-content\/uploads\/2012\/08\/progetto-2.png\" alt=\"\" width=\"498\" height=\"332\" srcset=\"https:\/\/www.noidiqua.it\/Agliana\/wp-content\/uploads\/2012\/08\/progetto-2.png 498w, https:\/\/www.noidiqua.it\/Agliana\/wp-content\/uploads\/2012\/08\/progetto-2-300x200.png 300w\" sizes=\"auto, (max-width: 498px) 100vw, 498px\" \/><\/a><\/p>\n<p>Dal 1999 \u00e8 attivo ad Agliana il <strong>\u201cProgetto Chernobyl\u201d<\/strong> per soggiorni di risanamento di bambini che vivono in Bielorussia, dove \u00e8 ancora alto il livello di radioattivit\u00e0 in seguito al grave incidente nucleare del 26 aprile 1986. Sono pi\u00f9 di novanta i bambini ospitati fino ad oggi dal \u201cComitato progetto Chernobyl\u201d e oltre venti le famiglie coinvolte. <em>&lt;&lt;L\u2019anno prossimo arriveremo a cento bambini accolti&gt;&gt;<\/em> riferisce il coordinatore Aldo Tonioni. <em>&lt;&lt;Ho conosciuto questo progetto attraverso Legambiente Prato con il quale collaboravamo. Nel 1999, abbiamo dato vita a questo progetto ad Agliana con il supporto dell\u2019allora assessore Valentina Sardi. In seguito abbiamo proseguito collaborando con l\u2019associazione \u201cVerso est\u201d di Bergamo&gt;&gt;<\/em>. I bambini bielorussi trascorrono il mese di luglio ospiti di famiglie aglianesi (negli ultimi anni hanno aderito anche due famiglie di Quarrata), partecipano ai centri estivi del comune di Agliana ed alle varie attivit\u00e0 di divertimento e socializzazione con le famiglie. <em>&lt;&lt;Si tratta di soggiorni di risanamento&gt;&gt;<\/em> spiega Tonioni, <em>&lt;&lt;lontano da aree e cibi contaminati dalle radiazioni nucleari. Negli ultimi anni la fascia di et\u00e0 dei bambini ospitati si \u00e8 abbassata da 9 -13 anni a 8 -10 anni, perch\u00e9 \u00e8 stato constatato che il beneficio \u00e8 maggiore, poich\u00e9 i bambini sono nella fase della crescita che li rende pi\u00f9 soggetti ai problemi alla tiroide o alla vista, derivanti dalle radiazioni. Il soggiorno di risanamento porta il livello di radioattivit\u00e0 a zero e per tornare ai livelli primari devono passare circa dieci anni&gt;&gt;<\/em>.<\/p>\n<p><strong>Quali sono le maggiori difficolt\u00e0 per portare avanti questo progetto?<\/strong> <em>&lt;&lt;In alcuni anni non siamo riusciti a reperire i fondi ed abbiamo dovuto rinunciare all\u2019ospitalit\u00e0. All\u2019inizio il sostegno veniva da banche e aziende, negli ultimi anni sono le associazioni di volontariato e i privati che ci aiutano. Inoltre noi del comitato organizziamo iniziative di autofinanziamento&gt;&gt;<\/em>. <strong>Le maggiori soddisfazioni?<\/strong> <em>&lt;&lt;Quando sono andato in Bielorussia nel 2009, insieme a mia moglie, per rivedere i bambini che erano stati ospitati il primo anno: avevano ormai venti anni e ricordavano ogni particolare del soggiorno in Italia&gt;&gt;<\/em>.<\/p>\n<p><a href=\"https:\/\/www.noidiqua.it\/Agliana\/wp-content\/uploads\/2012\/08\/progetto-1.png\" rel=\"wp-prettyPhoto[1902]\"><img loading=\"lazy\" decoding=\"async\" class=\"aligncenter size-full wp-image-8321\" src=\"https:\/\/www.noidiqua.it\/Agliana\/wp-content\/uploads\/2012\/08\/progetto-1.png\" alt=\"\" width=\"500\" height=\"319\" srcset=\"https:\/\/www.noidiqua.it\/Agliana\/wp-content\/uploads\/2012\/08\/progetto-1.png 500w, https:\/\/www.noidiqua.it\/Agliana\/wp-content\/uploads\/2012\/08\/progetto-1-300x191.png 300w\" sizes=\"auto, (max-width: 500px) 100vw, 500px\" \/><\/a><\/p>\n<p>La moglie di Aldo \u00e8 Antonella Tempestini che ammette sincera: <em>&lt;&lt;Quando arriv\u00f2 a casa dicendomi che voleva dare vita a questo progetto di ospitalit\u00e0 mi venne un tuffo al cuore. Avevo tanta paura. Ma grazie a lui e alla grande relazione che si \u00e8 creata con le altre famiglie ho continuato, anche se ogni anno vivo in tensione i giorni precedenti all\u2019arrivo dei bimbi&gt;&gt;<\/em>. Sabrina Bonacchi e Paolo Pieraccini sono stati tra i primi ad aderire e non hanno saltato neppure un anno di ospitalit\u00e0. <em>&lt;&lt;Avevamo i nostri figli alla scuola estiva e aderimmo con il consenso dei nostri bambini, che oggi hanno diciotto e ventidue anni, rispondendo a un questionario distribuito ai genitori. Non conoscevamo Aldo e neppure il progetto. Fu uno slancio di generosit\u00e0 e fiducia, senza pensare agli ostacoli&gt;&gt;<\/em>. Cristiana Mancantelli e Roberto Pepe (due figli) sono nel comitato da undici anni. <em>&lt;&lt;Ci ha coinvolto Sabrina&gt;&gt;<\/em> dicono <em>&lt;&lt;e abbiamo aderito con entusiasmo. E\u2019 un\u2019esperienza che arricchisce genitori e figli&gt;&gt;<\/em>. Susanna Nieri e Alessandro Lombardi aderiscono da sette anni: <em>&lt;&lt;Nostro figlio Giulio \u00e8 ancora in contatto con il primo bimbo che abbiamo ospitato&gt;&gt;<\/em> raccontano.<em> &lt;&lt;E\u2019 un\u2019esperienza bellissima che richiede un pizzico di consapevole incoscienza&gt;&gt;<\/em>. Stimolati da Sabrina, dal 2008 sono del gruppo anche Laila Andreotti e Federico Rafanelli, sposati dal 2007 e senza figli: <em>&lt;&lt;Questo progetto favorisce l\u2019amicizia anche tra noi famiglie&gt;&gt;<\/em> dicono. Per tutti \u00e8 fondamentale il coordinamento di Aldo, l\u2019anima del progetto (contattatelo pure: aldotonioni@virgilio.it). Ma lui, insieme a tutte le famiglie ringrazia le associazioni che collaborano: in particolare <strong>\u201cAuser\u201d<\/strong>, <strong>\u201cLega tennis Agliana\u201d<\/strong>, <strong>\u201cIl Sarcio\u201d<\/strong>, <strong>\u201cFedercaccia\u201d<\/strong> e <strong>\u201cAgliana ciclismo\u201d<\/strong>.<em> &lt;&lt;Fondamentale&gt;&gt;<\/em> aggiunge &lt;<em>&lt;\u00e8 il supporto del Comune con i centri estivi&gt;&gt;<\/em>.<\/p>\n<p style=\"text-align: justify;\">\n<p style=\"text-align: justify;\">","protected":false},"excerpt":{"rendered":"<p>di Piera Salvi &#8211;\u00a0foto: Adriano Tesi Agosto 2012 Dal 1999 \u00e8 attivo ad Agliana il \u201cProgetto Chernobyl\u201d per soggiorni di risanamento di bambini che vivono in Bielorussia, dove \u00e8 ancora alto il livello di radioattivit\u00e0 in seguito al grave incidente nucleare del 26 aprile 1986. Sono pi\u00f9 [&hellip;]<\/p>","protected":false},"author":13,"featured_media":0,"comment_status":"open","ping_status":"open","sticky":false,"template":"","format":"standard","meta":{"footnotes":""},"categories":[2,23],"tags":[37,38,108,137],"class_list":["post-1902","post","type-post","status-publish","format-standard","hentry","category-ag","category-solidarieta-qt","tag-ag-ag","tag-aglianese","tag-piera-salvi","tag-progetto-chernobyl"],"yoast_head":"<!-- This site is optimized with the Yoast SEO plugin v25.5 - https:\/\/yoast.com\/wordpress\/plugins\/seo\/ -->\n<title>Progetto Chernobyl - Noi di Qua Testata giornalistica e di attualit\u00e0 di Agliana, Montale e Quarrata.<\/title>\n<meta name=\"robots\" content=\"index, follow, max-snippet:-1, max-image-preview:large, max-video-preview:-1\" \/>\n<link rel=\"canonical\" href=\"https:\/\/www.noidiqua.it\/Agliana\/progetto-chernobyl\/\" \/>\n<meta property=\"og:locale\" content=\"it_IT\" \/>\n<meta property=\"og:type\" content=\"article\" \/>\n<meta property=\"og:title\" content=\"Progetto Chernobyl - Noi di Qua Testata giornalistica e di attualit\u00e0 di Agliana, Montale e Quarrata.\" \/>\n<meta property=\"og:description\" content=\"di Piera Salvi &#8211;\u00a0foto: Adriano Tesi Agosto 2012 Dal 1999 \u00e8 attivo ad Agliana il \u201cProgetto Chernobyl\u201d per soggiorni di risanamento di bambini che vivono in Bielorussia, dove \u00e8 ancora alto il livello di radioattivit\u00e0 in seguito al grave incidente nucleare del 26 aprile 1986. Sono pi\u00f9 [&hellip;]\" \/>\n<meta property=\"og:url\" content=\"https:\/\/www.noidiqua.it\/Agliana\/progetto-chernobyl\/\" \/>\n<meta property=\"og:site_name\" content=\"Noi di Qua Testata giornalistica e di attualit\u00e0 di Agliana, Montale e Quarrata.\" \/>\n<meta property=\"article:publisher\" content=\"https:\/\/www.facebook.com\/noidiqua.trimestrale\/\" \/>\n<meta property=\"article:published_time\" content=\"2012-08-19T12:02:22+00:00\" \/>\n<meta property=\"article:modified_time\" content=\"2023-02-16T09:12:14+00:00\" \/>\n<meta property=\"og:image\" content=\"https:\/\/www.noidiqua.it\/Agliana\/wp-content\/uploads\/2012\/08\/progetto-2.png\" \/>\n<meta name=\"author\" content=\"Piera Salvi\" \/>\n<meta name=\"twitter:label1\" content=\"Scritto da\" \/>\n\t<meta name=\"twitter:data1\" content=\"Piera Salvi\" \/>\n\t<meta name=\"twitter:label2\" content=\"Tempo di lettura stimato\" \/>\n\t<meta name=\"twitter:data2\" content=\"4 minuti\" \/>\n<script type=\"application\/ld+json\" class=\"yoast-schema-graph\">{\"@context\":\"https:\/\/schema.org\",\"@graph\":[{\"@type\":\"WebPage\",\"@id\":\"https:\/\/www.noidiqua.it\/Agliana\/progetto-chernobyl\/\",\"url\":\"https:\/\/www.noidiqua.it\/Agliana\/progetto-chernobyl\/\",\"name\":\"Progetto Chernobyl - Noi di Qua Testata giornalistica e di attualit\u00e0 di Agliana, Montale e Quarrata.\",\"isPartOf\":{\"@id\":\"https:\/\/www.noidiqua.it\/Agliana\/#website\"},\"primaryImageOfPage\":{\"@id\":\"https:\/\/www.noidiqua.it\/Agliana\/progetto-chernobyl\/#primaryimage\"},\"image\":{\"@id\":\"https:\/\/www.noidiqua.it\/Agliana\/progetto-chernobyl\/#primaryimage\"},\"thumbnailUrl\":\"https:\/\/www.noidiqua.it\/Agliana\/wp-content\/uploads\/2012\/08\/progetto-2.png\",\"datePublished\":\"2012-08-19T12:02:22+00:00\",\"dateModified\":\"2023-02-16T09:12:14+00:00\",\"author\":{\"@id\":\"https:\/\/www.noidiqua.it\/Agliana\/#\/schema\/person\/bb7515c2330bb1137f247276096fa7dc\"},\"breadcrumb\":{\"@id\":\"https:\/\/www.noidiqua.it\/Agliana\/progetto-chernobyl\/#breadcrumb\"},\"inLanguage\":\"it-IT\",\"potentialAction\":[{\"@type\":\"ReadAction\",\"target\":[\"https:\/\/www.noidiqua.it\/Agliana\/progetto-chernobyl\/\"]}]},{\"@type\":\"ImageObject\",\"inLanguage\":\"it-IT\",\"@id\":\"https:\/\/www.noidiqua.it\/Agliana\/progetto-chernobyl\/#primaryimage\",\"url\":\"https:\/\/www.noidiqua.it\/Agliana\/wp-content\/uploads\/2012\/08\/progetto-2.png\",\"contentUrl\":\"https:\/\/www.noidiqua.it\/Agliana\/wp-content\/uploads\/2012\/08\/progetto-2.png\",\"width\":498,\"height\":332},{\"@type\":\"BreadcrumbList\",\"@id\":\"https:\/\/www.noidiqua.it\/Agliana\/progetto-chernobyl\/#breadcrumb\",\"itemListElement\":[{\"@type\":\"ListItem\",\"position\":1,\"name\":\"Home\",\"item\":\"https:\/\/www.noidiqua.it\/Agliana\/\"},{\"@type\":\"ListItem\",\"position\":2,\"name\":\"Progetto Chernobyl\"}]},{\"@type\":\"WebSite\",\"@id\":\"https:\/\/www.noidiqua.it\/Agliana\/#website\",\"url\":\"https:\/\/www.noidiqua.it\/Agliana\/\",\"name\":\"Noi di Qua Testata giornalistica e di attualit\u00e0 di Agliana, Montale e Quarrata.\",\"description\":\"Testata Giornalistica Quarrata Montale Agliana\",\"potentialAction\":[{\"@type\":\"SearchAction\",\"target\":{\"@type\":\"EntryPoint\",\"urlTemplate\":\"https:\/\/www.noidiqua.it\/Agliana\/?s={search_term_string}\"},\"query-input\":{\"@type\":\"PropertyValueSpecification\",\"valueRequired\":true,\"valueName\":\"search_term_string\"}}],\"inLanguage\":\"it-IT\"},{\"@type\":\"Person\",\"@id\":\"https:\/\/www.noidiqua.it\/Agliana\/#\/schema\/person\/bb7515c2330bb1137f247276096fa7dc\",\"name\":\"Piera Salvi\",\"image\":{\"@type\":\"ImageObject\",\"inLanguage\":\"it-IT\",\"@id\":\"https:\/\/www.noidiqua.it\/Agliana\/#\/schema\/person\/image\/\",\"url\":\"https:\/\/secure.gravatar.com\/avatar\/2f9b1fb6e13f3b3e63bde435d999a73be036e320f7a0f5f32f9ac21859d999cd?s=96&d=mm&r=g\",\"contentUrl\":\"https:\/\/secure.gravatar.com\/avatar\/2f9b1fb6e13f3b3e63bde435d999a73be036e320f7a0f5f32f9ac21859d999cd?s=96&d=mm&r=g\",\"caption\":\"Piera Salvi\"},\"url\":\"https:\/\/www.noidiqua.it\/Agliana\/author\/piera-salvi\/\"}]}<\/script>\n<!-- \/ Yoast SEO plugin. -->","yoast_head_json":{"title":"Progetto Chernobyl - Noi di Qua Testata giornalistica e di attualit\u00e0 di Agliana, Montale e Quarrata.","robots":{"index":"index","follow":"follow","max-snippet":"max-snippet:-1","max-image-preview":"max-image-preview:large","max-video-preview":"max-video-preview:-1"},"canonical":"https:\/\/www.noidiqua.it\/Agliana\/progetto-chernobyl\/","og_locale":"it_IT","og_type":"article","og_title":"Progetto Chernobyl - Noi di Qua Testata giornalistica e di attualit\u00e0 di Agliana, Montale e Quarrata.","og_description":"di Piera Salvi &#8211;\u00a0foto: Adriano Tesi Agosto 2012 Dal 1999 \u00e8 attivo ad Agliana il \u201cProgetto Chernobyl\u201d per soggiorni di risanamento di bambini che vivono in Bielorussia, dove \u00e8 ancora alto il livello di radioattivit\u00e0 in seguito al grave incidente nucleare del 26 aprile 1986. Sono pi\u00f9 [&hellip;]","og_url":"https:\/\/www.noidiqua.it\/Agliana\/progetto-chernobyl\/","og_site_name":"Noi di Qua Testata giornalistica e di attualit\u00e0 di Agliana, Montale e Quarrata.","article_publisher":"https:\/\/www.facebook.com\/noidiqua.trimestrale\/","article_published_time":"2012-08-19T12:02:22+00:00","article_modified_time":"2023-02-16T09:12:14+00:00","og_image":[{"url":"https:\/\/www.noidiqua.it\/Agliana\/wp-content\/uploads\/2012\/08\/progetto-2.png","type":"","width":"","height":""}],"author":"Piera Salvi","twitter_misc":{"Scritto da":"Piera Salvi","Tempo di lettura stimato":"4 minuti"},"schema":{"@context":"https:\/\/schema.org","@graph":[{"@type":"WebPage","@id":"https:\/\/www.noidiqua.it\/Agliana\/progetto-chernobyl\/","url":"https:\/\/www.noidiqua.it\/Agliana\/progetto-chernobyl\/","name":"Progetto Chernobyl - Noi di Qua Testata giornalistica e di attualit\u00e0 di Agliana, Montale e Quarrata.","isPartOf":{"@id":"https:\/\/www.noidiqua.it\/Agliana\/#website"},"primaryImageOfPage":{"@id":"https:\/\/www.noidiqua.it\/Agliana\/progetto-chernobyl\/#primaryimage"},"image":{"@id":"https:\/\/www.noidiqua.it\/Agliana\/progetto-chernobyl\/#primaryimage"},"thumbnailUrl":"https:\/\/www.noidiqua.it\/Agliana\/wp-content\/uploads\/2012\/08\/progetto-2.png","datePublished":"2012-08-19T12:02:22+00:00","dateModified":"2023-02-16T09:12:14+00:00","author":{"@id":"https:\/\/www.noidiqua.it\/Agliana\/#\/schema\/person\/bb7515c2330bb1137f247276096fa7dc"},"breadcrumb":{"@id":"https:\/\/www.noidiqua.it\/Agliana\/progetto-chernobyl\/#breadcrumb"},"inLanguage":"it-IT","potentialAction":[{"@type":"ReadAction","target":["https:\/\/www.noidiqua.it\/Agliana\/progetto-chernobyl\/"]}]},{"@type":"ImageObject","inLanguage":"it-IT","@id":"https:\/\/www.noidiqua.it\/Agliana\/progetto-chernobyl\/#primaryimage","url":"https:\/\/www.noidiqua.it\/Agliana\/wp-content\/uploads\/2012\/08\/progetto-2.png","contentUrl":"https:\/\/www.noidiqua.it\/Agliana\/wp-content\/uploads\/2012\/08\/progetto-2.png","width":498,"height":332},{"@type":"BreadcrumbList","@id":"https:\/\/www.noidiqua.it\/Agliana\/progetto-chernobyl\/#breadcrumb","itemListElement":[{"@type":"ListItem","position":1,"name":"Home","item":"https:\/\/www.noidiqua.it\/Agliana\/"},{"@type":"ListItem","position":2,"name":"Progetto Chernobyl"}]},{"@type":"WebSite","@id":"https:\/\/www.noidiqua.it\/Agliana\/#website","url":"https:\/\/www.noidiqua.it\/Agliana\/","name":"Noi di Qua Testata giornalistica e di attualit\u00e0 di Agliana, Montale e Quarrata.","description":"Testata Giornalistica Quarrata Montale Agliana","potentialAction":[{"@type":"SearchAction","target":{"@type":"EntryPoint","urlTemplate":"https:\/\/www.noidiqua.it\/Agliana\/?s={search_term_string}"},"query-input":{"@type":"PropertyValueSpecification","valueRequired":true,"valueName":"search_term_string"}}],"inLanguage":"it-IT"},{"@type":"Person","@id":"https:\/\/www.noidiqua.it\/Agliana\/#\/schema\/person\/bb7515c2330bb1137f247276096fa7dc","name":"Piera Salvi","image":{"@type":"ImageObject","inLanguage":"it-IT","@id":"https:\/\/www.noidiqua.it\/Agliana\/#\/schema\/person\/image\/","url":"https:\/\/secure.gravatar.com\/avatar\/2f9b1fb6e13f3b3e63bde435d999a73be036e320f7a0f5f32f9ac21859d999cd?s=96&d=mm&r=g","contentUrl":"https:\/\/secure.gravatar.com\/avatar\/2f9b1fb6e13f3b3e63bde435d999a73be036e320f7a0f5f32f9ac21859d999cd?s=96&d=mm&r=g","caption":"Piera Salvi"},"url":"https:\/\/www.noidiqua.it\/Agliana\/author\/piera-salvi\/"}]}},"_links":{"self":[{"href":"https:\/\/www.noidiqua.it\/Agliana\/wp-json\/wp\/v2\/posts\/1902","targetHints":{"allow":["GET"]}}],"collection":[{"href":"https:\/\/www.noidiqua.it\/Agliana\/wp-json\/wp\/v2\/posts"}],"about":[{"href":"https:\/\/www.noidiqua.it\/Agliana\/wp-json\/wp\/v2\/types\/post"}],"author":[{"embeddable":true,"href":"https:\/\/www.noidiqua.it\/Agliana\/wp-json\/wp\/v2\/users\/13"}],"replies":[{"embeddable":true,"href":"https:\/\/www.noidiqua.it\/Agliana\/wp-json\/wp\/v2\/comments?post=1902"}],"version-history":[{"count":4,"href":"https:\/\/www.noidiqua.it\/Agliana\/wp-json\/wp\/v2\/posts\/1902\/revisions"}],"predecessor-version":[{"id":8323,"href":"https:\/\/www.noidiqua.it\/Agliana\/wp-json\/wp\/v2\/posts\/1902\/revisions\/8323"}],"wp:attachment":[{"href":"https:\/\/www.noidiqua.it\/Agliana\/wp-json\/wp\/v2\/media?parent=1902"}],"wp:term":[{"taxonomy":"category","embeddable":true,"href":"https:\/\/www.noidiqua.it\/Agliana\/wp-json\/wp\/v2\/categories?post=1902"},{"taxonomy":"post_tag","embeddable":true,"href":"https:\/\/www.noidiqua.it\/Agliana\/wp-json\/wp\/v2\/tags?post=1902"}],"curies":[{"name":"wp","href":"https:\/\/api.w.org\/{rel}","templated":true}]}}