{"id":1911,"date":"2012-08-19T14:26:43","date_gmt":"2012-08-19T12:26:43","guid":{"rendered":"https:\/\/www.noidiqua.it\/Agliana\/?p=1911"},"modified":"2023-02-16T10:14:22","modified_gmt":"2023-02-16T09:14:22","slug":"i-brevi-di-noidiqua-4","status":"publish","type":"post","link":"https:\/\/www.noidiqua.it\/Agliana\/i-brevi-di-noidiqua-4\/","title":{"rendered":"I brevi di noidiqua"},"content":{"rendered":"<p style=\"text-align: justify;\"><em><em>di Piera Salvi\u00a0 <\/em><br \/>\n<\/em><\/p>\n<div style=\"text-align: justify;\"><em>Agosto 2012<\/em><\/div>\n<div><\/div>\n<div><a href=\"https:\/\/www.noidiqua.it\/Agliana\/wp-content\/uploads\/2021\/04\/brevi.png\" rel=\"wp-prettyPhoto[1911]\"><img loading=\"lazy\" decoding=\"async\" class=\"aligncenter size-full wp-image-5751\" src=\"https:\/\/www.noidiqua.it\/Agliana\/wp-content\/uploads\/2021\/04\/brevi.png\" alt=\"\" width=\"473\" height=\"291\" srcset=\"https:\/\/www.noidiqua.it\/Agliana\/wp-content\/uploads\/2021\/04\/brevi.png 473w, https:\/\/www.noidiqua.it\/Agliana\/wp-content\/uploads\/2021\/04\/brevi-300x185.png 300w\" sizes=\"auto, (max-width: 473px) 100vw, 473px\" \/><\/a><\/div>\n<div style=\"text-align: justify;\"><\/div>\n<div><\/div>\n<div style=\"text-align: justify;\"><\/div>\n<p style=\"text-align: justify;\"><strong>Quest\u2019anno la festa patronale di Santa Maria Assunta a Spedalino, che si svolgeva ogni anno da fine agosto ai primi di settembre, \u00e8 rinviata all\u2019inaugurazione del restauro della vecchia chiesa<\/strong>, previsto per i primi di ottobre. Lo abbiamo appreso dal parroco don Anthony Mennem, il quale ha annunciato che quest\u2019anno non si terr\u00e0 il consueto \u201cPalio dei ciuchi\u201d, manifestazione folcloristica legata alla festa patronale e giunta l\u2019anno scorso alla trentesima edizione, che negli ultimi anni ha richiamato migliaia di spettatori. &lt;<em>&lt;Sono in corso i lavori di restauro della vecchia chiesa&gt;&gt;<\/em> informa il parroco. <em>&lt;&lt;Per l\u2019inaugurazione sar\u00e0 stampata anche una pubblicazione con la storia della chiesa e il dettaglio dei lavori. Riteniamo opportuno rinviare la festa di Santa Maria Assunta all\u2019inaugurazione del restauro&gt;&gt;<\/em>. La vecchia chiesa di Spedalino sorge sull\u2019antico oratorio dell\u2019ospedale fondato nel 1162 da Osnello, presumibilmente converso dell\u2019antica abbazia di San Salvatore in Agna, da cui \u00e8 derivato in seguito il nome della localit\u00e0: Spedalino Asnelli. La chiesetta in stile romanico \u00e8 un piccolo gioiello per Agliana, poich\u00e9 dalle pubblicazioni che troviamo sulla sua storia risultano essere presenti tracce di strutture medioevali. <em>&lt;&lt;I lavori sono seguiti dalla Soprintendenza e sono emerse tre pavimentazioni interessanti risalenti a diverse epoche&gt;&gt;<\/em> informa don Anthony . <em>&lt;&lt;Ma tutto sar\u00e0 spiegato dettagliatamente nella pubblicazione del resoconto dei lavori&gt;&gt;<\/em>.<\/p>\n<p>&nbsp;<\/p>\n<p style=\"text-align: justify;\"><strong>Pubblicato l\u201911 luglio, sul Bollettino ufficiale della Regione Toscana, il regolamento urbanistico del comune di Agliana, approvato dal consiglio comunale nel giugno scorso dopo avere esaminato 143 osservazioni<\/strong>. La notizia della pubblicazione sul Burt \u00e8 sul sito del comune di Agliana (www.comune.agliana.pt.it) dove si pu\u00f2 anche consultare il nuovo strumento urbanistico che da questa data acquisisce efficacia. Il nuovo regolamento prevede aumento degli standard di verde (da 30 a 42 mq per abitante), rilancio dell\u2019economia e attenzione alle energie rinnovabili, come gi\u00e0 annunciato dall\u2019assessore Italo Fontana. Limita anche l\u2019aumento della popolazione: previsti circa 17.600 abitanti nel 2019 e Agliana \u00e8 gi\u00e0 sui 17.000. Ricordiamo che tra le osservazioni accolte, quella riferita agli impianti sportivi di tennis e calcetto di via Alessandrini (l\u2019unica accolta dalla giunta nonostante il parere contrario dell\u2019ufficio tecnico comunale) salva i campi di calcetto (gestiti dalla Lega tennis Agliana su terreno di propriet\u00e0 del Comune), che rischiavano eliminazione per il passaggio di una nuova strada. Il nuovo regolamento consentir\u00e0 l\u2019ampliamento della scuola media \u201cBartolomeo Sestini\u201de punter\u00e0 all\u2019utilizzo di energie rinnovabili e nuove tecnologie ecoambientali.\u00a0Favorir\u00e0 il rilancio dell\u2019economia prevedendo la conversione d\u2019uso da produttivo a commerciale in edifici inutilizzati, ubicati in aree produttive. Favorir\u00e0 inoltre la nascita di negozi nel centro di Agliana, poich\u00e9 per le superfici sotto i 250 metri quadri non \u00e8 richiesto il parcheggio, in quanto il centro aglianese avr\u00e0 pi\u00f9 spazi per la sosta grazie a nuovi parcheggi e modifiche alla circolazione.<\/p>\n<p>&nbsp;<\/p>\n<p style=\"text-align: justify;\"><strong>E\u2019 la mascotte dell\u2019Istituto Tecnico settore economico \u201cAldo Capitini\u201d<\/strong>: gira serenamente nel giardino della scuola, se ha voglia di coccole non esita a scavalcare la finestra della segreteria o di qualche aula, ma si insinua anche in presidenza e trova sempre una carezza. E\u2019 un bel gatto che quasi un anno fa fu trovato una mattina nel giardino della scuola e qui ha trovato casa. <em>&lt;&lt;Si vedeva che non era un gatto randagio&gt;&gt;<\/em> racconta Ettore Wanderlingh, collaboratore di segreteria, che \u00e8 stato il primo ad adottarlo. <em>&lt;&lt;Si faceva avvicinare e accarezzare. Abbiamo cercato di sapere se qualcuno l\u2019avesse smarrito e intanto lo abbiamo accudito. Alla fine \u00e8 rimasto qui. E\u2019 la nostra mascotte e, ovviamente, lo abbiamo chiamato Aldo&gt;&gt;<\/em>. Ettore Wanderlingh gli ha fatto anche una cuccia, in un punto riparato all\u2019esterno della scuola.<\/p>\n<p>&nbsp;<\/p>\n<p style=\"text-align: justify;\">\u201cAglio d\u2019argento\u201d a sei aziende aglianesi che si sono distinte per qualit\u00e0 e tradizione. Il riconoscimento \u00e8 stato consegnato dal presidente della consulta dell\u2019economia e del lavoro, Franco Benesperi, con il sindaco Eleanna Ciampolini e l\u2019assessore allo sviluppo economico, Marco Pacini, <strong>che hanno evidenziato come queste aziende (tutte a carattere familiare) siano una forza del tessuto produttivo aglianese<\/strong>, nonostante la crisi. Quest\u2019anno il riconoscimento \u00e8 stato assegnato al Panificio Lafranceschina di Luigi Lafranceschina, per avere portato avanti una tradizione di famiglia con capacit\u00e0 e passione. Sempre nel settore alimentare \u00e8 stata premiata anche la Macelleria Mazzei, di Franco Mazzei che, come testimoniano le vecchi foto dei primi del \u2018900 appese in \u201cbottega\u201d, vanta una lunga storia che Franco oggi porta avanti con attenta selezione dei prodotti. \u201cAglio d\u2019argento\u201d anche per la Tessitura Peruzzi di Giancarlo Peruzzi &amp; C., che da 50 anni trasmette di padre in figlio valori e qualit\u00e0 conquistando stima nel comparto del tessile. Anche il Lanificio Paultex, fondato nel 1974 da Paolo Guarducci, oggi coadiuvato dalla figlia Giulietta, \u00e8 stato premiato come esempio di capacit\u00e0 e passione e per avere sviluppato la crescita dell\u2019azienda con attenzione al territorio e alla solidariet\u00e0. Nella rosa dei premiati anche la Tipografia Mariotti di Silvana Di Ciocco, azienda che dal 1977 ad oggi, grazie all\u2019intuizione di Enzo Mariotti, si \u00e8 dimostrata dinamica, capace di crescere, rinnovarsi e dare risposte al mercato. Ha ricevuto la prestigiosa targa anche la Gioielleria Rossella, di Enrico Bardini che, sulle orme del padre Giuliano, continua ad essere sinonimo di gusto, qualit\u00e0 e garanzia dal 1962.<\/p>","protected":false},"excerpt":{"rendered":"<p>di Piera Salvi\u00a0 Agosto 2012 Quest\u2019anno la festa patronale di Santa Maria Assunta a Spedalino, che si svolgeva ogni anno da fine agosto ai primi di settembre, \u00e8 rinviata all\u2019inaugurazione del restauro della vecchia chiesa, previsto per i primi di ottobre. Lo abbiamo appreso dal parroco don [&hellip;]<\/p>","protected":false},"author":13,"featured_media":0,"comment_status":"open","ping_status":"open","sticky":false,"template":"","format":"standard","meta":{"footnotes":""},"categories":[2,14],"tags":[37,38,39,84,97,108],"class_list":["post-1911","post","type-post","status-publish","format-standard","hentry","category-ag","category-brevi-ndq-qt","tag-ag-ag","tag-aglianese","tag-aglio-dargento","tag-laglianese","tag-noidiqua-laglianese","tag-piera-salvi"],"yoast_head":"<!-- This site is optimized with the Yoast SEO plugin v25.5 - https:\/\/yoast.com\/wordpress\/plugins\/seo\/ -->\n<title>I brevi di noidiqua - Noi di Qua Testata giornalistica e di attualit\u00e0 di Agliana, Montale e Quarrata.<\/title>\n<meta name=\"robots\" content=\"index, follow, max-snippet:-1, max-image-preview:large, max-video-preview:-1\" \/>\n<link rel=\"canonical\" href=\"https:\/\/www.noidiqua.it\/Agliana\/i-brevi-di-noidiqua-4\/\" \/>\n<meta property=\"og:locale\" content=\"it_IT\" \/>\n<meta property=\"og:type\" content=\"article\" \/>\n<meta property=\"og:title\" content=\"I brevi di noidiqua - Noi di Qua Testata giornalistica e di attualit\u00e0 di Agliana, Montale e Quarrata.\" \/>\n<meta property=\"og:description\" content=\"di Piera Salvi\u00a0 Agosto 2012 Quest\u2019anno la festa patronale di Santa Maria Assunta a Spedalino, che si svolgeva ogni anno da fine agosto ai primi di settembre, \u00e8 rinviata all\u2019inaugurazione del restauro della vecchia chiesa, previsto per i primi di ottobre. Lo abbiamo appreso dal parroco don [&hellip;]\" \/>\n<meta property=\"og:url\" content=\"https:\/\/www.noidiqua.it\/Agliana\/i-brevi-di-noidiqua-4\/\" \/>\n<meta property=\"og:site_name\" content=\"Noi di Qua Testata giornalistica e di attualit\u00e0 di Agliana, Montale e Quarrata.\" \/>\n<meta property=\"article:publisher\" content=\"https:\/\/www.facebook.com\/noidiqua.trimestrale\/\" \/>\n<meta property=\"article:published_time\" content=\"2012-08-19T12:26:43+00:00\" \/>\n<meta property=\"article:modified_time\" content=\"2023-02-16T09:14:22+00:00\" \/>\n<meta property=\"og:image\" content=\"https:\/\/www.noidiqua.it\/Agliana\/wp-content\/uploads\/2021\/04\/brevi.png\" \/>\n<meta name=\"author\" content=\"Piera Salvi\" \/>\n<meta name=\"twitter:label1\" content=\"Scritto da\" \/>\n\t<meta name=\"twitter:data1\" content=\"Piera Salvi\" \/>\n\t<meta name=\"twitter:label2\" content=\"Tempo di lettura stimato\" \/>\n\t<meta name=\"twitter:data2\" content=\"4 minuti\" \/>\n<script type=\"application\/ld+json\" class=\"yoast-schema-graph\">{\"@context\":\"https:\/\/schema.org\",\"@graph\":[{\"@type\":\"WebPage\",\"@id\":\"https:\/\/www.noidiqua.it\/Agliana\/i-brevi-di-noidiqua-4\/\",\"url\":\"https:\/\/www.noidiqua.it\/Agliana\/i-brevi-di-noidiqua-4\/\",\"name\":\"I brevi di noidiqua - Noi di Qua Testata giornalistica e di attualit\u00e0 di Agliana, Montale e Quarrata.\",\"isPartOf\":{\"@id\":\"https:\/\/www.noidiqua.it\/Agliana\/#website\"},\"primaryImageOfPage\":{\"@id\":\"https:\/\/www.noidiqua.it\/Agliana\/i-brevi-di-noidiqua-4\/#primaryimage\"},\"image\":{\"@id\":\"https:\/\/www.noidiqua.it\/Agliana\/i-brevi-di-noidiqua-4\/#primaryimage\"},\"thumbnailUrl\":\"https:\/\/www.noidiqua.it\/Agliana\/wp-content\/uploads\/2021\/04\/brevi.png\",\"datePublished\":\"2012-08-19T12:26:43+00:00\",\"dateModified\":\"2023-02-16T09:14:22+00:00\",\"author\":{\"@id\":\"https:\/\/www.noidiqua.it\/Agliana\/#\/schema\/person\/bb7515c2330bb1137f247276096fa7dc\"},\"breadcrumb\":{\"@id\":\"https:\/\/www.noidiqua.it\/Agliana\/i-brevi-di-noidiqua-4\/#breadcrumb\"},\"inLanguage\":\"it-IT\",\"potentialAction\":[{\"@type\":\"ReadAction\",\"target\":[\"https:\/\/www.noidiqua.it\/Agliana\/i-brevi-di-noidiqua-4\/\"]}]},{\"@type\":\"ImageObject\",\"inLanguage\":\"it-IT\",\"@id\":\"https:\/\/www.noidiqua.it\/Agliana\/i-brevi-di-noidiqua-4\/#primaryimage\",\"url\":\"https:\/\/www.noidiqua.it\/Agliana\/wp-content\/uploads\/2021\/04\/brevi.png\",\"contentUrl\":\"https:\/\/www.noidiqua.it\/Agliana\/wp-content\/uploads\/2021\/04\/brevi.png\",\"width\":473,\"height\":291},{\"@type\":\"BreadcrumbList\",\"@id\":\"https:\/\/www.noidiqua.it\/Agliana\/i-brevi-di-noidiqua-4\/#breadcrumb\",\"itemListElement\":[{\"@type\":\"ListItem\",\"position\":1,\"name\":\"Home\",\"item\":\"https:\/\/www.noidiqua.it\/Agliana\/\"},{\"@type\":\"ListItem\",\"position\":2,\"name\":\"I brevi di noidiqua\"}]},{\"@type\":\"WebSite\",\"@id\":\"https:\/\/www.noidiqua.it\/Agliana\/#website\",\"url\":\"https:\/\/www.noidiqua.it\/Agliana\/\",\"name\":\"Noi di Qua Testata giornalistica e di attualit\u00e0 di Agliana, Montale e Quarrata.\",\"description\":\"Testata Giornalistica Quarrata Montale Agliana\",\"potentialAction\":[{\"@type\":\"SearchAction\",\"target\":{\"@type\":\"EntryPoint\",\"urlTemplate\":\"https:\/\/www.noidiqua.it\/Agliana\/?s={search_term_string}\"},\"query-input\":{\"@type\":\"PropertyValueSpecification\",\"valueRequired\":true,\"valueName\":\"search_term_string\"}}],\"inLanguage\":\"it-IT\"},{\"@type\":\"Person\",\"@id\":\"https:\/\/www.noidiqua.it\/Agliana\/#\/schema\/person\/bb7515c2330bb1137f247276096fa7dc\",\"name\":\"Piera Salvi\",\"image\":{\"@type\":\"ImageObject\",\"inLanguage\":\"it-IT\",\"@id\":\"https:\/\/www.noidiqua.it\/Agliana\/#\/schema\/person\/image\/\",\"url\":\"https:\/\/secure.gravatar.com\/avatar\/2f9b1fb6e13f3b3e63bde435d999a73be036e320f7a0f5f32f9ac21859d999cd?s=96&d=mm&r=g\",\"contentUrl\":\"https:\/\/secure.gravatar.com\/avatar\/2f9b1fb6e13f3b3e63bde435d999a73be036e320f7a0f5f32f9ac21859d999cd?s=96&d=mm&r=g\",\"caption\":\"Piera Salvi\"},\"url\":\"https:\/\/www.noidiqua.it\/Agliana\/author\/piera-salvi\/\"}]}<\/script>\n<!-- \/ Yoast SEO plugin. -->","yoast_head_json":{"title":"I brevi di noidiqua - Noi di Qua Testata giornalistica e di attualit\u00e0 di Agliana, Montale e Quarrata.","robots":{"index":"index","follow":"follow","max-snippet":"max-snippet:-1","max-image-preview":"max-image-preview:large","max-video-preview":"max-video-preview:-1"},"canonical":"https:\/\/www.noidiqua.it\/Agliana\/i-brevi-di-noidiqua-4\/","og_locale":"it_IT","og_type":"article","og_title":"I brevi di noidiqua - Noi di Qua Testata giornalistica e di attualit\u00e0 di Agliana, Montale e Quarrata.","og_description":"di Piera Salvi\u00a0 Agosto 2012 Quest\u2019anno la festa patronale di Santa Maria Assunta a Spedalino, che si svolgeva ogni anno da fine agosto ai primi di settembre, \u00e8 rinviata all\u2019inaugurazione del restauro della vecchia chiesa, previsto per i primi di ottobre. Lo abbiamo appreso dal parroco don [&hellip;]","og_url":"https:\/\/www.noidiqua.it\/Agliana\/i-brevi-di-noidiqua-4\/","og_site_name":"Noi di Qua Testata giornalistica e di attualit\u00e0 di Agliana, Montale e Quarrata.","article_publisher":"https:\/\/www.facebook.com\/noidiqua.trimestrale\/","article_published_time":"2012-08-19T12:26:43+00:00","article_modified_time":"2023-02-16T09:14:22+00:00","og_image":[{"url":"https:\/\/www.noidiqua.it\/Agliana\/wp-content\/uploads\/2021\/04\/brevi.png","type":"","width":"","height":""}],"author":"Piera Salvi","twitter_misc":{"Scritto da":"Piera Salvi","Tempo di lettura stimato":"4 minuti"},"schema":{"@context":"https:\/\/schema.org","@graph":[{"@type":"WebPage","@id":"https:\/\/www.noidiqua.it\/Agliana\/i-brevi-di-noidiqua-4\/","url":"https:\/\/www.noidiqua.it\/Agliana\/i-brevi-di-noidiqua-4\/","name":"I brevi di noidiqua - Noi di Qua Testata giornalistica e di attualit\u00e0 di Agliana, Montale e Quarrata.","isPartOf":{"@id":"https:\/\/www.noidiqua.it\/Agliana\/#website"},"primaryImageOfPage":{"@id":"https:\/\/www.noidiqua.it\/Agliana\/i-brevi-di-noidiqua-4\/#primaryimage"},"image":{"@id":"https:\/\/www.noidiqua.it\/Agliana\/i-brevi-di-noidiqua-4\/#primaryimage"},"thumbnailUrl":"https:\/\/www.noidiqua.it\/Agliana\/wp-content\/uploads\/2021\/04\/brevi.png","datePublished":"2012-08-19T12:26:43+00:00","dateModified":"2023-02-16T09:14:22+00:00","author":{"@id":"https:\/\/www.noidiqua.it\/Agliana\/#\/schema\/person\/bb7515c2330bb1137f247276096fa7dc"},"breadcrumb":{"@id":"https:\/\/www.noidiqua.it\/Agliana\/i-brevi-di-noidiqua-4\/#breadcrumb"},"inLanguage":"it-IT","potentialAction":[{"@type":"ReadAction","target":["https:\/\/www.noidiqua.it\/Agliana\/i-brevi-di-noidiqua-4\/"]}]},{"@type":"ImageObject","inLanguage":"it-IT","@id":"https:\/\/www.noidiqua.it\/Agliana\/i-brevi-di-noidiqua-4\/#primaryimage","url":"https:\/\/www.noidiqua.it\/Agliana\/wp-content\/uploads\/2021\/04\/brevi.png","contentUrl":"https:\/\/www.noidiqua.it\/Agliana\/wp-content\/uploads\/2021\/04\/brevi.png","width":473,"height":291},{"@type":"BreadcrumbList","@id":"https:\/\/www.noidiqua.it\/Agliana\/i-brevi-di-noidiqua-4\/#breadcrumb","itemListElement":[{"@type":"ListItem","position":1,"name":"Home","item":"https:\/\/www.noidiqua.it\/Agliana\/"},{"@type":"ListItem","position":2,"name":"I brevi di noidiqua"}]},{"@type":"WebSite","@id":"https:\/\/www.noidiqua.it\/Agliana\/#website","url":"https:\/\/www.noidiqua.it\/Agliana\/","name":"Noi di Qua Testata giornalistica e di attualit\u00e0 di Agliana, Montale e Quarrata.","description":"Testata Giornalistica Quarrata Montale Agliana","potentialAction":[{"@type":"SearchAction","target":{"@type":"EntryPoint","urlTemplate":"https:\/\/www.noidiqua.it\/Agliana\/?s={search_term_string}"},"query-input":{"@type":"PropertyValueSpecification","valueRequired":true,"valueName":"search_term_string"}}],"inLanguage":"it-IT"},{"@type":"Person","@id":"https:\/\/www.noidiqua.it\/Agliana\/#\/schema\/person\/bb7515c2330bb1137f247276096fa7dc","name":"Piera Salvi","image":{"@type":"ImageObject","inLanguage":"it-IT","@id":"https:\/\/www.noidiqua.it\/Agliana\/#\/schema\/person\/image\/","url":"https:\/\/secure.gravatar.com\/avatar\/2f9b1fb6e13f3b3e63bde435d999a73be036e320f7a0f5f32f9ac21859d999cd?s=96&d=mm&r=g","contentUrl":"https:\/\/secure.gravatar.com\/avatar\/2f9b1fb6e13f3b3e63bde435d999a73be036e320f7a0f5f32f9ac21859d999cd?s=96&d=mm&r=g","caption":"Piera Salvi"},"url":"https:\/\/www.noidiqua.it\/Agliana\/author\/piera-salvi\/"}]}},"_links":{"self":[{"href":"https:\/\/www.noidiqua.it\/Agliana\/wp-json\/wp\/v2\/posts\/1911","targetHints":{"allow":["GET"]}}],"collection":[{"href":"https:\/\/www.noidiqua.it\/Agliana\/wp-json\/wp\/v2\/posts"}],"about":[{"href":"https:\/\/www.noidiqua.it\/Agliana\/wp-json\/wp\/v2\/types\/post"}],"author":[{"embeddable":true,"href":"https:\/\/www.noidiqua.it\/Agliana\/wp-json\/wp\/v2\/users\/13"}],"replies":[{"embeddable":true,"href":"https:\/\/www.noidiqua.it\/Agliana\/wp-json\/wp\/v2\/comments?post=1911"}],"version-history":[{"count":3,"href":"https:\/\/www.noidiqua.it\/Agliana\/wp-json\/wp\/v2\/posts\/1911\/revisions"}],"predecessor-version":[{"id":8324,"href":"https:\/\/www.noidiqua.it\/Agliana\/wp-json\/wp\/v2\/posts\/1911\/revisions\/8324"}],"wp:attachment":[{"href":"https:\/\/www.noidiqua.it\/Agliana\/wp-json\/wp\/v2\/media?parent=1911"}],"wp:term":[{"taxonomy":"category","embeddable":true,"href":"https:\/\/www.noidiqua.it\/Agliana\/wp-json\/wp\/v2\/categories?post=1911"},{"taxonomy":"post_tag","embeddable":true,"href":"https:\/\/www.noidiqua.it\/Agliana\/wp-json\/wp\/v2\/tags?post=1911"}],"curies":[{"name":"wp","href":"https:\/\/api.w.org\/{rel}","templated":true}]}}