{"id":1916,"date":"2012-08-19T15:20:27","date_gmt":"2012-08-19T15:20:27","guid":{"rendered":"https:\/\/www.noidiqua.it\/Agliana\/?p=1916"},"modified":"2023-02-16T10:23:41","modified_gmt":"2023-02-16T09:23:41","slug":"san-piero","status":"publish","type":"post","link":"https:\/\/www.noidiqua.it\/Agliana\/san-piero\/","title":{"rendered":"San Piero"},"content":{"rendered":"<p><em><em>di Marco Bagnoli. Foto: Adriano Tesi.<\/em><br \/>\n<\/em><\/p>\n<div><em>Settembre\u00a02012<\/em><\/div>\n<div><\/div>\n<div><a href=\"https:\/\/www.noidiqua.it\/Agliana\/wp-content\/uploads\/2012\/08\/s.piero_.png\" rel=\"wp-prettyPhoto[1916]\"><img loading=\"lazy\" decoding=\"async\" class=\"aligncenter  wp-image-8332\" src=\"https:\/\/www.noidiqua.it\/Agliana\/wp-content\/uploads\/2012\/08\/s.piero_.png\" alt=\"\" width=\"436\" height=\"387\" srcset=\"https:\/\/www.noidiqua.it\/Agliana\/wp-content\/uploads\/2012\/08\/s.piero_.png 507w, https:\/\/www.noidiqua.it\/Agliana\/wp-content\/uploads\/2012\/08\/s.piero_-300x266.png 300w\" sizes=\"auto, (max-width: 436px) 100vw, 436px\" \/><\/a><\/div>\n<p style=\"text-align: justify;\">\n<p style=\"text-align: justify;\">In epoca medievale esisteva in <strong>Agliana<\/strong> un castello, di propriet\u00e0 del vescovo di Pistoia, <em>catello qui dicitur Aliana<\/em>. Non \u00e8 dato sapere con certezza ove questo castello fosse collocato, tuttavia \u00e8 ragionevole ritenere dovesse trovarsi pi\u00f9 a sud dell\u2019antica <em>statio Hellana<\/em>, la stazione di sosta di epoca romana posta sulla via Cassia, cos\u00ec come dal monastero di San Salvatore, sorto nell\u2019alto medioevo. Sembra pi\u00f9 probabile la zona in seguito sede della chiesa di <strong>San Niccol\u00f2<\/strong>, dato che entrambi gli edifici sottostavano all\u2019autorit\u00e0 della pieve di Sant\u2019Ippolito, alla quale erano tenuti a corrispondere le decime, come attesta una carta del febbraio 1050. Successivamente, a cavallo tra il XII e il XIII secolo, nella zona attorno al castello vengono a formarsi dei nuovi centri abitati: <strong>San Piero<\/strong>, facente capo alla pieve di <strong>Montale<\/strong>, San Niccol\u00f2, risalente almeno alla prima met\u00e0 del 1200, e San Michele, nella zona detta <em>Vaccareccia<\/em>, ognuno dei quali provvide ad edificare una propria chiesa.<\/p>\n<p style=\"text-align: justify;\">Quella di San Piero risale per lo meno al 1140, allorquando se ne trova traccia in una carta, a proposito\u00a0 <em>\u201cdi una vigna, di una capanna e di un orto posti presso S. Petrum Alliana\u201d<\/em>; vale a dire proprio quella \u201c<em>ecclesia S.Petri constructa in loco Alliana prope Agna\u201d<\/em>, come ci d\u00e0 conferma un successivo documento dell\u201911 ottobre 1152. Questo edificio oggi non esiste pi\u00f9, essendo stato completamente demolito nei primi mesi del 1869, dopo aver rappresentato il punto di riferimento dei sanpierani per oltre sette secoli; la decisione sembra essere giunta a seguito della visita pastorale del 1779, quando, il vescovo Giuseppe Ippoliti, giudic\u00f2 l\u2019edificio irrimediabilmente insufficiente ad accogliere l\u2019ormai accresciuto numero della popolazione. A tre anni dalla posa della prima pietra, la chiesa viene consacrata il 26 ottobre del 1872, frutto della devozione e del sacrificio dell\u2019intera popolazione e di alcune famiglie benestanti. Il sagrato, che oggi vediamo dinanzi alla chiesa, altro non \u00e8 se non l\u2019area originaria della prima edificazione.<\/p>","protected":false},"excerpt":{"rendered":"<p>di Marco Bagnoli. Foto: Adriano Tesi. Settembre\u00a02012 In epoca medievale esisteva in Agliana un castello, di propriet\u00e0 del vescovo di Pistoia, catello qui dicitur Aliana. Non \u00e8 dato sapere con certezza ove questo castello fosse collocato, tuttavia \u00e8 ragionevole ritenere dovesse trovarsi pi\u00f9 a sud dell\u2019antica statio [&hellip;]<\/p>","protected":false},"author":3,"featured_media":0,"comment_status":"open","ping_status":"open","sticky":false,"template":"","format":"standard","meta":{"footnotes":""},"categories":[2,29],"tags":[37,38,84,118,119,129],"class_list":["post-1916","post","type-post","status-publish","format-standard","hentry","category-ag","category-territorio-qt","tag-ag-ag","tag-aglianese","tag-laglianese","tag-san-niccolo","tag-san-piero","tag-territorio-agliana"],"yoast_head":"<!-- This site is optimized with the Yoast SEO plugin v25.5 - https:\/\/yoast.com\/wordpress\/plugins\/seo\/ -->\n<title>San Piero - Noi di Qua Testata giornalistica e di attualit\u00e0 di Agliana, Montale e Quarrata.<\/title>\n<meta name=\"robots\" content=\"index, follow, max-snippet:-1, max-image-preview:large, max-video-preview:-1\" \/>\n<link rel=\"canonical\" href=\"https:\/\/www.noidiqua.it\/Agliana\/san-piero\/\" \/>\n<meta property=\"og:locale\" content=\"it_IT\" \/>\n<meta property=\"og:type\" content=\"article\" \/>\n<meta property=\"og:title\" content=\"San Piero - Noi di Qua Testata giornalistica e di attualit\u00e0 di Agliana, Montale e Quarrata.\" \/>\n<meta property=\"og:description\" content=\"di Marco Bagnoli. Foto: Adriano Tesi. Settembre\u00a02012 In epoca medievale esisteva in Agliana un castello, di propriet\u00e0 del vescovo di Pistoia, catello qui dicitur Aliana. Non \u00e8 dato sapere con certezza ove questo castello fosse collocato, tuttavia \u00e8 ragionevole ritenere dovesse trovarsi pi\u00f9 a sud dell\u2019antica statio [&hellip;]\" \/>\n<meta property=\"og:url\" content=\"https:\/\/www.noidiqua.it\/Agliana\/san-piero\/\" \/>\n<meta property=\"og:site_name\" content=\"Noi di Qua Testata giornalistica e di attualit\u00e0 di Agliana, Montale e Quarrata.\" \/>\n<meta property=\"article:publisher\" content=\"https:\/\/www.facebook.com\/noidiqua.trimestrale\/\" \/>\n<meta property=\"article:published_time\" content=\"2012-08-19T15:20:27+00:00\" \/>\n<meta property=\"article:modified_time\" content=\"2023-02-16T09:23:41+00:00\" \/>\n<meta property=\"og:image\" content=\"https:\/\/www.noidiqua.it\/Agliana\/wp-content\/uploads\/2012\/08\/s.piero_.png\" \/>\n<meta name=\"author\" content=\"Marco Bagnoli\" \/>\n<meta name=\"twitter:label1\" content=\"Scritto da\" \/>\n\t<meta name=\"twitter:data1\" content=\"Marco Bagnoli\" \/>\n\t<meta name=\"twitter:label2\" content=\"Tempo di lettura stimato\" \/>\n\t<meta name=\"twitter:data2\" content=\"2 minuti\" \/>\n<script type=\"application\/ld+json\" class=\"yoast-schema-graph\">{\"@context\":\"https:\/\/schema.org\",\"@graph\":[{\"@type\":\"WebPage\",\"@id\":\"https:\/\/www.noidiqua.it\/Agliana\/san-piero\/\",\"url\":\"https:\/\/www.noidiqua.it\/Agliana\/san-piero\/\",\"name\":\"San Piero - Noi di Qua Testata giornalistica e di attualit\u00e0 di Agliana, Montale e Quarrata.\",\"isPartOf\":{\"@id\":\"https:\/\/www.noidiqua.it\/Agliana\/#website\"},\"primaryImageOfPage\":{\"@id\":\"https:\/\/www.noidiqua.it\/Agliana\/san-piero\/#primaryimage\"},\"image\":{\"@id\":\"https:\/\/www.noidiqua.it\/Agliana\/san-piero\/#primaryimage\"},\"thumbnailUrl\":\"https:\/\/www.noidiqua.it\/Agliana\/wp-content\/uploads\/2012\/08\/s.piero_.png\",\"datePublished\":\"2012-08-19T15:20:27+00:00\",\"dateModified\":\"2023-02-16T09:23:41+00:00\",\"author\":{\"@id\":\"https:\/\/www.noidiqua.it\/Agliana\/#\/schema\/person\/4e183cb0c6d7951e716a876aa702e1a2\"},\"breadcrumb\":{\"@id\":\"https:\/\/www.noidiqua.it\/Agliana\/san-piero\/#breadcrumb\"},\"inLanguage\":\"it-IT\",\"potentialAction\":[{\"@type\":\"ReadAction\",\"target\":[\"https:\/\/www.noidiqua.it\/Agliana\/san-piero\/\"]}]},{\"@type\":\"ImageObject\",\"inLanguage\":\"it-IT\",\"@id\":\"https:\/\/www.noidiqua.it\/Agliana\/san-piero\/#primaryimage\",\"url\":\"https:\/\/www.noidiqua.it\/Agliana\/wp-content\/uploads\/2012\/08\/s.piero_.png\",\"contentUrl\":\"https:\/\/www.noidiqua.it\/Agliana\/wp-content\/uploads\/2012\/08\/s.piero_.png\",\"width\":507,\"height\":450},{\"@type\":\"BreadcrumbList\",\"@id\":\"https:\/\/www.noidiqua.it\/Agliana\/san-piero\/#breadcrumb\",\"itemListElement\":[{\"@type\":\"ListItem\",\"position\":1,\"name\":\"Home\",\"item\":\"https:\/\/www.noidiqua.it\/Agliana\/\"},{\"@type\":\"ListItem\",\"position\":2,\"name\":\"San Piero\"}]},{\"@type\":\"WebSite\",\"@id\":\"https:\/\/www.noidiqua.it\/Agliana\/#website\",\"url\":\"https:\/\/www.noidiqua.it\/Agliana\/\",\"name\":\"Noi di Qua Testata giornalistica e di attualit\u00e0 di Agliana, Montale e Quarrata.\",\"description\":\"Testata Giornalistica Quarrata Montale Agliana\",\"potentialAction\":[{\"@type\":\"SearchAction\",\"target\":{\"@type\":\"EntryPoint\",\"urlTemplate\":\"https:\/\/www.noidiqua.it\/Agliana\/?s={search_term_string}\"},\"query-input\":{\"@type\":\"PropertyValueSpecification\",\"valueRequired\":true,\"valueName\":\"search_term_string\"}}],\"inLanguage\":\"it-IT\"},{\"@type\":\"Person\",\"@id\":\"https:\/\/www.noidiqua.it\/Agliana\/#\/schema\/person\/4e183cb0c6d7951e716a876aa702e1a2\",\"name\":\"Marco Bagnoli\",\"image\":{\"@type\":\"ImageObject\",\"inLanguage\":\"it-IT\",\"@id\":\"https:\/\/www.noidiqua.it\/Agliana\/#\/schema\/person\/image\/\",\"url\":\"https:\/\/secure.gravatar.com\/avatar\/73ace53724c50db9c48af54756f17b7cdb015a9d8d2c08c7e04e480539a94eee?s=96&d=mm&r=g\",\"contentUrl\":\"https:\/\/secure.gravatar.com\/avatar\/73ace53724c50db9c48af54756f17b7cdb015a9d8d2c08c7e04e480539a94eee?s=96&d=mm&r=g\",\"caption\":\"Marco Bagnoli\"},\"url\":\"https:\/\/www.noidiqua.it\/Agliana\/author\/marco-bagnoli\/\"}]}<\/script>\n<!-- \/ Yoast SEO plugin. -->","yoast_head_json":{"title":"San Piero - Noi di Qua Testata giornalistica e di attualit\u00e0 di Agliana, Montale e Quarrata.","robots":{"index":"index","follow":"follow","max-snippet":"max-snippet:-1","max-image-preview":"max-image-preview:large","max-video-preview":"max-video-preview:-1"},"canonical":"https:\/\/www.noidiqua.it\/Agliana\/san-piero\/","og_locale":"it_IT","og_type":"article","og_title":"San Piero - Noi di Qua Testata giornalistica e di attualit\u00e0 di Agliana, Montale e Quarrata.","og_description":"di Marco Bagnoli. Foto: Adriano Tesi. Settembre\u00a02012 In epoca medievale esisteva in Agliana un castello, di propriet\u00e0 del vescovo di Pistoia, catello qui dicitur Aliana. Non \u00e8 dato sapere con certezza ove questo castello fosse collocato, tuttavia \u00e8 ragionevole ritenere dovesse trovarsi pi\u00f9 a sud dell\u2019antica statio [&hellip;]","og_url":"https:\/\/www.noidiqua.it\/Agliana\/san-piero\/","og_site_name":"Noi di Qua Testata giornalistica e di attualit\u00e0 di Agliana, Montale e Quarrata.","article_publisher":"https:\/\/www.facebook.com\/noidiqua.trimestrale\/","article_published_time":"2012-08-19T15:20:27+00:00","article_modified_time":"2023-02-16T09:23:41+00:00","og_image":[{"url":"https:\/\/www.noidiqua.it\/Agliana\/wp-content\/uploads\/2012\/08\/s.piero_.png","type":"","width":"","height":""}],"author":"Marco Bagnoli","twitter_misc":{"Scritto da":"Marco Bagnoli","Tempo di lettura stimato":"2 minuti"},"schema":{"@context":"https:\/\/schema.org","@graph":[{"@type":"WebPage","@id":"https:\/\/www.noidiqua.it\/Agliana\/san-piero\/","url":"https:\/\/www.noidiqua.it\/Agliana\/san-piero\/","name":"San Piero - Noi di Qua Testata giornalistica e di attualit\u00e0 di Agliana, Montale e Quarrata.","isPartOf":{"@id":"https:\/\/www.noidiqua.it\/Agliana\/#website"},"primaryImageOfPage":{"@id":"https:\/\/www.noidiqua.it\/Agliana\/san-piero\/#primaryimage"},"image":{"@id":"https:\/\/www.noidiqua.it\/Agliana\/san-piero\/#primaryimage"},"thumbnailUrl":"https:\/\/www.noidiqua.it\/Agliana\/wp-content\/uploads\/2012\/08\/s.piero_.png","datePublished":"2012-08-19T15:20:27+00:00","dateModified":"2023-02-16T09:23:41+00:00","author":{"@id":"https:\/\/www.noidiqua.it\/Agliana\/#\/schema\/person\/4e183cb0c6d7951e716a876aa702e1a2"},"breadcrumb":{"@id":"https:\/\/www.noidiqua.it\/Agliana\/san-piero\/#breadcrumb"},"inLanguage":"it-IT","potentialAction":[{"@type":"ReadAction","target":["https:\/\/www.noidiqua.it\/Agliana\/san-piero\/"]}]},{"@type":"ImageObject","inLanguage":"it-IT","@id":"https:\/\/www.noidiqua.it\/Agliana\/san-piero\/#primaryimage","url":"https:\/\/www.noidiqua.it\/Agliana\/wp-content\/uploads\/2012\/08\/s.piero_.png","contentUrl":"https:\/\/www.noidiqua.it\/Agliana\/wp-content\/uploads\/2012\/08\/s.piero_.png","width":507,"height":450},{"@type":"BreadcrumbList","@id":"https:\/\/www.noidiqua.it\/Agliana\/san-piero\/#breadcrumb","itemListElement":[{"@type":"ListItem","position":1,"name":"Home","item":"https:\/\/www.noidiqua.it\/Agliana\/"},{"@type":"ListItem","position":2,"name":"San Piero"}]},{"@type":"WebSite","@id":"https:\/\/www.noidiqua.it\/Agliana\/#website","url":"https:\/\/www.noidiqua.it\/Agliana\/","name":"Noi di Qua Testata giornalistica e di attualit\u00e0 di Agliana, Montale e Quarrata.","description":"Testata Giornalistica Quarrata Montale Agliana","potentialAction":[{"@type":"SearchAction","target":{"@type":"EntryPoint","urlTemplate":"https:\/\/www.noidiqua.it\/Agliana\/?s={search_term_string}"},"query-input":{"@type":"PropertyValueSpecification","valueRequired":true,"valueName":"search_term_string"}}],"inLanguage":"it-IT"},{"@type":"Person","@id":"https:\/\/www.noidiqua.it\/Agliana\/#\/schema\/person\/4e183cb0c6d7951e716a876aa702e1a2","name":"Marco Bagnoli","image":{"@type":"ImageObject","inLanguage":"it-IT","@id":"https:\/\/www.noidiqua.it\/Agliana\/#\/schema\/person\/image\/","url":"https:\/\/secure.gravatar.com\/avatar\/73ace53724c50db9c48af54756f17b7cdb015a9d8d2c08c7e04e480539a94eee?s=96&d=mm&r=g","contentUrl":"https:\/\/secure.gravatar.com\/avatar\/73ace53724c50db9c48af54756f17b7cdb015a9d8d2c08c7e04e480539a94eee?s=96&d=mm&r=g","caption":"Marco Bagnoli"},"url":"https:\/\/www.noidiqua.it\/Agliana\/author\/marco-bagnoli\/"}]}},"_links":{"self":[{"href":"https:\/\/www.noidiqua.it\/Agliana\/wp-json\/wp\/v2\/posts\/1916","targetHints":{"allow":["GET"]}}],"collection":[{"href":"https:\/\/www.noidiqua.it\/Agliana\/wp-json\/wp\/v2\/posts"}],"about":[{"href":"https:\/\/www.noidiqua.it\/Agliana\/wp-json\/wp\/v2\/types\/post"}],"author":[{"embeddable":true,"href":"https:\/\/www.noidiqua.it\/Agliana\/wp-json\/wp\/v2\/users\/3"}],"replies":[{"embeddable":true,"href":"https:\/\/www.noidiqua.it\/Agliana\/wp-json\/wp\/v2\/comments?post=1916"}],"version-history":[{"count":4,"href":"https:\/\/www.noidiqua.it\/Agliana\/wp-json\/wp\/v2\/posts\/1916\/revisions"}],"predecessor-version":[{"id":8333,"href":"https:\/\/www.noidiqua.it\/Agliana\/wp-json\/wp\/v2\/posts\/1916\/revisions\/8333"}],"wp:attachment":[{"href":"https:\/\/www.noidiqua.it\/Agliana\/wp-json\/wp\/v2\/media?parent=1916"}],"wp:term":[{"taxonomy":"category","embeddable":true,"href":"https:\/\/www.noidiqua.it\/Agliana\/wp-json\/wp\/v2\/categories?post=1916"},{"taxonomy":"post_tag","embeddable":true,"href":"https:\/\/www.noidiqua.it\/Agliana\/wp-json\/wp\/v2\/tags?post=1916"}],"curies":[{"name":"wp","href":"https:\/\/api.w.org\/{rel}","templated":true}]}}