{"id":1924,"date":"2012-08-19T15:30:48","date_gmt":"2012-08-19T15:30:48","guid":{"rendered":"https:\/\/www.noidiqua.it\/Agliana\/?p=1924"},"modified":"2021-06-04T10:02:58","modified_gmt":"2021-06-04T08:02:58","slug":"il-cinema-di-nocino","status":"publish","type":"post","link":"https:\/\/www.noidiqua.it\/Agliana\/il-cinema-di-nocino\/","title":{"rendered":"Il cinema di &#8220;Nocino&#8221;"},"content":{"rendered":"<p style=\"text-align: justify;\"><em><em>di David Colzi<\/em><br \/>\n<\/em><\/p>\n<div style=\"text-align: justify;\"><em>Agosto 2012<\/em><\/div>\n<div><\/div>\n<div style=\"text-align: justify;\"><a href=\"https:\/\/www.noidiqua.it\/Agliana\/wp-content\/uploads\/2012\/08\/nocino-2.png\" rel=\"wp-prettyPhoto[1924]\"><img loading=\"lazy\" decoding=\"async\" class=\"aligncenter size-full wp-image-5854\" src=\"https:\/\/www.noidiqua.it\/Agliana\/wp-content\/uploads\/2012\/08\/nocino-2.png\" alt=\"\" width=\"485\" height=\"407\" srcset=\"https:\/\/www.noidiqua.it\/Agliana\/wp-content\/uploads\/2012\/08\/nocino-2.png 485w, https:\/\/www.noidiqua.it\/Agliana\/wp-content\/uploads\/2012\/08\/nocino-2-300x252.png 300w\" sizes=\"auto, (max-width: 485px) 100vw, 485px\" \/><\/a><\/div>\n<p style=\"text-align: justify;\">\n<p style=\"text-align: justify;\">Vincenzo Cecchi, \u00e8 un nome che non far\u00e0 scattare molti ricordi negli aglianesi con i capelli grigi, ma se scriviamo <strong>\u201cNocino\u201d<\/strong>, siamo sicuri che le cose cambiano! Vincenzo, classe 1893, si era meritato questo soprannome da bambino, in quanto era particolarmente bravo al gioco del \u201cnocino\u201d appunto. Nel nostro paese divenne celebre, prima come esperto meccanico, maestro di molti giovani che poi si sono messi in proprio, poi come gestore di uno dei due cinema di Agliana (l\u2019altro era il <strong>\u201cModerno\u201d<\/strong>), collocato accanto alla chiesa di San Piero. <em>&lt;&lt;Il cinema all\u2019aperto e al chiuso, arrivarono nell\u2019immediato dopoguerra&gt;&gt;<\/em> precisa il nipote Giovanni<em> &lt;&lt;entrambi erano in una propriet\u00e0 della curia pistoiese, e presto divennero un appuntamento fisso nella vita degli aglianesi, fino ai primissimi anni \u201880&gt;&gt;<\/em>. Cos\u00ec, dagli anni \u201850 al \u201870, l\u2019epoca d\u2019oro del cinema, l\u2019arena di \u201cNocino\u201d divenne un ritrovo per giovani e non, affollandosi di personaggi rimasti nella nostra storia.<\/p>\n<p><a href=\"https:\/\/www.noidiqua.it\/Agliana\/wp-content\/uploads\/2012\/08\/nocino-1.png\" rel=\"wp-prettyPhoto[1924]\"><img loading=\"lazy\" decoding=\"async\" class=\"aligncenter size-full wp-image-5856\" src=\"https:\/\/www.noidiqua.it\/Agliana\/wp-content\/uploads\/2012\/08\/nocino-1.png\" alt=\"\" width=\"483\" height=\"356\" srcset=\"https:\/\/www.noidiqua.it\/Agliana\/wp-content\/uploads\/2012\/08\/nocino-1.png 483w, https:\/\/www.noidiqua.it\/Agliana\/wp-content\/uploads\/2012\/08\/nocino-1-300x221.png 300w\" sizes=\"auto, (max-width: 483px) 100vw, 483px\" \/><\/a><\/p>\n<p style=\"text-align: justify;\">Iniziando dai collaboratori, ve ne ricordiamo alcuni, come Luminello e il Caramelli, addetti, fra l\u2019altro, a tenere acceso il lumino a carbone per poter vedere le immagini proiettate. <em>&lt;&lt;Per\u00f2 talvolta si addormentavano&gt;&gt;<\/em> ci rivela divertito Giovanni<em> &lt;&lt;quindi capitava che d\u2019improvviso andasse via l\u2019immagine sullo schermo e rimanesse solo l\u2019audio in sala. Allora il nonno doveva correre a riaccendere il lumino che aveva finito il carbone.&gt;&gt;<\/em> Il Caramelli poi, si occupava anche delle bobine di proiezione, e la sua inclinazione alla pennichella provocava qualche intoppo in sala&#8230; &lt;&lt;Una volta il nonno and\u00f2 a svegliarlo e lo trov\u00f2 \u201csepolto\u201d nella pellicola che nel frattempo era uscita dalla sua sede e si era sparsa ovunque. Dovettero stare fino alla cinque del mattino a riavvolgere il film a mano.&gt;&gt; Oltre a questo, \u00e8 capitato che iniziasse a proiettare il film dal secondo tempo, lasciando cos\u00ec il pubblico a rumoreggiare in sala. A staccare i biglietti si trovava Lollo e talvolta lo stesso <strong>Vincenzo<\/strong>: <em>&lt;&lt;Il nonno aveva sempre un occhio di riguardo per i giovani&gt;&gt;<\/em> precisa Giovanni <em>&lt;&lt;e se qualcuno non aveva abbastanza soldi per pagare il biglietto, lo faceva entrare ugualmente; era un finto burbero! Poi, non bisogna scordare Cirillo, il tuttofare, e mia nonna Ida.&gt;&gt;<\/em><\/p>\n<p style=\"text-align: justify;\">Invece al banco dei chicchi c\u2019era la Dina del Forti: celebri le sue paste con l\u2019Alchermes. Alla biglietteria si trovava la nuora Fabiana (che ci ha gentilmente fornito le foto di questo articolo), che assieme al marito Spartaco, e al figlio Giovanni, sono sempre stati al fianco di Vincenzo, anche dopo l\u2019apertura degli altri tre cinema, due a Firenze (Alfieri e Fiorello) e uno a Pescia (Splendor), che dagli anni \u201860 in poi, hanno fatto conoscere la famiglia Cecchi oltre i nostri confini. Ma tornando ai \u201cpersonaggi\u201d, oltre allo staff (molti fra i meno giovani si ricorderanno di Nocino che passava fra le sedie armato di bomboletta col Flit), c\u2019erano anche quelli seduti in sala, come Bino, un ragazzo che si accomodava sempre nello stesso posto: prima sedia, settima fila e guai a chi gli fregava il posto! Quando invece venivano proiettati i film con i cowboy, in prima fila c\u2019era Magnaccia, che si esaltava e gridava quando arrivava la cavalleria, o durante le scazzottate, e \u201cNocino\u201d era costretto a redarguirlo perch\u00e9 disturbava. Poi c\u2019era Labisciola, il pittore Scatizzi, la Mariuccia e altri ancora: la lista sarebbe interminabile, ma ci fermiamo qui. Per capire meglio il valore aggregante del cinema di allora, vi basti pensare che alcune persone passavano l\u2019intera domenica dai Cecchi: arrivavano alle due per la prima proiezione al chiuso, con tanto di pranzo al sacco, e se ne andavano dopo quella delle undici all\u2019aperto (almeno durante la bella stagione).<\/p>\n<p><a href=\"https:\/\/www.noidiqua.it\/Agliana\/wp-content\/uploads\/2012\/08\/nocino-3.png\" rel=\"wp-prettyPhoto[1924]\"><img loading=\"lazy\" decoding=\"async\" class=\"aligncenter size-full wp-image-5857\" src=\"https:\/\/www.noidiqua.it\/Agliana\/wp-content\/uploads\/2012\/08\/nocino-3.png\" alt=\"\" width=\"483\" height=\"353\" srcset=\"https:\/\/www.noidiqua.it\/Agliana\/wp-content\/uploads\/2012\/08\/nocino-3.png 483w, https:\/\/www.noidiqua.it\/Agliana\/wp-content\/uploads\/2012\/08\/nocino-3-300x219.png 300w\" sizes=\"auto, (max-width: 483px) 100vw, 483px\" \/><\/a><\/p>\n<p style=\"text-align: justify;\">\n<p style=\"text-align: justify;\">D\u2019altronde non c\u2019erano molti svaghi ad Agliana negli anni \u201850 e \u201860: e, tra uno spettacolo e l\u2019altro, le persone potevano sedersi in una saletta appositamente attrezzata per la TV, perch\u00e9 non bisogna dimenticare che \u201cNocino\u201d ha avuto una delle prime televisioni del paese, quando andava in onda \u201cLascia o Raddoppia?\u201d. Come avrete capito, c\u2019era sempre molta gente e \u201cNocino\u201d teneva alto l\u2019interesse del pubblico, girando in lungo e in largo tutta Agliana (e non solo), guidando la sua <strong>Fiat 600 Multipla<\/strong> a passo d\u2019uomo, con sopra installato un megafono che invitava tutti a vedere la proiezione che si sarebbe tenuta quel giorno. Poi, il declino arriv\u00f2 anche per quel mondo paesano: le biciclette che affollavano il posteggio da Sarzana, furono sostituite dalle auto, quindi la gente inizi\u00f2 ad andare a Pistoia o a Firenze per vedere le prime, mentre le televisioni iniziarono a spuntare come funghi in tutte le case, diretta conseguenza del boom economico. La nostra storia si ferma al 1982, quando, all\u2019et\u00e0 di ottantanove anni, Felice Innocenzio Vincenzo Cecchi se ne and\u00f2, lasciando in eredit\u00e0 a molti aglianesi i ricordi di un periodo irripetibile nella vita della nostra comunit\u00e0.<\/p>","protected":false},"excerpt":{"rendered":"<p>di David Colzi Agosto 2012 Vincenzo Cecchi, \u00e8 un nome che non far\u00e0 scattare molti ricordi negli aglianesi con i capelli grigi, ma se scriviamo \u201cNocino\u201d, siamo sicuri che le cose cambiano! Vincenzo, classe 1893, si era meritato questo soprannome da bambino, in quanto era particolarmente bravo [&hellip;]<\/p>","protected":false},"author":5,"featured_media":0,"comment_status":"open","ping_status":"open","sticky":false,"template":"","format":"standard","meta":{"footnotes":""},"categories":[2,7],"tags":[37,38,54,84,95,97,107,134],"class_list":["post-1924","post","type-post","status-publish","format-standard","hentry","category-ag","category-notizie-dal-passato","tag-ag-ag","tag-aglianese","tag-cinema-moderno","tag-laglianese","tag-nocino","tag-noidiqua-laglianese","tag-personaggi","tag-vincenzo-cecchi"],"yoast_head":"<!-- This site is optimized with the Yoast SEO plugin v25.5 - https:\/\/yoast.com\/wordpress\/plugins\/seo\/ -->\n<title>Il cinema di &quot;Nocino&quot; - Noi di Qua Testata giornalistica e di attualit\u00e0 di Agliana, Montale e Quarrata.<\/title>\n<meta name=\"robots\" content=\"index, follow, max-snippet:-1, max-image-preview:large, max-video-preview:-1\" \/>\n<link rel=\"canonical\" href=\"https:\/\/www.noidiqua.it\/Agliana\/il-cinema-di-nocino\/\" \/>\n<meta property=\"og:locale\" content=\"it_IT\" \/>\n<meta property=\"og:type\" content=\"article\" \/>\n<meta property=\"og:title\" content=\"Il cinema di &quot;Nocino&quot; - Noi di Qua Testata giornalistica e di attualit\u00e0 di Agliana, Montale e Quarrata.\" \/>\n<meta property=\"og:description\" content=\"di David Colzi Agosto 2012 Vincenzo Cecchi, \u00e8 un nome che non far\u00e0 scattare molti ricordi negli aglianesi con i capelli grigi, ma se scriviamo \u201cNocino\u201d, siamo sicuri che le cose cambiano! Vincenzo, classe 1893, si era meritato questo soprannome da bambino, in quanto era particolarmente bravo [&hellip;]\" \/>\n<meta property=\"og:url\" content=\"https:\/\/www.noidiqua.it\/Agliana\/il-cinema-di-nocino\/\" \/>\n<meta property=\"og:site_name\" content=\"Noi di Qua Testata giornalistica e di attualit\u00e0 di Agliana, Montale e Quarrata.\" \/>\n<meta property=\"article:publisher\" content=\"https:\/\/www.facebook.com\/noidiqua.trimestrale\/\" \/>\n<meta property=\"article:published_time\" content=\"2012-08-19T15:30:48+00:00\" \/>\n<meta property=\"article:modified_time\" content=\"2021-06-04T08:02:58+00:00\" \/>\n<meta property=\"og:image\" content=\"https:\/\/www.noidiqua.it\/Agliana\/wp-content\/uploads\/2012\/08\/nocino-2.png\" \/>\n<meta name=\"author\" content=\"David Colzi\" \/>\n<meta name=\"twitter:label1\" content=\"Scritto da\" \/>\n\t<meta name=\"twitter:data1\" content=\"David Colzi\" \/>\n\t<meta name=\"twitter:label2\" content=\"Tempo di lettura stimato\" \/>\n\t<meta name=\"twitter:data2\" content=\"4 minuti\" \/>\n<script type=\"application\/ld+json\" class=\"yoast-schema-graph\">{\"@context\":\"https:\/\/schema.org\",\"@graph\":[{\"@type\":\"WebPage\",\"@id\":\"https:\/\/www.noidiqua.it\/Agliana\/il-cinema-di-nocino\/\",\"url\":\"https:\/\/www.noidiqua.it\/Agliana\/il-cinema-di-nocino\/\",\"name\":\"Il cinema di \\\"Nocino\\\" - Noi di Qua Testata giornalistica e di attualit\u00e0 di Agliana, Montale e Quarrata.\",\"isPartOf\":{\"@id\":\"https:\/\/www.noidiqua.it\/Agliana\/#website\"},\"primaryImageOfPage\":{\"@id\":\"https:\/\/www.noidiqua.it\/Agliana\/il-cinema-di-nocino\/#primaryimage\"},\"image\":{\"@id\":\"https:\/\/www.noidiqua.it\/Agliana\/il-cinema-di-nocino\/#primaryimage\"},\"thumbnailUrl\":\"https:\/\/www.noidiqua.it\/Agliana\/wp-content\/uploads\/2012\/08\/nocino-2.png\",\"datePublished\":\"2012-08-19T15:30:48+00:00\",\"dateModified\":\"2021-06-04T08:02:58+00:00\",\"author\":{\"@id\":\"https:\/\/www.noidiqua.it\/Agliana\/#\/schema\/person\/3b45dd21eb2367c177b6a6d35c868ccc\"},\"breadcrumb\":{\"@id\":\"https:\/\/www.noidiqua.it\/Agliana\/il-cinema-di-nocino\/#breadcrumb\"},\"inLanguage\":\"it-IT\",\"potentialAction\":[{\"@type\":\"ReadAction\",\"target\":[\"https:\/\/www.noidiqua.it\/Agliana\/il-cinema-di-nocino\/\"]}]},{\"@type\":\"ImageObject\",\"inLanguage\":\"it-IT\",\"@id\":\"https:\/\/www.noidiqua.it\/Agliana\/il-cinema-di-nocino\/#primaryimage\",\"url\":\"https:\/\/www.noidiqua.it\/Agliana\/wp-content\/uploads\/2012\/08\/nocino-2.png\",\"contentUrl\":\"https:\/\/www.noidiqua.it\/Agliana\/wp-content\/uploads\/2012\/08\/nocino-2.png\",\"width\":485,\"height\":407},{\"@type\":\"BreadcrumbList\",\"@id\":\"https:\/\/www.noidiqua.it\/Agliana\/il-cinema-di-nocino\/#breadcrumb\",\"itemListElement\":[{\"@type\":\"ListItem\",\"position\":1,\"name\":\"Home\",\"item\":\"https:\/\/www.noidiqua.it\/Agliana\/\"},{\"@type\":\"ListItem\",\"position\":2,\"name\":\"Il cinema di &#8220;Nocino&#8221;\"}]},{\"@type\":\"WebSite\",\"@id\":\"https:\/\/www.noidiqua.it\/Agliana\/#website\",\"url\":\"https:\/\/www.noidiqua.it\/Agliana\/\",\"name\":\"Noi di Qua Testata giornalistica e di attualit\u00e0 di Agliana, Montale e Quarrata.\",\"description\":\"Testata Giornalistica Quarrata Montale Agliana\",\"potentialAction\":[{\"@type\":\"SearchAction\",\"target\":{\"@type\":\"EntryPoint\",\"urlTemplate\":\"https:\/\/www.noidiqua.it\/Agliana\/?s={search_term_string}\"},\"query-input\":{\"@type\":\"PropertyValueSpecification\",\"valueRequired\":true,\"valueName\":\"search_term_string\"}}],\"inLanguage\":\"it-IT\"},{\"@type\":\"Person\",\"@id\":\"https:\/\/www.noidiqua.it\/Agliana\/#\/schema\/person\/3b45dd21eb2367c177b6a6d35c868ccc\",\"name\":\"David Colzi\",\"image\":{\"@type\":\"ImageObject\",\"inLanguage\":\"it-IT\",\"@id\":\"https:\/\/www.noidiqua.it\/Agliana\/#\/schema\/person\/image\/\",\"url\":\"https:\/\/secure.gravatar.com\/avatar\/515ac68c0075b78a8243a0f28e5a361c9b5c466a1d6912ac3919ddd928c4db8c?s=96&d=mm&r=g\",\"contentUrl\":\"https:\/\/secure.gravatar.com\/avatar\/515ac68c0075b78a8243a0f28e5a361c9b5c466a1d6912ac3919ddd928c4db8c?s=96&d=mm&r=g\",\"caption\":\"David Colzi\"},\"url\":\"https:\/\/www.noidiqua.it\/Agliana\/author\/david-colzi\/\"}]}<\/script>\n<!-- \/ Yoast SEO plugin. -->","yoast_head_json":{"title":"Il cinema di \"Nocino\" - Noi di Qua Testata giornalistica e di attualit\u00e0 di Agliana, Montale e Quarrata.","robots":{"index":"index","follow":"follow","max-snippet":"max-snippet:-1","max-image-preview":"max-image-preview:large","max-video-preview":"max-video-preview:-1"},"canonical":"https:\/\/www.noidiqua.it\/Agliana\/il-cinema-di-nocino\/","og_locale":"it_IT","og_type":"article","og_title":"Il cinema di \"Nocino\" - Noi di Qua Testata giornalistica e di attualit\u00e0 di Agliana, Montale e Quarrata.","og_description":"di David Colzi Agosto 2012 Vincenzo Cecchi, \u00e8 un nome che non far\u00e0 scattare molti ricordi negli aglianesi con i capelli grigi, ma se scriviamo \u201cNocino\u201d, siamo sicuri che le cose cambiano! Vincenzo, classe 1893, si era meritato questo soprannome da bambino, in quanto era particolarmente bravo [&hellip;]","og_url":"https:\/\/www.noidiqua.it\/Agliana\/il-cinema-di-nocino\/","og_site_name":"Noi di Qua Testata giornalistica e di attualit\u00e0 di Agliana, Montale e Quarrata.","article_publisher":"https:\/\/www.facebook.com\/noidiqua.trimestrale\/","article_published_time":"2012-08-19T15:30:48+00:00","article_modified_time":"2021-06-04T08:02:58+00:00","og_image":[{"url":"https:\/\/www.noidiqua.it\/Agliana\/wp-content\/uploads\/2012\/08\/nocino-2.png","type":"","width":"","height":""}],"author":"David Colzi","twitter_misc":{"Scritto da":"David Colzi","Tempo di lettura stimato":"4 minuti"},"schema":{"@context":"https:\/\/schema.org","@graph":[{"@type":"WebPage","@id":"https:\/\/www.noidiqua.it\/Agliana\/il-cinema-di-nocino\/","url":"https:\/\/www.noidiqua.it\/Agliana\/il-cinema-di-nocino\/","name":"Il cinema di \"Nocino\" - Noi di Qua Testata giornalistica e di attualit\u00e0 di Agliana, Montale e Quarrata.","isPartOf":{"@id":"https:\/\/www.noidiqua.it\/Agliana\/#website"},"primaryImageOfPage":{"@id":"https:\/\/www.noidiqua.it\/Agliana\/il-cinema-di-nocino\/#primaryimage"},"image":{"@id":"https:\/\/www.noidiqua.it\/Agliana\/il-cinema-di-nocino\/#primaryimage"},"thumbnailUrl":"https:\/\/www.noidiqua.it\/Agliana\/wp-content\/uploads\/2012\/08\/nocino-2.png","datePublished":"2012-08-19T15:30:48+00:00","dateModified":"2021-06-04T08:02:58+00:00","author":{"@id":"https:\/\/www.noidiqua.it\/Agliana\/#\/schema\/person\/3b45dd21eb2367c177b6a6d35c868ccc"},"breadcrumb":{"@id":"https:\/\/www.noidiqua.it\/Agliana\/il-cinema-di-nocino\/#breadcrumb"},"inLanguage":"it-IT","potentialAction":[{"@type":"ReadAction","target":["https:\/\/www.noidiqua.it\/Agliana\/il-cinema-di-nocino\/"]}]},{"@type":"ImageObject","inLanguage":"it-IT","@id":"https:\/\/www.noidiqua.it\/Agliana\/il-cinema-di-nocino\/#primaryimage","url":"https:\/\/www.noidiqua.it\/Agliana\/wp-content\/uploads\/2012\/08\/nocino-2.png","contentUrl":"https:\/\/www.noidiqua.it\/Agliana\/wp-content\/uploads\/2012\/08\/nocino-2.png","width":485,"height":407},{"@type":"BreadcrumbList","@id":"https:\/\/www.noidiqua.it\/Agliana\/il-cinema-di-nocino\/#breadcrumb","itemListElement":[{"@type":"ListItem","position":1,"name":"Home","item":"https:\/\/www.noidiqua.it\/Agliana\/"},{"@type":"ListItem","position":2,"name":"Il cinema di &#8220;Nocino&#8221;"}]},{"@type":"WebSite","@id":"https:\/\/www.noidiqua.it\/Agliana\/#website","url":"https:\/\/www.noidiqua.it\/Agliana\/","name":"Noi di Qua Testata giornalistica e di attualit\u00e0 di Agliana, Montale e Quarrata.","description":"Testata Giornalistica Quarrata Montale Agliana","potentialAction":[{"@type":"SearchAction","target":{"@type":"EntryPoint","urlTemplate":"https:\/\/www.noidiqua.it\/Agliana\/?s={search_term_string}"},"query-input":{"@type":"PropertyValueSpecification","valueRequired":true,"valueName":"search_term_string"}}],"inLanguage":"it-IT"},{"@type":"Person","@id":"https:\/\/www.noidiqua.it\/Agliana\/#\/schema\/person\/3b45dd21eb2367c177b6a6d35c868ccc","name":"David Colzi","image":{"@type":"ImageObject","inLanguage":"it-IT","@id":"https:\/\/www.noidiqua.it\/Agliana\/#\/schema\/person\/image\/","url":"https:\/\/secure.gravatar.com\/avatar\/515ac68c0075b78a8243a0f28e5a361c9b5c466a1d6912ac3919ddd928c4db8c?s=96&d=mm&r=g","contentUrl":"https:\/\/secure.gravatar.com\/avatar\/515ac68c0075b78a8243a0f28e5a361c9b5c466a1d6912ac3919ddd928c4db8c?s=96&d=mm&r=g","caption":"David Colzi"},"url":"https:\/\/www.noidiqua.it\/Agliana\/author\/david-colzi\/"}]}},"_links":{"self":[{"href":"https:\/\/www.noidiqua.it\/Agliana\/wp-json\/wp\/v2\/posts\/1924","targetHints":{"allow":["GET"]}}],"collection":[{"href":"https:\/\/www.noidiqua.it\/Agliana\/wp-json\/wp\/v2\/posts"}],"about":[{"href":"https:\/\/www.noidiqua.it\/Agliana\/wp-json\/wp\/v2\/types\/post"}],"author":[{"embeddable":true,"href":"https:\/\/www.noidiqua.it\/Agliana\/wp-json\/wp\/v2\/users\/5"}],"replies":[{"embeddable":true,"href":"https:\/\/www.noidiqua.it\/Agliana\/wp-json\/wp\/v2\/comments?post=1924"}],"version-history":[{"count":3,"href":"https:\/\/www.noidiqua.it\/Agliana\/wp-json\/wp\/v2\/posts\/1924\/revisions"}],"predecessor-version":[{"id":5858,"href":"https:\/\/www.noidiqua.it\/Agliana\/wp-json\/wp\/v2\/posts\/1924\/revisions\/5858"}],"wp:attachment":[{"href":"https:\/\/www.noidiqua.it\/Agliana\/wp-json\/wp\/v2\/media?parent=1924"}],"wp:term":[{"taxonomy":"category","embeddable":true,"href":"https:\/\/www.noidiqua.it\/Agliana\/wp-json\/wp\/v2\/categories?post=1924"},{"taxonomy":"post_tag","embeddable":true,"href":"https:\/\/www.noidiqua.it\/Agliana\/wp-json\/wp\/v2\/tags?post=1924"}],"curies":[{"name":"wp","href":"https:\/\/api.w.org\/{rel}","templated":true}]}}