{"id":1948,"date":"2012-08-19T16:05:31","date_gmt":"2012-08-19T14:05:31","guid":{"rendered":"https:\/\/www.noidiqua.it\/Agliana\/?p=1948"},"modified":"2024-01-22T09:19:39","modified_gmt":"2024-01-22T08:19:39","slug":"casa-della-salute","status":"publish","type":"post","link":"https:\/\/www.noidiqua.it\/Agliana\/casa-della-salute\/","title":{"rendered":"Casa della salute"},"content":{"rendered":"<p style=\"text-align: justify;\"><em>di Piera Salvi<br \/>\n<\/em><\/p>\n<p style=\"text-align: justify;\"><em>agosto 2012<\/em><\/p>\n<p><a href=\"https:\/\/www.noidiqua.it\/Agliana\/wp-content\/uploads\/2012\/08\/salute-1.png\" rel=\"wp-prettyPhoto[1948]\"><img loading=\"lazy\" decoding=\"async\" class=\"aligncenter size-full wp-image-9023\" src=\"https:\/\/www.noidiqua.it\/Agliana\/wp-content\/uploads\/2012\/08\/salute-1.png\" alt=\"\" width=\"507\" height=\"380\" srcset=\"https:\/\/www.noidiqua.it\/Agliana\/wp-content\/uploads\/2012\/08\/salute-1.png 507w, https:\/\/www.noidiqua.it\/Agliana\/wp-content\/uploads\/2012\/08\/salute-1-300x225.png 300w\" sizes=\"auto, (max-width: 507px) 100vw, 507px\" \/><\/a><\/p>\n<p style=\"text-align: justify;\">\n<p style=\"text-align: justify;\">Da luglio \u00e8 attivo il <strong>Cup<\/strong> presso la nuova <strong>Casa della salute<\/strong> che \u00e8 stata inaugurata nell\u2019ex supermercato <strong>Coop<\/strong>. L\u2019edificio, a forma di L e tutto al piano terra, ha una superficie coperta di 966 metri quadri ed \u00e8 costato 2.234.000 euro (Iva esclusa) all\u2019Ausl3 che, in base agli accordi, l\u2019ha acquistato da Unicoop Firenze che si \u00e8 fatta carico dell\u2019adeguamento dei locali. Un edificio ecologico, con impianto solare termico, servizi per disabili e sistema antincendio, costruito per fronteggiare il massimo rischio sismico, in quanto la struttura \u00e8 considerata strategica per eventuali situazioni di emergenza. Spazi ampi e luminosi, quattro postazioni Cup e sistema di prenotazioni a display, renderanno pi\u00f9 confortevole l\u2019attesa riducendone i tempi. Ci sono ambulatori specialistici di chirurgia, urologia, neurologia, otorinolaringoiatria, neuropsichiatria infantile, psicologia (per adulti e bambini), odontoiatria, dermatologia, psichiatria, geriatria, consultorio di ostetricia e ginecologia, pediatria, vaccinazioni, nonch\u00e9 servizi sociali, infermieristici e logopedici, oltre ai servizi di emergenza del 118 e alla guardia medica. <em>&lt;&lt;Servizi gi\u00e0 presenti in piazza Giovanni XXIII, ma qui ci sar\u00e0 una organizzazione pi\u00f9 efficiente, con l\u2019obiettivo di favorire migliori stili di vita per prevenire le malattie&gt;&gt;<\/em> ha sottolineato il commissario della Ausl3, <strong>Bruno Cravedi<\/strong>. <em>&lt;&lt;Di particolare importanza \u00e8 il potenziamento della sanit\u00e0 d\u2019iniziativa, un modello innovativo per la prevenzione e l\u2019intercettazione delle malattie croniche in collaborazione con i medici di medicina generale. L\u2019obiettivo \u00e8 diventare sede di medicina di gruppo, attivando una collaborazione tra i medici di medicina generale&gt;&gt;<\/em>. In previsione, lo sviluppo di Telemedicina per consulti in rete con specialisti dei presidi ospedalieri.<\/p>\n<p style=\"text-align: justify;\"><strong>Attenzione alle porte degli ambulatori<\/strong><\/p>\n<p style=\"text-align: justify;\">Nella nuova \u201cCasa della salute\u201d di <strong>Agliana<\/strong>, diverse si aprono sul corridoio e c\u2019\u00e8 chi ha gi\u00e0 preso una botta. Ci siamo recati nella nuova \u201cCasa della salute\u201d in via Curiel, nei locali dell\u2019ex supermercato Coop, verificando, insieme al responsabile sanitario dell\u2019Area distrettuale omogenea, Carmelo Cocivera, che diverse porte degli ambulatori si aprono sul corridoio. <em>&lt;&lt;Il problema \u00e8 stato segnalato da tempo e dovr\u00e0 essere risolto dai tecnici&gt;&gt;<\/em> informa il dottor Cocivera. <em>&lt;&lt;Va ricordato che i lavori di adeguamento dei locali non sono stati effettuati dall\u2019Asl ma da Unicoop. L\u2019Asl ha acquistato chiavi in mano&gt;&gt;<\/em>. Intanto il personale in servizio apre con cautela e avverte gli utenti. <em>&lt;&lt;Ci \u00e8 stato detto di fare attenzione alle porte&gt;&gt;<\/em>, hanno riferito due utenti in sala d\u2019attesa.<\/p>\n<p><a href=\"https:\/\/www.noidiqua.it\/Agliana\/wp-content\/uploads\/2012\/08\/salute-3.png\" rel=\"wp-prettyPhoto[1948]\"><img loading=\"lazy\" decoding=\"async\" class=\"aligncenter size-full wp-image-9024\" src=\"https:\/\/www.noidiqua.it\/Agliana\/wp-content\/uploads\/2012\/08\/salute-3.png\" alt=\"\" width=\"296\" height=\"395\" srcset=\"https:\/\/www.noidiqua.it\/Agliana\/wp-content\/uploads\/2012\/08\/salute-3.png 296w, https:\/\/www.noidiqua.it\/Agliana\/wp-content\/uploads\/2012\/08\/salute-3-225x300.png 225w\" sizes=\"auto, (max-width: 296px) 100vw, 296px\" \/><\/a><\/p>\n<p style=\"text-align: justify;\"><strong>Precisazione Unicoop Firenze<\/strong><\/p>\n<p style=\"text-align: justify;\"><em>In merito alla polemica apparsa sui giornali in questi giorni sull\u2019apertura delle porte del poliambulatorio Casa della salute di Agliana<\/em> scrive Unicoop Firenze nel comunicato inviato alla stampa, <em>desideriamo precisare che nel corso dell\u2019intervento di riadeguamento dei locali dell\u2019ex supermercato, la direzione dei lavori ha preso atto dei desiderata dei tecnici della Asl 3, in quanto \u00e8, per loro stessa fonte autorevole, rispettosa della normativa. Le planimetrie di cantiere infatti, contengono precise annotazioni scritte dal referente tecnico Asl 3 che dispongono la direzionalit\u00e0 di apertura che ha creato cos\u00ec tanti disagi fra gli utenti. In sostanza i lavori di riadeguamento del supermercato di Agliana a poliambulatorio sono stati eseguiti da Unicoop Firenze secondo le indicazioni fornite dai tecnici della Asl 3,\u00a0 compresa la direzionalit\u00e0 di apertura delle porte.<\/em><\/p>","protected":false},"excerpt":{"rendered":"<p>di Piera Salvi agosto 2012 Da luglio \u00e8 attivo il Cup presso la nuova Casa della salute che \u00e8 stata inaugurata nell\u2019ex supermercato Coop. L\u2019edificio, a forma di L e tutto al piano terra, ha una superficie coperta di 966 metri quadri ed \u00e8 costato 2.234.000 euro [&hellip;]<\/p>","protected":false},"author":13,"featured_media":0,"comment_status":"open","ping_status":"open","sticky":false,"template":"","format":"standard","meta":{"footnotes":""},"categories":[2,11],"tags":[37,38,43,50,56,76,84,96,97,108,116],"class_list":["post-1948","post","type-post","status-publish","format-standard","hentry","category-ag","category-fotonotizie-qt","tag-ag-ag","tag-aglianese","tag-asl","tag-casa","tag-coop","tag-fotonotizia","tag-laglianese","tag-noidiqua","tag-noidiqua-laglianese","tag-piera-salvi","tag-salute"],"yoast_head":"<!-- This site is optimized with the Yoast SEO plugin v25.5 - https:\/\/yoast.com\/wordpress\/plugins\/seo\/ -->\n<title>Casa della salute - Noi di Qua Testata giornalistica e di attualit\u00e0 di Agliana, Montale e Quarrata.<\/title>\n<meta name=\"robots\" content=\"index, follow, max-snippet:-1, max-image-preview:large, max-video-preview:-1\" \/>\n<link rel=\"canonical\" href=\"https:\/\/www.noidiqua.it\/Agliana\/casa-della-salute\/\" \/>\n<meta property=\"og:locale\" content=\"it_IT\" \/>\n<meta property=\"og:type\" content=\"article\" \/>\n<meta property=\"og:title\" content=\"Casa della salute - Noi di Qua Testata giornalistica e di attualit\u00e0 di Agliana, Montale e Quarrata.\" \/>\n<meta property=\"og:description\" content=\"di Piera Salvi agosto 2012 Da luglio \u00e8 attivo il Cup presso la nuova Casa della salute che \u00e8 stata inaugurata nell\u2019ex supermercato Coop. L\u2019edificio, a forma di L e tutto al piano terra, ha una superficie coperta di 966 metri quadri ed \u00e8 costato 2.234.000 euro [&hellip;]\" \/>\n<meta property=\"og:url\" content=\"https:\/\/www.noidiqua.it\/Agliana\/casa-della-salute\/\" \/>\n<meta property=\"og:site_name\" content=\"Noi di Qua Testata giornalistica e di attualit\u00e0 di Agliana, Montale e Quarrata.\" \/>\n<meta property=\"article:publisher\" content=\"https:\/\/www.facebook.com\/noidiqua.trimestrale\/\" \/>\n<meta property=\"article:published_time\" content=\"2012-08-19T14:05:31+00:00\" \/>\n<meta property=\"article:modified_time\" content=\"2024-01-22T08:19:39+00:00\" \/>\n<meta property=\"og:image\" content=\"https:\/\/www.noidiqua.it\/Agliana\/wp-content\/uploads\/2012\/08\/salute-1.png\" \/>\n<meta name=\"author\" content=\"Piera Salvi\" \/>\n<meta name=\"twitter:label1\" content=\"Scritto da\" \/>\n\t<meta name=\"twitter:data1\" content=\"Piera Salvi\" \/>\n\t<meta name=\"twitter:label2\" content=\"Tempo di lettura stimato\" \/>\n\t<meta name=\"twitter:data2\" content=\"3 minuti\" \/>\n<script type=\"application\/ld+json\" class=\"yoast-schema-graph\">{\"@context\":\"https:\/\/schema.org\",\"@graph\":[{\"@type\":\"WebPage\",\"@id\":\"https:\/\/www.noidiqua.it\/Agliana\/casa-della-salute\/\",\"url\":\"https:\/\/www.noidiqua.it\/Agliana\/casa-della-salute\/\",\"name\":\"Casa della salute - Noi di Qua Testata giornalistica e di attualit\u00e0 di Agliana, Montale e Quarrata.\",\"isPartOf\":{\"@id\":\"https:\/\/www.noidiqua.it\/Agliana\/#website\"},\"primaryImageOfPage\":{\"@id\":\"https:\/\/www.noidiqua.it\/Agliana\/casa-della-salute\/#primaryimage\"},\"image\":{\"@id\":\"https:\/\/www.noidiqua.it\/Agliana\/casa-della-salute\/#primaryimage\"},\"thumbnailUrl\":\"https:\/\/www.noidiqua.it\/Agliana\/wp-content\/uploads\/2012\/08\/salute-1.png\",\"datePublished\":\"2012-08-19T14:05:31+00:00\",\"dateModified\":\"2024-01-22T08:19:39+00:00\",\"author\":{\"@id\":\"https:\/\/www.noidiqua.it\/Agliana\/#\/schema\/person\/bb7515c2330bb1137f247276096fa7dc\"},\"breadcrumb\":{\"@id\":\"https:\/\/www.noidiqua.it\/Agliana\/casa-della-salute\/#breadcrumb\"},\"inLanguage\":\"it-IT\",\"potentialAction\":[{\"@type\":\"ReadAction\",\"target\":[\"https:\/\/www.noidiqua.it\/Agliana\/casa-della-salute\/\"]}]},{\"@type\":\"ImageObject\",\"inLanguage\":\"it-IT\",\"@id\":\"https:\/\/www.noidiqua.it\/Agliana\/casa-della-salute\/#primaryimage\",\"url\":\"https:\/\/www.noidiqua.it\/Agliana\/wp-content\/uploads\/2012\/08\/salute-1.png\",\"contentUrl\":\"https:\/\/www.noidiqua.it\/Agliana\/wp-content\/uploads\/2012\/08\/salute-1.png\",\"width\":507,\"height\":380},{\"@type\":\"BreadcrumbList\",\"@id\":\"https:\/\/www.noidiqua.it\/Agliana\/casa-della-salute\/#breadcrumb\",\"itemListElement\":[{\"@type\":\"ListItem\",\"position\":1,\"name\":\"Home\",\"item\":\"https:\/\/www.noidiqua.it\/Agliana\/\"},{\"@type\":\"ListItem\",\"position\":2,\"name\":\"Casa della salute\"}]},{\"@type\":\"WebSite\",\"@id\":\"https:\/\/www.noidiqua.it\/Agliana\/#website\",\"url\":\"https:\/\/www.noidiqua.it\/Agliana\/\",\"name\":\"Noi di Qua Testata giornalistica e di attualit\u00e0 di Agliana, Montale e Quarrata.\",\"description\":\"Testata Giornalistica Quarrata Montale Agliana\",\"potentialAction\":[{\"@type\":\"SearchAction\",\"target\":{\"@type\":\"EntryPoint\",\"urlTemplate\":\"https:\/\/www.noidiqua.it\/Agliana\/?s={search_term_string}\"},\"query-input\":{\"@type\":\"PropertyValueSpecification\",\"valueRequired\":true,\"valueName\":\"search_term_string\"}}],\"inLanguage\":\"it-IT\"},{\"@type\":\"Person\",\"@id\":\"https:\/\/www.noidiqua.it\/Agliana\/#\/schema\/person\/bb7515c2330bb1137f247276096fa7dc\",\"name\":\"Piera Salvi\",\"image\":{\"@type\":\"ImageObject\",\"inLanguage\":\"it-IT\",\"@id\":\"https:\/\/www.noidiqua.it\/Agliana\/#\/schema\/person\/image\/\",\"url\":\"https:\/\/secure.gravatar.com\/avatar\/2f9b1fb6e13f3b3e63bde435d999a73be036e320f7a0f5f32f9ac21859d999cd?s=96&d=mm&r=g\",\"contentUrl\":\"https:\/\/secure.gravatar.com\/avatar\/2f9b1fb6e13f3b3e63bde435d999a73be036e320f7a0f5f32f9ac21859d999cd?s=96&d=mm&r=g\",\"caption\":\"Piera Salvi\"},\"url\":\"https:\/\/www.noidiqua.it\/Agliana\/author\/piera-salvi\/\"}]}<\/script>\n<!-- \/ Yoast SEO plugin. -->","yoast_head_json":{"title":"Casa della salute - Noi di Qua Testata giornalistica e di attualit\u00e0 di Agliana, Montale e Quarrata.","robots":{"index":"index","follow":"follow","max-snippet":"max-snippet:-1","max-image-preview":"max-image-preview:large","max-video-preview":"max-video-preview:-1"},"canonical":"https:\/\/www.noidiqua.it\/Agliana\/casa-della-salute\/","og_locale":"it_IT","og_type":"article","og_title":"Casa della salute - Noi di Qua Testata giornalistica e di attualit\u00e0 di Agliana, Montale e Quarrata.","og_description":"di Piera Salvi agosto 2012 Da luglio \u00e8 attivo il Cup presso la nuova Casa della salute che \u00e8 stata inaugurata nell\u2019ex supermercato Coop. L\u2019edificio, a forma di L e tutto al piano terra, ha una superficie coperta di 966 metri quadri ed \u00e8 costato 2.234.000 euro [&hellip;]","og_url":"https:\/\/www.noidiqua.it\/Agliana\/casa-della-salute\/","og_site_name":"Noi di Qua Testata giornalistica e di attualit\u00e0 di Agliana, Montale e Quarrata.","article_publisher":"https:\/\/www.facebook.com\/noidiqua.trimestrale\/","article_published_time":"2012-08-19T14:05:31+00:00","article_modified_time":"2024-01-22T08:19:39+00:00","og_image":[{"url":"https:\/\/www.noidiqua.it\/Agliana\/wp-content\/uploads\/2012\/08\/salute-1.png","type":"","width":"","height":""}],"author":"Piera Salvi","twitter_misc":{"Scritto da":"Piera Salvi","Tempo di lettura stimato":"3 minuti"},"schema":{"@context":"https:\/\/schema.org","@graph":[{"@type":"WebPage","@id":"https:\/\/www.noidiqua.it\/Agliana\/casa-della-salute\/","url":"https:\/\/www.noidiqua.it\/Agliana\/casa-della-salute\/","name":"Casa della salute - Noi di Qua Testata giornalistica e di attualit\u00e0 di Agliana, Montale e Quarrata.","isPartOf":{"@id":"https:\/\/www.noidiqua.it\/Agliana\/#website"},"primaryImageOfPage":{"@id":"https:\/\/www.noidiqua.it\/Agliana\/casa-della-salute\/#primaryimage"},"image":{"@id":"https:\/\/www.noidiqua.it\/Agliana\/casa-della-salute\/#primaryimage"},"thumbnailUrl":"https:\/\/www.noidiqua.it\/Agliana\/wp-content\/uploads\/2012\/08\/salute-1.png","datePublished":"2012-08-19T14:05:31+00:00","dateModified":"2024-01-22T08:19:39+00:00","author":{"@id":"https:\/\/www.noidiqua.it\/Agliana\/#\/schema\/person\/bb7515c2330bb1137f247276096fa7dc"},"breadcrumb":{"@id":"https:\/\/www.noidiqua.it\/Agliana\/casa-della-salute\/#breadcrumb"},"inLanguage":"it-IT","potentialAction":[{"@type":"ReadAction","target":["https:\/\/www.noidiqua.it\/Agliana\/casa-della-salute\/"]}]},{"@type":"ImageObject","inLanguage":"it-IT","@id":"https:\/\/www.noidiqua.it\/Agliana\/casa-della-salute\/#primaryimage","url":"https:\/\/www.noidiqua.it\/Agliana\/wp-content\/uploads\/2012\/08\/salute-1.png","contentUrl":"https:\/\/www.noidiqua.it\/Agliana\/wp-content\/uploads\/2012\/08\/salute-1.png","width":507,"height":380},{"@type":"BreadcrumbList","@id":"https:\/\/www.noidiqua.it\/Agliana\/casa-della-salute\/#breadcrumb","itemListElement":[{"@type":"ListItem","position":1,"name":"Home","item":"https:\/\/www.noidiqua.it\/Agliana\/"},{"@type":"ListItem","position":2,"name":"Casa della salute"}]},{"@type":"WebSite","@id":"https:\/\/www.noidiqua.it\/Agliana\/#website","url":"https:\/\/www.noidiqua.it\/Agliana\/","name":"Noi di Qua Testata giornalistica e di attualit\u00e0 di Agliana, Montale e Quarrata.","description":"Testata Giornalistica Quarrata Montale Agliana","potentialAction":[{"@type":"SearchAction","target":{"@type":"EntryPoint","urlTemplate":"https:\/\/www.noidiqua.it\/Agliana\/?s={search_term_string}"},"query-input":{"@type":"PropertyValueSpecification","valueRequired":true,"valueName":"search_term_string"}}],"inLanguage":"it-IT"},{"@type":"Person","@id":"https:\/\/www.noidiqua.it\/Agliana\/#\/schema\/person\/bb7515c2330bb1137f247276096fa7dc","name":"Piera Salvi","image":{"@type":"ImageObject","inLanguage":"it-IT","@id":"https:\/\/www.noidiqua.it\/Agliana\/#\/schema\/person\/image\/","url":"https:\/\/secure.gravatar.com\/avatar\/2f9b1fb6e13f3b3e63bde435d999a73be036e320f7a0f5f32f9ac21859d999cd?s=96&d=mm&r=g","contentUrl":"https:\/\/secure.gravatar.com\/avatar\/2f9b1fb6e13f3b3e63bde435d999a73be036e320f7a0f5f32f9ac21859d999cd?s=96&d=mm&r=g","caption":"Piera Salvi"},"url":"https:\/\/www.noidiqua.it\/Agliana\/author\/piera-salvi\/"}]}},"_links":{"self":[{"href":"https:\/\/www.noidiqua.it\/Agliana\/wp-json\/wp\/v2\/posts\/1948","targetHints":{"allow":["GET"]}}],"collection":[{"href":"https:\/\/www.noidiqua.it\/Agliana\/wp-json\/wp\/v2\/posts"}],"about":[{"href":"https:\/\/www.noidiqua.it\/Agliana\/wp-json\/wp\/v2\/types\/post"}],"author":[{"embeddable":true,"href":"https:\/\/www.noidiqua.it\/Agliana\/wp-json\/wp\/v2\/users\/13"}],"replies":[{"embeddable":true,"href":"https:\/\/www.noidiqua.it\/Agliana\/wp-json\/wp\/v2\/comments?post=1948"}],"version-history":[{"count":4,"href":"https:\/\/www.noidiqua.it\/Agliana\/wp-json\/wp\/v2\/posts\/1948\/revisions"}],"predecessor-version":[{"id":9025,"href":"https:\/\/www.noidiqua.it\/Agliana\/wp-json\/wp\/v2\/posts\/1948\/revisions\/9025"}],"wp:attachment":[{"href":"https:\/\/www.noidiqua.it\/Agliana\/wp-json\/wp\/v2\/media?parent=1948"}],"wp:term":[{"taxonomy":"category","embeddable":true,"href":"https:\/\/www.noidiqua.it\/Agliana\/wp-json\/wp\/v2\/categories?post=1948"},{"taxonomy":"post_tag","embeddable":true,"href":"https:\/\/www.noidiqua.it\/Agliana\/wp-json\/wp\/v2\/tags?post=1948"}],"curies":[{"name":"wp","href":"https:\/\/api.w.org\/{rel}","templated":true}]}}