{"id":2005,"date":"2012-11-09T17:12:11","date_gmt":"2012-11-09T17:12:11","guid":{"rendered":"https:\/\/www.noidiqua.it\/Agliana\/?p=2005"},"modified":"2023-02-08T10:34:57","modified_gmt":"2023-02-08T09:34:57","slug":"maurizio-fedi-musicista","status":"publish","type":"post","link":"https:\/\/www.noidiqua.it\/Agliana\/maurizio-fedi-musicista\/","title":{"rendered":"Maurizio Fedi &#8211; musicista"},"content":{"rendered":"<div style=\"text-align: justify;\">\n<p style=\"text-align: justify;\"><em>di Marco Bagnoli<\/em><\/p>\n<div style=\"text-align: justify;\"><em>dicembre 2012<\/em><\/div>\n<\/div>\n<div><\/div>\n<div><a href=\"https:\/\/www.noidiqua.it\/Agliana\/wp-content\/uploads\/2012\/11\/fedi-1.png\" rel=\"wp-prettyPhoto[2005]\"><img loading=\"lazy\" decoding=\"async\" class=\"aligncenter size-full wp-image-8274\" src=\"https:\/\/www.noidiqua.it\/Agliana\/wp-content\/uploads\/2012\/11\/fedi-1.png\" alt=\"\" width=\"501\" height=\"421\" srcset=\"https:\/\/www.noidiqua.it\/Agliana\/wp-content\/uploads\/2012\/11\/fedi-1.png 501w, https:\/\/www.noidiqua.it\/Agliana\/wp-content\/uploads\/2012\/11\/fedi-1-300x252.png 300w\" sizes=\"auto, (max-width: 501px) 100vw, 501px\" \/><\/a><\/div>\n<div style=\"text-align: justify;\"><\/div>\n<div>\n<p class=\"p1\">Facciamo la conoscenza di Maurizio Fedi, un sampierano DOC che si \u00e8 fatto apprezzare da un capo a l\u2019altro del globo, eppure preferisce l\u2019Italia: ora ci spiega perch\u00e9.<\/p>\n<p>&nbsp;<\/p>\n<\/div>\n<p class=\"p1\"><strong><span class=\"s1\">I<\/span><\/strong><span class=\"s1\"><b>n che modo \u00e8 cominciata la tua avventura con la musica? Qualcun altro in casa suonava uno strumento?<\/b><\/span><\/p>\n<p class=\"p2\"><span class=\"s1\"><i>No, semplicemente alle medie, qui a Agliana, il mio insegnante di musica mi consigli\u00f2 di proseguire gli studi al conservatorio, perch\u00e9 secondo lui ero portato \u2013 cos\u00ec ho seguito il consiglio; ma mio padre, anche se era un appassionato di musica lirica non la prese bene. A lui, che era contadino, gli sembrava qualcosa di poco pratico, che non garantiva nulla di concreto. Per i primi cinque anni ho avuto a che fare con una certa diffidenza da parte sua<\/i>.<\/span><\/p>\n<p class=\"p2\"><span class=\"s1\"><b>So che sei passato dal flauto dolce \u201cd\u2019ordinanza\u201d a qualcosa di pi\u00f9 convincente, il fagotto.<\/b><\/span><\/p>\n<p class=\"p2\"><span class=\"s1\"><i>S\u00ec, per un mio gusto personale e per i suoni caldi, nonostante tutti gli strumenti siano ugualmente belli; in pi\u00f9 c\u2019era anche una certa curiosit\u00e0 in quanto allora era uno strumento poco conosciuto, cos\u00ec come oggi. In genere si pensa sia uno strumento d\u2019accompagnamento, invece non \u00e8 cos\u00ec, in ambito orchestrale ha pi\u00f9 di quattrocento soli importanti, dalla \u201cSagra della primavera\u201d di Stravinskij, ai 36 concerti di Vivaldi; certo non quanto quelli per violino, ma resta comunque uno strumento importante, solista, fa la parte dei bassi ed esegue l\u2019armonia, quindi\u2026<\/i><\/span><\/p>\n<p class=\"p2\"><span class=\"s1\"><b>E in ogni caso lo studio e l\u2019attenzione che ci sono dietro sono uguali per tutti.<\/b><\/span><\/p>\n<p class=\"p2\"><span class=\"s1\"><i>Il fagotto sono sette anni di conservatorio; e poi, essendo meno praticato, le opportunit\u00e0 lavorative sono maggiori; il solo inconveniente, oggi come allora, \u00e8 il costo. Un buon fagotto professionale parte dai 15.000 euro, mentre uno da studente va sui 3.000, per questo le scuole di musica lo mettono a disposizione degli allievi, come alla Mabellini di Pistoia, dove ho studiato e dove adesso insegno, in modo da non mettere in difficolt\u00e0 la famiglia.<\/i><\/span><\/p>\n<p><a href=\"https:\/\/www.noidiqua.it\/Agliana\/wp-content\/uploads\/2012\/11\/fedi-2.png\" rel=\"wp-prettyPhoto[2005]\"><img loading=\"lazy\" decoding=\"async\" class=\"aligncenter size-full wp-image-8275\" src=\"https:\/\/www.noidiqua.it\/Agliana\/wp-content\/uploads\/2012\/11\/fedi-2.png\" alt=\"\" width=\"503\" height=\"365\" srcset=\"https:\/\/www.noidiqua.it\/Agliana\/wp-content\/uploads\/2012\/11\/fedi-2.png 503w, https:\/\/www.noidiqua.it\/Agliana\/wp-content\/uploads\/2012\/11\/fedi-2-300x218.png 300w\" sizes=\"auto, (max-width: 503px) 100vw, 503px\" \/><\/a><\/p>\n<p class=\"p2\"><span class=\"s1\"><b>Sei nato nel 1969, a che et\u00e0 hai cominciato a suonare il fagotto?<\/b><\/span><\/p>\n<p class=\"p2\"><span class=\"s1\"><i>Nell\u201984, a quattordici anni, e mi sono diplomato nel \u201990; poi ho fatto due anni di perfezionamento a Roma, con un maestro, privatamente, e poi un anno all\u2019Accademia di Vienna, con Turcovich. La mia carriera \u00e8 cominciata con la musica da camera, gi\u00e0 nel 1991 sono andato a fare il mio primo concerto in Giappone, fino al \u201998; mi piaceva molto la musica da camera, perch\u00e9 un quintetto pu\u00f2 scegliersi i pezzi molto pi\u00f9 agevolmente di uno strumentista inserito in un\u2019orchestra, dove la parte ti viene assegnata ed \u00e8 quella, solo che con la musica da camera in Italia non ci vivi, ti devi appoggiare all\u2019estero: in Giappone volendo ci riesci.<\/i><\/span><\/p>\n<p class=\"p2\"><span class=\"s1\"><b>La pi\u00f9 belle soddisfazione?<\/b><\/span><\/p>\n<p class=\"p2\"><span class=\"s1\"><i>Quando abbiamo suonato in Giappone, al palazzo imperiale per l\u2019imperatore e l\u2019imperatrice che ci avevano invitato per contraccambiare la loro visita in Italia del \u201993, quando incontrarono lo scultore<\/i> <i>Vivarelli che aveva realizzato \u201cl\u2019Inno alla vita\u201d, inserito nel memoriale di Nagasaki.<\/i><\/span><\/p>\n<p class=\"p2\"><span class=\"s1\"><b>Davvero una bella soddisfazione!<\/b><\/span><\/p>\n<p class=\"p2\"><span class=\"s1\"><i>S\u00ec e anche mio padre cominci\u00f2 a essere un po\u2019 pi\u00f9 tranquillo, vedendo che comunque c\u2019erano queste opportunit\u00e0 lavorative.<\/i><\/span><\/p>\n<p class=\"p2\"><span class=\"s1\"><b>Hai girato il mondo, eppure dici di non poter stare lontano dall\u2019Italia, perch\u00e9?<\/b><\/span><\/p>\n<p class=\"p2\"><span class=\"s1\"><i>Quello che trovi all\u2019estero \u00e8 l\u2019opportunit\u00e0 di poter vivere con quella che \u00e8 la tua passione e il tuo lavoro, la musica: al di l\u00e0 degli stipendi, che sono tranquillamente il doppio di quelli che abbiamo qua, \u00e8 soprattutto l\u2019attenzione per la musica classica che hanno all\u2019estero. Addirittura in Argentina, all\u2019epoca della crisi che la colp\u00ec, i teatri erano pieni, e quando distribuivamo fuori del teatro i biglietti omaggio che noi musicisti avevamo a disposizione, vedevamo che c\u2019era un attento interesso e conoscenza del repertorio; non parliamo poi dei paesi di lingua tedesca, dove l\u2019insegnamento della musica \u00e8 inserito nelle scuole, o anche in Inghilterra, dove comunque tutti suonano uno strumento, magari anche solo a livello amatoriale.<\/i><\/span><\/p>\n<p><a href=\"https:\/\/www.noidiqua.it\/Agliana\/wp-content\/uploads\/2012\/11\/fedi-3.png\" rel=\"wp-prettyPhoto[2005]\"><img loading=\"lazy\" decoding=\"async\" class=\"aligncenter size-full wp-image-8276\" src=\"https:\/\/www.noidiqua.it\/Agliana\/wp-content\/uploads\/2012\/11\/fedi-3.png\" alt=\"\" width=\"509\" height=\"339\" srcset=\"https:\/\/www.noidiqua.it\/Agliana\/wp-content\/uploads\/2012\/11\/fedi-3.png 509w, https:\/\/www.noidiqua.it\/Agliana\/wp-content\/uploads\/2012\/11\/fedi-3-300x200.png 300w\" sizes=\"auto, (max-width: 509px) 100vw, 509px\" \/><\/a><\/p>\n<p class=\"p2\"><span class=\"s1\"><b>E allora che ci stai a fare qua?<\/b><\/span><\/p>\n<p class=\"p2\"><span class=\"s1\"><i>A parte che nel 2009 ho conosciuto mia moglie, e adesso ho un bimbo di sedici mesi; il fatto \u00e8 che, almeno per me, la musica non \u00e8 tutto: dopo lo studio, dopo le prove e l\u2019esibizione mi piace staccare, pensare ad altro e mi sono reso conto che la qualit\u00e0 della vita in giro per il mondo risente molto dei fattori climatici, ambientali, della cucina, ma anche del fatto di ritrovarsi alla sera da solo in una stanza d\u2019albergo, per non parlare dello stress. Io non potrei vivere neanche in una grande citt\u00e0 come Roma; infatti all\u2019epoca, prima di trasferirmici, ho sempre fatto la spola con l\u2019eurostar e i mie colleghi mi dicevano che comunque ci mettevo meno tempo di quello che serviva a loro per attraversare la citt\u00e0.<\/i><\/span><\/p>","protected":false},"excerpt":{"rendered":"<p>di Marco Bagnoli dicembre 2012 Facciamo la conoscenza di Maurizio Fedi, un sampierano DOC che si \u00e8 fatto apprezzare da un capo a l\u2019altro del globo, eppure preferisce l\u2019Italia: ora ci spiega perch\u00e9. &nbsp; In che modo \u00e8 cominciata la tua avventura con la musica? Qualcun altro [&hellip;]<\/p>","protected":false},"author":3,"featured_media":0,"comment_status":"open","ping_status":"open","sticky":false,"template":"","format":"standard","meta":{"footnotes":""},"categories":[2,145],"tags":[37,38,79,84,1446,94,1447,96,97,124],"class_list":["post-2005","post","type-post","status-publish","format-standard","hentry","category-ag","category-che-spettacolo-ag","tag-ag-ag","tag-aglianese","tag-gente-di-qua","tag-laglianese","tag-maurizio-fedi","tag-musica","tag-musicista","tag-noidiqua","tag-noidiqua-laglianese","tag-spettacolo"],"yoast_head":"<!-- This site is optimized with the Yoast SEO plugin v25.5 - https:\/\/yoast.com\/wordpress\/plugins\/seo\/ -->\n<title>Maurizio Fedi - musicista - Noi di Qua Testata giornalistica e di attualit\u00e0 di Agliana, Montale e Quarrata.<\/title>\n<meta name=\"robots\" content=\"index, follow, max-snippet:-1, max-image-preview:large, max-video-preview:-1\" \/>\n<link rel=\"canonical\" href=\"https:\/\/www.noidiqua.it\/Agliana\/maurizio-fedi-musicista\/\" \/>\n<meta property=\"og:locale\" content=\"it_IT\" \/>\n<meta property=\"og:type\" content=\"article\" \/>\n<meta property=\"og:title\" content=\"Maurizio Fedi - musicista - Noi di Qua Testata giornalistica e di attualit\u00e0 di Agliana, Montale e Quarrata.\" \/>\n<meta property=\"og:description\" content=\"di Marco Bagnoli dicembre 2012 Facciamo la conoscenza di Maurizio Fedi, un sampierano DOC che si \u00e8 fatto apprezzare da un capo a l\u2019altro del globo, eppure preferisce l\u2019Italia: ora ci spiega perch\u00e9. &nbsp; In che modo \u00e8 cominciata la tua avventura con la musica? Qualcun altro [&hellip;]\" \/>\n<meta property=\"og:url\" content=\"https:\/\/www.noidiqua.it\/Agliana\/maurizio-fedi-musicista\/\" \/>\n<meta property=\"og:site_name\" content=\"Noi di Qua Testata giornalistica e di attualit\u00e0 di Agliana, Montale e Quarrata.\" \/>\n<meta property=\"article:publisher\" content=\"https:\/\/www.facebook.com\/noidiqua.trimestrale\/\" \/>\n<meta property=\"article:published_time\" content=\"2012-11-09T17:12:11+00:00\" \/>\n<meta property=\"article:modified_time\" content=\"2023-02-08T09:34:57+00:00\" \/>\n<meta property=\"og:image\" content=\"https:\/\/www.noidiqua.it\/Agliana\/wp-content\/uploads\/2012\/11\/fedi-1.png\" \/>\n<meta name=\"author\" content=\"Marco Bagnoli\" \/>\n<meta name=\"twitter:label1\" content=\"Scritto da\" \/>\n\t<meta name=\"twitter:data1\" content=\"Marco Bagnoli\" \/>\n\t<meta name=\"twitter:label2\" content=\"Tempo di lettura stimato\" \/>\n\t<meta name=\"twitter:data2\" content=\"5 minuti\" \/>\n<script type=\"application\/ld+json\" class=\"yoast-schema-graph\">{\"@context\":\"https:\/\/schema.org\",\"@graph\":[{\"@type\":\"WebPage\",\"@id\":\"https:\/\/www.noidiqua.it\/Agliana\/maurizio-fedi-musicista\/\",\"url\":\"https:\/\/www.noidiqua.it\/Agliana\/maurizio-fedi-musicista\/\",\"name\":\"Maurizio Fedi - musicista - Noi di Qua Testata giornalistica e di attualit\u00e0 di Agliana, Montale e Quarrata.\",\"isPartOf\":{\"@id\":\"https:\/\/www.noidiqua.it\/Agliana\/#website\"},\"primaryImageOfPage\":{\"@id\":\"https:\/\/www.noidiqua.it\/Agliana\/maurizio-fedi-musicista\/#primaryimage\"},\"image\":{\"@id\":\"https:\/\/www.noidiqua.it\/Agliana\/maurizio-fedi-musicista\/#primaryimage\"},\"thumbnailUrl\":\"https:\/\/www.noidiqua.it\/Agliana\/wp-content\/uploads\/2012\/11\/fedi-1.png\",\"datePublished\":\"2012-11-09T17:12:11+00:00\",\"dateModified\":\"2023-02-08T09:34:57+00:00\",\"author\":{\"@id\":\"https:\/\/www.noidiqua.it\/Agliana\/#\/schema\/person\/4e183cb0c6d7951e716a876aa702e1a2\"},\"breadcrumb\":{\"@id\":\"https:\/\/www.noidiqua.it\/Agliana\/maurizio-fedi-musicista\/#breadcrumb\"},\"inLanguage\":\"it-IT\",\"potentialAction\":[{\"@type\":\"ReadAction\",\"target\":[\"https:\/\/www.noidiqua.it\/Agliana\/maurizio-fedi-musicista\/\"]}]},{\"@type\":\"ImageObject\",\"inLanguage\":\"it-IT\",\"@id\":\"https:\/\/www.noidiqua.it\/Agliana\/maurizio-fedi-musicista\/#primaryimage\",\"url\":\"https:\/\/www.noidiqua.it\/Agliana\/wp-content\/uploads\/2012\/11\/fedi-1.png\",\"contentUrl\":\"https:\/\/www.noidiqua.it\/Agliana\/wp-content\/uploads\/2012\/11\/fedi-1.png\",\"width\":501,\"height\":421},{\"@type\":\"BreadcrumbList\",\"@id\":\"https:\/\/www.noidiqua.it\/Agliana\/maurizio-fedi-musicista\/#breadcrumb\",\"itemListElement\":[{\"@type\":\"ListItem\",\"position\":1,\"name\":\"Home\",\"item\":\"https:\/\/www.noidiqua.it\/Agliana\/\"},{\"@type\":\"ListItem\",\"position\":2,\"name\":\"Maurizio Fedi &#8211; musicista\"}]},{\"@type\":\"WebSite\",\"@id\":\"https:\/\/www.noidiqua.it\/Agliana\/#website\",\"url\":\"https:\/\/www.noidiqua.it\/Agliana\/\",\"name\":\"Noi di Qua Testata giornalistica e di attualit\u00e0 di Agliana, Montale e Quarrata.\",\"description\":\"Testata Giornalistica Quarrata Montale Agliana\",\"potentialAction\":[{\"@type\":\"SearchAction\",\"target\":{\"@type\":\"EntryPoint\",\"urlTemplate\":\"https:\/\/www.noidiqua.it\/Agliana\/?s={search_term_string}\"},\"query-input\":{\"@type\":\"PropertyValueSpecification\",\"valueRequired\":true,\"valueName\":\"search_term_string\"}}],\"inLanguage\":\"it-IT\"},{\"@type\":\"Person\",\"@id\":\"https:\/\/www.noidiqua.it\/Agliana\/#\/schema\/person\/4e183cb0c6d7951e716a876aa702e1a2\",\"name\":\"Marco Bagnoli\",\"image\":{\"@type\":\"ImageObject\",\"inLanguage\":\"it-IT\",\"@id\":\"https:\/\/www.noidiqua.it\/Agliana\/#\/schema\/person\/image\/\",\"url\":\"https:\/\/secure.gravatar.com\/avatar\/73ace53724c50db9c48af54756f17b7cdb015a9d8d2c08c7e04e480539a94eee?s=96&d=mm&r=g\",\"contentUrl\":\"https:\/\/secure.gravatar.com\/avatar\/73ace53724c50db9c48af54756f17b7cdb015a9d8d2c08c7e04e480539a94eee?s=96&d=mm&r=g\",\"caption\":\"Marco Bagnoli\"},\"url\":\"https:\/\/www.noidiqua.it\/Agliana\/author\/marco-bagnoli\/\"}]}<\/script>\n<!-- \/ Yoast SEO plugin. -->","yoast_head_json":{"title":"Maurizio Fedi - musicista - Noi di Qua Testata giornalistica e di attualit\u00e0 di Agliana, Montale e Quarrata.","robots":{"index":"index","follow":"follow","max-snippet":"max-snippet:-1","max-image-preview":"max-image-preview:large","max-video-preview":"max-video-preview:-1"},"canonical":"https:\/\/www.noidiqua.it\/Agliana\/maurizio-fedi-musicista\/","og_locale":"it_IT","og_type":"article","og_title":"Maurizio Fedi - musicista - Noi di Qua Testata giornalistica e di attualit\u00e0 di Agliana, Montale e Quarrata.","og_description":"di Marco Bagnoli dicembre 2012 Facciamo la conoscenza di Maurizio Fedi, un sampierano DOC che si \u00e8 fatto apprezzare da un capo a l\u2019altro del globo, eppure preferisce l\u2019Italia: ora ci spiega perch\u00e9. &nbsp; In che modo \u00e8 cominciata la tua avventura con la musica? Qualcun altro [&hellip;]","og_url":"https:\/\/www.noidiqua.it\/Agliana\/maurizio-fedi-musicista\/","og_site_name":"Noi di Qua Testata giornalistica e di attualit\u00e0 di Agliana, Montale e Quarrata.","article_publisher":"https:\/\/www.facebook.com\/noidiqua.trimestrale\/","article_published_time":"2012-11-09T17:12:11+00:00","article_modified_time":"2023-02-08T09:34:57+00:00","og_image":[{"url":"https:\/\/www.noidiqua.it\/Agliana\/wp-content\/uploads\/2012\/11\/fedi-1.png","type":"","width":"","height":""}],"author":"Marco Bagnoli","twitter_misc":{"Scritto da":"Marco Bagnoli","Tempo di lettura stimato":"5 minuti"},"schema":{"@context":"https:\/\/schema.org","@graph":[{"@type":"WebPage","@id":"https:\/\/www.noidiqua.it\/Agliana\/maurizio-fedi-musicista\/","url":"https:\/\/www.noidiqua.it\/Agliana\/maurizio-fedi-musicista\/","name":"Maurizio Fedi - musicista - Noi di Qua Testata giornalistica e di attualit\u00e0 di Agliana, Montale e Quarrata.","isPartOf":{"@id":"https:\/\/www.noidiqua.it\/Agliana\/#website"},"primaryImageOfPage":{"@id":"https:\/\/www.noidiqua.it\/Agliana\/maurizio-fedi-musicista\/#primaryimage"},"image":{"@id":"https:\/\/www.noidiqua.it\/Agliana\/maurizio-fedi-musicista\/#primaryimage"},"thumbnailUrl":"https:\/\/www.noidiqua.it\/Agliana\/wp-content\/uploads\/2012\/11\/fedi-1.png","datePublished":"2012-11-09T17:12:11+00:00","dateModified":"2023-02-08T09:34:57+00:00","author":{"@id":"https:\/\/www.noidiqua.it\/Agliana\/#\/schema\/person\/4e183cb0c6d7951e716a876aa702e1a2"},"breadcrumb":{"@id":"https:\/\/www.noidiqua.it\/Agliana\/maurizio-fedi-musicista\/#breadcrumb"},"inLanguage":"it-IT","potentialAction":[{"@type":"ReadAction","target":["https:\/\/www.noidiqua.it\/Agliana\/maurizio-fedi-musicista\/"]}]},{"@type":"ImageObject","inLanguage":"it-IT","@id":"https:\/\/www.noidiqua.it\/Agliana\/maurizio-fedi-musicista\/#primaryimage","url":"https:\/\/www.noidiqua.it\/Agliana\/wp-content\/uploads\/2012\/11\/fedi-1.png","contentUrl":"https:\/\/www.noidiqua.it\/Agliana\/wp-content\/uploads\/2012\/11\/fedi-1.png","width":501,"height":421},{"@type":"BreadcrumbList","@id":"https:\/\/www.noidiqua.it\/Agliana\/maurizio-fedi-musicista\/#breadcrumb","itemListElement":[{"@type":"ListItem","position":1,"name":"Home","item":"https:\/\/www.noidiqua.it\/Agliana\/"},{"@type":"ListItem","position":2,"name":"Maurizio Fedi &#8211; musicista"}]},{"@type":"WebSite","@id":"https:\/\/www.noidiqua.it\/Agliana\/#website","url":"https:\/\/www.noidiqua.it\/Agliana\/","name":"Noi di Qua Testata giornalistica e di attualit\u00e0 di Agliana, Montale e Quarrata.","description":"Testata Giornalistica Quarrata Montale Agliana","potentialAction":[{"@type":"SearchAction","target":{"@type":"EntryPoint","urlTemplate":"https:\/\/www.noidiqua.it\/Agliana\/?s={search_term_string}"},"query-input":{"@type":"PropertyValueSpecification","valueRequired":true,"valueName":"search_term_string"}}],"inLanguage":"it-IT"},{"@type":"Person","@id":"https:\/\/www.noidiqua.it\/Agliana\/#\/schema\/person\/4e183cb0c6d7951e716a876aa702e1a2","name":"Marco Bagnoli","image":{"@type":"ImageObject","inLanguage":"it-IT","@id":"https:\/\/www.noidiqua.it\/Agliana\/#\/schema\/person\/image\/","url":"https:\/\/secure.gravatar.com\/avatar\/73ace53724c50db9c48af54756f17b7cdb015a9d8d2c08c7e04e480539a94eee?s=96&d=mm&r=g","contentUrl":"https:\/\/secure.gravatar.com\/avatar\/73ace53724c50db9c48af54756f17b7cdb015a9d8d2c08c7e04e480539a94eee?s=96&d=mm&r=g","caption":"Marco Bagnoli"},"url":"https:\/\/www.noidiqua.it\/Agliana\/author\/marco-bagnoli\/"}]}},"_links":{"self":[{"href":"https:\/\/www.noidiqua.it\/Agliana\/wp-json\/wp\/v2\/posts\/2005","targetHints":{"allow":["GET"]}}],"collection":[{"href":"https:\/\/www.noidiqua.it\/Agliana\/wp-json\/wp\/v2\/posts"}],"about":[{"href":"https:\/\/www.noidiqua.it\/Agliana\/wp-json\/wp\/v2\/types\/post"}],"author":[{"embeddable":true,"href":"https:\/\/www.noidiqua.it\/Agliana\/wp-json\/wp\/v2\/users\/3"}],"replies":[{"embeddable":true,"href":"https:\/\/www.noidiqua.it\/Agliana\/wp-json\/wp\/v2\/comments?post=2005"}],"version-history":[{"count":7,"href":"https:\/\/www.noidiqua.it\/Agliana\/wp-json\/wp\/v2\/posts\/2005\/revisions"}],"predecessor-version":[{"id":8277,"href":"https:\/\/www.noidiqua.it\/Agliana\/wp-json\/wp\/v2\/posts\/2005\/revisions\/8277"}],"wp:attachment":[{"href":"https:\/\/www.noidiqua.it\/Agliana\/wp-json\/wp\/v2\/media?parent=2005"}],"wp:term":[{"taxonomy":"category","embeddable":true,"href":"https:\/\/www.noidiqua.it\/Agliana\/wp-json\/wp\/v2\/categories?post=2005"},{"taxonomy":"post_tag","embeddable":true,"href":"https:\/\/www.noidiqua.it\/Agliana\/wp-json\/wp\/v2\/tags?post=2005"}],"curies":[{"name":"wp","href":"https:\/\/api.w.org\/{rel}","templated":true}]}}