{"id":2021,"date":"2012-11-09T17:40:44","date_gmt":"2012-11-09T17:40:44","guid":{"rendered":"https:\/\/www.noidiqua.it\/Agliana\/?p=2021"},"modified":"2023-02-08T10:39:37","modified_gmt":"2023-02-08T09:39:37","slug":"fabrizio-e-josephine-in-gara-contro-la-sclerosi-multipla","status":"publish","type":"post","link":"https:\/\/www.noidiqua.it\/Agliana\/fabrizio-e-josephine-in-gara-contro-la-sclerosi-multipla\/","title":{"rendered":"Fabrizio e Josephine &#8211; in gara contro la sclerosi multipla"},"content":{"rendered":"<p style=\"text-align: justify;\"><em>di Piera Salvi<br \/>\n<\/em><\/p>\n<p style=\"text-align: justify;\"><em>dicembre 2012<\/em><\/p>\n<p><a href=\"https:\/\/www.noidiqua.it\/Agliana\/wp-content\/uploads\/2012\/11\/fabrizio-e-josephine-2.png\" rel=\"wp-prettyPhoto[2021]\"><img loading=\"lazy\" decoding=\"async\" class=\"aligncenter size-full wp-image-8278\" src=\"https:\/\/www.noidiqua.it\/Agliana\/wp-content\/uploads\/2012\/11\/fabrizio-e-josephine-2.png\" alt=\"\" width=\"504\" height=\"388\" srcset=\"https:\/\/www.noidiqua.it\/Agliana\/wp-content\/uploads\/2012\/11\/fabrizio-e-josephine-2.png 504w, https:\/\/www.noidiqua.it\/Agliana\/wp-content\/uploads\/2012\/11\/fabrizio-e-josephine-2-300x231.png 300w\" sizes=\"auto, (max-width: 504px) 100vw, 504px\" \/><\/a><\/p>\n<p>Lottano entrambi contro la sclerosi multipla e domenica 4 novembre hanno tagliato insieme il traguardo della <strong>\u201cMaratonina de\u2019 6 ponti\u201d<\/strong> di <strong>Agliana<\/strong> per lanciare un doppio messaggio: invitare le persone colpite dalla stessa patologia a reagire, sollecitare il sistema sanitario nazionale e le istituzioni pubbliche ad una maggiore attenzione, in particolare per favorire terapie alternative e opportunit\u00e0 di lavoro a chi \u00e8 stato colpito dalla sclerosi multipla. Alla \u201cMaratonina\u201d (manifestazione con partenza e arrivo al circolo Scintilla) quest\u2019anno ha partecipato <strong>Fabrizio Vignali<\/strong>, atleta fin da ragazzo, originario di Marina di Massa e residente a Carrara, oggi quarantaseienne, che nel 2006 ha scoperto di essere stato colpito da sclerosi multipla, decidendo di combatterla attraverso lo sport. Vignali \u00e8 stato campione europeo e mondiale (2009 \u2013 2010) di Duathlon e (per il suo carattere forte e il suo contributo al mondo dello sport) ha ricevuto anche la medaglia d\u2019oro al valore sportivo dal presidente del Coni Giovanni Petrucci. Ora si sta preparando alle <strong>Paralimpiadi<\/strong> 2016 di Triathlon. <em>&lt;&lt;Ho deciso di partecipare alla \u20186 Ponti\u2019 perch\u00e9 ho un\u2019amica ad Agliana, Josephine Mary Murena. A farci incontrare&gt;&gt;<\/em> racconta Vignali <em>&lt;&lt;\u00e8 stato il fatto di avere la stessa patologia. Il messaggio che voglio dare a tutte le persone che hanno il mio stesso problema \u00e8 molto semplice: reagite, muovetevi, non state fermi, se potete camminate, correte&gt;&gt;<\/em>.<\/p>\n<p><a href=\"https:\/\/www.noidiqua.it\/Agliana\/wp-content\/uploads\/2012\/11\/fabrizio-e-josephine-1.png\" rel=\"wp-prettyPhoto[2021]\"><img loading=\"lazy\" decoding=\"async\" class=\"aligncenter size-full wp-image-8279\" src=\"https:\/\/www.noidiqua.it\/Agliana\/wp-content\/uploads\/2012\/11\/fabrizio-e-josephine-1.png\" alt=\"\" width=\"349\" height=\"398\" srcset=\"https:\/\/www.noidiqua.it\/Agliana\/wp-content\/uploads\/2012\/11\/fabrizio-e-josephine-1.png 349w, https:\/\/www.noidiqua.it\/Agliana\/wp-content\/uploads\/2012\/11\/fabrizio-e-josephine-1-263x300.png 263w\" sizes=\"auto, (max-width: 349px) 100vw, 349px\" \/><\/a><\/p>\n<p>Cos\u00ec la mattina del 4 novembre, sotto una pioggia battente, negli ultimi cento metri dal traguardo, Fabrizio Vignali ha spinto la carrozzella dove era seduta Josephine e hanno tagliato insieme il traguardo. <strong>Josephine Mary Murena<\/strong> \u00e8 nata negli Usa da genitori italiani e vive da tempo ad Agliana, ha trentotto anni, \u00e8 madre di due figli: Marika di quindici anni e Matteo di tredici. Anche lei ha scoperto di essere affetta da sclerosi multipla nel 2006.\u00a0<em>&lt;&lt;Io in questo periodo non posso camminare&gt;&gt;<\/em> ci ha detto Josephine dopo avere tagliato il traguardo con Vignali <em>&lt;&lt;sono sulla sedia a rotelle, per\u00f2 mi sono rialzata altre volte e spero di farcela anche questa. Con Vignali ho tagliato il traguardo anche alla mezzamaratona di Fucecchio. Con la mia presenza a queste gare, voglio portare l\u2019attenzione del sistema sanitario e delle istituzioni sui problemi di chi \u00e8 affetto da questa patologia, perch\u00e9 ci vengano consentite terapie alternative e opportunit\u00e0 di lavoro. Ma voglio anche sollecitare chi deve combattere contro questa \u201camica indesiderata\u201d, come chiamo la mia malattia, a non abbattersi, a lottare. Faccio tante terapie, molte le devo pagare. Per curarmi dovr\u00f2 vendere la casa.&gt;&gt;<\/em> Per la loro partecipazione alla \u201cMaratonina de\u2019 6 ponti\u201d Josephine e Fabrizio, nel corso della premiazione dei vincitori, hanno ricevuto dal presidente della <strong>Podistica Misericordia Aglianese<\/strong>, Alessandro Meoni, un attestato di riconoscimento per l\u2019alto valore sportivo e sociale della loro presenza alla manifestazione.<\/p>\n<p style=\"text-align: justify;\">","protected":false},"excerpt":{"rendered":"<p>di Piera Salvi dicembre 2012 Lottano entrambi contro la sclerosi multipla e domenica 4 novembre hanno tagliato insieme il traguardo della \u201cMaratonina de\u2019 6 ponti\u201d di Agliana per lanciare un doppio messaggio: invitare le persone colpite dalla stessa patologia a reagire, sollecitare il sistema sanitario nazionale e [&hellip;]<\/p>","protected":false},"author":13,"featured_media":0,"comment_status":"open","ping_status":"open","sticky":false,"template":"","format":"standard","meta":{"footnotes":""},"categories":[2,23],"tags":[37,38,84,96,97,106,108],"class_list":["post-2021","post","type-post","status-publish","format-standard","hentry","category-ag","category-solidarieta-qt","tag-ag-ag","tag-aglianese","tag-laglianese","tag-noidiqua","tag-noidiqua-laglianese","tag-per-gli-altri","tag-piera-salvi"],"yoast_head":"<!-- This site is optimized with the Yoast SEO plugin v25.5 - https:\/\/yoast.com\/wordpress\/plugins\/seo\/ -->\n<title>Fabrizio e Josephine - in gara contro la sclerosi multipla - Noi di Qua Testata giornalistica e di attualit\u00e0 di Agliana, Montale e Quarrata.<\/title>\n<meta name=\"robots\" content=\"index, follow, max-snippet:-1, max-image-preview:large, max-video-preview:-1\" \/>\n<link rel=\"canonical\" href=\"https:\/\/www.noidiqua.it\/Agliana\/fabrizio-e-josephine-in-gara-contro-la-sclerosi-multipla\/\" \/>\n<meta property=\"og:locale\" content=\"it_IT\" \/>\n<meta property=\"og:type\" content=\"article\" \/>\n<meta property=\"og:title\" content=\"Fabrizio e Josephine - in gara contro la sclerosi multipla - Noi di Qua Testata giornalistica e di attualit\u00e0 di Agliana, Montale e Quarrata.\" \/>\n<meta property=\"og:description\" content=\"di Piera Salvi dicembre 2012 Lottano entrambi contro la sclerosi multipla e domenica 4 novembre hanno tagliato insieme il traguardo della \u201cMaratonina de\u2019 6 ponti\u201d di Agliana per lanciare un doppio messaggio: invitare le persone colpite dalla stessa patologia a reagire, sollecitare il sistema sanitario nazionale e [&hellip;]\" \/>\n<meta property=\"og:url\" content=\"https:\/\/www.noidiqua.it\/Agliana\/fabrizio-e-josephine-in-gara-contro-la-sclerosi-multipla\/\" \/>\n<meta property=\"og:site_name\" content=\"Noi di Qua Testata giornalistica e di attualit\u00e0 di Agliana, Montale e Quarrata.\" \/>\n<meta property=\"article:publisher\" content=\"https:\/\/www.facebook.com\/noidiqua.trimestrale\/\" \/>\n<meta property=\"article:published_time\" content=\"2012-11-09T17:40:44+00:00\" \/>\n<meta property=\"article:modified_time\" content=\"2023-02-08T09:39:37+00:00\" \/>\n<meta property=\"og:image\" content=\"https:\/\/www.noidiqua.it\/Agliana\/wp-content\/uploads\/2012\/11\/fabrizio-e-josephine-2.png\" \/>\n<meta name=\"author\" content=\"Piera Salvi\" \/>\n<meta name=\"twitter:label1\" content=\"Scritto da\" \/>\n\t<meta name=\"twitter:data1\" content=\"Piera Salvi\" \/>\n\t<meta name=\"twitter:label2\" content=\"Tempo di lettura stimato\" \/>\n\t<meta name=\"twitter:data2\" content=\"3 minuti\" \/>\n<script type=\"application\/ld+json\" class=\"yoast-schema-graph\">{\"@context\":\"https:\/\/schema.org\",\"@graph\":[{\"@type\":\"WebPage\",\"@id\":\"https:\/\/www.noidiqua.it\/Agliana\/fabrizio-e-josephine-in-gara-contro-la-sclerosi-multipla\/\",\"url\":\"https:\/\/www.noidiqua.it\/Agliana\/fabrizio-e-josephine-in-gara-contro-la-sclerosi-multipla\/\",\"name\":\"Fabrizio e Josephine - in gara contro la sclerosi multipla - Noi di Qua Testata giornalistica e di attualit\u00e0 di Agliana, Montale e Quarrata.\",\"isPartOf\":{\"@id\":\"https:\/\/www.noidiqua.it\/Agliana\/#website\"},\"primaryImageOfPage\":{\"@id\":\"https:\/\/www.noidiqua.it\/Agliana\/fabrizio-e-josephine-in-gara-contro-la-sclerosi-multipla\/#primaryimage\"},\"image\":{\"@id\":\"https:\/\/www.noidiqua.it\/Agliana\/fabrizio-e-josephine-in-gara-contro-la-sclerosi-multipla\/#primaryimage\"},\"thumbnailUrl\":\"https:\/\/www.noidiqua.it\/Agliana\/wp-content\/uploads\/2012\/11\/fabrizio-e-josephine-2.png\",\"datePublished\":\"2012-11-09T17:40:44+00:00\",\"dateModified\":\"2023-02-08T09:39:37+00:00\",\"author\":{\"@id\":\"https:\/\/www.noidiqua.it\/Agliana\/#\/schema\/person\/bb7515c2330bb1137f247276096fa7dc\"},\"breadcrumb\":{\"@id\":\"https:\/\/www.noidiqua.it\/Agliana\/fabrizio-e-josephine-in-gara-contro-la-sclerosi-multipla\/#breadcrumb\"},\"inLanguage\":\"it-IT\",\"potentialAction\":[{\"@type\":\"ReadAction\",\"target\":[\"https:\/\/www.noidiqua.it\/Agliana\/fabrizio-e-josephine-in-gara-contro-la-sclerosi-multipla\/\"]}]},{\"@type\":\"ImageObject\",\"inLanguage\":\"it-IT\",\"@id\":\"https:\/\/www.noidiqua.it\/Agliana\/fabrizio-e-josephine-in-gara-contro-la-sclerosi-multipla\/#primaryimage\",\"url\":\"https:\/\/www.noidiqua.it\/Agliana\/wp-content\/uploads\/2012\/11\/fabrizio-e-josephine-2.png\",\"contentUrl\":\"https:\/\/www.noidiqua.it\/Agliana\/wp-content\/uploads\/2012\/11\/fabrizio-e-josephine-2.png\",\"width\":504,\"height\":388},{\"@type\":\"BreadcrumbList\",\"@id\":\"https:\/\/www.noidiqua.it\/Agliana\/fabrizio-e-josephine-in-gara-contro-la-sclerosi-multipla\/#breadcrumb\",\"itemListElement\":[{\"@type\":\"ListItem\",\"position\":1,\"name\":\"Home\",\"item\":\"https:\/\/www.noidiqua.it\/Agliana\/\"},{\"@type\":\"ListItem\",\"position\":2,\"name\":\"Fabrizio e Josephine &#8211; in gara contro la sclerosi multipla\"}]},{\"@type\":\"WebSite\",\"@id\":\"https:\/\/www.noidiqua.it\/Agliana\/#website\",\"url\":\"https:\/\/www.noidiqua.it\/Agliana\/\",\"name\":\"Noi di Qua Testata giornalistica e di attualit\u00e0 di Agliana, Montale e Quarrata.\",\"description\":\"Testata Giornalistica Quarrata Montale Agliana\",\"potentialAction\":[{\"@type\":\"SearchAction\",\"target\":{\"@type\":\"EntryPoint\",\"urlTemplate\":\"https:\/\/www.noidiqua.it\/Agliana\/?s={search_term_string}\"},\"query-input\":{\"@type\":\"PropertyValueSpecification\",\"valueRequired\":true,\"valueName\":\"search_term_string\"}}],\"inLanguage\":\"it-IT\"},{\"@type\":\"Person\",\"@id\":\"https:\/\/www.noidiqua.it\/Agliana\/#\/schema\/person\/bb7515c2330bb1137f247276096fa7dc\",\"name\":\"Piera Salvi\",\"image\":{\"@type\":\"ImageObject\",\"inLanguage\":\"it-IT\",\"@id\":\"https:\/\/www.noidiqua.it\/Agliana\/#\/schema\/person\/image\/\",\"url\":\"https:\/\/secure.gravatar.com\/avatar\/2f9b1fb6e13f3b3e63bde435d999a73be036e320f7a0f5f32f9ac21859d999cd?s=96&d=mm&r=g\",\"contentUrl\":\"https:\/\/secure.gravatar.com\/avatar\/2f9b1fb6e13f3b3e63bde435d999a73be036e320f7a0f5f32f9ac21859d999cd?s=96&d=mm&r=g\",\"caption\":\"Piera Salvi\"},\"url\":\"https:\/\/www.noidiqua.it\/Agliana\/author\/piera-salvi\/\"}]}<\/script>\n<!-- \/ Yoast SEO plugin. -->","yoast_head_json":{"title":"Fabrizio e Josephine - in gara contro la sclerosi multipla - Noi di Qua Testata giornalistica e di attualit\u00e0 di Agliana, Montale e Quarrata.","robots":{"index":"index","follow":"follow","max-snippet":"max-snippet:-1","max-image-preview":"max-image-preview:large","max-video-preview":"max-video-preview:-1"},"canonical":"https:\/\/www.noidiqua.it\/Agliana\/fabrizio-e-josephine-in-gara-contro-la-sclerosi-multipla\/","og_locale":"it_IT","og_type":"article","og_title":"Fabrizio e Josephine - in gara contro la sclerosi multipla - Noi di Qua Testata giornalistica e di attualit\u00e0 di Agliana, Montale e Quarrata.","og_description":"di Piera Salvi dicembre 2012 Lottano entrambi contro la sclerosi multipla e domenica 4 novembre hanno tagliato insieme il traguardo della \u201cMaratonina de\u2019 6 ponti\u201d di Agliana per lanciare un doppio messaggio: invitare le persone colpite dalla stessa patologia a reagire, sollecitare il sistema sanitario nazionale e [&hellip;]","og_url":"https:\/\/www.noidiqua.it\/Agliana\/fabrizio-e-josephine-in-gara-contro-la-sclerosi-multipla\/","og_site_name":"Noi di Qua Testata giornalistica e di attualit\u00e0 di Agliana, Montale e Quarrata.","article_publisher":"https:\/\/www.facebook.com\/noidiqua.trimestrale\/","article_published_time":"2012-11-09T17:40:44+00:00","article_modified_time":"2023-02-08T09:39:37+00:00","og_image":[{"url":"https:\/\/www.noidiqua.it\/Agliana\/wp-content\/uploads\/2012\/11\/fabrizio-e-josephine-2.png","type":"","width":"","height":""}],"author":"Piera Salvi","twitter_misc":{"Scritto da":"Piera Salvi","Tempo di lettura stimato":"3 minuti"},"schema":{"@context":"https:\/\/schema.org","@graph":[{"@type":"WebPage","@id":"https:\/\/www.noidiqua.it\/Agliana\/fabrizio-e-josephine-in-gara-contro-la-sclerosi-multipla\/","url":"https:\/\/www.noidiqua.it\/Agliana\/fabrizio-e-josephine-in-gara-contro-la-sclerosi-multipla\/","name":"Fabrizio e Josephine - in gara contro la sclerosi multipla - Noi di Qua Testata giornalistica e di attualit\u00e0 di Agliana, Montale e Quarrata.","isPartOf":{"@id":"https:\/\/www.noidiqua.it\/Agliana\/#website"},"primaryImageOfPage":{"@id":"https:\/\/www.noidiqua.it\/Agliana\/fabrizio-e-josephine-in-gara-contro-la-sclerosi-multipla\/#primaryimage"},"image":{"@id":"https:\/\/www.noidiqua.it\/Agliana\/fabrizio-e-josephine-in-gara-contro-la-sclerosi-multipla\/#primaryimage"},"thumbnailUrl":"https:\/\/www.noidiqua.it\/Agliana\/wp-content\/uploads\/2012\/11\/fabrizio-e-josephine-2.png","datePublished":"2012-11-09T17:40:44+00:00","dateModified":"2023-02-08T09:39:37+00:00","author":{"@id":"https:\/\/www.noidiqua.it\/Agliana\/#\/schema\/person\/bb7515c2330bb1137f247276096fa7dc"},"breadcrumb":{"@id":"https:\/\/www.noidiqua.it\/Agliana\/fabrizio-e-josephine-in-gara-contro-la-sclerosi-multipla\/#breadcrumb"},"inLanguage":"it-IT","potentialAction":[{"@type":"ReadAction","target":["https:\/\/www.noidiqua.it\/Agliana\/fabrizio-e-josephine-in-gara-contro-la-sclerosi-multipla\/"]}]},{"@type":"ImageObject","inLanguage":"it-IT","@id":"https:\/\/www.noidiqua.it\/Agliana\/fabrizio-e-josephine-in-gara-contro-la-sclerosi-multipla\/#primaryimage","url":"https:\/\/www.noidiqua.it\/Agliana\/wp-content\/uploads\/2012\/11\/fabrizio-e-josephine-2.png","contentUrl":"https:\/\/www.noidiqua.it\/Agliana\/wp-content\/uploads\/2012\/11\/fabrizio-e-josephine-2.png","width":504,"height":388},{"@type":"BreadcrumbList","@id":"https:\/\/www.noidiqua.it\/Agliana\/fabrizio-e-josephine-in-gara-contro-la-sclerosi-multipla\/#breadcrumb","itemListElement":[{"@type":"ListItem","position":1,"name":"Home","item":"https:\/\/www.noidiqua.it\/Agliana\/"},{"@type":"ListItem","position":2,"name":"Fabrizio e Josephine &#8211; in gara contro la sclerosi multipla"}]},{"@type":"WebSite","@id":"https:\/\/www.noidiqua.it\/Agliana\/#website","url":"https:\/\/www.noidiqua.it\/Agliana\/","name":"Noi di Qua Testata giornalistica e di attualit\u00e0 di Agliana, Montale e Quarrata.","description":"Testata Giornalistica Quarrata Montale Agliana","potentialAction":[{"@type":"SearchAction","target":{"@type":"EntryPoint","urlTemplate":"https:\/\/www.noidiqua.it\/Agliana\/?s={search_term_string}"},"query-input":{"@type":"PropertyValueSpecification","valueRequired":true,"valueName":"search_term_string"}}],"inLanguage":"it-IT"},{"@type":"Person","@id":"https:\/\/www.noidiqua.it\/Agliana\/#\/schema\/person\/bb7515c2330bb1137f247276096fa7dc","name":"Piera Salvi","image":{"@type":"ImageObject","inLanguage":"it-IT","@id":"https:\/\/www.noidiqua.it\/Agliana\/#\/schema\/person\/image\/","url":"https:\/\/secure.gravatar.com\/avatar\/2f9b1fb6e13f3b3e63bde435d999a73be036e320f7a0f5f32f9ac21859d999cd?s=96&d=mm&r=g","contentUrl":"https:\/\/secure.gravatar.com\/avatar\/2f9b1fb6e13f3b3e63bde435d999a73be036e320f7a0f5f32f9ac21859d999cd?s=96&d=mm&r=g","caption":"Piera Salvi"},"url":"https:\/\/www.noidiqua.it\/Agliana\/author\/piera-salvi\/"}]}},"_links":{"self":[{"href":"https:\/\/www.noidiqua.it\/Agliana\/wp-json\/wp\/v2\/posts\/2021","targetHints":{"allow":["GET"]}}],"collection":[{"href":"https:\/\/www.noidiqua.it\/Agliana\/wp-json\/wp\/v2\/posts"}],"about":[{"href":"https:\/\/www.noidiqua.it\/Agliana\/wp-json\/wp\/v2\/types\/post"}],"author":[{"embeddable":true,"href":"https:\/\/www.noidiqua.it\/Agliana\/wp-json\/wp\/v2\/users\/13"}],"replies":[{"embeddable":true,"href":"https:\/\/www.noidiqua.it\/Agliana\/wp-json\/wp\/v2\/comments?post=2021"}],"version-history":[{"count":3,"href":"https:\/\/www.noidiqua.it\/Agliana\/wp-json\/wp\/v2\/posts\/2021\/revisions"}],"predecessor-version":[{"id":8280,"href":"https:\/\/www.noidiqua.it\/Agliana\/wp-json\/wp\/v2\/posts\/2021\/revisions\/8280"}],"wp:attachment":[{"href":"https:\/\/www.noidiqua.it\/Agliana\/wp-json\/wp\/v2\/media?parent=2021"}],"wp:term":[{"taxonomy":"category","embeddable":true,"href":"https:\/\/www.noidiqua.it\/Agliana\/wp-json\/wp\/v2\/categories?post=2021"},{"taxonomy":"post_tag","embeddable":true,"href":"https:\/\/www.noidiqua.it\/Agliana\/wp-json\/wp\/v2\/tags?post=2021"}],"curies":[{"name":"wp","href":"https:\/\/api.w.org\/{rel}","templated":true}]}}