{"id":2034,"date":"2012-11-09T09:29:11","date_gmt":"2012-11-09T09:29:11","guid":{"rendered":"https:\/\/www.noidiqua.it\/Agliana\/?p=2034"},"modified":"2023-02-08T11:39:39","modified_gmt":"2023-02-08T10:39:39","slug":"teatro-cinema-moderno-cento-anni-di-storia","status":"publish","type":"post","link":"https:\/\/www.noidiqua.it\/Agliana\/teatro-cinema-moderno-cento-anni-di-storia\/","title":{"rendered":"Teatro Cinema Moderno &#8211; cento anni di storia"},"content":{"rendered":"<p style=\"text-align: justify;\"><em>di Piera Salvi Foto e archivio:\u00a0Adriano Tesi<br \/>\n<\/em><\/p>\n<p style=\"text-align: justify;\"><em>dicembre <\/em><em>2012<\/em><\/p>\n<p><a href=\"https:\/\/www.noidiqua.it\/Agliana\/wp-content\/uploads\/2012\/11\/moderno-1.png\" rel=\"wp-prettyPhoto[2034]\"><img loading=\"lazy\" decoding=\"async\" class=\"aligncenter size-full wp-image-8283\" src=\"https:\/\/www.noidiqua.it\/Agliana\/wp-content\/uploads\/2012\/11\/moderno-1.png\" alt=\"\" width=\"501\" height=\"339\" srcset=\"https:\/\/www.noidiqua.it\/Agliana\/wp-content\/uploads\/2012\/11\/moderno-1.png 501w, https:\/\/www.noidiqua.it\/Agliana\/wp-content\/uploads\/2012\/11\/moderno-1-300x203.png 300w\" sizes=\"auto, (max-width: 501px) 100vw, 501px\" \/><\/a><\/p>\n<p>E\u2019 lunga cento anni la storia del <strong>Moderno di Agliana<\/strong>: comincia in bianco e nero, nel silenzio del cinema muto. Da quanto riferisce <strong>Alessandro Balli<\/strong> (della famiglia che ne \u00e8 stata proprietaria nel secolo scorso) l\u2019edificazione risalirebbe al 1911\/1912 ed occupava solo l\u2019area che dopo sarebbe diventata sala d\u2019attesa. <em>&lt;&lt;Fu ampliato dal 1926 al 1928.&gt;&gt;<\/em> racconta Balli <em>&lt;&lt;In soffitta c\u2019erano queste due date incise su un muro e alcune carte dalle quali risultava che per l\u2019ampliamento, evidentemente necessario per l\u2019aumento di popolazione e di pubblico, erano stati impiegati duecento mila mattoni.&gt;&gt;<\/em> Il locale ampliato, attivo fino al 1994, aveva un totale di settecentocinquanta posti, di cui centoquarantasei in galleria. Oggi sembra incredibile che una piccola comunit\u00e0 come Agliana, che nel 1931 contava appena 6268 abitanti e 7386 nel 1951, avesse necessit\u00e0 di un cinema teatro cos\u00ec grande (ora il nuovo locale ha duecentottanta posti). <em>&lt;&lt;Eppure&gt;&gt;<\/em> racconta Alessandro &lt;<em>&lt;soprattutto nel dopoguerra faceva spesso il pieno&gt;&gt;<\/em>. Tempi in cui c\u2019erano meno possibilit\u00e0 di spostarsi e meno opportunit\u00e0 di svago. Il calo di pubblico cominci\u00f2, infatti, negli anni Ottanta. <em>&lt;&lt;La televisione&gt;&gt;<\/em> riferisce ancora Balli <em>&lt;&lt;il cambio di mentalit\u00e0 e la possibilit\u00e0 di recarsi in zone balneari avevano ridotto il lavoro, soprattutto nei fine settimana.&gt;&gt;<\/em><\/p>\n<p><a href=\"https:\/\/www.noidiqua.it\/Agliana\/wp-content\/uploads\/2012\/11\/moderno-2.png\" rel=\"wp-prettyPhoto[2034]\"><img loading=\"lazy\" decoding=\"async\" class=\"aligncenter size-full wp-image-8284\" src=\"https:\/\/www.noidiqua.it\/Agliana\/wp-content\/uploads\/2012\/11\/moderno-2.png\" alt=\"\" width=\"506\" height=\"330\" srcset=\"https:\/\/www.noidiqua.it\/Agliana\/wp-content\/uploads\/2012\/11\/moderno-2.png 506w, https:\/\/www.noidiqua.it\/Agliana\/wp-content\/uploads\/2012\/11\/moderno-2-300x196.png 300w\" sizes=\"auto, (max-width: 506px) 100vw, 506px\" \/><\/a><\/p>\n<p>La storia del Moderno comincia con <strong>Gino Balli<\/strong>, lo zio di Alessandro che poi condurr\u00e0 il locale fino alla chiusura. <em>&lt;&lt;Gi\u00e0 da bambino ero affascinato dal cinematografo&gt;&gt;<\/em> ricorda Balli &lt;<em>&lt;ed ero sempre accanto allo zio. Dall\u2019abitazione si accedeva alla sala d\u2019attesa, dove c\u2019era un piccolo bar, dal quale ovviamente cercavo di prendere qualche caramella, ma ero veramente interessato al lavoro dello zio.&gt;&gt;<\/em> Cos\u00ec, il piccolo Alessandro impara tutti i segreti del mestiere, si incuriosisce alla storia del passato cinematografico e questa diventa la sua grande passione. <em>&lt;&lt;Ho dedicato 60 anni della mia vita al cinematografo.&gt;&gt;<\/em> dice <em>&lt;&lt;Ho avuto 4 figli: tre li ho generati io, il quarto \u00e8 il Moderno.&gt;&gt;<\/em> Passione che cogliamo benissimo nei suoi racconti, tramandati dallo zio Gino, delle proiezioni mute che venivano accompagnate da musica di pianoforte: <em>&lt;&lt;Non dal vivo&gt;&gt;<\/em> specifica <em>&lt;&lt;ma con suono registrato.&gt;&gt;<\/em> E dei tempi d\u2019oro dell\u2019opera: <em>&lt;&lt;Ottennero grandi successi Lucia di Lammemoor e La Traviata.&gt;&gt;<\/em><\/p>\n<p><a href=\"https:\/\/www.noidiqua.it\/Agliana\/wp-content\/uploads\/2012\/11\/moderno-3.png\" rel=\"wp-prettyPhoto[2034]\"><img loading=\"lazy\" decoding=\"async\" class=\"aligncenter size-full wp-image-8285\" src=\"https:\/\/www.noidiqua.it\/Agliana\/wp-content\/uploads\/2012\/11\/moderno-3.png\" alt=\"\" width=\"503\" height=\"339\" srcset=\"https:\/\/www.noidiqua.it\/Agliana\/wp-content\/uploads\/2012\/11\/moderno-3.png 503w, https:\/\/www.noidiqua.it\/Agliana\/wp-content\/uploads\/2012\/11\/moderno-3-300x202.png 300w\" sizes=\"auto, (max-width: 503px) 100vw, 503px\" \/><\/a><\/p>\n<p>Non mancavano gli spettacoli comici: <em>&lt;&lt;Ricordo Marotta, molto in voga negli anni \u201850 e \u201860.&gt;&gt;<\/em> Poi i tempi critici: <em>&lt;&lt;Il calo di pubblico prosegu\u00ec anche negli anni \u201990. Negli ultimi tempi per avere un po\u2019 di spettatori, ma solo nei giorni feriali, dovevamo ricorrere alle pellicole a luci rosse. Cos\u00ec, nel 1994 decidemmo di chiudere.&gt;&gt;<\/em> Nei primi anni \u201990 per\u00f2 il palcoscenico del Moderno era spesso animato da spettacoli teatrali di scuole e compagnie locali e da saggi di scuole di danza. Vi si svolsero anche assemblee pubbliche. Il \u201cGiugno aglianese\u201d 1993 (gi\u00e0 ricco di appuntamenti) vide sul palco del Moderno diverse realt\u00e0 locali. A met\u00e0 degli anni \u201880 l\u2019amministrazione comunale guidata da Marco Giunti, che da tempo avvertiva l\u2019esigenza di avere un cinema teatro, inizi\u00f2 le trattative con la famiglia Balli per acquistare o affittare il locale, senza giungere a niente. All\u2019inizio del 1998 nuove trattative con esito positivo. L\u20198 luglio il consiglio comunale deliber\u00f2 l\u2019acquisto e nel maggio 1999 fu firmato il contratto. Arriviamo cos\u00ec al terzo millennio. L\u2019amministrazione guidata da <strong>Paolo Magnanens<\/strong>i porta avanti le procedure per il recupero, con vari bandi e realizzazione dei lavori, portandoli a termine entro la fine del mandato. L\u2019attivit\u00e0 \u00e8 iniziata con l\u2019amministrazione guidata <strong>Eleanna Ciampolini<\/strong>, con affidamento della gestione: per due anni in affido diretto, poi tramite bando. Dopo un decennio non facile per scelte politiche, economiche, urbanistiche e di gestione, il Moderno vanta il suo secolo di vita!<\/p>\n<p><a href=\"https:\/\/www.noidiqua.it\/Agliana\/wp-content\/uploads\/2012\/11\/moderno-4.png\" rel=\"wp-prettyPhoto[2034]\"><img loading=\"lazy\" decoding=\"async\" class=\"aligncenter size-full wp-image-8286\" src=\"https:\/\/www.noidiqua.it\/Agliana\/wp-content\/uploads\/2012\/11\/moderno-4.png\" alt=\"\" width=\"500\" height=\"346\" srcset=\"https:\/\/www.noidiqua.it\/Agliana\/wp-content\/uploads\/2012\/11\/moderno-4.png 500w, https:\/\/www.noidiqua.it\/Agliana\/wp-content\/uploads\/2012\/11\/moderno-4-300x208.png 300w\" sizes=\"auto, (max-width: 500px) 100vw, 500px\" \/><\/a><\/p>\n<p style=\"text-align: justify;\">\n<p style=\"text-align: justify;\">\n<p style=\"text-align: justify;\">\n<p style=\"text-align: justify;\">","protected":false},"excerpt":{"rendered":"<p>di Piera Salvi Foto e archivio:\u00a0Adriano Tesi dicembre 2012 E\u2019 lunga cento anni la storia del Moderno di Agliana: comincia in bianco e nero, nel silenzio del cinema muto. Da quanto riferisce Alessandro Balli (della famiglia che ne \u00e8 stata proprietaria nel secolo scorso) l\u2019edificazione risalirebbe al [&hellip;]<\/p>","protected":false},"author":13,"featured_media":0,"comment_status":"open","ping_status":"open","sticky":false,"template":"","format":"standard","meta":{"footnotes":""},"categories":[2,16],"tags":[37,38,84,96,97,108],"class_list":["post-2034","post","type-post","status-publish","format-standard","hentry","category-ag","category-storia-qt","tag-ag-ag","tag-aglianese","tag-laglianese","tag-noidiqua","tag-noidiqua-laglianese","tag-piera-salvi"],"yoast_head":"<!-- This site is optimized with the Yoast SEO plugin v25.5 - https:\/\/yoast.com\/wordpress\/plugins\/seo\/ -->\n<title>Teatro Cinema Moderno - cento anni di storia - Noi di Qua Testata giornalistica e di attualit\u00e0 di Agliana, Montale e Quarrata.<\/title>\n<meta name=\"robots\" content=\"index, follow, max-snippet:-1, max-image-preview:large, max-video-preview:-1\" \/>\n<link rel=\"canonical\" href=\"https:\/\/www.noidiqua.it\/Agliana\/teatro-cinema-moderno-cento-anni-di-storia\/\" \/>\n<meta property=\"og:locale\" content=\"it_IT\" \/>\n<meta property=\"og:type\" content=\"article\" \/>\n<meta property=\"og:title\" content=\"Teatro Cinema Moderno - cento anni di storia - Noi di Qua Testata giornalistica e di attualit\u00e0 di Agliana, Montale e Quarrata.\" \/>\n<meta property=\"og:description\" content=\"di Piera Salvi Foto e archivio:\u00a0Adriano Tesi dicembre 2012 E\u2019 lunga cento anni la storia del Moderno di Agliana: comincia in bianco e nero, nel silenzio del cinema muto. Da quanto riferisce Alessandro Balli (della famiglia che ne \u00e8 stata proprietaria nel secolo scorso) l\u2019edificazione risalirebbe al [&hellip;]\" \/>\n<meta property=\"og:url\" content=\"https:\/\/www.noidiqua.it\/Agliana\/teatro-cinema-moderno-cento-anni-di-storia\/\" \/>\n<meta property=\"og:site_name\" content=\"Noi di Qua Testata giornalistica e di attualit\u00e0 di Agliana, Montale e Quarrata.\" \/>\n<meta property=\"article:publisher\" content=\"https:\/\/www.facebook.com\/noidiqua.trimestrale\/\" \/>\n<meta property=\"article:published_time\" content=\"2012-11-09T09:29:11+00:00\" \/>\n<meta property=\"article:modified_time\" content=\"2023-02-08T10:39:39+00:00\" \/>\n<meta property=\"og:image\" content=\"https:\/\/www.noidiqua.it\/Agliana\/wp-content\/uploads\/2012\/11\/moderno-1.png\" \/>\n<meta name=\"author\" content=\"Piera Salvi\" \/>\n<meta name=\"twitter:label1\" content=\"Scritto da\" \/>\n\t<meta name=\"twitter:data1\" content=\"Piera Salvi\" \/>\n\t<meta name=\"twitter:label2\" content=\"Tempo di lettura stimato\" \/>\n\t<meta name=\"twitter:data2\" content=\"4 minuti\" \/>\n<script type=\"application\/ld+json\" class=\"yoast-schema-graph\">{\"@context\":\"https:\/\/schema.org\",\"@graph\":[{\"@type\":\"WebPage\",\"@id\":\"https:\/\/www.noidiqua.it\/Agliana\/teatro-cinema-moderno-cento-anni-di-storia\/\",\"url\":\"https:\/\/www.noidiqua.it\/Agliana\/teatro-cinema-moderno-cento-anni-di-storia\/\",\"name\":\"Teatro Cinema Moderno - cento anni di storia - Noi di Qua Testata giornalistica e di attualit\u00e0 di Agliana, Montale e Quarrata.\",\"isPartOf\":{\"@id\":\"https:\/\/www.noidiqua.it\/Agliana\/#website\"},\"primaryImageOfPage\":{\"@id\":\"https:\/\/www.noidiqua.it\/Agliana\/teatro-cinema-moderno-cento-anni-di-storia\/#primaryimage\"},\"image\":{\"@id\":\"https:\/\/www.noidiqua.it\/Agliana\/teatro-cinema-moderno-cento-anni-di-storia\/#primaryimage\"},\"thumbnailUrl\":\"https:\/\/www.noidiqua.it\/Agliana\/wp-content\/uploads\/2012\/11\/moderno-1.png\",\"datePublished\":\"2012-11-09T09:29:11+00:00\",\"dateModified\":\"2023-02-08T10:39:39+00:00\",\"author\":{\"@id\":\"https:\/\/www.noidiqua.it\/Agliana\/#\/schema\/person\/bb7515c2330bb1137f247276096fa7dc\"},\"breadcrumb\":{\"@id\":\"https:\/\/www.noidiqua.it\/Agliana\/teatro-cinema-moderno-cento-anni-di-storia\/#breadcrumb\"},\"inLanguage\":\"it-IT\",\"potentialAction\":[{\"@type\":\"ReadAction\",\"target\":[\"https:\/\/www.noidiqua.it\/Agliana\/teatro-cinema-moderno-cento-anni-di-storia\/\"]}]},{\"@type\":\"ImageObject\",\"inLanguage\":\"it-IT\",\"@id\":\"https:\/\/www.noidiqua.it\/Agliana\/teatro-cinema-moderno-cento-anni-di-storia\/#primaryimage\",\"url\":\"https:\/\/www.noidiqua.it\/Agliana\/wp-content\/uploads\/2012\/11\/moderno-1.png\",\"contentUrl\":\"https:\/\/www.noidiqua.it\/Agliana\/wp-content\/uploads\/2012\/11\/moderno-1.png\",\"width\":501,\"height\":339},{\"@type\":\"BreadcrumbList\",\"@id\":\"https:\/\/www.noidiqua.it\/Agliana\/teatro-cinema-moderno-cento-anni-di-storia\/#breadcrumb\",\"itemListElement\":[{\"@type\":\"ListItem\",\"position\":1,\"name\":\"Home\",\"item\":\"https:\/\/www.noidiqua.it\/Agliana\/\"},{\"@type\":\"ListItem\",\"position\":2,\"name\":\"Teatro Cinema Moderno &#8211; cento anni di storia\"}]},{\"@type\":\"WebSite\",\"@id\":\"https:\/\/www.noidiqua.it\/Agliana\/#website\",\"url\":\"https:\/\/www.noidiqua.it\/Agliana\/\",\"name\":\"Noi di Qua Testata giornalistica e di attualit\u00e0 di Agliana, Montale e Quarrata.\",\"description\":\"Testata Giornalistica Quarrata Montale Agliana\",\"potentialAction\":[{\"@type\":\"SearchAction\",\"target\":{\"@type\":\"EntryPoint\",\"urlTemplate\":\"https:\/\/www.noidiqua.it\/Agliana\/?s={search_term_string}\"},\"query-input\":{\"@type\":\"PropertyValueSpecification\",\"valueRequired\":true,\"valueName\":\"search_term_string\"}}],\"inLanguage\":\"it-IT\"},{\"@type\":\"Person\",\"@id\":\"https:\/\/www.noidiqua.it\/Agliana\/#\/schema\/person\/bb7515c2330bb1137f247276096fa7dc\",\"name\":\"Piera Salvi\",\"image\":{\"@type\":\"ImageObject\",\"inLanguage\":\"it-IT\",\"@id\":\"https:\/\/www.noidiqua.it\/Agliana\/#\/schema\/person\/image\/\",\"url\":\"https:\/\/secure.gravatar.com\/avatar\/2f9b1fb6e13f3b3e63bde435d999a73be036e320f7a0f5f32f9ac21859d999cd?s=96&d=mm&r=g\",\"contentUrl\":\"https:\/\/secure.gravatar.com\/avatar\/2f9b1fb6e13f3b3e63bde435d999a73be036e320f7a0f5f32f9ac21859d999cd?s=96&d=mm&r=g\",\"caption\":\"Piera Salvi\"},\"url\":\"https:\/\/www.noidiqua.it\/Agliana\/author\/piera-salvi\/\"}]}<\/script>\n<!-- \/ Yoast SEO plugin. -->","yoast_head_json":{"title":"Teatro Cinema Moderno - cento anni di storia - Noi di Qua Testata giornalistica e di attualit\u00e0 di Agliana, Montale e Quarrata.","robots":{"index":"index","follow":"follow","max-snippet":"max-snippet:-1","max-image-preview":"max-image-preview:large","max-video-preview":"max-video-preview:-1"},"canonical":"https:\/\/www.noidiqua.it\/Agliana\/teatro-cinema-moderno-cento-anni-di-storia\/","og_locale":"it_IT","og_type":"article","og_title":"Teatro Cinema Moderno - cento anni di storia - Noi di Qua Testata giornalistica e di attualit\u00e0 di Agliana, Montale e Quarrata.","og_description":"di Piera Salvi Foto e archivio:\u00a0Adriano Tesi dicembre 2012 E\u2019 lunga cento anni la storia del Moderno di Agliana: comincia in bianco e nero, nel silenzio del cinema muto. Da quanto riferisce Alessandro Balli (della famiglia che ne \u00e8 stata proprietaria nel secolo scorso) l\u2019edificazione risalirebbe al [&hellip;]","og_url":"https:\/\/www.noidiqua.it\/Agliana\/teatro-cinema-moderno-cento-anni-di-storia\/","og_site_name":"Noi di Qua Testata giornalistica e di attualit\u00e0 di Agliana, Montale e Quarrata.","article_publisher":"https:\/\/www.facebook.com\/noidiqua.trimestrale\/","article_published_time":"2012-11-09T09:29:11+00:00","article_modified_time":"2023-02-08T10:39:39+00:00","og_image":[{"url":"https:\/\/www.noidiqua.it\/Agliana\/wp-content\/uploads\/2012\/11\/moderno-1.png","type":"","width":"","height":""}],"author":"Piera Salvi","twitter_misc":{"Scritto da":"Piera Salvi","Tempo di lettura stimato":"4 minuti"},"schema":{"@context":"https:\/\/schema.org","@graph":[{"@type":"WebPage","@id":"https:\/\/www.noidiqua.it\/Agliana\/teatro-cinema-moderno-cento-anni-di-storia\/","url":"https:\/\/www.noidiqua.it\/Agliana\/teatro-cinema-moderno-cento-anni-di-storia\/","name":"Teatro Cinema Moderno - cento anni di storia - Noi di Qua Testata giornalistica e di attualit\u00e0 di Agliana, Montale e Quarrata.","isPartOf":{"@id":"https:\/\/www.noidiqua.it\/Agliana\/#website"},"primaryImageOfPage":{"@id":"https:\/\/www.noidiqua.it\/Agliana\/teatro-cinema-moderno-cento-anni-di-storia\/#primaryimage"},"image":{"@id":"https:\/\/www.noidiqua.it\/Agliana\/teatro-cinema-moderno-cento-anni-di-storia\/#primaryimage"},"thumbnailUrl":"https:\/\/www.noidiqua.it\/Agliana\/wp-content\/uploads\/2012\/11\/moderno-1.png","datePublished":"2012-11-09T09:29:11+00:00","dateModified":"2023-02-08T10:39:39+00:00","author":{"@id":"https:\/\/www.noidiqua.it\/Agliana\/#\/schema\/person\/bb7515c2330bb1137f247276096fa7dc"},"breadcrumb":{"@id":"https:\/\/www.noidiqua.it\/Agliana\/teatro-cinema-moderno-cento-anni-di-storia\/#breadcrumb"},"inLanguage":"it-IT","potentialAction":[{"@type":"ReadAction","target":["https:\/\/www.noidiqua.it\/Agliana\/teatro-cinema-moderno-cento-anni-di-storia\/"]}]},{"@type":"ImageObject","inLanguage":"it-IT","@id":"https:\/\/www.noidiqua.it\/Agliana\/teatro-cinema-moderno-cento-anni-di-storia\/#primaryimage","url":"https:\/\/www.noidiqua.it\/Agliana\/wp-content\/uploads\/2012\/11\/moderno-1.png","contentUrl":"https:\/\/www.noidiqua.it\/Agliana\/wp-content\/uploads\/2012\/11\/moderno-1.png","width":501,"height":339},{"@type":"BreadcrumbList","@id":"https:\/\/www.noidiqua.it\/Agliana\/teatro-cinema-moderno-cento-anni-di-storia\/#breadcrumb","itemListElement":[{"@type":"ListItem","position":1,"name":"Home","item":"https:\/\/www.noidiqua.it\/Agliana\/"},{"@type":"ListItem","position":2,"name":"Teatro Cinema Moderno &#8211; cento anni di storia"}]},{"@type":"WebSite","@id":"https:\/\/www.noidiqua.it\/Agliana\/#website","url":"https:\/\/www.noidiqua.it\/Agliana\/","name":"Noi di Qua Testata giornalistica e di attualit\u00e0 di Agliana, Montale e Quarrata.","description":"Testata Giornalistica Quarrata Montale Agliana","potentialAction":[{"@type":"SearchAction","target":{"@type":"EntryPoint","urlTemplate":"https:\/\/www.noidiqua.it\/Agliana\/?s={search_term_string}"},"query-input":{"@type":"PropertyValueSpecification","valueRequired":true,"valueName":"search_term_string"}}],"inLanguage":"it-IT"},{"@type":"Person","@id":"https:\/\/www.noidiqua.it\/Agliana\/#\/schema\/person\/bb7515c2330bb1137f247276096fa7dc","name":"Piera Salvi","image":{"@type":"ImageObject","inLanguage":"it-IT","@id":"https:\/\/www.noidiqua.it\/Agliana\/#\/schema\/person\/image\/","url":"https:\/\/secure.gravatar.com\/avatar\/2f9b1fb6e13f3b3e63bde435d999a73be036e320f7a0f5f32f9ac21859d999cd?s=96&d=mm&r=g","contentUrl":"https:\/\/secure.gravatar.com\/avatar\/2f9b1fb6e13f3b3e63bde435d999a73be036e320f7a0f5f32f9ac21859d999cd?s=96&d=mm&r=g","caption":"Piera Salvi"},"url":"https:\/\/www.noidiqua.it\/Agliana\/author\/piera-salvi\/"}]}},"_links":{"self":[{"href":"https:\/\/www.noidiqua.it\/Agliana\/wp-json\/wp\/v2\/posts\/2034","targetHints":{"allow":["GET"]}}],"collection":[{"href":"https:\/\/www.noidiqua.it\/Agliana\/wp-json\/wp\/v2\/posts"}],"about":[{"href":"https:\/\/www.noidiqua.it\/Agliana\/wp-json\/wp\/v2\/types\/post"}],"author":[{"embeddable":true,"href":"https:\/\/www.noidiqua.it\/Agliana\/wp-json\/wp\/v2\/users\/13"}],"replies":[{"embeddable":true,"href":"https:\/\/www.noidiqua.it\/Agliana\/wp-json\/wp\/v2\/comments?post=2034"}],"version-history":[{"count":5,"href":"https:\/\/www.noidiqua.it\/Agliana\/wp-json\/wp\/v2\/posts\/2034\/revisions"}],"predecessor-version":[{"id":8287,"href":"https:\/\/www.noidiqua.it\/Agliana\/wp-json\/wp\/v2\/posts\/2034\/revisions\/8287"}],"wp:attachment":[{"href":"https:\/\/www.noidiqua.it\/Agliana\/wp-json\/wp\/v2\/media?parent=2034"}],"wp:term":[{"taxonomy":"category","embeddable":true,"href":"https:\/\/www.noidiqua.it\/Agliana\/wp-json\/wp\/v2\/categories?post=2034"},{"taxonomy":"post_tag","embeddable":true,"href":"https:\/\/www.noidiqua.it\/Agliana\/wp-json\/wp\/v2\/tags?post=2034"}],"curies":[{"name":"wp","href":"https:\/\/api.w.org\/{rel}","templated":true}]}}