{"id":2064,"date":"2012-11-09T11:03:59","date_gmt":"2012-11-09T11:03:59","guid":{"rendered":"https:\/\/www.noidiqua.it\/Agliana\/?p=2064"},"modified":"2023-02-08T11:50:02","modified_gmt":"2023-02-08T10:50:02","slug":"marco-tesi-i-consigli-di-un-maestro","status":"publish","type":"post","link":"https:\/\/www.noidiqua.it\/Agliana\/marco-tesi-i-consigli-di-un-maestro\/","title":{"rendered":"Marco Tesi &#8211; i consigli di un Maestro"},"content":{"rendered":"<p style=\"text-align: justify;\"><em>di David Colzi<br \/>\n<\/em><\/p>\n<p style=\"text-align: justify;\"><em>dicembre <\/em><em>2012<\/em><\/p>\n<p><a href=\"https:\/\/www.noidiqua.it\/Agliana\/wp-content\/uploads\/2012\/11\/tesi-1.png\" rel=\"wp-prettyPhoto[2064]\"><img loading=\"lazy\" decoding=\"async\" class=\"aligncenter size-full wp-image-8296\" src=\"https:\/\/www.noidiqua.it\/Agliana\/wp-content\/uploads\/2012\/11\/tesi-1.png\" alt=\"\" width=\"504\" height=\"374\" srcset=\"https:\/\/www.noidiqua.it\/Agliana\/wp-content\/uploads\/2012\/11\/tesi-1.png 504w, https:\/\/www.noidiqua.it\/Agliana\/wp-content\/uploads\/2012\/11\/tesi-1-300x223.png 300w\" sizes=\"auto, (max-width: 504px) 100vw, 504px\" \/><\/a><\/p>\n<p style=\"text-align: justify;\">\n<p style=\"text-align: justify;\"><strong>Marco Tesi<\/strong> \u00e8 un istituzione ad <strong>Agliana<\/strong> e tanti bravi parrucchieri che poi si sono messi in proprio, hanno appreso il mestiere nel suo negozio in piazza IV novembre, oggi portato avanti da due ex allievi, Patrizio Santini e Alessio Benvenuti. Nato in una famiglia contadina che risiedeva lontano dal centro cittadino, Marco impar\u00f2 presto il valore del lavoro; infatti a dodici anni, inforcando la bicicletta, inizi\u00f2 a macinare chilometri per andare \u201ca bottega\u201d dallo storico barbiere aglianese <strong>Gino Nistri<\/strong>, nella centralissima <strong>Piazza Gramsci<\/strong>. Ma come mai ha scelto questa professione? <em>&lt;&lt;Probabilmente l\u2019idea deriva da mia madre Isarina.&gt;&gt;<\/em> ci dice Marco <em>&lt;&lt;Infatti da bambino la vedevo in casa mentre sistemava le acconciature delle vicine e tagliava i capelli ai contadini della zona, dietro piccoli compensi; d\u2019altronde la povert\u00e0 consentiva a pochi di andare dal parrucchiere, quindi la gente si arrangiava.&gt;&gt;<\/em> Comunque sia andata, Marco Tesi pass\u00f2 dieci anni dal Nistri, famoso sia per la sua professionalit\u00e0 e dedizione al lavoro, sia per l\u2019inflessibilit\u00e0 sui comportamenti da tenere in negozio. &lt;&lt;Ho imparato tanto da lui, anche per quel che riguarda il galateo del parrucchiere;&gt;&gt; continua Tesi <em>&lt;&lt;mi ha insegnato ad esempio come e quando si spazza durante un servizio, oppure come si porge il soprabito quando il cliente se ne sta per andare. Tenga presente che Gino Nistri serviva molti aglianesi importanti.&gt;&gt;<\/em> D\u2019altronde se si vuole eccellere in un mestiere, bisogna impegnarsi al massimo e con molti sacrifici, e Marco ne ha fatti, basti pensare che per i primi cinque anni non percep\u00ec alcuno stipendio, eccezion\u2019 fatta per le mance dei clienti. Poi nel \u201862 si mise in proprio, appena dopo il matrimonio, <strong>in piazza IV novembre<\/strong>, e nel \u201870 si colloc\u00f2 definitivamente nel posto dove \u00e8 rimasto per tutti questi anni, proprio nell\u2019angolo all\u2019entrata della piazza.<\/p>\n<p><a href=\"https:\/\/www.noidiqua.it\/Agliana\/wp-content\/uploads\/2012\/11\/tesi-2.png\" rel=\"wp-prettyPhoto[2064]\"><img loading=\"lazy\" decoding=\"async\" class=\"aligncenter  wp-image-8297\" src=\"https:\/\/www.noidiqua.it\/Agliana\/wp-content\/uploads\/2012\/11\/tesi-2.png\" alt=\"\" width=\"399\" height=\"346\" srcset=\"https:\/\/www.noidiqua.it\/Agliana\/wp-content\/uploads\/2012\/11\/tesi-2.png 500w, https:\/\/www.noidiqua.it\/Agliana\/wp-content\/uploads\/2012\/11\/tesi-2-300x260.png 300w\" sizes=\"auto, (max-width: 399px) 100vw, 399px\" \/><\/a><\/p>\n<p style=\"text-align: justify;\">In cinquant\u2019anni di attivit\u00e0, sono passati tanti ragazzi sotto gli occhi di Marco che li ha avviati al mestiere, consentendogli, come dicevamo all\u2019inizio, di spiccare il volo verso il successo nell\u2019attivit\u00e0 in proprio. Ma cosa ha insegnato ai suoi allievi? <em>&lt;&lt;Il rispetto innanzi tutto, sia nei confronti della professione che dei clienti.&gt;&gt;<\/em> precisa Marco <em>&lt;&lt;Poi non ho mai considerato i miei ragazzi come semplice forza lavoro, ma gli ho sempre stimolati a migliorarsi, lasciando che si facessero il loro giro di clienti all\u2019interno del negozio; cos\u00ec crescevano professionalmente, sentendosi parte dell\u2019attivit\u00e0, della famiglia.&gt;&gt;<\/em> Quanto \u00e8 importante la formazione? <em>&lt;&lt;E\u2019 fondamentale! Anche io nel \u201859 affiancai al lavoro lo studio e per pi\u00f9 di trent\u2019anni ho insegnato alla scuola parrucchieri \u201cAnam\u201d di Pistoia.&gt;&gt;<\/em> Oltre a questo Marco, assieme ad altri colleghi, ha partecipato a gare di settore ricevendo riconoscimenti prestigiosi sia a livello regionale che nazionale.<\/p>\n<p style=\"text-align: justify;\">Potremmo stare ore a parlare dei successi di questo Maestro del capello, ma Marco preferisce lanciare un messaggio ai giovani, forte dei suoi sessant\u2019anni di lavoro e di decine di clienti che da quando ha iniziato, lo seguono con affetto: <em>&lt;&lt;Vorrei dire due cose a tutti i ragazzi e le ragazze. Innanzi tutto l\u2019istruzione \u00e8 certamente importante per stare nel mondo di oggi, ma altrettanto importante \u00e8 la riscoperta dei lavori artigianali che hanno dato da vivere, in maniera dignitosa, a intere famiglie e grazie ai quali Agliana \u00e8 diventata quella che \u00e8. Poi vorrei incitarli a non arrendersi davanti alle difficolt\u00e0, perch\u00e9 oggi la selezione \u00e8 forte, ma se si crede davvero nel proprio lavoro, qualunque esso sia, i risultati prima o poi arrivano; sono convinto che la passione e i sacrifici ripagano sempre. Anch\u2019io, come tanti della mia generazione, sono partito da zero eppure, nel mio piccolo, qualcosa ho realizzato e tanti bravi parrucchieri che ora lavorano altrove ne sono la testimonianza!&gt;&gt;<\/em><\/p>","protected":false},"excerpt":{"rendered":"<p>di David Colzi dicembre 2012 Marco Tesi \u00e8 un istituzione ad Agliana e tanti bravi parrucchieri che poi si sono messi in proprio, hanno appreso il mestiere nel suo negozio in piazza IV novembre, oggi portato avanti da due ex allievi, Patrizio Santini e Alessio Benvenuti. Nato [&hellip;]<\/p>","protected":false},"author":5,"featured_media":0,"comment_status":"open","ping_status":"open","sticky":false,"template":"","format":"standard","meta":{"footnotes":""},"categories":[2,12,24,143],"tags":[37,38,79,84,96,97,107],"class_list":["post-2064","post","type-post","status-publish","format-standard","hentry","category-ag","category-gente-di-qua-qt","category-personaggi-qt","category-persone-e-personaggi","tag-ag-ag","tag-aglianese","tag-gente-di-qua","tag-laglianese","tag-noidiqua","tag-noidiqua-laglianese","tag-personaggi"],"yoast_head":"<!-- This site is optimized with the Yoast SEO plugin v25.5 - https:\/\/yoast.com\/wordpress\/plugins\/seo\/ -->\n<title>Marco Tesi - i consigli di un Maestro - Noi di Qua Testata giornalistica e di attualit\u00e0 di Agliana, Montale e Quarrata.<\/title>\n<meta name=\"robots\" content=\"index, follow, max-snippet:-1, max-image-preview:large, max-video-preview:-1\" \/>\n<link rel=\"canonical\" href=\"https:\/\/www.noidiqua.it\/Agliana\/marco-tesi-i-consigli-di-un-maestro\/\" \/>\n<meta property=\"og:locale\" content=\"it_IT\" \/>\n<meta property=\"og:type\" content=\"article\" \/>\n<meta property=\"og:title\" content=\"Marco Tesi - i consigli di un Maestro - Noi di Qua Testata giornalistica e di attualit\u00e0 di Agliana, Montale e Quarrata.\" \/>\n<meta property=\"og:description\" content=\"di David Colzi dicembre 2012 Marco Tesi \u00e8 un istituzione ad Agliana e tanti bravi parrucchieri che poi si sono messi in proprio, hanno appreso il mestiere nel suo negozio in piazza IV novembre, oggi portato avanti da due ex allievi, Patrizio Santini e Alessio Benvenuti. Nato [&hellip;]\" \/>\n<meta property=\"og:url\" content=\"https:\/\/www.noidiqua.it\/Agliana\/marco-tesi-i-consigli-di-un-maestro\/\" \/>\n<meta property=\"og:site_name\" content=\"Noi di Qua Testata giornalistica e di attualit\u00e0 di Agliana, Montale e Quarrata.\" \/>\n<meta property=\"article:publisher\" content=\"https:\/\/www.facebook.com\/noidiqua.trimestrale\/\" \/>\n<meta property=\"article:published_time\" content=\"2012-11-09T11:03:59+00:00\" \/>\n<meta property=\"article:modified_time\" content=\"2023-02-08T10:50:02+00:00\" \/>\n<meta property=\"og:image\" content=\"https:\/\/www.noidiqua.it\/Agliana\/wp-content\/uploads\/2012\/11\/tesi-1.png\" \/>\n<meta name=\"author\" content=\"David Colzi\" \/>\n<meta name=\"twitter:label1\" content=\"Scritto da\" \/>\n\t<meta name=\"twitter:data1\" content=\"David Colzi\" \/>\n\t<meta name=\"twitter:label2\" content=\"Tempo di lettura stimato\" \/>\n\t<meta name=\"twitter:data2\" content=\"4 minuti\" \/>\n<script type=\"application\/ld+json\" class=\"yoast-schema-graph\">{\"@context\":\"https:\/\/schema.org\",\"@graph\":[{\"@type\":\"WebPage\",\"@id\":\"https:\/\/www.noidiqua.it\/Agliana\/marco-tesi-i-consigli-di-un-maestro\/\",\"url\":\"https:\/\/www.noidiqua.it\/Agliana\/marco-tesi-i-consigli-di-un-maestro\/\",\"name\":\"Marco Tesi - i consigli di un Maestro - Noi di Qua Testata giornalistica e di attualit\u00e0 di Agliana, Montale e Quarrata.\",\"isPartOf\":{\"@id\":\"https:\/\/www.noidiqua.it\/Agliana\/#website\"},\"primaryImageOfPage\":{\"@id\":\"https:\/\/www.noidiqua.it\/Agliana\/marco-tesi-i-consigli-di-un-maestro\/#primaryimage\"},\"image\":{\"@id\":\"https:\/\/www.noidiqua.it\/Agliana\/marco-tesi-i-consigli-di-un-maestro\/#primaryimage\"},\"thumbnailUrl\":\"https:\/\/www.noidiqua.it\/Agliana\/wp-content\/uploads\/2012\/11\/tesi-1.png\",\"datePublished\":\"2012-11-09T11:03:59+00:00\",\"dateModified\":\"2023-02-08T10:50:02+00:00\",\"author\":{\"@id\":\"https:\/\/www.noidiqua.it\/Agliana\/#\/schema\/person\/3b45dd21eb2367c177b6a6d35c868ccc\"},\"breadcrumb\":{\"@id\":\"https:\/\/www.noidiqua.it\/Agliana\/marco-tesi-i-consigli-di-un-maestro\/#breadcrumb\"},\"inLanguage\":\"it-IT\",\"potentialAction\":[{\"@type\":\"ReadAction\",\"target\":[\"https:\/\/www.noidiqua.it\/Agliana\/marco-tesi-i-consigli-di-un-maestro\/\"]}]},{\"@type\":\"ImageObject\",\"inLanguage\":\"it-IT\",\"@id\":\"https:\/\/www.noidiqua.it\/Agliana\/marco-tesi-i-consigli-di-un-maestro\/#primaryimage\",\"url\":\"https:\/\/www.noidiqua.it\/Agliana\/wp-content\/uploads\/2012\/11\/tesi-1.png\",\"contentUrl\":\"https:\/\/www.noidiqua.it\/Agliana\/wp-content\/uploads\/2012\/11\/tesi-1.png\",\"width\":504,\"height\":374},{\"@type\":\"BreadcrumbList\",\"@id\":\"https:\/\/www.noidiqua.it\/Agliana\/marco-tesi-i-consigli-di-un-maestro\/#breadcrumb\",\"itemListElement\":[{\"@type\":\"ListItem\",\"position\":1,\"name\":\"Home\",\"item\":\"https:\/\/www.noidiqua.it\/Agliana\/\"},{\"@type\":\"ListItem\",\"position\":2,\"name\":\"Marco Tesi &#8211; i consigli di un Maestro\"}]},{\"@type\":\"WebSite\",\"@id\":\"https:\/\/www.noidiqua.it\/Agliana\/#website\",\"url\":\"https:\/\/www.noidiqua.it\/Agliana\/\",\"name\":\"Noi di Qua Testata giornalistica e di attualit\u00e0 di Agliana, Montale e Quarrata.\",\"description\":\"Testata Giornalistica Quarrata Montale Agliana\",\"potentialAction\":[{\"@type\":\"SearchAction\",\"target\":{\"@type\":\"EntryPoint\",\"urlTemplate\":\"https:\/\/www.noidiqua.it\/Agliana\/?s={search_term_string}\"},\"query-input\":{\"@type\":\"PropertyValueSpecification\",\"valueRequired\":true,\"valueName\":\"search_term_string\"}}],\"inLanguage\":\"it-IT\"},{\"@type\":\"Person\",\"@id\":\"https:\/\/www.noidiqua.it\/Agliana\/#\/schema\/person\/3b45dd21eb2367c177b6a6d35c868ccc\",\"name\":\"David Colzi\",\"image\":{\"@type\":\"ImageObject\",\"inLanguage\":\"it-IT\",\"@id\":\"https:\/\/www.noidiqua.it\/Agliana\/#\/schema\/person\/image\/\",\"url\":\"https:\/\/secure.gravatar.com\/avatar\/515ac68c0075b78a8243a0f28e5a361c9b5c466a1d6912ac3919ddd928c4db8c?s=96&d=mm&r=g\",\"contentUrl\":\"https:\/\/secure.gravatar.com\/avatar\/515ac68c0075b78a8243a0f28e5a361c9b5c466a1d6912ac3919ddd928c4db8c?s=96&d=mm&r=g\",\"caption\":\"David Colzi\"},\"url\":\"https:\/\/www.noidiqua.it\/Agliana\/author\/david-colzi\/\"}]}<\/script>\n<!-- \/ Yoast SEO plugin. -->","yoast_head_json":{"title":"Marco Tesi - i consigli di un Maestro - Noi di Qua Testata giornalistica e di attualit\u00e0 di Agliana, Montale e Quarrata.","robots":{"index":"index","follow":"follow","max-snippet":"max-snippet:-1","max-image-preview":"max-image-preview:large","max-video-preview":"max-video-preview:-1"},"canonical":"https:\/\/www.noidiqua.it\/Agliana\/marco-tesi-i-consigli-di-un-maestro\/","og_locale":"it_IT","og_type":"article","og_title":"Marco Tesi - i consigli di un Maestro - Noi di Qua Testata giornalistica e di attualit\u00e0 di Agliana, Montale e Quarrata.","og_description":"di David Colzi dicembre 2012 Marco Tesi \u00e8 un istituzione ad Agliana e tanti bravi parrucchieri che poi si sono messi in proprio, hanno appreso il mestiere nel suo negozio in piazza IV novembre, oggi portato avanti da due ex allievi, Patrizio Santini e Alessio Benvenuti. Nato [&hellip;]","og_url":"https:\/\/www.noidiqua.it\/Agliana\/marco-tesi-i-consigli-di-un-maestro\/","og_site_name":"Noi di Qua Testata giornalistica e di attualit\u00e0 di Agliana, Montale e Quarrata.","article_publisher":"https:\/\/www.facebook.com\/noidiqua.trimestrale\/","article_published_time":"2012-11-09T11:03:59+00:00","article_modified_time":"2023-02-08T10:50:02+00:00","og_image":[{"url":"https:\/\/www.noidiqua.it\/Agliana\/wp-content\/uploads\/2012\/11\/tesi-1.png","type":"","width":"","height":""}],"author":"David Colzi","twitter_misc":{"Scritto da":"David Colzi","Tempo di lettura stimato":"4 minuti"},"schema":{"@context":"https:\/\/schema.org","@graph":[{"@type":"WebPage","@id":"https:\/\/www.noidiqua.it\/Agliana\/marco-tesi-i-consigli-di-un-maestro\/","url":"https:\/\/www.noidiqua.it\/Agliana\/marco-tesi-i-consigli-di-un-maestro\/","name":"Marco Tesi - i consigli di un Maestro - Noi di Qua Testata giornalistica e di attualit\u00e0 di Agliana, Montale e Quarrata.","isPartOf":{"@id":"https:\/\/www.noidiqua.it\/Agliana\/#website"},"primaryImageOfPage":{"@id":"https:\/\/www.noidiqua.it\/Agliana\/marco-tesi-i-consigli-di-un-maestro\/#primaryimage"},"image":{"@id":"https:\/\/www.noidiqua.it\/Agliana\/marco-tesi-i-consigli-di-un-maestro\/#primaryimage"},"thumbnailUrl":"https:\/\/www.noidiqua.it\/Agliana\/wp-content\/uploads\/2012\/11\/tesi-1.png","datePublished":"2012-11-09T11:03:59+00:00","dateModified":"2023-02-08T10:50:02+00:00","author":{"@id":"https:\/\/www.noidiqua.it\/Agliana\/#\/schema\/person\/3b45dd21eb2367c177b6a6d35c868ccc"},"breadcrumb":{"@id":"https:\/\/www.noidiqua.it\/Agliana\/marco-tesi-i-consigli-di-un-maestro\/#breadcrumb"},"inLanguage":"it-IT","potentialAction":[{"@type":"ReadAction","target":["https:\/\/www.noidiqua.it\/Agliana\/marco-tesi-i-consigli-di-un-maestro\/"]}]},{"@type":"ImageObject","inLanguage":"it-IT","@id":"https:\/\/www.noidiqua.it\/Agliana\/marco-tesi-i-consigli-di-un-maestro\/#primaryimage","url":"https:\/\/www.noidiqua.it\/Agliana\/wp-content\/uploads\/2012\/11\/tesi-1.png","contentUrl":"https:\/\/www.noidiqua.it\/Agliana\/wp-content\/uploads\/2012\/11\/tesi-1.png","width":504,"height":374},{"@type":"BreadcrumbList","@id":"https:\/\/www.noidiqua.it\/Agliana\/marco-tesi-i-consigli-di-un-maestro\/#breadcrumb","itemListElement":[{"@type":"ListItem","position":1,"name":"Home","item":"https:\/\/www.noidiqua.it\/Agliana\/"},{"@type":"ListItem","position":2,"name":"Marco Tesi &#8211; i consigli di un Maestro"}]},{"@type":"WebSite","@id":"https:\/\/www.noidiqua.it\/Agliana\/#website","url":"https:\/\/www.noidiqua.it\/Agliana\/","name":"Noi di Qua Testata giornalistica e di attualit\u00e0 di Agliana, Montale e Quarrata.","description":"Testata Giornalistica Quarrata Montale Agliana","potentialAction":[{"@type":"SearchAction","target":{"@type":"EntryPoint","urlTemplate":"https:\/\/www.noidiqua.it\/Agliana\/?s={search_term_string}"},"query-input":{"@type":"PropertyValueSpecification","valueRequired":true,"valueName":"search_term_string"}}],"inLanguage":"it-IT"},{"@type":"Person","@id":"https:\/\/www.noidiqua.it\/Agliana\/#\/schema\/person\/3b45dd21eb2367c177b6a6d35c868ccc","name":"David Colzi","image":{"@type":"ImageObject","inLanguage":"it-IT","@id":"https:\/\/www.noidiqua.it\/Agliana\/#\/schema\/person\/image\/","url":"https:\/\/secure.gravatar.com\/avatar\/515ac68c0075b78a8243a0f28e5a361c9b5c466a1d6912ac3919ddd928c4db8c?s=96&d=mm&r=g","contentUrl":"https:\/\/secure.gravatar.com\/avatar\/515ac68c0075b78a8243a0f28e5a361c9b5c466a1d6912ac3919ddd928c4db8c?s=96&d=mm&r=g","caption":"David Colzi"},"url":"https:\/\/www.noidiqua.it\/Agliana\/author\/david-colzi\/"}]}},"_links":{"self":[{"href":"https:\/\/www.noidiqua.it\/Agliana\/wp-json\/wp\/v2\/posts\/2064","targetHints":{"allow":["GET"]}}],"collection":[{"href":"https:\/\/www.noidiqua.it\/Agliana\/wp-json\/wp\/v2\/posts"}],"about":[{"href":"https:\/\/www.noidiqua.it\/Agliana\/wp-json\/wp\/v2\/types\/post"}],"author":[{"embeddable":true,"href":"https:\/\/www.noidiqua.it\/Agliana\/wp-json\/wp\/v2\/users\/5"}],"replies":[{"embeddable":true,"href":"https:\/\/www.noidiqua.it\/Agliana\/wp-json\/wp\/v2\/comments?post=2064"}],"version-history":[{"count":6,"href":"https:\/\/www.noidiqua.it\/Agliana\/wp-json\/wp\/v2\/posts\/2064\/revisions"}],"predecessor-version":[{"id":8298,"href":"https:\/\/www.noidiqua.it\/Agliana\/wp-json\/wp\/v2\/posts\/2064\/revisions\/8298"}],"wp:attachment":[{"href":"https:\/\/www.noidiqua.it\/Agliana\/wp-json\/wp\/v2\/media?parent=2064"}],"wp:term":[{"taxonomy":"category","embeddable":true,"href":"https:\/\/www.noidiqua.it\/Agliana\/wp-json\/wp\/v2\/categories?post=2064"},{"taxonomy":"post_tag","embeddable":true,"href":"https:\/\/www.noidiqua.it\/Agliana\/wp-json\/wp\/v2\/tags?post=2064"}],"curies":[{"name":"wp","href":"https:\/\/api.w.org\/{rel}","templated":true}]}}