{"id":2126,"date":"2013-02-06T13:28:28","date_gmt":"2013-02-06T12:28:28","guid":{"rendered":"https:\/\/www.noidiqua.it\/Agliana\/?p=2126"},"modified":"2023-02-03T16:01:42","modified_gmt":"2023-02-03T15:01:42","slug":"aglianatletica-incontro-con-giovanni-saba","status":"publish","type":"post","link":"https:\/\/www.noidiqua.it\/Agliana\/aglianatletica-incontro-con-giovanni-saba\/","title":{"rendered":"AglianAtletica &#8211; incontro con Giovanni Saba"},"content":{"rendered":"<p style=\"text-align: justify;\"><em>di Linda Meoni<br \/>\n<\/em><\/p>\n<p style=\"text-align: justify;\"><em>febbraio 2013<\/em><\/p>\n<p><a href=\"https:\/\/www.noidiqua.it\/Agliana\/wp-content\/uploads\/2013\/02\/Atletica-3.png\" rel=\"wp-prettyPhoto[2126]\"><img loading=\"lazy\" decoding=\"async\" class=\"aligncenter size-full wp-image-8234\" src=\"https:\/\/www.noidiqua.it\/Agliana\/wp-content\/uploads\/2013\/02\/Atletica-3.png\" alt=\"\" width=\"503\" height=\"376\" srcset=\"https:\/\/www.noidiqua.it\/Agliana\/wp-content\/uploads\/2013\/02\/Atletica-3.png 503w, https:\/\/www.noidiqua.it\/Agliana\/wp-content\/uploads\/2013\/02\/Atletica-3-300x224.png 300w\" sizes=\"auto, (max-width: 503px) 100vw, 503px\" \/><\/a><\/p>\n<p>Le squadre con cui ha solitamente a che fare ogni giorno sono di quelle con gli spigoli, perch\u00e9 in verit\u00e0<strong> Giovanni Saba<\/strong>, 47 anni, nella vita fa il geometra, ma da qualche anno a questa parte \u00e8 \u201ctornato alle origini\u201d. Sportivo fin dalla giovanissima et\u00e0,<em> \u00abcon disastrosi risultati\u00bb<\/em>, come spiega sorridendo lui stesso, nel 2008 ha ritirato fuori dal cassetto quella grande passione mai dimenticata: l\u2019<strong>atletica<\/strong>. Un amore questo, nato grazie alla passione trasmessa dalla sua stessa allenatrice,<strong> Enza Lombardi<\/strong>, che gli fece capire che prima ancora dei risultati nello sport, conta il gruppo e ancor di pi\u00f9 il singolo. <em>\u00abC\u2019erano applausi e salti in aria anche per me\u00bb<\/em> ricorda Giovanni <em>\u00abanche se arrivavo quasi sempre in fondo alla classifica. In quei momenti non capivo, ero un bambino, mi domandavo perch\u00e9 lo facesse. Poi ho fatto tesoro di questa lezione e anche quando sembrava che tutto fosse assopito mi \u00e8 tornata la voglia di mettere in pratica quanto mi era stato trasmesso\u00bb<\/em>.<\/p>\n<p><a href=\"https:\/\/www.noidiqua.it\/Agliana\/wp-content\/uploads\/2013\/02\/Atletica-1.png\" rel=\"wp-prettyPhoto[2126]\"><img loading=\"lazy\" decoding=\"async\" class=\"aligncenter  wp-image-8235\" src=\"https:\/\/www.noidiqua.it\/Agliana\/wp-content\/uploads\/2013\/02\/Atletica-1.png\" alt=\"\" width=\"444\" height=\"346\" srcset=\"https:\/\/www.noidiqua.it\/Agliana\/wp-content\/uploads\/2013\/02\/Atletica-1.png 501w, https:\/\/www.noidiqua.it\/Agliana\/wp-content\/uploads\/2013\/02\/Atletica-1-300x234.png 300w\" sizes=\"auto, (max-width: 444px) 100vw, 444px\" \/><\/a><\/p>\n<p>Oggi presidente della societ\u00e0 sportiva<strong> Aglianatletica<\/strong>, Giovanni Saba continua a coltivare un sogno al quale ha dato il nome di \u201cPiccoli raggi di sole\u201d, un gruppo sportivo che agli albori contava una ventina di ragazzi. Poi l\u2019incontro con<strong> Marco Rafanelli<\/strong> dell\u2019<strong>Atletica Casalguidi<\/strong>, il testimone lasciato da <strong>Roberto Del Coro<\/strong>, indimenticato fondatore del Club Atleti Quarrata e noto commentatore sportivo alla tv locale Tvl, e la \u201cScintilla\u201d diventa vera e propria fiamma con Emidio Durante, della Croce d\u2019Oro di Montale, con cui Saba cominci\u00f2 a parlare della materiale costituzione di un gruppo sportivo. <em>\u00abPoi Emidio lasci\u00f2 la presidenza del gruppo\u00bb<\/em> spiega Giovanni <em>\u00abe l\u00ec si pose la questione di cosa fare e dove andare. Eravamo indecisi tra rimanere a Montale o spostarci ad Agliana, finch\u00e9 poi per motivi puramente pratici optammo per Agliana. Era il 27 dicembre del 2009: nasceva allora la societ\u00e0 Aglianatletica\u00bb<\/em>.<\/p>\n<p><a href=\"https:\/\/www.noidiqua.it\/Agliana\/wp-content\/uploads\/2013\/02\/Atletica-2.png\" rel=\"wp-prettyPhoto[2126]\"><img loading=\"lazy\" decoding=\"async\" class=\"aligncenter size-full wp-image-8236\" src=\"https:\/\/www.noidiqua.it\/Agliana\/wp-content\/uploads\/2013\/02\/Atletica-2.png\" alt=\"\" width=\"366\" height=\"395\" srcset=\"https:\/\/www.noidiqua.it\/Agliana\/wp-content\/uploads\/2013\/02\/Atletica-2.png 366w, https:\/\/www.noidiqua.it\/Agliana\/wp-content\/uploads\/2013\/02\/Atletica-2-278x300.png 278w\" sizes=\"auto, (max-width: 366px) 100vw, 366px\" \/><\/a><\/p>\n<p>Oggi sono 110 i bambini iscritti, sei gli allenatori impegnati nel coordinamento sulla pista di <strong>Agliana<\/strong> e la palestra della scuola <strong>\u201cCapitini\u201d<\/strong> insieme anche ai campi da Tennis Club Agliana, dove ci si allena nei mesi pi\u00f9 freddi dell\u2019anno. <em>\u00abCredo che nonostante la buona volont\u00e0 delle amministrazioni\u00bb<\/em> spiega Saba <em>\u00abil problema pi\u00f9 grosso per noi sia la mancanza degli spazi. Molti gruppi, molte societ\u00e0 mollano perch\u00e9 scoraggiate da questa carenza, e come biasimarli? Non si investe nello sport, non credendo davvero nella sua valenza formativa\u00bb<\/em>. Ma, come spiega ancora Giovanni, quando si riesce nella \u201cmissione\u201d c\u2019\u00e8 spazio per guardare anche oltre allo sport.<em> \u00abCi piace\u00bb<\/em>\u00a0 dice <em>\u00abdestinare una parte degli utili a dei progetti a sfondo sociale. Questo ad esempio \u00e8 il secondo anno che riusciamo ad attivare dei corsi in orario scolastico dedicati alla musica e al teatro, in collaborazione con gli insegnanti e i presidi. In pratica i ragazzi dalla terza alla quinta elementare frequentano il progetto di propedeutica musicale da gennaio fino a maggio, a conclusione del quale va in scena un saggio un finale. Uno sforzo e un\u2019iniziativa in cui credo molto: quando si parla di musica o di discipline artistiche in generale, cos\u00ec come lo sport, stiamo parlando di un fondamentale percorso di crescita\u00bb<\/em>.<\/p>\n<p style=\"text-align: justify;\">\n<p style=\"text-align: justify;\">Per saperne di pi\u00f9 sulla societ\u00e0 e le attivit\u00e0 proposte \u00e8 possibile scrivere a info@aglianatletica.it oppure contattare il presidente al 347.8681588; sito ufficiale: www.aglianatletica.it.<\/p>","protected":false},"excerpt":{"rendered":"<p>di Linda Meoni febbraio 2013 Le squadre con cui ha solitamente a che fare ogni giorno sono di quelle con gli spigoli, perch\u00e9 in verit\u00e0 Giovanni Saba, 47 anni, nella vita fa il geometra, ma da qualche anno a questa parte \u00e8 \u201ctornato alle origini\u201d. Sportivo fin [&hellip;]<\/p>","protected":false},"author":11,"featured_media":0,"comment_status":"open","ping_status":"open","sticky":false,"template":"","format":"standard","meta":{"footnotes":""},"categories":[2,144,28],"tags":[37,38,49,79,84,96,97,107,124,125],"class_list":["post-2126","post","type-post","status-publish","format-standard","hentry","category-ag","category-lo-sport-di-qua","category-sport-qt","tag-ag-ag","tag-aglianese","tag-capitini","tag-gente-di-qua","tag-laglianese","tag-noidiqua","tag-noidiqua-laglianese","tag-personaggi","tag-spettacolo","tag-sport"],"yoast_head":"<!-- This site is optimized with the Yoast SEO plugin v25.5 - https:\/\/yoast.com\/wordpress\/plugins\/seo\/ -->\n<title>AglianAtletica - incontro con Giovanni Saba - Noi di Qua Testata giornalistica e di attualit\u00e0 di Agliana, Montale e Quarrata.<\/title>\n<meta name=\"robots\" content=\"index, follow, max-snippet:-1, max-image-preview:large, max-video-preview:-1\" \/>\n<link rel=\"canonical\" href=\"https:\/\/www.noidiqua.it\/Agliana\/aglianatletica-incontro-con-giovanni-saba\/\" \/>\n<meta property=\"og:locale\" content=\"it_IT\" \/>\n<meta property=\"og:type\" content=\"article\" \/>\n<meta property=\"og:title\" content=\"AglianAtletica - incontro con Giovanni Saba - Noi di Qua Testata giornalistica e di attualit\u00e0 di Agliana, Montale e Quarrata.\" \/>\n<meta property=\"og:description\" content=\"di Linda Meoni febbraio 2013 Le squadre con cui ha solitamente a che fare ogni giorno sono di quelle con gli spigoli, perch\u00e9 in verit\u00e0 Giovanni Saba, 47 anni, nella vita fa il geometra, ma da qualche anno a questa parte \u00e8 \u201ctornato alle origini\u201d. Sportivo fin [&hellip;]\" \/>\n<meta property=\"og:url\" content=\"https:\/\/www.noidiqua.it\/Agliana\/aglianatletica-incontro-con-giovanni-saba\/\" \/>\n<meta property=\"og:site_name\" content=\"Noi di Qua Testata giornalistica e di attualit\u00e0 di Agliana, Montale e Quarrata.\" \/>\n<meta property=\"article:publisher\" content=\"https:\/\/www.facebook.com\/noidiqua.trimestrale\/\" \/>\n<meta property=\"article:published_time\" content=\"2013-02-06T12:28:28+00:00\" \/>\n<meta property=\"article:modified_time\" content=\"2023-02-03T15:01:42+00:00\" \/>\n<meta property=\"og:image\" content=\"https:\/\/www.noidiqua.it\/Agliana\/wp-content\/uploads\/2013\/02\/Atletica-3.png\" \/>\n<meta name=\"author\" content=\"Noidiqua\" \/>\n<meta name=\"twitter:label1\" content=\"Scritto da\" \/>\n\t<meta name=\"twitter:data1\" content=\"Noidiqua\" \/>\n\t<meta name=\"twitter:label2\" content=\"Tempo di lettura stimato\" \/>\n\t<meta name=\"twitter:data2\" content=\"3 minuti\" \/>\n<script type=\"application\/ld+json\" class=\"yoast-schema-graph\">{\"@context\":\"https:\/\/schema.org\",\"@graph\":[{\"@type\":\"WebPage\",\"@id\":\"https:\/\/www.noidiqua.it\/Agliana\/aglianatletica-incontro-con-giovanni-saba\/\",\"url\":\"https:\/\/www.noidiqua.it\/Agliana\/aglianatletica-incontro-con-giovanni-saba\/\",\"name\":\"AglianAtletica - incontro con Giovanni Saba - Noi di Qua Testata giornalistica e di attualit\u00e0 di Agliana, Montale e Quarrata.\",\"isPartOf\":{\"@id\":\"https:\/\/www.noidiqua.it\/Agliana\/#website\"},\"primaryImageOfPage\":{\"@id\":\"https:\/\/www.noidiqua.it\/Agliana\/aglianatletica-incontro-con-giovanni-saba\/#primaryimage\"},\"image\":{\"@id\":\"https:\/\/www.noidiqua.it\/Agliana\/aglianatletica-incontro-con-giovanni-saba\/#primaryimage\"},\"thumbnailUrl\":\"https:\/\/www.noidiqua.it\/Agliana\/wp-content\/uploads\/2013\/02\/Atletica-3.png\",\"datePublished\":\"2013-02-06T12:28:28+00:00\",\"dateModified\":\"2023-02-03T15:01:42+00:00\",\"author\":{\"@id\":\"https:\/\/www.noidiqua.it\/Agliana\/#\/schema\/person\/514fd9b1d14a0c719d001900ccd198a0\"},\"breadcrumb\":{\"@id\":\"https:\/\/www.noidiqua.it\/Agliana\/aglianatletica-incontro-con-giovanni-saba\/#breadcrumb\"},\"inLanguage\":\"it-IT\",\"potentialAction\":[{\"@type\":\"ReadAction\",\"target\":[\"https:\/\/www.noidiqua.it\/Agliana\/aglianatletica-incontro-con-giovanni-saba\/\"]}]},{\"@type\":\"ImageObject\",\"inLanguage\":\"it-IT\",\"@id\":\"https:\/\/www.noidiqua.it\/Agliana\/aglianatletica-incontro-con-giovanni-saba\/#primaryimage\",\"url\":\"https:\/\/www.noidiqua.it\/Agliana\/wp-content\/uploads\/2013\/02\/Atletica-3.png\",\"contentUrl\":\"https:\/\/www.noidiqua.it\/Agliana\/wp-content\/uploads\/2013\/02\/Atletica-3.png\",\"width\":503,\"height\":376},{\"@type\":\"BreadcrumbList\",\"@id\":\"https:\/\/www.noidiqua.it\/Agliana\/aglianatletica-incontro-con-giovanni-saba\/#breadcrumb\",\"itemListElement\":[{\"@type\":\"ListItem\",\"position\":1,\"name\":\"Home\",\"item\":\"https:\/\/www.noidiqua.it\/Agliana\/\"},{\"@type\":\"ListItem\",\"position\":2,\"name\":\"AglianAtletica &#8211; incontro con Giovanni Saba\"}]},{\"@type\":\"WebSite\",\"@id\":\"https:\/\/www.noidiqua.it\/Agliana\/#website\",\"url\":\"https:\/\/www.noidiqua.it\/Agliana\/\",\"name\":\"Noi di Qua Testata giornalistica e di attualit\u00e0 di Agliana, Montale e Quarrata.\",\"description\":\"Testata Giornalistica Quarrata Montale Agliana\",\"potentialAction\":[{\"@type\":\"SearchAction\",\"target\":{\"@type\":\"EntryPoint\",\"urlTemplate\":\"https:\/\/www.noidiqua.it\/Agliana\/?s={search_term_string}\"},\"query-input\":{\"@type\":\"PropertyValueSpecification\",\"valueRequired\":true,\"valueName\":\"search_term_string\"}}],\"inLanguage\":\"it-IT\"},{\"@type\":\"Person\",\"@id\":\"https:\/\/www.noidiqua.it\/Agliana\/#\/schema\/person\/514fd9b1d14a0c719d001900ccd198a0\",\"name\":\"Noidiqua\",\"image\":{\"@type\":\"ImageObject\",\"inLanguage\":\"it-IT\",\"@id\":\"https:\/\/www.noidiqua.it\/Agliana\/#\/schema\/person\/image\/\",\"url\":\"https:\/\/secure.gravatar.com\/avatar\/57c38c8013923f27f46e913d45f086e963a1448a954bfc93d80df0ae6017f8ba?s=96&d=mm&r=g\",\"contentUrl\":\"https:\/\/secure.gravatar.com\/avatar\/57c38c8013923f27f46e913d45f086e963a1448a954bfc93d80df0ae6017f8ba?s=96&d=mm&r=g\",\"caption\":\"Noidiqua\"},\"url\":\"https:\/\/www.noidiqua.it\/Agliana\/author\/redazioneag\/\"}]}<\/script>\n<!-- \/ Yoast SEO plugin. -->","yoast_head_json":{"title":"AglianAtletica - incontro con Giovanni Saba - Noi di Qua Testata giornalistica e di attualit\u00e0 di Agliana, Montale e Quarrata.","robots":{"index":"index","follow":"follow","max-snippet":"max-snippet:-1","max-image-preview":"max-image-preview:large","max-video-preview":"max-video-preview:-1"},"canonical":"https:\/\/www.noidiqua.it\/Agliana\/aglianatletica-incontro-con-giovanni-saba\/","og_locale":"it_IT","og_type":"article","og_title":"AglianAtletica - incontro con Giovanni Saba - Noi di Qua Testata giornalistica e di attualit\u00e0 di Agliana, Montale e Quarrata.","og_description":"di Linda Meoni febbraio 2013 Le squadre con cui ha solitamente a che fare ogni giorno sono di quelle con gli spigoli, perch\u00e9 in verit\u00e0 Giovanni Saba, 47 anni, nella vita fa il geometra, ma da qualche anno a questa parte \u00e8 \u201ctornato alle origini\u201d. Sportivo fin [&hellip;]","og_url":"https:\/\/www.noidiqua.it\/Agliana\/aglianatletica-incontro-con-giovanni-saba\/","og_site_name":"Noi di Qua Testata giornalistica e di attualit\u00e0 di Agliana, Montale e Quarrata.","article_publisher":"https:\/\/www.facebook.com\/noidiqua.trimestrale\/","article_published_time":"2013-02-06T12:28:28+00:00","article_modified_time":"2023-02-03T15:01:42+00:00","og_image":[{"url":"https:\/\/www.noidiqua.it\/Agliana\/wp-content\/uploads\/2013\/02\/Atletica-3.png","type":"","width":"","height":""}],"author":"Noidiqua","twitter_misc":{"Scritto da":"Noidiqua","Tempo di lettura stimato":"3 minuti"},"schema":{"@context":"https:\/\/schema.org","@graph":[{"@type":"WebPage","@id":"https:\/\/www.noidiqua.it\/Agliana\/aglianatletica-incontro-con-giovanni-saba\/","url":"https:\/\/www.noidiqua.it\/Agliana\/aglianatletica-incontro-con-giovanni-saba\/","name":"AglianAtletica - incontro con Giovanni Saba - Noi di Qua Testata giornalistica e di attualit\u00e0 di Agliana, Montale e Quarrata.","isPartOf":{"@id":"https:\/\/www.noidiqua.it\/Agliana\/#website"},"primaryImageOfPage":{"@id":"https:\/\/www.noidiqua.it\/Agliana\/aglianatletica-incontro-con-giovanni-saba\/#primaryimage"},"image":{"@id":"https:\/\/www.noidiqua.it\/Agliana\/aglianatletica-incontro-con-giovanni-saba\/#primaryimage"},"thumbnailUrl":"https:\/\/www.noidiqua.it\/Agliana\/wp-content\/uploads\/2013\/02\/Atletica-3.png","datePublished":"2013-02-06T12:28:28+00:00","dateModified":"2023-02-03T15:01:42+00:00","author":{"@id":"https:\/\/www.noidiqua.it\/Agliana\/#\/schema\/person\/514fd9b1d14a0c719d001900ccd198a0"},"breadcrumb":{"@id":"https:\/\/www.noidiqua.it\/Agliana\/aglianatletica-incontro-con-giovanni-saba\/#breadcrumb"},"inLanguage":"it-IT","potentialAction":[{"@type":"ReadAction","target":["https:\/\/www.noidiqua.it\/Agliana\/aglianatletica-incontro-con-giovanni-saba\/"]}]},{"@type":"ImageObject","inLanguage":"it-IT","@id":"https:\/\/www.noidiqua.it\/Agliana\/aglianatletica-incontro-con-giovanni-saba\/#primaryimage","url":"https:\/\/www.noidiqua.it\/Agliana\/wp-content\/uploads\/2013\/02\/Atletica-3.png","contentUrl":"https:\/\/www.noidiqua.it\/Agliana\/wp-content\/uploads\/2013\/02\/Atletica-3.png","width":503,"height":376},{"@type":"BreadcrumbList","@id":"https:\/\/www.noidiqua.it\/Agliana\/aglianatletica-incontro-con-giovanni-saba\/#breadcrumb","itemListElement":[{"@type":"ListItem","position":1,"name":"Home","item":"https:\/\/www.noidiqua.it\/Agliana\/"},{"@type":"ListItem","position":2,"name":"AglianAtletica &#8211; incontro con Giovanni Saba"}]},{"@type":"WebSite","@id":"https:\/\/www.noidiqua.it\/Agliana\/#website","url":"https:\/\/www.noidiqua.it\/Agliana\/","name":"Noi di Qua Testata giornalistica e di attualit\u00e0 di Agliana, Montale e Quarrata.","description":"Testata Giornalistica Quarrata Montale Agliana","potentialAction":[{"@type":"SearchAction","target":{"@type":"EntryPoint","urlTemplate":"https:\/\/www.noidiqua.it\/Agliana\/?s={search_term_string}"},"query-input":{"@type":"PropertyValueSpecification","valueRequired":true,"valueName":"search_term_string"}}],"inLanguage":"it-IT"},{"@type":"Person","@id":"https:\/\/www.noidiqua.it\/Agliana\/#\/schema\/person\/514fd9b1d14a0c719d001900ccd198a0","name":"Noidiqua","image":{"@type":"ImageObject","inLanguage":"it-IT","@id":"https:\/\/www.noidiqua.it\/Agliana\/#\/schema\/person\/image\/","url":"https:\/\/secure.gravatar.com\/avatar\/57c38c8013923f27f46e913d45f086e963a1448a954bfc93d80df0ae6017f8ba?s=96&d=mm&r=g","contentUrl":"https:\/\/secure.gravatar.com\/avatar\/57c38c8013923f27f46e913d45f086e963a1448a954bfc93d80df0ae6017f8ba?s=96&d=mm&r=g","caption":"Noidiqua"},"url":"https:\/\/www.noidiqua.it\/Agliana\/author\/redazioneag\/"}]}},"_links":{"self":[{"href":"https:\/\/www.noidiqua.it\/Agliana\/wp-json\/wp\/v2\/posts\/2126","targetHints":{"allow":["GET"]}}],"collection":[{"href":"https:\/\/www.noidiqua.it\/Agliana\/wp-json\/wp\/v2\/posts"}],"about":[{"href":"https:\/\/www.noidiqua.it\/Agliana\/wp-json\/wp\/v2\/types\/post"}],"author":[{"embeddable":true,"href":"https:\/\/www.noidiqua.it\/Agliana\/wp-json\/wp\/v2\/users\/11"}],"replies":[{"embeddable":true,"href":"https:\/\/www.noidiqua.it\/Agliana\/wp-json\/wp\/v2\/comments?post=2126"}],"version-history":[{"count":4,"href":"https:\/\/www.noidiqua.it\/Agliana\/wp-json\/wp\/v2\/posts\/2126\/revisions"}],"predecessor-version":[{"id":8237,"href":"https:\/\/www.noidiqua.it\/Agliana\/wp-json\/wp\/v2\/posts\/2126\/revisions\/8237"}],"wp:attachment":[{"href":"https:\/\/www.noidiqua.it\/Agliana\/wp-json\/wp\/v2\/media?parent=2126"}],"wp:term":[{"taxonomy":"category","embeddable":true,"href":"https:\/\/www.noidiqua.it\/Agliana\/wp-json\/wp\/v2\/categories?post=2126"},{"taxonomy":"post_tag","embeddable":true,"href":"https:\/\/www.noidiqua.it\/Agliana\/wp-json\/wp\/v2\/tags?post=2126"}],"curies":[{"name":"wp","href":"https:\/\/api.w.org\/{rel}","templated":true}]}}