{"id":2133,"date":"2013-02-06T13:39:03","date_gmt":"2013-02-06T13:39:03","guid":{"rendered":"https:\/\/www.noidiqua.it\/Agliana\/?p=2133"},"modified":"2023-02-03T16:03:56","modified_gmt":"2023-02-03T15:03:56","slug":"coro-terra-betinga","status":"publish","type":"post","link":"https:\/\/www.noidiqua.it\/Agliana\/coro-terra-betinga\/","title":{"rendered":"Coro Terra Betinga"},"content":{"rendered":"<p style=\"text-align: justify;\"><em>di Marco Bagnoli<br \/>\n<\/em><\/p>\n<p style=\"text-align: justify;\"><em>febbraio 2013<\/em><\/p>\n<p><a href=\"https:\/\/www.noidiqua.it\/Agliana\/wp-content\/uploads\/2013\/02\/Terra-Betinga-RASSEGNA-CORALE-NOTE-DI-PRIMAVERA.png\" rel=\"wp-prettyPhoto[2133]\"><img loading=\"lazy\" decoding=\"async\" class=\"aligncenter size-full wp-image-8238\" src=\"https:\/\/www.noidiqua.it\/Agliana\/wp-content\/uploads\/2013\/02\/Terra-Betinga-RASSEGNA-CORALE-NOTE-DI-PRIMAVERA.png\" alt=\"\" width=\"500\" height=\"304\" srcset=\"https:\/\/www.noidiqua.it\/Agliana\/wp-content\/uploads\/2013\/02\/Terra-Betinga-RASSEGNA-CORALE-NOTE-DI-PRIMAVERA.png 500w, https:\/\/www.noidiqua.it\/Agliana\/wp-content\/uploads\/2013\/02\/Terra-Betinga-RASSEGNA-CORALE-NOTE-DI-PRIMAVERA-300x182.png 300w\" sizes=\"auto, (max-width: 500px) 100vw, 500px\" \/><\/a><\/p>\n<p>Nei tempi antichi Agliana \u00e8 stata invasa: che <em>Terra Loteringa<\/em>,<em> Terra Gerardinga<\/em> e <em>Terra Bethinga<\/em> sono denominazioni longobarde di alcune localit\u00e0 del nostro territorio \u2013 un manoscritto del XI secolo conservato nell\u2019Archivio vescovile di Pistoia parla chiaro. Dovendo scegliere un nome che esprimesse al meglio la radicata appartenenza col paese, la corale del comune non poteva scegliere di meglio.<\/p>\n<p>Tutto comincia nel 2000, quando l\u2019assessorato alla cultura del comune di<strong> Agliana<\/strong> decide di organizzare un laboratorio di canto corale, guidato dal Maestro<strong> Paolo Pacini<\/strong>. Poco alla volta questi volenterosi dilettanti, che nella vita si occupano di tutt\u2019altro, imparano a sentirsi un gruppo \u2013 e soprattutto a sentirsi l\u2019un l\u2019altro, requisito essenziale per un coro. Gli appuntamenti settimanali sono cos\u00ec finalizzati alla preparazione di qualcosa di pi\u00f9 di un semplice saggio di fine corso, ma veri e propri spettacoli. La prima fase della lavorazione consiste nella scelta del repertorio, presentato dal Maestro Pacini perch\u00e9 venga democraticamente selezionato; i singoli brani sono quindi attentamente ascoltati e analizzati, per passare poi alla preparazione delle singole voci della polifonia vocale \u2013 <strong>bassi<\/strong>, <strong>tenori<\/strong>, <strong>contralti<\/strong> e <strong>soprani<\/strong>. A questo punto non resta che mettere assieme i diversi ingredienti e stare a sentire l\u2019effetto che fa. La corale lavora nell\u2019ambito di una polifonia essenzialmente vocale, avvalendosi dell\u2019utilizzo del pianoforte, suonato dal Maestro, nella fase della preparazione e negli eventuali brani che ne dovessero richiederne l\u2019utilizzo.<\/p>\n<p><a href=\"https:\/\/www.noidiqua.it\/Agliana\/wp-content\/uploads\/2013\/02\/Terra-Betinga-MONTEVETTOLINI-PISTOIA-CONCERTO-15-GENNAIO-2012.png\" rel=\"wp-prettyPhoto[2133]\"><img loading=\"lazy\" decoding=\"async\" class=\"aligncenter size-full wp-image-8239\" src=\"https:\/\/www.noidiqua.it\/Agliana\/wp-content\/uploads\/2013\/02\/Terra-Betinga-MONTEVETTOLINI-PISTOIA-CONCERTO-15-GENNAIO-2012.png\" alt=\"\" width=\"507\" height=\"361\" srcset=\"https:\/\/www.noidiqua.it\/Agliana\/wp-content\/uploads\/2013\/02\/Terra-Betinga-MONTEVETTOLINI-PISTOIA-CONCERTO-15-GENNAIO-2012.png 507w, https:\/\/www.noidiqua.it\/Agliana\/wp-content\/uploads\/2013\/02\/Terra-Betinga-MONTEVETTOLINI-PISTOIA-CONCERTO-15-GENNAIO-2012-300x214.png 300w\" sizes=\"auto, (max-width: 507px) 100vw, 507px\" \/><\/a><\/p>\n<p>Il repertorio si snoda dunque nella vasta produzione<strong> sacra<\/strong> e <strong>profana<\/strong> del XVI e XVII secolo, senza per questo negarsi qualche spiritual, o qualche pezzo di musica pop \u2013 o magari alcune versioni vocali di composizioni strumentali, come l\u2019\u201cAria sulla IV corda\u201d di Bach. La corale s\u2019incontra con la comunit\u00e0 di Agliana in una serie di appuntamenti ormai consueti, come la celebrazione del 25 Aprile, nel corso della quale eseguono alcuni brani scritti dal professor <strong>Antonio Bagni<\/strong>, o nei periodi festivi della Pasqua e del Natale, che offrono peraltro l\u2019opportunit\u00e0 di farsi sentire anche in localit\u00e0 del pistoiese e oltre. Nel 2007 si sono recati in Francia per contraccambiare la visita dell\u2019anno prima del coro di Mallemort, con cui il comune di Agliana \u00e8 gemellato; nel 2009 si sono uniti alla rassegna di cori organizzata nella chiesa di San Piero per raccogliere fondi in favore delle vittime del terremoto dell\u2019Aquila; dal 2011 il coro si attiva nell\u2019organizzazione di Note di primavera, un\u2019occasione per invitare altre formazioni corali a condividere una serata di cultura e ospitalit\u00e0. Il concerto d\u2019inaugurazione del Teatro Moderno non \u00e8 che l\u2019ennesima occasione di presentarsi al fianco del gruppo bandistico i Tigrotti, assieme alla Filarmonica Giuseppe Verdi di Quarrata, uno dei partner storici della corale. Il sito internet ufficiale del <strong>Coro Terra Betinga<\/strong> presenta la cronologia dettagliata del loro percorso artistico \u2013 e quindi umano \u2013 costantemente punteggiato da iniziative a finalit\u00e0 benefica e dall\u2019opportuno corredo sonoro delle principali manifestazioni della comunit\u00e0 di Agliana. L\u2019elenco dei brani in repertorio suscita ammirazione e curiosit\u00e0, e forse, chiss\u00e0, anche la voglia di farsi avanti e schiarirsi la voce.<\/p>\n<p style=\"text-align: justify;\">","protected":false},"excerpt":{"rendered":"<p>di Marco Bagnoli febbraio 2013 Nei tempi antichi Agliana \u00e8 stata invasa: che Terra Loteringa, Terra Gerardinga e Terra Bethinga sono denominazioni longobarde di alcune localit\u00e0 del nostro territorio \u2013 un manoscritto del XI secolo conservato nell\u2019Archivio vescovile di Pistoia parla chiaro. Dovendo scegliere un nome che [&hellip;]<\/p>","protected":false},"author":3,"featured_media":0,"comment_status":"open","ping_status":"open","sticky":false,"template":"","format":"standard","meta":{"footnotes":""},"categories":[2,3,12,143],"tags":[37,38,79,84,124],"class_list":["post-2133","post","type-post","status-publish","format-standard","hentry","category-ag","category-arte-artigianato-qt","category-gente-di-qua-qt","category-persone-e-personaggi","tag-ag-ag","tag-aglianese","tag-gente-di-qua","tag-laglianese","tag-spettacolo"],"yoast_head":"<!-- This site is optimized with the Yoast SEO plugin v25.5 - https:\/\/yoast.com\/wordpress\/plugins\/seo\/ -->\n<title>Coro Terra Betinga - Noi di Qua Testata giornalistica e di attualit\u00e0 di Agliana, Montale e Quarrata.<\/title>\n<meta name=\"robots\" content=\"index, follow, max-snippet:-1, max-image-preview:large, max-video-preview:-1\" \/>\n<link rel=\"canonical\" href=\"https:\/\/www.noidiqua.it\/Agliana\/coro-terra-betinga\/\" \/>\n<meta property=\"og:locale\" content=\"it_IT\" \/>\n<meta property=\"og:type\" content=\"article\" \/>\n<meta property=\"og:title\" content=\"Coro Terra Betinga - Noi di Qua Testata giornalistica e di attualit\u00e0 di Agliana, Montale e Quarrata.\" \/>\n<meta property=\"og:description\" content=\"di Marco Bagnoli febbraio 2013 Nei tempi antichi Agliana \u00e8 stata invasa: che Terra Loteringa, Terra Gerardinga e Terra Bethinga sono denominazioni longobarde di alcune localit\u00e0 del nostro territorio \u2013 un manoscritto del XI secolo conservato nell\u2019Archivio vescovile di Pistoia parla chiaro. Dovendo scegliere un nome che [&hellip;]\" \/>\n<meta property=\"og:url\" content=\"https:\/\/www.noidiqua.it\/Agliana\/coro-terra-betinga\/\" \/>\n<meta property=\"og:site_name\" content=\"Noi di Qua Testata giornalistica e di attualit\u00e0 di Agliana, Montale e Quarrata.\" \/>\n<meta property=\"article:publisher\" content=\"https:\/\/www.facebook.com\/noidiqua.trimestrale\/\" \/>\n<meta property=\"article:published_time\" content=\"2013-02-06T13:39:03+00:00\" \/>\n<meta property=\"article:modified_time\" content=\"2023-02-03T15:03:56+00:00\" \/>\n<meta property=\"og:image\" content=\"https:\/\/www.noidiqua.it\/Agliana\/wp-content\/uploads\/2013\/02\/Terra-Betinga-RASSEGNA-CORALE-NOTE-DI-PRIMAVERA.png\" \/>\n<meta name=\"author\" content=\"Marco Bagnoli\" \/>\n<meta name=\"twitter:label1\" content=\"Scritto da\" \/>\n\t<meta name=\"twitter:data1\" content=\"Marco Bagnoli\" \/>\n\t<meta name=\"twitter:label2\" content=\"Tempo di lettura stimato\" \/>\n\t<meta name=\"twitter:data2\" content=\"3 minuti\" \/>\n<script type=\"application\/ld+json\" class=\"yoast-schema-graph\">{\"@context\":\"https:\/\/schema.org\",\"@graph\":[{\"@type\":\"WebPage\",\"@id\":\"https:\/\/www.noidiqua.it\/Agliana\/coro-terra-betinga\/\",\"url\":\"https:\/\/www.noidiqua.it\/Agliana\/coro-terra-betinga\/\",\"name\":\"Coro Terra Betinga - Noi di Qua Testata giornalistica e di attualit\u00e0 di Agliana, Montale e Quarrata.\",\"isPartOf\":{\"@id\":\"https:\/\/www.noidiqua.it\/Agliana\/#website\"},\"primaryImageOfPage\":{\"@id\":\"https:\/\/www.noidiqua.it\/Agliana\/coro-terra-betinga\/#primaryimage\"},\"image\":{\"@id\":\"https:\/\/www.noidiqua.it\/Agliana\/coro-terra-betinga\/#primaryimage\"},\"thumbnailUrl\":\"https:\/\/www.noidiqua.it\/Agliana\/wp-content\/uploads\/2013\/02\/Terra-Betinga-RASSEGNA-CORALE-NOTE-DI-PRIMAVERA.png\",\"datePublished\":\"2013-02-06T13:39:03+00:00\",\"dateModified\":\"2023-02-03T15:03:56+00:00\",\"author\":{\"@id\":\"https:\/\/www.noidiqua.it\/Agliana\/#\/schema\/person\/4e183cb0c6d7951e716a876aa702e1a2\"},\"breadcrumb\":{\"@id\":\"https:\/\/www.noidiqua.it\/Agliana\/coro-terra-betinga\/#breadcrumb\"},\"inLanguage\":\"it-IT\",\"potentialAction\":[{\"@type\":\"ReadAction\",\"target\":[\"https:\/\/www.noidiqua.it\/Agliana\/coro-terra-betinga\/\"]}]},{\"@type\":\"ImageObject\",\"inLanguage\":\"it-IT\",\"@id\":\"https:\/\/www.noidiqua.it\/Agliana\/coro-terra-betinga\/#primaryimage\",\"url\":\"https:\/\/www.noidiqua.it\/Agliana\/wp-content\/uploads\/2013\/02\/Terra-Betinga-RASSEGNA-CORALE-NOTE-DI-PRIMAVERA.png\",\"contentUrl\":\"https:\/\/www.noidiqua.it\/Agliana\/wp-content\/uploads\/2013\/02\/Terra-Betinga-RASSEGNA-CORALE-NOTE-DI-PRIMAVERA.png\",\"width\":500,\"height\":304},{\"@type\":\"BreadcrumbList\",\"@id\":\"https:\/\/www.noidiqua.it\/Agliana\/coro-terra-betinga\/#breadcrumb\",\"itemListElement\":[{\"@type\":\"ListItem\",\"position\":1,\"name\":\"Home\",\"item\":\"https:\/\/www.noidiqua.it\/Agliana\/\"},{\"@type\":\"ListItem\",\"position\":2,\"name\":\"Coro Terra Betinga\"}]},{\"@type\":\"WebSite\",\"@id\":\"https:\/\/www.noidiqua.it\/Agliana\/#website\",\"url\":\"https:\/\/www.noidiqua.it\/Agliana\/\",\"name\":\"Noi di Qua Testata giornalistica e di attualit\u00e0 di Agliana, Montale e Quarrata.\",\"description\":\"Testata Giornalistica Quarrata Montale Agliana\",\"potentialAction\":[{\"@type\":\"SearchAction\",\"target\":{\"@type\":\"EntryPoint\",\"urlTemplate\":\"https:\/\/www.noidiqua.it\/Agliana\/?s={search_term_string}\"},\"query-input\":{\"@type\":\"PropertyValueSpecification\",\"valueRequired\":true,\"valueName\":\"search_term_string\"}}],\"inLanguage\":\"it-IT\"},{\"@type\":\"Person\",\"@id\":\"https:\/\/www.noidiqua.it\/Agliana\/#\/schema\/person\/4e183cb0c6d7951e716a876aa702e1a2\",\"name\":\"Marco Bagnoli\",\"image\":{\"@type\":\"ImageObject\",\"inLanguage\":\"it-IT\",\"@id\":\"https:\/\/www.noidiqua.it\/Agliana\/#\/schema\/person\/image\/\",\"url\":\"https:\/\/secure.gravatar.com\/avatar\/73ace53724c50db9c48af54756f17b7cdb015a9d8d2c08c7e04e480539a94eee?s=96&d=mm&r=g\",\"contentUrl\":\"https:\/\/secure.gravatar.com\/avatar\/73ace53724c50db9c48af54756f17b7cdb015a9d8d2c08c7e04e480539a94eee?s=96&d=mm&r=g\",\"caption\":\"Marco Bagnoli\"},\"url\":\"https:\/\/www.noidiqua.it\/Agliana\/author\/marco-bagnoli\/\"}]}<\/script>\n<!-- \/ Yoast SEO plugin. -->","yoast_head_json":{"title":"Coro Terra Betinga - Noi di Qua Testata giornalistica e di attualit\u00e0 di Agliana, Montale e Quarrata.","robots":{"index":"index","follow":"follow","max-snippet":"max-snippet:-1","max-image-preview":"max-image-preview:large","max-video-preview":"max-video-preview:-1"},"canonical":"https:\/\/www.noidiqua.it\/Agliana\/coro-terra-betinga\/","og_locale":"it_IT","og_type":"article","og_title":"Coro Terra Betinga - Noi di Qua Testata giornalistica e di attualit\u00e0 di Agliana, Montale e Quarrata.","og_description":"di Marco Bagnoli febbraio 2013 Nei tempi antichi Agliana \u00e8 stata invasa: che Terra Loteringa, Terra Gerardinga e Terra Bethinga sono denominazioni longobarde di alcune localit\u00e0 del nostro territorio \u2013 un manoscritto del XI secolo conservato nell\u2019Archivio vescovile di Pistoia parla chiaro. Dovendo scegliere un nome che [&hellip;]","og_url":"https:\/\/www.noidiqua.it\/Agliana\/coro-terra-betinga\/","og_site_name":"Noi di Qua Testata giornalistica e di attualit\u00e0 di Agliana, Montale e Quarrata.","article_publisher":"https:\/\/www.facebook.com\/noidiqua.trimestrale\/","article_published_time":"2013-02-06T13:39:03+00:00","article_modified_time":"2023-02-03T15:03:56+00:00","og_image":[{"url":"https:\/\/www.noidiqua.it\/Agliana\/wp-content\/uploads\/2013\/02\/Terra-Betinga-RASSEGNA-CORALE-NOTE-DI-PRIMAVERA.png","type":"","width":"","height":""}],"author":"Marco Bagnoli","twitter_misc":{"Scritto da":"Marco Bagnoli","Tempo di lettura stimato":"3 minuti"},"schema":{"@context":"https:\/\/schema.org","@graph":[{"@type":"WebPage","@id":"https:\/\/www.noidiqua.it\/Agliana\/coro-terra-betinga\/","url":"https:\/\/www.noidiqua.it\/Agliana\/coro-terra-betinga\/","name":"Coro Terra Betinga - Noi di Qua Testata giornalistica e di attualit\u00e0 di Agliana, Montale e Quarrata.","isPartOf":{"@id":"https:\/\/www.noidiqua.it\/Agliana\/#website"},"primaryImageOfPage":{"@id":"https:\/\/www.noidiqua.it\/Agliana\/coro-terra-betinga\/#primaryimage"},"image":{"@id":"https:\/\/www.noidiqua.it\/Agliana\/coro-terra-betinga\/#primaryimage"},"thumbnailUrl":"https:\/\/www.noidiqua.it\/Agliana\/wp-content\/uploads\/2013\/02\/Terra-Betinga-RASSEGNA-CORALE-NOTE-DI-PRIMAVERA.png","datePublished":"2013-02-06T13:39:03+00:00","dateModified":"2023-02-03T15:03:56+00:00","author":{"@id":"https:\/\/www.noidiqua.it\/Agliana\/#\/schema\/person\/4e183cb0c6d7951e716a876aa702e1a2"},"breadcrumb":{"@id":"https:\/\/www.noidiqua.it\/Agliana\/coro-terra-betinga\/#breadcrumb"},"inLanguage":"it-IT","potentialAction":[{"@type":"ReadAction","target":["https:\/\/www.noidiqua.it\/Agliana\/coro-terra-betinga\/"]}]},{"@type":"ImageObject","inLanguage":"it-IT","@id":"https:\/\/www.noidiqua.it\/Agliana\/coro-terra-betinga\/#primaryimage","url":"https:\/\/www.noidiqua.it\/Agliana\/wp-content\/uploads\/2013\/02\/Terra-Betinga-RASSEGNA-CORALE-NOTE-DI-PRIMAVERA.png","contentUrl":"https:\/\/www.noidiqua.it\/Agliana\/wp-content\/uploads\/2013\/02\/Terra-Betinga-RASSEGNA-CORALE-NOTE-DI-PRIMAVERA.png","width":500,"height":304},{"@type":"BreadcrumbList","@id":"https:\/\/www.noidiqua.it\/Agliana\/coro-terra-betinga\/#breadcrumb","itemListElement":[{"@type":"ListItem","position":1,"name":"Home","item":"https:\/\/www.noidiqua.it\/Agliana\/"},{"@type":"ListItem","position":2,"name":"Coro Terra Betinga"}]},{"@type":"WebSite","@id":"https:\/\/www.noidiqua.it\/Agliana\/#website","url":"https:\/\/www.noidiqua.it\/Agliana\/","name":"Noi di Qua Testata giornalistica e di attualit\u00e0 di Agliana, Montale e Quarrata.","description":"Testata Giornalistica Quarrata Montale Agliana","potentialAction":[{"@type":"SearchAction","target":{"@type":"EntryPoint","urlTemplate":"https:\/\/www.noidiqua.it\/Agliana\/?s={search_term_string}"},"query-input":{"@type":"PropertyValueSpecification","valueRequired":true,"valueName":"search_term_string"}}],"inLanguage":"it-IT"},{"@type":"Person","@id":"https:\/\/www.noidiqua.it\/Agliana\/#\/schema\/person\/4e183cb0c6d7951e716a876aa702e1a2","name":"Marco Bagnoli","image":{"@type":"ImageObject","inLanguage":"it-IT","@id":"https:\/\/www.noidiqua.it\/Agliana\/#\/schema\/person\/image\/","url":"https:\/\/secure.gravatar.com\/avatar\/73ace53724c50db9c48af54756f17b7cdb015a9d8d2c08c7e04e480539a94eee?s=96&d=mm&r=g","contentUrl":"https:\/\/secure.gravatar.com\/avatar\/73ace53724c50db9c48af54756f17b7cdb015a9d8d2c08c7e04e480539a94eee?s=96&d=mm&r=g","caption":"Marco Bagnoli"},"url":"https:\/\/www.noidiqua.it\/Agliana\/author\/marco-bagnoli\/"}]}},"_links":{"self":[{"href":"https:\/\/www.noidiqua.it\/Agliana\/wp-json\/wp\/v2\/posts\/2133","targetHints":{"allow":["GET"]}}],"collection":[{"href":"https:\/\/www.noidiqua.it\/Agliana\/wp-json\/wp\/v2\/posts"}],"about":[{"href":"https:\/\/www.noidiqua.it\/Agliana\/wp-json\/wp\/v2\/types\/post"}],"author":[{"embeddable":true,"href":"https:\/\/www.noidiqua.it\/Agliana\/wp-json\/wp\/v2\/users\/3"}],"replies":[{"embeddable":true,"href":"https:\/\/www.noidiqua.it\/Agliana\/wp-json\/wp\/v2\/comments?post=2133"}],"version-history":[{"count":5,"href":"https:\/\/www.noidiqua.it\/Agliana\/wp-json\/wp\/v2\/posts\/2133\/revisions"}],"predecessor-version":[{"id":8240,"href":"https:\/\/www.noidiqua.it\/Agliana\/wp-json\/wp\/v2\/posts\/2133\/revisions\/8240"}],"wp:attachment":[{"href":"https:\/\/www.noidiqua.it\/Agliana\/wp-json\/wp\/v2\/media?parent=2133"}],"wp:term":[{"taxonomy":"category","embeddable":true,"href":"https:\/\/www.noidiqua.it\/Agliana\/wp-json\/wp\/v2\/categories?post=2133"},{"taxonomy":"post_tag","embeddable":true,"href":"https:\/\/www.noidiqua.it\/Agliana\/wp-json\/wp\/v2\/tags?post=2133"}],"curies":[{"name":"wp","href":"https:\/\/api.w.org\/{rel}","templated":true}]}}