{"id":2185,"date":"2013-02-06T08:22:20","date_gmt":"2013-02-06T08:22:20","guid":{"rendered":"https:\/\/www.noidiqua.it\/Agliana\/?p=2185"},"modified":"2023-02-03T16:25:00","modified_gmt":"2023-02-03T15:25:00","slug":"biblioteca-di-agliana","status":"publish","type":"post","link":"https:\/\/www.noidiqua.it\/Agliana\/biblioteca-di-agliana\/","title":{"rendered":"Biblioteca di Agliana"},"content":{"rendered":"<p style=\"text-align: justify;\"><em>di Marco Bagnoli<br \/>\n<\/em><\/p>\n<p style=\"text-align: justify;\"><em>febbraio 2013<\/em><\/p>\n<p><a href=\"https:\/\/www.noidiqua.it\/Agliana\/wp-content\/uploads\/2013\/02\/biblioteca.png\" rel=\"wp-prettyPhoto[2185]\"><img loading=\"lazy\" decoding=\"async\" class=\"aligncenter size-full wp-image-8253\" src=\"https:\/\/www.noidiqua.it\/Agliana\/wp-content\/uploads\/2013\/02\/biblioteca.png\" alt=\"\" width=\"500\" height=\"349\" srcset=\"https:\/\/www.noidiqua.it\/Agliana\/wp-content\/uploads\/2013\/02\/biblioteca.png 500w, https:\/\/www.noidiqua.it\/Agliana\/wp-content\/uploads\/2013\/02\/biblioteca-300x209.png 300w\" sizes=\"auto, (max-width: 500px) 100vw, 500px\" \/><\/a><\/p>\n<p style=\"text-align: justify;\">\n<p style=\"text-align: justify;\">La fotografia pubblicata qua sopra ritrae i tre bibliotecari di Agliana \u2013 Debora, la Pina dietro di lei e Riccardo \u2013 oltre al consigliere comunale e referente per le attivit\u00e0 culturali della biblioteca, Paola Cipriani. Sullo sfondo s\u2019intravede uno scorcio dei locali e la copertina di un paio di libri \u2013 un piccolo indizio del traffico di idee e di pensieri che qua si affollano ogni giorno, una realt\u00e0 ben pi\u00f9 complessa di una montagna di carta e inchiostro. La biblioteca di <strong>Agliana<\/strong> viene istituita nel 1972, nella convinzione che essa rappresenti uno dei centri aggregativi pi\u00f9 importanti di una comunit\u00e0; all\u2019epoca, in particolare, si condivideva una pressante esigenza di apertura, una voglia di conoscenza intesa principalmente come scoperta di s\u00e9, come un\u2019indagine tesa a verificare il proprio livello di curiosit\u00e0 \u2013 negli stessi anni, del resto, questa stessa euforia si manifesta nei numerosi gruppi artistici, dalla pittura alla fotografia. Quasi a rimarcare la sua diretta emanazione dalle aspettative di un intero paese, nel corso degli anni si avvicendano varie sedi, via via sempre pi\u00f9 ampie e spaziose, fino all\u2019attuale sistemazione di <strong>via Goldoni<\/strong>, nell\u2019ambito delle strutture scolastiche dell\u2019<strong>Istituto tecnico Aldo Capitini<\/strong>. Inoltre la \u201cmissione\u201d forse pi\u00f9 profonda e specifica della biblioteca \u00e8 la narrazione e la conservazione della memoria storica del territorio, cui \u00e8 affidata un\u2019apposita sezione.<\/p>\n<p style=\"text-align: justify;\">Chi sono gli utenti della biblioteca? Siete voi, verrebbe da rispondere, se \u00e8 vero che l\u2019anno passato ha registrato pi\u00f9 di 18.000. Si comincia con i bambini piccoli in et\u00e0 di asilo, per passare poi ai ragazzini delle elementari, che peraltro vengono attivamente coinvolti in iniziative guidate dai loro insegnanti mirate alla scoperta di cosa sia e di come funzioni una biblioteca; i frutti evidentemente non si fanno attendere, se una parte cospicua degli utenti \u00e8 rappresentata da studenti di scuole medie e superiori, senza per questo farsi mancare gli universitari, che qu\u00e0 si riuniscono per preparare gli esami. \u00c8 a questo punto che l\u2019analisi demografica si fa interessante, perch\u00e9 se \u00e8 vero che anche gli adulti e i giovani adulti non mancano di far rilevare la loro presenza \u2013 magari prendendo spunto dai figli che accompagnano \u2013 \u00e8 per\u00f2 nella fascia dell\u2019et\u00e0 \u201cmatura\u201d che si riscontra una concentrazione di una certa importanza: possono essere genericamente inquadrati nella tipologia dei pensionati e si distinguono nell\u2019assiduo interessamento per la novit\u00e0. \u00c8 bene infatti ricordare che non di soli libri vive la biblioteca, ma anche di quotidiani e periodici, vale a dire l\u2019emeroteca, un\u2019apposita sala nella quale si distinguono per numero i signori uomini, mentre le donne sembrano trattenersi di preferenza nell\u2019ala canonica della narrativa; in questa fascia d\u2019et\u00e0 \u00e8 altrettanto presente l\u2019interesse per la saggistica e la cinematografia. Una delle principali differenze della sede attuale dalla precedente \u00e8 la presenza di un ampio catalogo di audiovisivi \u2013 musica su CD, film e documentari in VHS e DVD, compresi teatro e cartoni animati per i severi cultori dell\u2019uno e degli altri. In questo senso la biblioteca chiude il cerchio e unisce alla doverosa aspirazione alla conoscenza anche quella altrettanto legittima alla curiosit\u00e0 e al divertimento, banale ma vero, tanto pi\u00f9 sentita in tempo di crisi: i servizi offerti, inutile dirlo, sono tutti assolutamente gratuiti e consentono ad un pubblico vario e vasto di poter rintracciare una risposta alle loro domande, piccole o grandi che siano.<\/p>\n<p style=\"text-align: justify;\">Un salto organizzativo decisamente sensibile \u00e8 stato compiuto con l\u2019avvento di Internet, le cui ripercussioni vanno ben oltre l\u2019aspetto prettamente tecnologico, investendo massicciamente anche l\u2019ambito sociologico e relazionale \u2013 tuttavia, questo per noi rappresenta la possibilit\u00e0 di gestire on-line il catalogo della biblioteca di Agliana e delle altre biblioteche coordinate nella rete della Provincia di <strong>Pistoia<\/strong>, la REDOP, che fa capo alla biblioteca San Giorgio, oltre a consentire al singolo utente di accedere alla rete a costo zero. La biblioteca \u00e8 la sede ideale per organizzare la presentazione di un libro, per allestire una mostra pittorica o fotografica, o magari per coinvolgere i bambini con una serie di letture, come \u00e8 avvenuto negli ultimi anni il sabato mattina \u2013 un modo eccellente per attirare anche i loro giovani genitori. La <strong>biblioteca<\/strong> non pu\u00f2 certo esimersi dal prendere parte alle iniziative del Giugno aglianese e difatti \u00e8 proprio nei suoi spazi che nasce l\u2019idea della Maratona di lettura, alla quale chiunque pu\u00f2 partecipare leggendo il passo di un libro a sua scelta nell\u2019ambito di un argomento dato, allo scopo di condividere quello che piace con la ferma speranza di stupire tutti gli altri. \u00c8 sempre in biblioteca che si trovano i volumetti di racconti scritti dai partecipanti al concorso annuale di Agliana racconta \u2013 lavori di fantasia e non il cui tema o ambientazione \u00e8 Agliana. Non si pu\u00f2 infine parlare della biblioteca di Agliana senza parlare di <strong>Angela<\/strong>, la prima bibliotecaria che per vent\u2019anni ha accolto amici e compaesani: questa non \u00e8 un\u2019altra storia e ve la racconteremo presto.<\/p>","protected":false},"excerpt":{"rendered":"<p>di Marco Bagnoli febbraio 2013 La fotografia pubblicata qua sopra ritrae i tre bibliotecari di Agliana \u2013 Debora, la Pina dietro di lei e Riccardo \u2013 oltre al consigliere comunale e referente per le attivit\u00e0 culturali della biblioteca, Paola Cipriani. Sullo sfondo s\u2019intravede uno scorcio dei locali [&hellip;]<\/p>","protected":false},"author":3,"featured_media":0,"comment_status":"open","ping_status":"open","sticky":false,"template":"","format":"standard","meta":{"footnotes":""},"categories":[2,12,24,143],"tags":[37,38,74,79,84,89,96,97,107],"class_list":["post-2185","post","type-post","status-publish","format-standard","hentry","category-ag","category-gente-di-qua-qt","category-personaggi-qt","category-persone-e-personaggi","tag-ag-ag","tag-aglianese","tag-figure-storiche-2","tag-gente-di-qua","tag-laglianese","tag-marco-bagnoli","tag-noidiqua","tag-noidiqua-laglianese","tag-personaggi"],"yoast_head":"<!-- This site is optimized with the Yoast SEO plugin v25.5 - https:\/\/yoast.com\/wordpress\/plugins\/seo\/ -->\n<title>Biblioteca di Agliana - Noi di Qua Testata giornalistica e di attualit\u00e0 di Agliana, Montale e Quarrata.<\/title>\n<meta name=\"robots\" content=\"index, follow, max-snippet:-1, max-image-preview:large, max-video-preview:-1\" \/>\n<link rel=\"canonical\" href=\"https:\/\/www.noidiqua.it\/Agliana\/biblioteca-di-agliana\/\" \/>\n<meta property=\"og:locale\" content=\"it_IT\" \/>\n<meta property=\"og:type\" content=\"article\" \/>\n<meta property=\"og:title\" content=\"Biblioteca di Agliana - Noi di Qua Testata giornalistica e di attualit\u00e0 di Agliana, Montale e Quarrata.\" \/>\n<meta property=\"og:description\" content=\"di Marco Bagnoli febbraio 2013 La fotografia pubblicata qua sopra ritrae i tre bibliotecari di Agliana \u2013 Debora, la Pina dietro di lei e Riccardo \u2013 oltre al consigliere comunale e referente per le attivit\u00e0 culturali della biblioteca, Paola Cipriani. Sullo sfondo s\u2019intravede uno scorcio dei locali [&hellip;]\" \/>\n<meta property=\"og:url\" content=\"https:\/\/www.noidiqua.it\/Agliana\/biblioteca-di-agliana\/\" \/>\n<meta property=\"og:site_name\" content=\"Noi di Qua Testata giornalistica e di attualit\u00e0 di Agliana, Montale e Quarrata.\" \/>\n<meta property=\"article:publisher\" content=\"https:\/\/www.facebook.com\/noidiqua.trimestrale\/\" \/>\n<meta property=\"article:published_time\" content=\"2013-02-06T08:22:20+00:00\" \/>\n<meta property=\"article:modified_time\" content=\"2023-02-03T15:25:00+00:00\" \/>\n<meta property=\"og:image\" content=\"https:\/\/www.noidiqua.it\/Agliana\/wp-content\/uploads\/2013\/02\/biblioteca.png\" \/>\n<meta name=\"author\" content=\"Marco Bagnoli\" \/>\n<meta name=\"twitter:label1\" content=\"Scritto da\" \/>\n\t<meta name=\"twitter:data1\" content=\"Marco Bagnoli\" \/>\n\t<meta name=\"twitter:label2\" content=\"Tempo di lettura stimato\" \/>\n\t<meta name=\"twitter:data2\" content=\"4 minuti\" \/>\n<script type=\"application\/ld+json\" class=\"yoast-schema-graph\">{\"@context\":\"https:\/\/schema.org\",\"@graph\":[{\"@type\":\"WebPage\",\"@id\":\"https:\/\/www.noidiqua.it\/Agliana\/biblioteca-di-agliana\/\",\"url\":\"https:\/\/www.noidiqua.it\/Agliana\/biblioteca-di-agliana\/\",\"name\":\"Biblioteca di Agliana - Noi di Qua Testata giornalistica e di attualit\u00e0 di Agliana, Montale e Quarrata.\",\"isPartOf\":{\"@id\":\"https:\/\/www.noidiqua.it\/Agliana\/#website\"},\"primaryImageOfPage\":{\"@id\":\"https:\/\/www.noidiqua.it\/Agliana\/biblioteca-di-agliana\/#primaryimage\"},\"image\":{\"@id\":\"https:\/\/www.noidiqua.it\/Agliana\/biblioteca-di-agliana\/#primaryimage\"},\"thumbnailUrl\":\"https:\/\/www.noidiqua.it\/Agliana\/wp-content\/uploads\/2013\/02\/biblioteca.png\",\"datePublished\":\"2013-02-06T08:22:20+00:00\",\"dateModified\":\"2023-02-03T15:25:00+00:00\",\"author\":{\"@id\":\"https:\/\/www.noidiqua.it\/Agliana\/#\/schema\/person\/4e183cb0c6d7951e716a876aa702e1a2\"},\"breadcrumb\":{\"@id\":\"https:\/\/www.noidiqua.it\/Agliana\/biblioteca-di-agliana\/#breadcrumb\"},\"inLanguage\":\"it-IT\",\"potentialAction\":[{\"@type\":\"ReadAction\",\"target\":[\"https:\/\/www.noidiqua.it\/Agliana\/biblioteca-di-agliana\/\"]}]},{\"@type\":\"ImageObject\",\"inLanguage\":\"it-IT\",\"@id\":\"https:\/\/www.noidiqua.it\/Agliana\/biblioteca-di-agliana\/#primaryimage\",\"url\":\"https:\/\/www.noidiqua.it\/Agliana\/wp-content\/uploads\/2013\/02\/biblioteca.png\",\"contentUrl\":\"https:\/\/www.noidiqua.it\/Agliana\/wp-content\/uploads\/2013\/02\/biblioteca.png\",\"width\":500,\"height\":349},{\"@type\":\"BreadcrumbList\",\"@id\":\"https:\/\/www.noidiqua.it\/Agliana\/biblioteca-di-agliana\/#breadcrumb\",\"itemListElement\":[{\"@type\":\"ListItem\",\"position\":1,\"name\":\"Home\",\"item\":\"https:\/\/www.noidiqua.it\/Agliana\/\"},{\"@type\":\"ListItem\",\"position\":2,\"name\":\"Biblioteca di Agliana\"}]},{\"@type\":\"WebSite\",\"@id\":\"https:\/\/www.noidiqua.it\/Agliana\/#website\",\"url\":\"https:\/\/www.noidiqua.it\/Agliana\/\",\"name\":\"Noi di Qua Testata giornalistica e di attualit\u00e0 di Agliana, Montale e Quarrata.\",\"description\":\"Testata Giornalistica Quarrata Montale Agliana\",\"potentialAction\":[{\"@type\":\"SearchAction\",\"target\":{\"@type\":\"EntryPoint\",\"urlTemplate\":\"https:\/\/www.noidiqua.it\/Agliana\/?s={search_term_string}\"},\"query-input\":{\"@type\":\"PropertyValueSpecification\",\"valueRequired\":true,\"valueName\":\"search_term_string\"}}],\"inLanguage\":\"it-IT\"},{\"@type\":\"Person\",\"@id\":\"https:\/\/www.noidiqua.it\/Agliana\/#\/schema\/person\/4e183cb0c6d7951e716a876aa702e1a2\",\"name\":\"Marco Bagnoli\",\"image\":{\"@type\":\"ImageObject\",\"inLanguage\":\"it-IT\",\"@id\":\"https:\/\/www.noidiqua.it\/Agliana\/#\/schema\/person\/image\/\",\"url\":\"https:\/\/secure.gravatar.com\/avatar\/73ace53724c50db9c48af54756f17b7cdb015a9d8d2c08c7e04e480539a94eee?s=96&d=mm&r=g\",\"contentUrl\":\"https:\/\/secure.gravatar.com\/avatar\/73ace53724c50db9c48af54756f17b7cdb015a9d8d2c08c7e04e480539a94eee?s=96&d=mm&r=g\",\"caption\":\"Marco Bagnoli\"},\"url\":\"https:\/\/www.noidiqua.it\/Agliana\/author\/marco-bagnoli\/\"}]}<\/script>\n<!-- \/ Yoast SEO plugin. -->","yoast_head_json":{"title":"Biblioteca di Agliana - Noi di Qua Testata giornalistica e di attualit\u00e0 di Agliana, Montale e Quarrata.","robots":{"index":"index","follow":"follow","max-snippet":"max-snippet:-1","max-image-preview":"max-image-preview:large","max-video-preview":"max-video-preview:-1"},"canonical":"https:\/\/www.noidiqua.it\/Agliana\/biblioteca-di-agliana\/","og_locale":"it_IT","og_type":"article","og_title":"Biblioteca di Agliana - Noi di Qua Testata giornalistica e di attualit\u00e0 di Agliana, Montale e Quarrata.","og_description":"di Marco Bagnoli febbraio 2013 La fotografia pubblicata qua sopra ritrae i tre bibliotecari di Agliana \u2013 Debora, la Pina dietro di lei e Riccardo \u2013 oltre al consigliere comunale e referente per le attivit\u00e0 culturali della biblioteca, Paola Cipriani. Sullo sfondo s\u2019intravede uno scorcio dei locali [&hellip;]","og_url":"https:\/\/www.noidiqua.it\/Agliana\/biblioteca-di-agliana\/","og_site_name":"Noi di Qua Testata giornalistica e di attualit\u00e0 di Agliana, Montale e Quarrata.","article_publisher":"https:\/\/www.facebook.com\/noidiqua.trimestrale\/","article_published_time":"2013-02-06T08:22:20+00:00","article_modified_time":"2023-02-03T15:25:00+00:00","og_image":[{"url":"https:\/\/www.noidiqua.it\/Agliana\/wp-content\/uploads\/2013\/02\/biblioteca.png","type":"","width":"","height":""}],"author":"Marco Bagnoli","twitter_misc":{"Scritto da":"Marco Bagnoli","Tempo di lettura stimato":"4 minuti"},"schema":{"@context":"https:\/\/schema.org","@graph":[{"@type":"WebPage","@id":"https:\/\/www.noidiqua.it\/Agliana\/biblioteca-di-agliana\/","url":"https:\/\/www.noidiqua.it\/Agliana\/biblioteca-di-agliana\/","name":"Biblioteca di Agliana - Noi di Qua Testata giornalistica e di attualit\u00e0 di Agliana, Montale e Quarrata.","isPartOf":{"@id":"https:\/\/www.noidiqua.it\/Agliana\/#website"},"primaryImageOfPage":{"@id":"https:\/\/www.noidiqua.it\/Agliana\/biblioteca-di-agliana\/#primaryimage"},"image":{"@id":"https:\/\/www.noidiqua.it\/Agliana\/biblioteca-di-agliana\/#primaryimage"},"thumbnailUrl":"https:\/\/www.noidiqua.it\/Agliana\/wp-content\/uploads\/2013\/02\/biblioteca.png","datePublished":"2013-02-06T08:22:20+00:00","dateModified":"2023-02-03T15:25:00+00:00","author":{"@id":"https:\/\/www.noidiqua.it\/Agliana\/#\/schema\/person\/4e183cb0c6d7951e716a876aa702e1a2"},"breadcrumb":{"@id":"https:\/\/www.noidiqua.it\/Agliana\/biblioteca-di-agliana\/#breadcrumb"},"inLanguage":"it-IT","potentialAction":[{"@type":"ReadAction","target":["https:\/\/www.noidiqua.it\/Agliana\/biblioteca-di-agliana\/"]}]},{"@type":"ImageObject","inLanguage":"it-IT","@id":"https:\/\/www.noidiqua.it\/Agliana\/biblioteca-di-agliana\/#primaryimage","url":"https:\/\/www.noidiqua.it\/Agliana\/wp-content\/uploads\/2013\/02\/biblioteca.png","contentUrl":"https:\/\/www.noidiqua.it\/Agliana\/wp-content\/uploads\/2013\/02\/biblioteca.png","width":500,"height":349},{"@type":"BreadcrumbList","@id":"https:\/\/www.noidiqua.it\/Agliana\/biblioteca-di-agliana\/#breadcrumb","itemListElement":[{"@type":"ListItem","position":1,"name":"Home","item":"https:\/\/www.noidiqua.it\/Agliana\/"},{"@type":"ListItem","position":2,"name":"Biblioteca di Agliana"}]},{"@type":"WebSite","@id":"https:\/\/www.noidiqua.it\/Agliana\/#website","url":"https:\/\/www.noidiqua.it\/Agliana\/","name":"Noi di Qua Testata giornalistica e di attualit\u00e0 di Agliana, Montale e Quarrata.","description":"Testata Giornalistica Quarrata Montale Agliana","potentialAction":[{"@type":"SearchAction","target":{"@type":"EntryPoint","urlTemplate":"https:\/\/www.noidiqua.it\/Agliana\/?s={search_term_string}"},"query-input":{"@type":"PropertyValueSpecification","valueRequired":true,"valueName":"search_term_string"}}],"inLanguage":"it-IT"},{"@type":"Person","@id":"https:\/\/www.noidiqua.it\/Agliana\/#\/schema\/person\/4e183cb0c6d7951e716a876aa702e1a2","name":"Marco Bagnoli","image":{"@type":"ImageObject","inLanguage":"it-IT","@id":"https:\/\/www.noidiqua.it\/Agliana\/#\/schema\/person\/image\/","url":"https:\/\/secure.gravatar.com\/avatar\/73ace53724c50db9c48af54756f17b7cdb015a9d8d2c08c7e04e480539a94eee?s=96&d=mm&r=g","contentUrl":"https:\/\/secure.gravatar.com\/avatar\/73ace53724c50db9c48af54756f17b7cdb015a9d8d2c08c7e04e480539a94eee?s=96&d=mm&r=g","caption":"Marco Bagnoli"},"url":"https:\/\/www.noidiqua.it\/Agliana\/author\/marco-bagnoli\/"}]}},"_links":{"self":[{"href":"https:\/\/www.noidiqua.it\/Agliana\/wp-json\/wp\/v2\/posts\/2185","targetHints":{"allow":["GET"]}}],"collection":[{"href":"https:\/\/www.noidiqua.it\/Agliana\/wp-json\/wp\/v2\/posts"}],"about":[{"href":"https:\/\/www.noidiqua.it\/Agliana\/wp-json\/wp\/v2\/types\/post"}],"author":[{"embeddable":true,"href":"https:\/\/www.noidiqua.it\/Agliana\/wp-json\/wp\/v2\/users\/3"}],"replies":[{"embeddable":true,"href":"https:\/\/www.noidiqua.it\/Agliana\/wp-json\/wp\/v2\/comments?post=2185"}],"version-history":[{"count":4,"href":"https:\/\/www.noidiqua.it\/Agliana\/wp-json\/wp\/v2\/posts\/2185\/revisions"}],"predecessor-version":[{"id":8254,"href":"https:\/\/www.noidiqua.it\/Agliana\/wp-json\/wp\/v2\/posts\/2185\/revisions\/8254"}],"wp:attachment":[{"href":"https:\/\/www.noidiqua.it\/Agliana\/wp-json\/wp\/v2\/media?parent=2185"}],"wp:term":[{"taxonomy":"category","embeddable":true,"href":"https:\/\/www.noidiqua.it\/Agliana\/wp-json\/wp\/v2\/categories?post=2185"},{"taxonomy":"post_tag","embeddable":true,"href":"https:\/\/www.noidiqua.it\/Agliana\/wp-json\/wp\/v2\/tags?post=2185"}],"curies":[{"name":"wp","href":"https:\/\/api.w.org\/{rel}","templated":true}]}}