{"id":2268,"date":"2013-05-07T16:19:19","date_gmt":"2013-05-07T14:19:19","guid":{"rendered":"https:\/\/www.noidiqua.it\/Agliana\/?p=2268"},"modified":"2023-07-04T11:46:18","modified_gmt":"2023-07-04T09:46:18","slug":"appunti-di-redazione-8","status":"publish","type":"post","link":"https:\/\/www.noidiqua.it\/Agliana\/appunti-di-redazione-8\/","title":{"rendered":"Appunti di redazione"},"content":{"rendered":"<p><em>di Giacomo Bini<br \/>\n<\/em><\/p>\n<p><em>maggio 2013<\/em><\/p>\n<p><a href=\"https:\/\/www.noidiqua.it\/Agliana\/wp-content\/uploads\/2013\/05\/appunti.png\" rel=\"wp-prettyPhoto[2268]\"><img loading=\"lazy\" decoding=\"async\" class=\"aligncenter size-full wp-image-8182\" src=\"https:\/\/www.noidiqua.it\/Agliana\/wp-content\/uploads\/2013\/05\/appunti.png\" alt=\"\" width=\"502\" height=\"371\" srcset=\"https:\/\/www.noidiqua.it\/Agliana\/wp-content\/uploads\/2013\/05\/appunti.png 502w, https:\/\/www.noidiqua.it\/Agliana\/wp-content\/uploads\/2013\/05\/appunti-300x222.png 300w\" sizes=\"auto, (max-width: 502px) 100vw, 502px\" \/><\/a><\/p>\n<p>Un gruppo di genitori prende zappa, rastrello e tagliaerba e passa il sabato e la domenica a sistemare il giardino della scuola dell\u2019infanzia frequentata dai propri figli. I commercianti del paese contribuiscono con materiale e aiuti in denaro. Succede a <strong>Montale<\/strong> e la notizia fa riflettere.<\/p>\n<p>Da una parte c\u2019\u00e8 un <strong>Comune<\/strong> che, per mancanza di soldi, non riesce a fare la manutenzione dei giardini delle scuole e dall\u2019altra, c\u2019\u00e8 una cittadinanza che invece di limitarsi a protestare si rimbocca le maniche. Di norma dovrebbe essere l\u2019ente pubblico a intervenire laddove il privato da solo non riesce a farcela,\u00a0 invece in questo caso sono i privati-contribuenti che corrono in soccorso dell\u2019ente pubblico in difficolt\u00e0 e ad esso si sostituiscono anche nei servizi che gli competono.\u00a0 Del resto la cosa pubblica \u00e8 di tutti e quindi un giardino scolastico a posto, sicuro e accogliente per i bambini, val bene una sudata nel fine-settimana. Ma il gesto di quei genitori, simile a tanti altri contributi che le famiglie offrono per il buon funzionamento delle scuole, vuole anche essere un avviso agli amministratori: attenzione, le scuole devono stare in cima alle preoccupazioni e agli investimenti.<\/p>\n<p><em>\u00abIl luogo dove i nostri figli trascorrono gran parte del loro tempo\u00bb<\/em> dicono i genitori <em>\u00abdeve essere ordinato e sicuro\u00bb<\/em>. E non \u00e8 solo una questione di sicurezza, aggiungiamo noi, ma di civilt\u00e0 e di educazione. Di civilt\u00e0, perch\u00e9 per un paese, grande o piccolo, vale il motto: dimmi che scuole hai e ti dir\u00f2 chi sei. Una questione di educazione, perch\u00e9 non sono solo gli insegnanti e i libri ad educare, ma anche gli ambienti, gli arredi e le attrezzature. Un\u2019aula stretta e fredda, dove si deve stare col cappotto, un banco troppo angusto, magari vecchio e scorticato, un pavimento sconnesso, un bagno senza carta igienica, un soffitto con infiltrazioni di acqua sono pi\u00f9 diseducativi di un cattivo maestro.\u00a0 Nella <strong>piana pistoiese<\/strong> ci sono diverse strutture scolastiche carenti: alla <strong>Stazione di Montale<\/strong> ci sono due scuole, materna ed elementare, da demolire e da rifare perch\u00e9 contengono amianto nel tetto e nelle pareti perimetrali, ad <strong>Agliana<\/strong> nella scuola media Sestini mancano le aule e anche alla materna e alla primaria si sta andando verso la saturazione. Il <strong>Comune di Agliana<\/strong> ha destinato un milione di euro per l&#8217;ampliamento della scuola <strong>Sestin<\/strong>i nel 2013, ma al momento ci si dovr\u00e0 arrangiare ricavando una nuova aula dalla stanza adibita ad archivio, o dalla sala docenti. A <strong>Quarrata<\/strong> sta arrivando finalmente a conclusione, con ritardo rispetto alle previsioni iniziali, la costruzione della scuola materna di via<strong> Dante Alighieri<\/strong>. Nella scuola primaria del Santonuovo il refettorio \u00e8 stato trasferito nella palestra per accogliere una sezione in pi\u00f9. Per l\u2019<strong>asilo di via Lippi<\/strong> si va verso l\u2019affidamento dei lavori, probabilmente ad agosto, mentre la consegna era prevista nel settembre 2012.\u00a0 In compenso, nel piano regionale degli investimenti di impiantistica sportiva per il 2013, \u00e8 inserita anche la <strong>palestra di via Torino<\/strong> che sar\u00e0 riqualificata. I <strong>Comuni<\/strong> spesso hanno pochi mezzi in proporzione all\u2019entit\u00e0 degli investimenti da compiere. Il problema dell\u2019edilizia scolastica \u00e8 nazionale e magari potrebbe essere alla base di un piano per rilanciare lo sviluppo economico. I genitori che hanno sistemato il giardino della scuola hanno indicato la direzione verso cui convergere gli sforzi: la formazione dei ragazzi, il bene delle generazioni che ci seguiranno e ci giudicheranno.<\/p>\n<p>&nbsp;<\/p>","protected":false},"excerpt":{"rendered":"<p>di Giacomo Bini maggio 2013 Un gruppo di genitori prende zappa, rastrello e tagliaerba e passa il sabato e la domenica a sistemare il giardino della scuola dell\u2019infanzia frequentata dai propri figli. I commercianti del paese contribuiscono con materiale e aiuti in denaro. Succede a Montale e [&hellip;]<\/p>","protected":false},"author":12,"featured_media":0,"comment_status":"open","ping_status":"open","sticky":false,"template":"","format":"standard","meta":{"footnotes":""},"categories":[2,25],"tags":[37,38,79,84,96,97,107,108,111,129],"class_list":["post-2268","post","type-post","status-publish","format-standard","hentry","category-ag","category-appuntired","tag-ag-ag","tag-aglianese","tag-gente-di-qua","tag-laglianese","tag-noidiqua","tag-noidiqua-laglianese","tag-personaggi","tag-piera-salvi","tag-redazionale","tag-territorio-agliana"],"yoast_head":"<!-- This site is optimized with the Yoast SEO plugin v25.5 - https:\/\/yoast.com\/wordpress\/plugins\/seo\/ -->\n<title>Appunti di redazione - Noi di Qua Testata giornalistica e di attualit\u00e0 di Agliana, Montale e Quarrata.<\/title>\n<meta name=\"robots\" content=\"index, follow, max-snippet:-1, max-image-preview:large, max-video-preview:-1\" \/>\n<link rel=\"canonical\" href=\"https:\/\/www.noidiqua.it\/Agliana\/appunti-di-redazione-8\/\" \/>\n<meta property=\"og:locale\" content=\"it_IT\" \/>\n<meta property=\"og:type\" content=\"article\" \/>\n<meta property=\"og:title\" content=\"Appunti di redazione - Noi di Qua Testata giornalistica e di attualit\u00e0 di Agliana, Montale e Quarrata.\" \/>\n<meta property=\"og:description\" content=\"di Giacomo Bini maggio 2013 Un gruppo di genitori prende zappa, rastrello e tagliaerba e passa il sabato e la domenica a sistemare il giardino della scuola dell\u2019infanzia frequentata dai propri figli. I commercianti del paese contribuiscono con materiale e aiuti in denaro. Succede a Montale e [&hellip;]\" \/>\n<meta property=\"og:url\" content=\"https:\/\/www.noidiqua.it\/Agliana\/appunti-di-redazione-8\/\" \/>\n<meta property=\"og:site_name\" content=\"Noi di Qua Testata giornalistica e di attualit\u00e0 di Agliana, Montale e Quarrata.\" \/>\n<meta property=\"article:publisher\" content=\"https:\/\/www.facebook.com\/noidiqua.trimestrale\/\" \/>\n<meta property=\"article:published_time\" content=\"2013-05-07T14:19:19+00:00\" \/>\n<meta property=\"article:modified_time\" content=\"2023-07-04T09:46:18+00:00\" \/>\n<meta property=\"og:image\" content=\"https:\/\/www.noidiqua.it\/Agliana\/wp-content\/uploads\/2013\/05\/appunti.png\" \/>\n<meta name=\"author\" content=\"Giacomo Bini\" \/>\n<meta name=\"twitter:label1\" content=\"Scritto da\" \/>\n\t<meta name=\"twitter:data1\" content=\"Giacomo Bini\" \/>\n\t<meta name=\"twitter:label2\" content=\"Tempo di lettura stimato\" \/>\n\t<meta name=\"twitter:data2\" content=\"3 minuti\" \/>\n<script type=\"application\/ld+json\" class=\"yoast-schema-graph\">{\"@context\":\"https:\/\/schema.org\",\"@graph\":[{\"@type\":\"WebPage\",\"@id\":\"https:\/\/www.noidiqua.it\/Agliana\/appunti-di-redazione-8\/\",\"url\":\"https:\/\/www.noidiqua.it\/Agliana\/appunti-di-redazione-8\/\",\"name\":\"Appunti di redazione - Noi di Qua Testata giornalistica e di attualit\u00e0 di Agliana, Montale e Quarrata.\",\"isPartOf\":{\"@id\":\"https:\/\/www.noidiqua.it\/Agliana\/#website\"},\"primaryImageOfPage\":{\"@id\":\"https:\/\/www.noidiqua.it\/Agliana\/appunti-di-redazione-8\/#primaryimage\"},\"image\":{\"@id\":\"https:\/\/www.noidiqua.it\/Agliana\/appunti-di-redazione-8\/#primaryimage\"},\"thumbnailUrl\":\"https:\/\/www.noidiqua.it\/Agliana\/wp-content\/uploads\/2013\/05\/appunti.png\",\"datePublished\":\"2013-05-07T14:19:19+00:00\",\"dateModified\":\"2023-07-04T09:46:18+00:00\",\"author\":{\"@id\":\"https:\/\/www.noidiqua.it\/Agliana\/#\/schema\/person\/e2e6f44da50af0dae9c90ad168e471a4\"},\"breadcrumb\":{\"@id\":\"https:\/\/www.noidiqua.it\/Agliana\/appunti-di-redazione-8\/#breadcrumb\"},\"inLanguage\":\"it-IT\",\"potentialAction\":[{\"@type\":\"ReadAction\",\"target\":[\"https:\/\/www.noidiqua.it\/Agliana\/appunti-di-redazione-8\/\"]}]},{\"@type\":\"ImageObject\",\"inLanguage\":\"it-IT\",\"@id\":\"https:\/\/www.noidiqua.it\/Agliana\/appunti-di-redazione-8\/#primaryimage\",\"url\":\"https:\/\/www.noidiqua.it\/Agliana\/wp-content\/uploads\/2013\/05\/appunti.png\",\"contentUrl\":\"https:\/\/www.noidiqua.it\/Agliana\/wp-content\/uploads\/2013\/05\/appunti.png\",\"width\":502,\"height\":371},{\"@type\":\"BreadcrumbList\",\"@id\":\"https:\/\/www.noidiqua.it\/Agliana\/appunti-di-redazione-8\/#breadcrumb\",\"itemListElement\":[{\"@type\":\"ListItem\",\"position\":1,\"name\":\"Home\",\"item\":\"https:\/\/www.noidiqua.it\/Agliana\/\"},{\"@type\":\"ListItem\",\"position\":2,\"name\":\"Appunti di redazione\"}]},{\"@type\":\"WebSite\",\"@id\":\"https:\/\/www.noidiqua.it\/Agliana\/#website\",\"url\":\"https:\/\/www.noidiqua.it\/Agliana\/\",\"name\":\"Noi di Qua Testata giornalistica e di attualit\u00e0 di Agliana, Montale e Quarrata.\",\"description\":\"Testata Giornalistica Quarrata Montale Agliana\",\"potentialAction\":[{\"@type\":\"SearchAction\",\"target\":{\"@type\":\"EntryPoint\",\"urlTemplate\":\"https:\/\/www.noidiqua.it\/Agliana\/?s={search_term_string}\"},\"query-input\":{\"@type\":\"PropertyValueSpecification\",\"valueRequired\":true,\"valueName\":\"search_term_string\"}}],\"inLanguage\":\"it-IT\"},{\"@type\":\"Person\",\"@id\":\"https:\/\/www.noidiqua.it\/Agliana\/#\/schema\/person\/e2e6f44da50af0dae9c90ad168e471a4\",\"name\":\"Giacomo Bini\",\"image\":{\"@type\":\"ImageObject\",\"inLanguage\":\"it-IT\",\"@id\":\"https:\/\/www.noidiqua.it\/Agliana\/#\/schema\/person\/image\/\",\"url\":\"https:\/\/secure.gravatar.com\/avatar\/e5c18ae41df5ae37397358f2c6046696187d51a120c5d0b8f0c49f7b606f46f4?s=96&d=mm&r=g\",\"contentUrl\":\"https:\/\/secure.gravatar.com\/avatar\/e5c18ae41df5ae37397358f2c6046696187d51a120c5d0b8f0c49f7b606f46f4?s=96&d=mm&r=g\",\"caption\":\"Giacomo Bini\"},\"url\":\"https:\/\/www.noidiqua.it\/Agliana\/author\/giacomo-bini\/\"}]}<\/script>\n<!-- \/ Yoast SEO plugin. -->","yoast_head_json":{"title":"Appunti di redazione - Noi di Qua Testata giornalistica e di attualit\u00e0 di Agliana, Montale e Quarrata.","robots":{"index":"index","follow":"follow","max-snippet":"max-snippet:-1","max-image-preview":"max-image-preview:large","max-video-preview":"max-video-preview:-1"},"canonical":"https:\/\/www.noidiqua.it\/Agliana\/appunti-di-redazione-8\/","og_locale":"it_IT","og_type":"article","og_title":"Appunti di redazione - Noi di Qua Testata giornalistica e di attualit\u00e0 di Agliana, Montale e Quarrata.","og_description":"di Giacomo Bini maggio 2013 Un gruppo di genitori prende zappa, rastrello e tagliaerba e passa il sabato e la domenica a sistemare il giardino della scuola dell\u2019infanzia frequentata dai propri figli. I commercianti del paese contribuiscono con materiale e aiuti in denaro. Succede a Montale e [&hellip;]","og_url":"https:\/\/www.noidiqua.it\/Agliana\/appunti-di-redazione-8\/","og_site_name":"Noi di Qua Testata giornalistica e di attualit\u00e0 di Agliana, Montale e Quarrata.","article_publisher":"https:\/\/www.facebook.com\/noidiqua.trimestrale\/","article_published_time":"2013-05-07T14:19:19+00:00","article_modified_time":"2023-07-04T09:46:18+00:00","og_image":[{"url":"https:\/\/www.noidiqua.it\/Agliana\/wp-content\/uploads\/2013\/05\/appunti.png","type":"","width":"","height":""}],"author":"Giacomo Bini","twitter_misc":{"Scritto da":"Giacomo Bini","Tempo di lettura stimato":"3 minuti"},"schema":{"@context":"https:\/\/schema.org","@graph":[{"@type":"WebPage","@id":"https:\/\/www.noidiqua.it\/Agliana\/appunti-di-redazione-8\/","url":"https:\/\/www.noidiqua.it\/Agliana\/appunti-di-redazione-8\/","name":"Appunti di redazione - Noi di Qua Testata giornalistica e di attualit\u00e0 di Agliana, Montale e Quarrata.","isPartOf":{"@id":"https:\/\/www.noidiqua.it\/Agliana\/#website"},"primaryImageOfPage":{"@id":"https:\/\/www.noidiqua.it\/Agliana\/appunti-di-redazione-8\/#primaryimage"},"image":{"@id":"https:\/\/www.noidiqua.it\/Agliana\/appunti-di-redazione-8\/#primaryimage"},"thumbnailUrl":"https:\/\/www.noidiqua.it\/Agliana\/wp-content\/uploads\/2013\/05\/appunti.png","datePublished":"2013-05-07T14:19:19+00:00","dateModified":"2023-07-04T09:46:18+00:00","author":{"@id":"https:\/\/www.noidiqua.it\/Agliana\/#\/schema\/person\/e2e6f44da50af0dae9c90ad168e471a4"},"breadcrumb":{"@id":"https:\/\/www.noidiqua.it\/Agliana\/appunti-di-redazione-8\/#breadcrumb"},"inLanguage":"it-IT","potentialAction":[{"@type":"ReadAction","target":["https:\/\/www.noidiqua.it\/Agliana\/appunti-di-redazione-8\/"]}]},{"@type":"ImageObject","inLanguage":"it-IT","@id":"https:\/\/www.noidiqua.it\/Agliana\/appunti-di-redazione-8\/#primaryimage","url":"https:\/\/www.noidiqua.it\/Agliana\/wp-content\/uploads\/2013\/05\/appunti.png","contentUrl":"https:\/\/www.noidiqua.it\/Agliana\/wp-content\/uploads\/2013\/05\/appunti.png","width":502,"height":371},{"@type":"BreadcrumbList","@id":"https:\/\/www.noidiqua.it\/Agliana\/appunti-di-redazione-8\/#breadcrumb","itemListElement":[{"@type":"ListItem","position":1,"name":"Home","item":"https:\/\/www.noidiqua.it\/Agliana\/"},{"@type":"ListItem","position":2,"name":"Appunti di redazione"}]},{"@type":"WebSite","@id":"https:\/\/www.noidiqua.it\/Agliana\/#website","url":"https:\/\/www.noidiqua.it\/Agliana\/","name":"Noi di Qua Testata giornalistica e di attualit\u00e0 di Agliana, Montale e Quarrata.","description":"Testata Giornalistica Quarrata Montale Agliana","potentialAction":[{"@type":"SearchAction","target":{"@type":"EntryPoint","urlTemplate":"https:\/\/www.noidiqua.it\/Agliana\/?s={search_term_string}"},"query-input":{"@type":"PropertyValueSpecification","valueRequired":true,"valueName":"search_term_string"}}],"inLanguage":"it-IT"},{"@type":"Person","@id":"https:\/\/www.noidiqua.it\/Agliana\/#\/schema\/person\/e2e6f44da50af0dae9c90ad168e471a4","name":"Giacomo Bini","image":{"@type":"ImageObject","inLanguage":"it-IT","@id":"https:\/\/www.noidiqua.it\/Agliana\/#\/schema\/person\/image\/","url":"https:\/\/secure.gravatar.com\/avatar\/e5c18ae41df5ae37397358f2c6046696187d51a120c5d0b8f0c49f7b606f46f4?s=96&d=mm&r=g","contentUrl":"https:\/\/secure.gravatar.com\/avatar\/e5c18ae41df5ae37397358f2c6046696187d51a120c5d0b8f0c49f7b606f46f4?s=96&d=mm&r=g","caption":"Giacomo Bini"},"url":"https:\/\/www.noidiqua.it\/Agliana\/author\/giacomo-bini\/"}]}},"_links":{"self":[{"href":"https:\/\/www.noidiqua.it\/Agliana\/wp-json\/wp\/v2\/posts\/2268","targetHints":{"allow":["GET"]}}],"collection":[{"href":"https:\/\/www.noidiqua.it\/Agliana\/wp-json\/wp\/v2\/posts"}],"about":[{"href":"https:\/\/www.noidiqua.it\/Agliana\/wp-json\/wp\/v2\/types\/post"}],"author":[{"embeddable":true,"href":"https:\/\/www.noidiqua.it\/Agliana\/wp-json\/wp\/v2\/users\/12"}],"replies":[{"embeddable":true,"href":"https:\/\/www.noidiqua.it\/Agliana\/wp-json\/wp\/v2\/comments?post=2268"}],"version-history":[{"count":3,"href":"https:\/\/www.noidiqua.it\/Agliana\/wp-json\/wp\/v2\/posts\/2268\/revisions"}],"predecessor-version":[{"id":8181,"href":"https:\/\/www.noidiqua.it\/Agliana\/wp-json\/wp\/v2\/posts\/2268\/revisions\/8181"}],"wp:attachment":[{"href":"https:\/\/www.noidiqua.it\/Agliana\/wp-json\/wp\/v2\/media?parent=2268"}],"wp:term":[{"taxonomy":"category","embeddable":true,"href":"https:\/\/www.noidiqua.it\/Agliana\/wp-json\/wp\/v2\/categories?post=2268"},{"taxonomy":"post_tag","embeddable":true,"href":"https:\/\/www.noidiqua.it\/Agliana\/wp-json\/wp\/v2\/tags?post=2268"}],"curies":[{"name":"wp","href":"https:\/\/api.w.org\/{rel}","templated":true}]}}