{"id":2335,"date":"2013-05-07T09:26:19","date_gmt":"2013-05-07T09:26:19","guid":{"rendered":"https:\/\/www.noidiqua.it\/Agliana\/?p=2335"},"modified":"2024-01-19T18:16:28","modified_gmt":"2024-01-19T17:16:28","slug":"don-ferruccio-bianchi-un-parroco-innovatore","status":"publish","type":"post","link":"https:\/\/www.noidiqua.it\/Agliana\/don-ferruccio-bianchi-un-parroco-innovatore\/","title":{"rendered":"Don Ferruccio Bianchi &#8211; un parroco innovatore"},"content":{"rendered":"<p><em>di Piera Salvi. Archivio foto: Adriano Tesi<br \/>\n<\/em><\/p>\n<p><em>giugno 2013<\/em><\/p>\n<p><a href=\"https:\/\/www.noidiqua.it\/Agliana\/wp-content\/uploads\/2013\/05\/ferruccio-bianchi.png\" rel=\"wp-prettyPhoto[2335]\"><img loading=\"lazy\" decoding=\"async\" class=\"aligncenter size-full wp-image-9019\" src=\"https:\/\/www.noidiqua.it\/Agliana\/wp-content\/uploads\/2013\/05\/ferruccio-bianchi.png\" alt=\"\" width=\"505\" height=\"454\" srcset=\"https:\/\/www.noidiqua.it\/Agliana\/wp-content\/uploads\/2013\/05\/ferruccio-bianchi.png 505w, https:\/\/www.noidiqua.it\/Agliana\/wp-content\/uploads\/2013\/05\/ferruccio-bianchi-300x270.png 300w\" sizes=\"auto, (max-width: 505px) 100vw, 505px\" \/><\/a><\/p>\n<p><em>\u201cLo ricordo ancora, sempre col suo sorriso simpatico e buono. E non credo di esagerare se affermo che questo paese di gente semplice e buona porta impresso in s\u00e9 il ricordo di Lui, di Don Ferruccio, come l\u2019immagine di un padre si imprime, in qualche modo, nei figli\u201d<\/em>. Scriveva cos\u00ec, nel 1972, <strong>Don Sinibaldo Sottili<\/strong>, allora parroco di <strong>S. Michele<\/strong> e successore di <strong>Don Ferruccio Bianchi<\/strong>, nella pubblicazione <strong>\u201cIl Curato di S. Michele\u201d<\/strong>, realizzata a cura del <strong>Comitato parrocchiale<\/strong> in nome di tutto il popolo, per il centenario della nascita di Don Ferruccio. In quell\u2019anno fu intitolata a Don Bianchi la piazza principale del paese e il Comitato parrocchiale, nella stessa pubblicazione, ringraziava l\u2019amministrazione comunale per avere accolto favorevolmente la richiesta di intitolazione della piazza al sacerdote che per quasi cinquant\u2019anni (dal 1904 al 1953) aveva guidato la parrocchia di S. Michele. Don Ferruccio era nato a S. Angiolo di Piuvica (Pistoia) il 16 giugno 1872 da <strong>Annibale Bianchi<\/strong> ed <strong>Amabile Benesperi<\/strong> e fu ordinato sacerdote il 6 giugno 1895. Inizialmente fu cappellano a <strong>Casalguidi<\/strong> ed a <strong>Piteccio<\/strong>, poi a <strong>San Baronto<\/strong>.<\/p>\n<p>Divenne parroco di S. Michele il 27 maggio 1904. In quasi mezzo secolo di zelante ministero realizz\u00f2 a S. Michele l\u2019asilo e la scuola parificata elementare <strong>\u201cCasa degli Angeli Custodi\u201d<\/strong>, il teatro parrocchiale e l\u2019ampliamento della chiesa. Inoltre, contribu\u00ec con ogni mezzo a fondare la<strong> Cassa Rurale e Artigiana<\/strong> e gett\u00f2 le basi per l\u2019<strong>Oratorio<\/strong> nella frazione di <strong>Ponte dei Bini<\/strong>. Nella storia dei primi movimenti sociali cristiani della <strong>Diocesi<\/strong> di <strong>Pistoia<\/strong> occup\u00f2 un posto di primissimo piano, pur con la sua presenza schiva e umile. E\u2019 ricordato come pastore e maestro, come un uomo d\u2019azione e un sacerdote che precorreva i tempi. Mor\u00ec a S. Michele il 21 maggio 1953.<\/p>\n<p>L\u2019emancipazione del suo popolo dall\u2019analfabetismo fu uno dei principali impegni del ministero di Don Bianchi. Voleva la scuola anche a S. Michele poich\u00e9 in quell\u2019epoca i fanciulli erano costretti a recarsi a <strong>S. Piero<\/strong>, percorrendo strade fangose e spesso allagate. Cos\u00ec il Curato, prima di portare a compimento la \u201cCasa degli angeli custodi\u201d, allest\u00ec in parrocchia la scuola elementare e il doposcuola per chi continuava gli studi. Anche il teatro era per lui un mezzo di emancipazione del popolo. Fond\u00f2 una filodrammatica, ma non \u201cunisesso\u201d come tutte le filodrammatiche che in quel periodo nascevano all\u2019ombra dei campanili: era un gruppo composto da uomini e donne che gli caus\u00f2 pure contrasti con l\u2019autorit\u00e0 ecclesiastica. Amava la musica e si impegn\u00f2 perch\u00e9 i giovani della parrocchia imparassero musica e canto. L\u2019amore per gli uomini lo port\u00f2, nel 1919, a testimoniare in tribunale a favore di un gruppo di socialisti aglianesi accusati ingiustamente. Nel 1927, una sera, alla vigilia delle Quarantore, fu bastonato dai fascisti; ma la mattina dopo, con la testa fasciata, celebr\u00f2 la messa. <em>\u201cSo che perdon\u00f2 tutti\u201d<\/em>, raccontava un parrocchiano.<\/p>\n<p>&nbsp;<\/p>\n<p style=\"text-align: justify;\">\n<em>Notizie raccolte nella pubblicazione \u201cIl Curato di S. Michele\u201d (1972)<\/em><\/p>","protected":false},"excerpt":{"rendered":"<p>di Piera Salvi. Archivio foto: Adriano Tesi giugno 2013 \u201cLo ricordo ancora, sempre col suo sorriso simpatico e buono. E non credo di esagerare se affermo che questo paese di gente semplice e buona porta impresso in s\u00e9 il ricordo di Lui, di Don Ferruccio, come l\u2019immagine [&hellip;]<\/p>","protected":false},"author":13,"featured_media":0,"comment_status":"open","ping_status":"open","sticky":false,"template":"","format":"standard","meta":{"footnotes":""},"categories":[2,7],"tags":[37,38,74,79,84,96,97,108,111],"class_list":["post-2335","post","type-post","status-publish","format-standard","hentry","category-ag","category-notizie-dal-passato","tag-ag-ag","tag-aglianese","tag-figure-storiche-2","tag-gente-di-qua","tag-laglianese","tag-noidiqua","tag-noidiqua-laglianese","tag-piera-salvi","tag-redazionale"],"yoast_head":"<!-- This site is optimized with the Yoast SEO plugin v25.5 - https:\/\/yoast.com\/wordpress\/plugins\/seo\/ -->\n<title>Don Ferruccio Bianchi - un parroco innovatore - Noi di Qua Testata giornalistica e di attualit\u00e0 di Agliana, Montale e Quarrata.<\/title>\n<meta name=\"robots\" content=\"index, follow, max-snippet:-1, max-image-preview:large, max-video-preview:-1\" \/>\n<link rel=\"canonical\" href=\"https:\/\/www.noidiqua.it\/Agliana\/don-ferruccio-bianchi-un-parroco-innovatore\/\" \/>\n<meta property=\"og:locale\" content=\"it_IT\" \/>\n<meta property=\"og:type\" content=\"article\" \/>\n<meta property=\"og:title\" content=\"Don Ferruccio Bianchi - un parroco innovatore - Noi di Qua Testata giornalistica e di attualit\u00e0 di Agliana, Montale e Quarrata.\" \/>\n<meta property=\"og:description\" content=\"di Piera Salvi. Archivio foto: Adriano Tesi giugno 2013 \u201cLo ricordo ancora, sempre col suo sorriso simpatico e buono. E non credo di esagerare se affermo che questo paese di gente semplice e buona porta impresso in s\u00e9 il ricordo di Lui, di Don Ferruccio, come l\u2019immagine [&hellip;]\" \/>\n<meta property=\"og:url\" content=\"https:\/\/www.noidiqua.it\/Agliana\/don-ferruccio-bianchi-un-parroco-innovatore\/\" \/>\n<meta property=\"og:site_name\" content=\"Noi di Qua Testata giornalistica e di attualit\u00e0 di Agliana, Montale e Quarrata.\" \/>\n<meta property=\"article:publisher\" content=\"https:\/\/www.facebook.com\/noidiqua.trimestrale\/\" \/>\n<meta property=\"article:published_time\" content=\"2013-05-07T09:26:19+00:00\" \/>\n<meta property=\"article:modified_time\" content=\"2024-01-19T17:16:28+00:00\" \/>\n<meta property=\"og:image\" content=\"https:\/\/www.noidiqua.it\/Agliana\/wp-content\/uploads\/2013\/05\/ferruccio-bianchi.png\" \/>\n<meta name=\"author\" content=\"Piera Salvi\" \/>\n<meta name=\"twitter:label1\" content=\"Scritto da\" \/>\n\t<meta name=\"twitter:data1\" content=\"Piera Salvi\" \/>\n\t<meta name=\"twitter:label2\" content=\"Tempo di lettura stimato\" \/>\n\t<meta name=\"twitter:data2\" content=\"3 minuti\" \/>\n<script type=\"application\/ld+json\" class=\"yoast-schema-graph\">{\"@context\":\"https:\/\/schema.org\",\"@graph\":[{\"@type\":\"WebPage\",\"@id\":\"https:\/\/www.noidiqua.it\/Agliana\/don-ferruccio-bianchi-un-parroco-innovatore\/\",\"url\":\"https:\/\/www.noidiqua.it\/Agliana\/don-ferruccio-bianchi-un-parroco-innovatore\/\",\"name\":\"Don Ferruccio Bianchi - un parroco innovatore - Noi di Qua Testata giornalistica e di attualit\u00e0 di Agliana, Montale e Quarrata.\",\"isPartOf\":{\"@id\":\"https:\/\/www.noidiqua.it\/Agliana\/#website\"},\"primaryImageOfPage\":{\"@id\":\"https:\/\/www.noidiqua.it\/Agliana\/don-ferruccio-bianchi-un-parroco-innovatore\/#primaryimage\"},\"image\":{\"@id\":\"https:\/\/www.noidiqua.it\/Agliana\/don-ferruccio-bianchi-un-parroco-innovatore\/#primaryimage\"},\"thumbnailUrl\":\"https:\/\/www.noidiqua.it\/Agliana\/wp-content\/uploads\/2013\/05\/ferruccio-bianchi.png\",\"datePublished\":\"2013-05-07T09:26:19+00:00\",\"dateModified\":\"2024-01-19T17:16:28+00:00\",\"author\":{\"@id\":\"https:\/\/www.noidiqua.it\/Agliana\/#\/schema\/person\/bb7515c2330bb1137f247276096fa7dc\"},\"breadcrumb\":{\"@id\":\"https:\/\/www.noidiqua.it\/Agliana\/don-ferruccio-bianchi-un-parroco-innovatore\/#breadcrumb\"},\"inLanguage\":\"it-IT\",\"potentialAction\":[{\"@type\":\"ReadAction\",\"target\":[\"https:\/\/www.noidiqua.it\/Agliana\/don-ferruccio-bianchi-un-parroco-innovatore\/\"]}]},{\"@type\":\"ImageObject\",\"inLanguage\":\"it-IT\",\"@id\":\"https:\/\/www.noidiqua.it\/Agliana\/don-ferruccio-bianchi-un-parroco-innovatore\/#primaryimage\",\"url\":\"https:\/\/www.noidiqua.it\/Agliana\/wp-content\/uploads\/2013\/05\/ferruccio-bianchi.png\",\"contentUrl\":\"https:\/\/www.noidiqua.it\/Agliana\/wp-content\/uploads\/2013\/05\/ferruccio-bianchi.png\",\"width\":505,\"height\":454},{\"@type\":\"BreadcrumbList\",\"@id\":\"https:\/\/www.noidiqua.it\/Agliana\/don-ferruccio-bianchi-un-parroco-innovatore\/#breadcrumb\",\"itemListElement\":[{\"@type\":\"ListItem\",\"position\":1,\"name\":\"Home\",\"item\":\"https:\/\/www.noidiqua.it\/Agliana\/\"},{\"@type\":\"ListItem\",\"position\":2,\"name\":\"Don Ferruccio Bianchi &#8211; un parroco innovatore\"}]},{\"@type\":\"WebSite\",\"@id\":\"https:\/\/www.noidiqua.it\/Agliana\/#website\",\"url\":\"https:\/\/www.noidiqua.it\/Agliana\/\",\"name\":\"Noi di Qua Testata giornalistica e di attualit\u00e0 di Agliana, Montale e Quarrata.\",\"description\":\"Testata Giornalistica Quarrata Montale Agliana\",\"potentialAction\":[{\"@type\":\"SearchAction\",\"target\":{\"@type\":\"EntryPoint\",\"urlTemplate\":\"https:\/\/www.noidiqua.it\/Agliana\/?s={search_term_string}\"},\"query-input\":{\"@type\":\"PropertyValueSpecification\",\"valueRequired\":true,\"valueName\":\"search_term_string\"}}],\"inLanguage\":\"it-IT\"},{\"@type\":\"Person\",\"@id\":\"https:\/\/www.noidiqua.it\/Agliana\/#\/schema\/person\/bb7515c2330bb1137f247276096fa7dc\",\"name\":\"Piera Salvi\",\"image\":{\"@type\":\"ImageObject\",\"inLanguage\":\"it-IT\",\"@id\":\"https:\/\/www.noidiqua.it\/Agliana\/#\/schema\/person\/image\/\",\"url\":\"https:\/\/secure.gravatar.com\/avatar\/2f9b1fb6e13f3b3e63bde435d999a73be036e320f7a0f5f32f9ac21859d999cd?s=96&d=mm&r=g\",\"contentUrl\":\"https:\/\/secure.gravatar.com\/avatar\/2f9b1fb6e13f3b3e63bde435d999a73be036e320f7a0f5f32f9ac21859d999cd?s=96&d=mm&r=g\",\"caption\":\"Piera Salvi\"},\"url\":\"https:\/\/www.noidiqua.it\/Agliana\/author\/piera-salvi\/\"}]}<\/script>\n<!-- \/ Yoast SEO plugin. -->","yoast_head_json":{"title":"Don Ferruccio Bianchi - un parroco innovatore - Noi di Qua Testata giornalistica e di attualit\u00e0 di Agliana, Montale e Quarrata.","robots":{"index":"index","follow":"follow","max-snippet":"max-snippet:-1","max-image-preview":"max-image-preview:large","max-video-preview":"max-video-preview:-1"},"canonical":"https:\/\/www.noidiqua.it\/Agliana\/don-ferruccio-bianchi-un-parroco-innovatore\/","og_locale":"it_IT","og_type":"article","og_title":"Don Ferruccio Bianchi - un parroco innovatore - Noi di Qua Testata giornalistica e di attualit\u00e0 di Agliana, Montale e Quarrata.","og_description":"di Piera Salvi. Archivio foto: Adriano Tesi giugno 2013 \u201cLo ricordo ancora, sempre col suo sorriso simpatico e buono. E non credo di esagerare se affermo che questo paese di gente semplice e buona porta impresso in s\u00e9 il ricordo di Lui, di Don Ferruccio, come l\u2019immagine [&hellip;]","og_url":"https:\/\/www.noidiqua.it\/Agliana\/don-ferruccio-bianchi-un-parroco-innovatore\/","og_site_name":"Noi di Qua Testata giornalistica e di attualit\u00e0 di Agliana, Montale e Quarrata.","article_publisher":"https:\/\/www.facebook.com\/noidiqua.trimestrale\/","article_published_time":"2013-05-07T09:26:19+00:00","article_modified_time":"2024-01-19T17:16:28+00:00","og_image":[{"url":"https:\/\/www.noidiqua.it\/Agliana\/wp-content\/uploads\/2013\/05\/ferruccio-bianchi.png","type":"","width":"","height":""}],"author":"Piera Salvi","twitter_misc":{"Scritto da":"Piera Salvi","Tempo di lettura stimato":"3 minuti"},"schema":{"@context":"https:\/\/schema.org","@graph":[{"@type":"WebPage","@id":"https:\/\/www.noidiqua.it\/Agliana\/don-ferruccio-bianchi-un-parroco-innovatore\/","url":"https:\/\/www.noidiqua.it\/Agliana\/don-ferruccio-bianchi-un-parroco-innovatore\/","name":"Don Ferruccio Bianchi - un parroco innovatore - Noi di Qua Testata giornalistica e di attualit\u00e0 di Agliana, Montale e Quarrata.","isPartOf":{"@id":"https:\/\/www.noidiqua.it\/Agliana\/#website"},"primaryImageOfPage":{"@id":"https:\/\/www.noidiqua.it\/Agliana\/don-ferruccio-bianchi-un-parroco-innovatore\/#primaryimage"},"image":{"@id":"https:\/\/www.noidiqua.it\/Agliana\/don-ferruccio-bianchi-un-parroco-innovatore\/#primaryimage"},"thumbnailUrl":"https:\/\/www.noidiqua.it\/Agliana\/wp-content\/uploads\/2013\/05\/ferruccio-bianchi.png","datePublished":"2013-05-07T09:26:19+00:00","dateModified":"2024-01-19T17:16:28+00:00","author":{"@id":"https:\/\/www.noidiqua.it\/Agliana\/#\/schema\/person\/bb7515c2330bb1137f247276096fa7dc"},"breadcrumb":{"@id":"https:\/\/www.noidiqua.it\/Agliana\/don-ferruccio-bianchi-un-parroco-innovatore\/#breadcrumb"},"inLanguage":"it-IT","potentialAction":[{"@type":"ReadAction","target":["https:\/\/www.noidiqua.it\/Agliana\/don-ferruccio-bianchi-un-parroco-innovatore\/"]}]},{"@type":"ImageObject","inLanguage":"it-IT","@id":"https:\/\/www.noidiqua.it\/Agliana\/don-ferruccio-bianchi-un-parroco-innovatore\/#primaryimage","url":"https:\/\/www.noidiqua.it\/Agliana\/wp-content\/uploads\/2013\/05\/ferruccio-bianchi.png","contentUrl":"https:\/\/www.noidiqua.it\/Agliana\/wp-content\/uploads\/2013\/05\/ferruccio-bianchi.png","width":505,"height":454},{"@type":"BreadcrumbList","@id":"https:\/\/www.noidiqua.it\/Agliana\/don-ferruccio-bianchi-un-parroco-innovatore\/#breadcrumb","itemListElement":[{"@type":"ListItem","position":1,"name":"Home","item":"https:\/\/www.noidiqua.it\/Agliana\/"},{"@type":"ListItem","position":2,"name":"Don Ferruccio Bianchi &#8211; un parroco innovatore"}]},{"@type":"WebSite","@id":"https:\/\/www.noidiqua.it\/Agliana\/#website","url":"https:\/\/www.noidiqua.it\/Agliana\/","name":"Noi di Qua Testata giornalistica e di attualit\u00e0 di Agliana, Montale e Quarrata.","description":"Testata Giornalistica Quarrata Montale Agliana","potentialAction":[{"@type":"SearchAction","target":{"@type":"EntryPoint","urlTemplate":"https:\/\/www.noidiqua.it\/Agliana\/?s={search_term_string}"},"query-input":{"@type":"PropertyValueSpecification","valueRequired":true,"valueName":"search_term_string"}}],"inLanguage":"it-IT"},{"@type":"Person","@id":"https:\/\/www.noidiqua.it\/Agliana\/#\/schema\/person\/bb7515c2330bb1137f247276096fa7dc","name":"Piera Salvi","image":{"@type":"ImageObject","inLanguage":"it-IT","@id":"https:\/\/www.noidiqua.it\/Agliana\/#\/schema\/person\/image\/","url":"https:\/\/secure.gravatar.com\/avatar\/2f9b1fb6e13f3b3e63bde435d999a73be036e320f7a0f5f32f9ac21859d999cd?s=96&d=mm&r=g","contentUrl":"https:\/\/secure.gravatar.com\/avatar\/2f9b1fb6e13f3b3e63bde435d999a73be036e320f7a0f5f32f9ac21859d999cd?s=96&d=mm&r=g","caption":"Piera Salvi"},"url":"https:\/\/www.noidiqua.it\/Agliana\/author\/piera-salvi\/"}]}},"_links":{"self":[{"href":"https:\/\/www.noidiqua.it\/Agliana\/wp-json\/wp\/v2\/posts\/2335","targetHints":{"allow":["GET"]}}],"collection":[{"href":"https:\/\/www.noidiqua.it\/Agliana\/wp-json\/wp\/v2\/posts"}],"about":[{"href":"https:\/\/www.noidiqua.it\/Agliana\/wp-json\/wp\/v2\/types\/post"}],"author":[{"embeddable":true,"href":"https:\/\/www.noidiqua.it\/Agliana\/wp-json\/wp\/v2\/users\/13"}],"replies":[{"embeddable":true,"href":"https:\/\/www.noidiqua.it\/Agliana\/wp-json\/wp\/v2\/comments?post=2335"}],"version-history":[{"count":4,"href":"https:\/\/www.noidiqua.it\/Agliana\/wp-json\/wp\/v2\/posts\/2335\/revisions"}],"predecessor-version":[{"id":9021,"href":"https:\/\/www.noidiqua.it\/Agliana\/wp-json\/wp\/v2\/posts\/2335\/revisions\/9021"}],"wp:attachment":[{"href":"https:\/\/www.noidiqua.it\/Agliana\/wp-json\/wp\/v2\/media?parent=2335"}],"wp:term":[{"taxonomy":"category","embeddable":true,"href":"https:\/\/www.noidiqua.it\/Agliana\/wp-json\/wp\/v2\/categories?post=2335"},{"taxonomy":"post_tag","embeddable":true,"href":"https:\/\/www.noidiqua.it\/Agliana\/wp-json\/wp\/v2\/tags?post=2335"}],"curies":[{"name":"wp","href":"https:\/\/api.w.org\/{rel}","templated":true}]}}