{"id":2429,"date":"2013-09-05T10:17:21","date_gmt":"2013-09-05T10:17:21","guid":{"rendered":"https:\/\/www.noidiqua.it\/Agliana\/?p=2429"},"modified":"2023-01-26T11:38:31","modified_gmt":"2023-01-26T10:38:31","slug":"fattoria-verdiani-fra-tradizione-e-innovazione","status":"publish","type":"post","link":"https:\/\/www.noidiqua.it\/Agliana\/fattoria-verdiani-fra-tradizione-e-innovazione\/","title":{"rendered":"Fattoria Verdiani (fra tradizione e innovazione)"},"content":{"rendered":"<p><em>di David Colzi. Foto: Adriano Tesi<br \/>\n<\/em><\/p>\n<p><em>settembre 2013<\/em><\/p>\n<p><a href=\"https:\/\/www.noidiqua.it\/Agliana\/wp-content\/uploads\/2013\/09\/verdiani-1.png\" rel=\"wp-prettyPhoto[2429]\"><img loading=\"lazy\" decoding=\"async\" class=\"aligncenter size-full wp-image-8133\" src=\"https:\/\/www.noidiqua.it\/Agliana\/wp-content\/uploads\/2013\/09\/verdiani-1.png\" alt=\"\" width=\"501\" height=\"334\" srcset=\"https:\/\/www.noidiqua.it\/Agliana\/wp-content\/uploads\/2013\/09\/verdiani-1.png 501w, https:\/\/www.noidiqua.it\/Agliana\/wp-content\/uploads\/2013\/09\/verdiani-1-300x200.png 300w\" sizes=\"auto, (max-width: 501px) 100vw, 501px\" \/><\/a><\/p>\n<p>Prima del benessere economico degli anni &#8217;60, anche <strong>Agliana<\/strong> era una realt\u00e0 agricola, ma oggi le ultime testimonianze di quel mondo antico sono in poche frazioni, tra cui<strong> Ronco<\/strong> e <strong>Ponte dei Bini<\/strong>, dove si possono ancora vedere campi coltivati e \u201csentire\u201d l&#8217;odore del bestiame. E proprio al Ponte dei Bini si trova una delle poche fattorie rimaste nella pianura di <strong>Pistoia<\/strong>, probabilmente l&#8217;ultima ad avere un allevamento cos\u00ec completo, con circa cinquanta vitelli, sessanta maiali, trenta cavalli, una ventina tra capre e pecore, e ovviamente diverse galline; stiamo parlando della <strong>Fattoria Verdiani<\/strong>, situata accanto alla strada che costeggia il fiume <strong>Calice<\/strong>.<\/p>\n<p><a href=\"https:\/\/www.noidiqua.it\/Agliana\/wp-content\/uploads\/2013\/09\/verdiani-2.png\" rel=\"wp-prettyPhoto[2429]\"><img loading=\"lazy\" decoding=\"async\" class=\"aligncenter size-full wp-image-8134\" src=\"https:\/\/www.noidiqua.it\/Agliana\/wp-content\/uploads\/2013\/09\/verdiani-2.png\" alt=\"\" width=\"291\" height=\"398\" srcset=\"https:\/\/www.noidiqua.it\/Agliana\/wp-content\/uploads\/2013\/09\/verdiani-2.png 291w, https:\/\/www.noidiqua.it\/Agliana\/wp-content\/uploads\/2013\/09\/verdiani-2-219x300.png 219w\" sizes=\"auto, (max-width: 291px) 100vw, 291px\" \/><\/a><\/p>\n<p>Una storia iniziata nel 1969, quando <strong>Vivaldo Verdiani<\/strong> cre\u00f2 il suo allevamento l\u00e0 dove si trova ancora oggi, forte dell&#8217;esperienza di tutta una vita lavorativa nel settore del bestiame; poi fu la volta del figlio <strong>Luciano<\/strong> e oggi prosegue la tradizione di famiglia il nipote <strong>Alessandro<\/strong>, aiutato dalle sorelle<strong> Veronica<\/strong> e <strong>Sandra<\/strong>, sempre sotto l&#8217;occhio vigile e esperto di pap\u00e0 Luciano, che si occupa dell&#8217;acquisto del bestiame, e di mamma <strong>Piera<\/strong>, vera &#8220;matriarca&#8221; della fattoria. In pi\u00f9 possono contare anche su un collaboratore, Dan, che da undici anni lavora con loro, perch\u00e9 quella dei Verdiani \u00e8 una vita veramente dura, le cui giornate di lavoro sono sette giorni su sette, il tutto scandito dalla luce del sole e dal ritmo delle stagioni, dato che nei campi attigui alla tenuta si coltiva mais, orzo e quant&#8217;altro serve per foraggiare gli animali.<\/p>\n<p><a href=\"https:\/\/www.noidiqua.it\/Agliana\/wp-content\/uploads\/2013\/09\/verdiani-3.png\" rel=\"wp-prettyPhoto[2429]\"><img loading=\"lazy\" decoding=\"async\" class=\"aligncenter  wp-image-8136\" src=\"https:\/\/www.noidiqua.it\/Agliana\/wp-content\/uploads\/2013\/09\/verdiani-3.png\" alt=\"\" width=\"444\" height=\"386\" srcset=\"https:\/\/www.noidiqua.it\/Agliana\/wp-content\/uploads\/2013\/09\/verdiani-3.png 507w, https:\/\/www.noidiqua.it\/Agliana\/wp-content\/uploads\/2013\/09\/verdiani-3-300x261.png 300w\" sizes=\"auto, (max-width: 444px) 100vw, 444px\" \/><\/a><\/p>\n<p>Ovviamente questo modo di vivere e lavorare attira le scolaresche che talvolta vengono a vedere come si vive in campagna; a tal proposito Veronica ci fa sapere che si stanno attrezzando per creare una vera e propria fattoria didattica, incrementando cos\u00ec le visite. D&#8217;altronde, tutta la propriet\u00e0 \u00e8 una vera scoperta per i bimbi delle scuole materne ed elementari: <em>\u00abLa gallina \u00e8 quella che gli rimane pi\u00f9 impresso,\u00bb<\/em> dice sorridendo Veronica <em>\u00abcredo che per loro sia un po&#8217; come vedere un animale esotico allo zoo. Pensi che una volta un bimbo mi ha chiesto se avevamo anche i dinosauri!\u00bb<\/em> Interessante poi \u00e8 l&#8217;intenzione di creare un progetto di &#8220;Terapia dell&#8217;asino&#8221;, che prevede un percorso simile all&#8217;ippoterapia, ma con un animale pi\u00f9 mansueto e, nonostante la nomea, molto intelligente e affettuoso.\u00a0A parte tutte queste iniziative, tra cui quella di creare uno spaccio aziendale in loco, la sussistenza della fattoria \u00e8 ancora principalmente legata alla vendita degli animali, sia alle macellerie che ai privati del territorio di <strong>Pistoia e Firenze<\/strong>.<\/p>\n<p><a href=\"https:\/\/www.noidiqua.it\/Agliana\/wp-content\/uploads\/2013\/09\/verdiani-4.png\" rel=\"wp-prettyPhoto[2429]\"><img loading=\"lazy\" decoding=\"async\" class=\"aligncenter size-full wp-image-8137\" src=\"https:\/\/www.noidiqua.it\/Agliana\/wp-content\/uploads\/2013\/09\/verdiani-4.png\" alt=\"\" width=\"317\" height=\"399\" srcset=\"https:\/\/www.noidiqua.it\/Agliana\/wp-content\/uploads\/2013\/09\/verdiani-4.png 317w, https:\/\/www.noidiqua.it\/Agliana\/wp-content\/uploads\/2013\/09\/verdiani-4-238x300.png 238w\" sizes=\"auto, (max-width: 317px) 100vw, 317px\" \/><\/a><\/p>\n<p>Poi dal 2002 un&#8217;ulteriore attivit\u00e0 fa conoscere il lavoro dei Verdiani: infatti Alessandro, assieme al cognato <strong>Ivan Magni<\/strong>, ha dato vita ad un laboratorio a <strong>Ferruccia<\/strong> di <strong>Quarrata<\/strong>, dove preparano salumi e insaccati con carni provenienti dai suini allevati al Ponte dei Bini e non: <em>\u00abI nostri maiali forniscono il 50% dell&#8217;intera produzione\u00bb precisa Alessandro \u00abperch\u00e9 la richiesta \u00e8 tanta, e noi per soddisfarla dobbiamo affidarci anche ad allevamenti selezionati\u00bb.<\/em> Qui si produce tutto ci\u00f2 che pu\u00f2 essere ricavato dalle carni suine, con un occhio di riguardo per i prodotti toscani, come l&#8217;apprezzatissima arista cotta sott&#8217;olio, senza per\u00f2 tralasciare l&#8217;ingegno e la voglia di cose nuove, che ha portato Ivan a creare il \u201cIl cuore dolce toscano\u201d, un salume dalla forma e dal sapore caratteristico. Cos\u00ec, chiunque pu\u00f2 apprezzare prodotti nati dalla passione e dall&#8217;esperienza di Alessandro e Ivan, due \u201cprofessori della ciccia\u201d.<\/p>\n<p>podereverdiani@hotmail.it<\/p>\n<p>&nbsp;<\/p>","protected":false},"excerpt":{"rendered":"<p>di David Colzi. Foto: Adriano Tesi settembre 2013 Prima del benessere economico degli anni &#8217;60, anche Agliana era una realt\u00e0 agricola, ma oggi le ultime testimonianze di quel mondo antico sono in poche frazioni, tra cui Ronco e Ponte dei Bini, dove si possono ancora vedere campi [&hellip;]<\/p>","protected":false},"author":13,"featured_media":0,"comment_status":"open","ping_status":"open","sticky":false,"template":"","format":"standard","meta":{"footnotes":""},"categories":[2,3],"tags":[37,38,42,79,84,96,97,124,129],"class_list":["post-2429","post","type-post","status-publish","format-standard","hentry","category-ag","category-arte-artigianato-qt","tag-ag-ag","tag-aglianese","tag-arti-e-mestieri","tag-gente-di-qua","tag-laglianese","tag-noidiqua","tag-noidiqua-laglianese","tag-spettacolo","tag-territorio-agliana"],"yoast_head":"<!-- This site is optimized with the Yoast SEO plugin v25.5 - https:\/\/yoast.com\/wordpress\/plugins\/seo\/ -->\n<title>Fattoria Verdiani (fra tradizione e innovazione) - Noi di Qua Testata giornalistica e di attualit\u00e0 di Agliana, Montale e Quarrata.<\/title>\n<meta name=\"robots\" content=\"index, follow, max-snippet:-1, max-image-preview:large, max-video-preview:-1\" \/>\n<link rel=\"canonical\" href=\"https:\/\/www.noidiqua.it\/Agliana\/fattoria-verdiani-fra-tradizione-e-innovazione\/\" \/>\n<meta property=\"og:locale\" content=\"it_IT\" \/>\n<meta property=\"og:type\" content=\"article\" \/>\n<meta property=\"og:title\" content=\"Fattoria Verdiani (fra tradizione e innovazione) - Noi di Qua Testata giornalistica e di attualit\u00e0 di Agliana, Montale e Quarrata.\" \/>\n<meta property=\"og:description\" content=\"di David Colzi. Foto: Adriano Tesi settembre 2013 Prima del benessere economico degli anni &#8217;60, anche Agliana era una realt\u00e0 agricola, ma oggi le ultime testimonianze di quel mondo antico sono in poche frazioni, tra cui Ronco e Ponte dei Bini, dove si possono ancora vedere campi [&hellip;]\" \/>\n<meta property=\"og:url\" content=\"https:\/\/www.noidiqua.it\/Agliana\/fattoria-verdiani-fra-tradizione-e-innovazione\/\" \/>\n<meta property=\"og:site_name\" content=\"Noi di Qua Testata giornalistica e di attualit\u00e0 di Agliana, Montale e Quarrata.\" \/>\n<meta property=\"article:publisher\" content=\"https:\/\/www.facebook.com\/noidiqua.trimestrale\/\" \/>\n<meta property=\"article:published_time\" content=\"2013-09-05T10:17:21+00:00\" \/>\n<meta property=\"article:modified_time\" content=\"2023-01-26T10:38:31+00:00\" \/>\n<meta property=\"og:image\" content=\"https:\/\/www.noidiqua.it\/Agliana\/wp-content\/uploads\/2013\/09\/verdiani-1.png\" \/>\n<meta name=\"author\" content=\"Piera Salvi\" \/>\n<meta name=\"twitter:label1\" content=\"Scritto da\" \/>\n\t<meta name=\"twitter:data1\" content=\"Piera Salvi\" \/>\n\t<meta name=\"twitter:label2\" content=\"Tempo di lettura stimato\" \/>\n\t<meta name=\"twitter:data2\" content=\"4 minuti\" \/>\n<script type=\"application\/ld+json\" class=\"yoast-schema-graph\">{\"@context\":\"https:\/\/schema.org\",\"@graph\":[{\"@type\":\"WebPage\",\"@id\":\"https:\/\/www.noidiqua.it\/Agliana\/fattoria-verdiani-fra-tradizione-e-innovazione\/\",\"url\":\"https:\/\/www.noidiqua.it\/Agliana\/fattoria-verdiani-fra-tradizione-e-innovazione\/\",\"name\":\"Fattoria Verdiani (fra tradizione e innovazione) - Noi di Qua Testata giornalistica e di attualit\u00e0 di Agliana, Montale e Quarrata.\",\"isPartOf\":{\"@id\":\"https:\/\/www.noidiqua.it\/Agliana\/#website\"},\"primaryImageOfPage\":{\"@id\":\"https:\/\/www.noidiqua.it\/Agliana\/fattoria-verdiani-fra-tradizione-e-innovazione\/#primaryimage\"},\"image\":{\"@id\":\"https:\/\/www.noidiqua.it\/Agliana\/fattoria-verdiani-fra-tradizione-e-innovazione\/#primaryimage\"},\"thumbnailUrl\":\"https:\/\/www.noidiqua.it\/Agliana\/wp-content\/uploads\/2013\/09\/verdiani-1.png\",\"datePublished\":\"2013-09-05T10:17:21+00:00\",\"dateModified\":\"2023-01-26T10:38:31+00:00\",\"author\":{\"@id\":\"https:\/\/www.noidiqua.it\/Agliana\/#\/schema\/person\/bb7515c2330bb1137f247276096fa7dc\"},\"breadcrumb\":{\"@id\":\"https:\/\/www.noidiqua.it\/Agliana\/fattoria-verdiani-fra-tradizione-e-innovazione\/#breadcrumb\"},\"inLanguage\":\"it-IT\",\"potentialAction\":[{\"@type\":\"ReadAction\",\"target\":[\"https:\/\/www.noidiqua.it\/Agliana\/fattoria-verdiani-fra-tradizione-e-innovazione\/\"]}]},{\"@type\":\"ImageObject\",\"inLanguage\":\"it-IT\",\"@id\":\"https:\/\/www.noidiqua.it\/Agliana\/fattoria-verdiani-fra-tradizione-e-innovazione\/#primaryimage\",\"url\":\"https:\/\/www.noidiqua.it\/Agliana\/wp-content\/uploads\/2013\/09\/verdiani-1.png\",\"contentUrl\":\"https:\/\/www.noidiqua.it\/Agliana\/wp-content\/uploads\/2013\/09\/verdiani-1.png\",\"width\":501,\"height\":334},{\"@type\":\"BreadcrumbList\",\"@id\":\"https:\/\/www.noidiqua.it\/Agliana\/fattoria-verdiani-fra-tradizione-e-innovazione\/#breadcrumb\",\"itemListElement\":[{\"@type\":\"ListItem\",\"position\":1,\"name\":\"Home\",\"item\":\"https:\/\/www.noidiqua.it\/Agliana\/\"},{\"@type\":\"ListItem\",\"position\":2,\"name\":\"Fattoria Verdiani (fra tradizione e innovazione)\"}]},{\"@type\":\"WebSite\",\"@id\":\"https:\/\/www.noidiqua.it\/Agliana\/#website\",\"url\":\"https:\/\/www.noidiqua.it\/Agliana\/\",\"name\":\"Noi di Qua Testata giornalistica e di attualit\u00e0 di Agliana, Montale e Quarrata.\",\"description\":\"Testata Giornalistica Quarrata Montale Agliana\",\"potentialAction\":[{\"@type\":\"SearchAction\",\"target\":{\"@type\":\"EntryPoint\",\"urlTemplate\":\"https:\/\/www.noidiqua.it\/Agliana\/?s={search_term_string}\"},\"query-input\":{\"@type\":\"PropertyValueSpecification\",\"valueRequired\":true,\"valueName\":\"search_term_string\"}}],\"inLanguage\":\"it-IT\"},{\"@type\":\"Person\",\"@id\":\"https:\/\/www.noidiqua.it\/Agliana\/#\/schema\/person\/bb7515c2330bb1137f247276096fa7dc\",\"name\":\"Piera Salvi\",\"image\":{\"@type\":\"ImageObject\",\"inLanguage\":\"it-IT\",\"@id\":\"https:\/\/www.noidiqua.it\/Agliana\/#\/schema\/person\/image\/\",\"url\":\"https:\/\/secure.gravatar.com\/avatar\/2f9b1fb6e13f3b3e63bde435d999a73be036e320f7a0f5f32f9ac21859d999cd?s=96&d=mm&r=g\",\"contentUrl\":\"https:\/\/secure.gravatar.com\/avatar\/2f9b1fb6e13f3b3e63bde435d999a73be036e320f7a0f5f32f9ac21859d999cd?s=96&d=mm&r=g\",\"caption\":\"Piera Salvi\"},\"url\":\"https:\/\/www.noidiqua.it\/Agliana\/author\/piera-salvi\/\"}]}<\/script>\n<!-- \/ Yoast SEO plugin. -->","yoast_head_json":{"title":"Fattoria Verdiani (fra tradizione e innovazione) - Noi di Qua Testata giornalistica e di attualit\u00e0 di Agliana, Montale e Quarrata.","robots":{"index":"index","follow":"follow","max-snippet":"max-snippet:-1","max-image-preview":"max-image-preview:large","max-video-preview":"max-video-preview:-1"},"canonical":"https:\/\/www.noidiqua.it\/Agliana\/fattoria-verdiani-fra-tradizione-e-innovazione\/","og_locale":"it_IT","og_type":"article","og_title":"Fattoria Verdiani (fra tradizione e innovazione) - Noi di Qua Testata giornalistica e di attualit\u00e0 di Agliana, Montale e Quarrata.","og_description":"di David Colzi. Foto: Adriano Tesi settembre 2013 Prima del benessere economico degli anni &#8217;60, anche Agliana era una realt\u00e0 agricola, ma oggi le ultime testimonianze di quel mondo antico sono in poche frazioni, tra cui Ronco e Ponte dei Bini, dove si possono ancora vedere campi [&hellip;]","og_url":"https:\/\/www.noidiqua.it\/Agliana\/fattoria-verdiani-fra-tradizione-e-innovazione\/","og_site_name":"Noi di Qua Testata giornalistica e di attualit\u00e0 di Agliana, Montale e Quarrata.","article_publisher":"https:\/\/www.facebook.com\/noidiqua.trimestrale\/","article_published_time":"2013-09-05T10:17:21+00:00","article_modified_time":"2023-01-26T10:38:31+00:00","og_image":[{"url":"https:\/\/www.noidiqua.it\/Agliana\/wp-content\/uploads\/2013\/09\/verdiani-1.png","type":"","width":"","height":""}],"author":"Piera Salvi","twitter_misc":{"Scritto da":"Piera Salvi","Tempo di lettura stimato":"4 minuti"},"schema":{"@context":"https:\/\/schema.org","@graph":[{"@type":"WebPage","@id":"https:\/\/www.noidiqua.it\/Agliana\/fattoria-verdiani-fra-tradizione-e-innovazione\/","url":"https:\/\/www.noidiqua.it\/Agliana\/fattoria-verdiani-fra-tradizione-e-innovazione\/","name":"Fattoria Verdiani (fra tradizione e innovazione) - Noi di Qua Testata giornalistica e di attualit\u00e0 di Agliana, Montale e Quarrata.","isPartOf":{"@id":"https:\/\/www.noidiqua.it\/Agliana\/#website"},"primaryImageOfPage":{"@id":"https:\/\/www.noidiqua.it\/Agliana\/fattoria-verdiani-fra-tradizione-e-innovazione\/#primaryimage"},"image":{"@id":"https:\/\/www.noidiqua.it\/Agliana\/fattoria-verdiani-fra-tradizione-e-innovazione\/#primaryimage"},"thumbnailUrl":"https:\/\/www.noidiqua.it\/Agliana\/wp-content\/uploads\/2013\/09\/verdiani-1.png","datePublished":"2013-09-05T10:17:21+00:00","dateModified":"2023-01-26T10:38:31+00:00","author":{"@id":"https:\/\/www.noidiqua.it\/Agliana\/#\/schema\/person\/bb7515c2330bb1137f247276096fa7dc"},"breadcrumb":{"@id":"https:\/\/www.noidiqua.it\/Agliana\/fattoria-verdiani-fra-tradizione-e-innovazione\/#breadcrumb"},"inLanguage":"it-IT","potentialAction":[{"@type":"ReadAction","target":["https:\/\/www.noidiqua.it\/Agliana\/fattoria-verdiani-fra-tradizione-e-innovazione\/"]}]},{"@type":"ImageObject","inLanguage":"it-IT","@id":"https:\/\/www.noidiqua.it\/Agliana\/fattoria-verdiani-fra-tradizione-e-innovazione\/#primaryimage","url":"https:\/\/www.noidiqua.it\/Agliana\/wp-content\/uploads\/2013\/09\/verdiani-1.png","contentUrl":"https:\/\/www.noidiqua.it\/Agliana\/wp-content\/uploads\/2013\/09\/verdiani-1.png","width":501,"height":334},{"@type":"BreadcrumbList","@id":"https:\/\/www.noidiqua.it\/Agliana\/fattoria-verdiani-fra-tradizione-e-innovazione\/#breadcrumb","itemListElement":[{"@type":"ListItem","position":1,"name":"Home","item":"https:\/\/www.noidiqua.it\/Agliana\/"},{"@type":"ListItem","position":2,"name":"Fattoria Verdiani (fra tradizione e innovazione)"}]},{"@type":"WebSite","@id":"https:\/\/www.noidiqua.it\/Agliana\/#website","url":"https:\/\/www.noidiqua.it\/Agliana\/","name":"Noi di Qua Testata giornalistica e di attualit\u00e0 di Agliana, Montale e Quarrata.","description":"Testata Giornalistica Quarrata Montale Agliana","potentialAction":[{"@type":"SearchAction","target":{"@type":"EntryPoint","urlTemplate":"https:\/\/www.noidiqua.it\/Agliana\/?s={search_term_string}"},"query-input":{"@type":"PropertyValueSpecification","valueRequired":true,"valueName":"search_term_string"}}],"inLanguage":"it-IT"},{"@type":"Person","@id":"https:\/\/www.noidiqua.it\/Agliana\/#\/schema\/person\/bb7515c2330bb1137f247276096fa7dc","name":"Piera Salvi","image":{"@type":"ImageObject","inLanguage":"it-IT","@id":"https:\/\/www.noidiqua.it\/Agliana\/#\/schema\/person\/image\/","url":"https:\/\/secure.gravatar.com\/avatar\/2f9b1fb6e13f3b3e63bde435d999a73be036e320f7a0f5f32f9ac21859d999cd?s=96&d=mm&r=g","contentUrl":"https:\/\/secure.gravatar.com\/avatar\/2f9b1fb6e13f3b3e63bde435d999a73be036e320f7a0f5f32f9ac21859d999cd?s=96&d=mm&r=g","caption":"Piera Salvi"},"url":"https:\/\/www.noidiqua.it\/Agliana\/author\/piera-salvi\/"}]}},"_links":{"self":[{"href":"https:\/\/www.noidiqua.it\/Agliana\/wp-json\/wp\/v2\/posts\/2429","targetHints":{"allow":["GET"]}}],"collection":[{"href":"https:\/\/www.noidiqua.it\/Agliana\/wp-json\/wp\/v2\/posts"}],"about":[{"href":"https:\/\/www.noidiqua.it\/Agliana\/wp-json\/wp\/v2\/types\/post"}],"author":[{"embeddable":true,"href":"https:\/\/www.noidiqua.it\/Agliana\/wp-json\/wp\/v2\/users\/13"}],"replies":[{"embeddable":true,"href":"https:\/\/www.noidiqua.it\/Agliana\/wp-json\/wp\/v2\/comments?post=2429"}],"version-history":[{"count":4,"href":"https:\/\/www.noidiqua.it\/Agliana\/wp-json\/wp\/v2\/posts\/2429\/revisions"}],"predecessor-version":[{"id":8138,"href":"https:\/\/www.noidiqua.it\/Agliana\/wp-json\/wp\/v2\/posts\/2429\/revisions\/8138"}],"wp:attachment":[{"href":"https:\/\/www.noidiqua.it\/Agliana\/wp-json\/wp\/v2\/media?parent=2429"}],"wp:term":[{"taxonomy":"category","embeddable":true,"href":"https:\/\/www.noidiqua.it\/Agliana\/wp-json\/wp\/v2\/categories?post=2429"},{"taxonomy":"post_tag","embeddable":true,"href":"https:\/\/www.noidiqua.it\/Agliana\/wp-json\/wp\/v2\/tags?post=2429"}],"curies":[{"name":"wp","href":"https:\/\/api.w.org\/{rel}","templated":true}]}}