{"id":2465,"date":"2013-09-05T14:47:44","date_gmt":"2013-09-05T12:47:44","guid":{"rendered":"https:\/\/www.noidiqua.it\/Agliana\/?p=2465"},"modified":"2024-01-19T18:11:17","modified_gmt":"2024-01-19T17:11:17","slug":"marini-gas","status":"publish","type":"post","link":"https:\/\/www.noidiqua.it\/Agliana\/marini-gas\/","title":{"rendered":"Marini Gas"},"content":{"rendered":"<p><em>di Piera Salvi<br \/>\n<\/em><\/p>\n<p><em>settembre 2013<\/em><\/p>\n<p><a href=\"https:\/\/www.noidiqua.it\/Agliana\/wp-content\/uploads\/2013\/09\/marini-1.png\" rel=\"wp-prettyPhoto[2465]\"><img loading=\"lazy\" decoding=\"async\" class=\"aligncenter size-full wp-image-8152\" src=\"https:\/\/www.noidiqua.it\/Agliana\/wp-content\/uploads\/2013\/09\/marini-1.png\" alt=\"\" width=\"505\" height=\"387\" srcset=\"https:\/\/www.noidiqua.it\/Agliana\/wp-content\/uploads\/2013\/09\/marini-1.png 505w, https:\/\/www.noidiqua.it\/Agliana\/wp-content\/uploads\/2013\/09\/marini-1-300x230.png 300w\" sizes=\"auto, (max-width: 505px) 100vw, 505px\" \/><\/a><\/p>\n<p>Non \u00e8 solo la storia di un\u2019azienda, ma la storia di come sono cambiati i sistemi di riscaldamento degli ambienti e per cucinare negli ultimi 60 anni. L\u2019azienda <strong>\u201cMarini\u201d<\/strong> fu avviata da <strong>Ulisse Marini<\/strong> per il commercio ambulante di carbone e legna e successivamente pass\u00f2 al commercio al minuto di carbone, legna e bombole di gas, utilizzati prevalentemente per uso domestico: per cucinare e per il riscaldamento. Nel 1955, sono <strong>Enzo e Dino Marini<\/strong>, figli di Ulisse, a portare avanti l\u2019azienda fondata dal padre prematuramente scomparso. Nel tempo l\u2019attivit\u00e0 si amplia e negli anni Sessanta iniziano le forniture di carbone vegetale alla <strong>Montedison<\/strong>. I fratelli Marini acquistavano carbone che veniva stoccato nel piazzale dell\u2019azienda e poi caricato in sacchi su autotreni diretti a <strong>Mestre<\/strong>. I due fratelli andavano al mercato di Pistoia per incontrare i carbonai della montagna ed accordarsi sulle quantit\u00e0 e sui prezzi.<\/p>\n<p>Dal 1955 per\u00f2 le bombole di gas cominciarono a sostituire la brace che veniva utilizzata per cucinare, messa nelle antiche \u2018buchette\u2019 delle cucine dell\u2019epoca, dove sopra si posizionavano pentole e tegami per la cottura dei cibi.<em> \u00abLe donne del vicinato\u00bb<\/em> ricorda <strong>Giuliana Vangucci<\/strong>, moglie di Dino <em>\u00abvenivano qui con un secchiello per riempirlo di brace, che si vendeva a misura\u00bb<\/em>. Purtroppo anche Enzo, il figlio maggiore di Ulisse, muore prematuramente e Dino viene aiutato nell\u2019attivit\u00e0 da sua moglie Giuliana e dalla famiglia di Enzo. Alla fine degli anni Sessanta, il commercio di carbone con la Montedison si riduce gradualmente fino a cessare. Negli anni &#8217;60 &#8211; &#8217;70 c\u2019\u00e8 stata anche la fase della legna da ardere in grosse stufe chiamate \u201ccucine economiche\u201d che consentivano di cucinare, scaldare i locali e produrre acqua calda. <em>\u00abNon solo\u00bb<\/em> racconta Giuliana <em>\u00abservivano anche per asciugare i panni piccoli; venivano appesi ad una raggiera che si fissava al tubo della stufa\u00bb<\/em>.<\/p>\n<p>Negli anni Settanta la novit\u00e0 \u00e8 rappresentata dalle stufe a carbone antracite, estratto dalle miniere. Alla \u201cMarini\u201d entrano i figli di Dino, <strong>Franco, Antonella <\/strong>e<strong> Fabio,<\/strong> che si inseriscono nell\u2019azienda di famiglia. <em>\u00abIn quel decennio inizia il riscaldamento a nafta\u00bb<\/em> racconta Franco <em>\u00abcon i radiatori nelle stanze. Un combustibile sostituito in tempi brevi dal gasolio. Ma in quel periodo le abitazioni venivano scaldate anche con il kerosene, che si metteva in grosse stufe posizionate negli ingressi delle case, in modo da scaldare tutte le stanze. Le stufe a kerosene sostituiscono quelle a carbone antracite\u00bb<\/em>.<\/p>\n<p><a href=\"https:\/\/www.noidiqua.it\/Agliana\/wp-content\/uploads\/2013\/09\/marin-2.png\" rel=\"wp-prettyPhoto[2465]\"><img loading=\"lazy\" decoding=\"async\" class=\"aligncenter size-full wp-image-8153\" src=\"https:\/\/www.noidiqua.it\/Agliana\/wp-content\/uploads\/2013\/09\/marin-2.png\" alt=\"\" width=\"503\" height=\"377\" srcset=\"https:\/\/www.noidiqua.it\/Agliana\/wp-content\/uploads\/2013\/09\/marin-2.png 503w, https:\/\/www.noidiqua.it\/Agliana\/wp-content\/uploads\/2013\/09\/marin-2-300x225.png 300w\" sizes=\"auto, (max-width: 503px) 100vw, 503px\" \/><\/a><\/p>\n<p>Anni Ottanta: ad Agliana arriva il metanodotto e gradualmente si riduce la vendita di gasolio. I primi anni Duemila sono quelli che registrano il periodo pi\u00f9 critico per il settore, perch\u00e9 quasi tutte le abitazioni sono ormai allacciate alla rete del metano e devono ancora arrivare le nuove fonti energetiche, finch\u00e9 si torna alla legna ma sotto forma di pellet, oggi molto utilizzato. \u00abInfatti\u00bb spiega Fabio, che oggi guida la \u201cMarini gas\u201d \u00abora il nostro lavoro \u00e8 concentrato prevalentemente sulla vendita di bombole di gas e pellet, che \u00e8 ancora una novit\u00e0 che attrae. Vendiamo anche il carbone, ma oggi \u00e8 usato solo per cucinare alla griglia\u00bb.<\/p>\n<p>Il gas rappresenta il 70% delle vendite, perch\u00e9 \u00e8 utilizzato tutto l\u2019anno per uso domestico e per saldature, prevalentemente in edilizia e idraulica. Per il 20% la \u201cMarini Gas\u201d vende pellet, mentre il carbone rappresenta il 10%. Per curiosit\u00e0 ecco i costi di ieri e di oggi. Nel 1973 per scaldare tutto l\u2019inverno una casa a gasolio si spendeva in media 70.000 lire, con la legna circa 90.000 lire, con il kerosene sulle 50.000 lire. Oggi per scaldare una appartamento di 80 metri quadri a pellet si spendono in un inverno circa 600 euro. \u00abNel 1973\u00bb precisa Fabio Marini \u00abcon quelle cifre si scaldavano case pi\u00f9 grandi\u00bb.<\/p>\n<p><em>Foto in alto: Dino Marini con i figli Franco, Antonella e Fabio.<\/em><br \/>\n<em> Foto in basso: operai alla lavorazione del carbone nella seconda met\u00e0 degli anni &#8217;60.<\/em><\/p>\n<p>&nbsp;<\/p>","protected":false},"excerpt":{"rendered":"<p>di Piera Salvi settembre 2013 Non \u00e8 solo la storia di un\u2019azienda, ma la storia di come sono cambiati i sistemi di riscaldamento degli ambienti e per cucinare negli ultimi 60 anni. L\u2019azienda \u201cMarini\u201d fu avviata da Ulisse Marini per il commercio ambulante di carbone e legna [&hellip;]<\/p>","protected":false},"author":13,"featured_media":0,"comment_status":"open","ping_status":"open","sticky":false,"template":"","format":"standard","meta":{"footnotes":""},"categories":[2,7,1029],"tags":[37,38,74,79,84,96,97,108,129],"class_list":["post-2465","post","type-post","status-publish","format-standard","hentry","category-ag","category-notizie-dal-passato","category-una-bella-impresa","tag-ag-ag","tag-aglianese","tag-figure-storiche-2","tag-gente-di-qua","tag-laglianese","tag-noidiqua","tag-noidiqua-laglianese","tag-piera-salvi","tag-territorio-agliana"],"yoast_head":"<!-- This site is optimized with the Yoast SEO plugin v25.5 - https:\/\/yoast.com\/wordpress\/plugins\/seo\/ -->\n<title>Marini Gas - Noi di Qua Testata giornalistica e di attualit\u00e0 di Agliana, Montale e Quarrata.<\/title>\n<meta name=\"robots\" content=\"index, follow, max-snippet:-1, max-image-preview:large, max-video-preview:-1\" \/>\n<link rel=\"canonical\" href=\"https:\/\/www.noidiqua.it\/Agliana\/marini-gas\/\" \/>\n<meta property=\"og:locale\" content=\"it_IT\" \/>\n<meta property=\"og:type\" content=\"article\" \/>\n<meta property=\"og:title\" content=\"Marini Gas - Noi di Qua Testata giornalistica e di attualit\u00e0 di Agliana, Montale e Quarrata.\" \/>\n<meta property=\"og:description\" content=\"di Piera Salvi settembre 2013 Non \u00e8 solo la storia di un\u2019azienda, ma la storia di come sono cambiati i sistemi di riscaldamento degli ambienti e per cucinare negli ultimi 60 anni. L\u2019azienda \u201cMarini\u201d fu avviata da Ulisse Marini per il commercio ambulante di carbone e legna [&hellip;]\" \/>\n<meta property=\"og:url\" content=\"https:\/\/www.noidiqua.it\/Agliana\/marini-gas\/\" \/>\n<meta property=\"og:site_name\" content=\"Noi di Qua Testata giornalistica e di attualit\u00e0 di Agliana, Montale e Quarrata.\" \/>\n<meta property=\"article:publisher\" content=\"https:\/\/www.facebook.com\/noidiqua.trimestrale\/\" \/>\n<meta property=\"article:published_time\" content=\"2013-09-05T12:47:44+00:00\" \/>\n<meta property=\"article:modified_time\" content=\"2024-01-19T17:11:17+00:00\" \/>\n<meta property=\"og:image\" content=\"https:\/\/www.noidiqua.it\/Agliana\/wp-content\/uploads\/2013\/09\/marini-1.png\" \/>\n<meta name=\"author\" content=\"Piera Salvi\" \/>\n<meta name=\"twitter:label1\" content=\"Scritto da\" \/>\n\t<meta name=\"twitter:data1\" content=\"Piera Salvi\" \/>\n\t<meta name=\"twitter:label2\" content=\"Tempo di lettura stimato\" \/>\n\t<meta name=\"twitter:data2\" content=\"4 minuti\" \/>\n<script type=\"application\/ld+json\" class=\"yoast-schema-graph\">{\"@context\":\"https:\/\/schema.org\",\"@graph\":[{\"@type\":\"WebPage\",\"@id\":\"https:\/\/www.noidiqua.it\/Agliana\/marini-gas\/\",\"url\":\"https:\/\/www.noidiqua.it\/Agliana\/marini-gas\/\",\"name\":\"Marini Gas - Noi di Qua Testata giornalistica e di attualit\u00e0 di Agliana, Montale e Quarrata.\",\"isPartOf\":{\"@id\":\"https:\/\/www.noidiqua.it\/Agliana\/#website\"},\"primaryImageOfPage\":{\"@id\":\"https:\/\/www.noidiqua.it\/Agliana\/marini-gas\/#primaryimage\"},\"image\":{\"@id\":\"https:\/\/www.noidiqua.it\/Agliana\/marini-gas\/#primaryimage\"},\"thumbnailUrl\":\"https:\/\/www.noidiqua.it\/Agliana\/wp-content\/uploads\/2013\/09\/marini-1.png\",\"datePublished\":\"2013-09-05T12:47:44+00:00\",\"dateModified\":\"2024-01-19T17:11:17+00:00\",\"author\":{\"@id\":\"https:\/\/www.noidiqua.it\/Agliana\/#\/schema\/person\/bb7515c2330bb1137f247276096fa7dc\"},\"breadcrumb\":{\"@id\":\"https:\/\/www.noidiqua.it\/Agliana\/marini-gas\/#breadcrumb\"},\"inLanguage\":\"it-IT\",\"potentialAction\":[{\"@type\":\"ReadAction\",\"target\":[\"https:\/\/www.noidiqua.it\/Agliana\/marini-gas\/\"]}]},{\"@type\":\"ImageObject\",\"inLanguage\":\"it-IT\",\"@id\":\"https:\/\/www.noidiqua.it\/Agliana\/marini-gas\/#primaryimage\",\"url\":\"https:\/\/www.noidiqua.it\/Agliana\/wp-content\/uploads\/2013\/09\/marini-1.png\",\"contentUrl\":\"https:\/\/www.noidiqua.it\/Agliana\/wp-content\/uploads\/2013\/09\/marini-1.png\",\"width\":505,\"height\":387},{\"@type\":\"BreadcrumbList\",\"@id\":\"https:\/\/www.noidiqua.it\/Agliana\/marini-gas\/#breadcrumb\",\"itemListElement\":[{\"@type\":\"ListItem\",\"position\":1,\"name\":\"Home\",\"item\":\"https:\/\/www.noidiqua.it\/Agliana\/\"},{\"@type\":\"ListItem\",\"position\":2,\"name\":\"Marini Gas\"}]},{\"@type\":\"WebSite\",\"@id\":\"https:\/\/www.noidiqua.it\/Agliana\/#website\",\"url\":\"https:\/\/www.noidiqua.it\/Agliana\/\",\"name\":\"Noi di Qua Testata giornalistica e di attualit\u00e0 di Agliana, Montale e Quarrata.\",\"description\":\"Testata Giornalistica Quarrata Montale Agliana\",\"potentialAction\":[{\"@type\":\"SearchAction\",\"target\":{\"@type\":\"EntryPoint\",\"urlTemplate\":\"https:\/\/www.noidiqua.it\/Agliana\/?s={search_term_string}\"},\"query-input\":{\"@type\":\"PropertyValueSpecification\",\"valueRequired\":true,\"valueName\":\"search_term_string\"}}],\"inLanguage\":\"it-IT\"},{\"@type\":\"Person\",\"@id\":\"https:\/\/www.noidiqua.it\/Agliana\/#\/schema\/person\/bb7515c2330bb1137f247276096fa7dc\",\"name\":\"Piera Salvi\",\"image\":{\"@type\":\"ImageObject\",\"inLanguage\":\"it-IT\",\"@id\":\"https:\/\/www.noidiqua.it\/Agliana\/#\/schema\/person\/image\/\",\"url\":\"https:\/\/secure.gravatar.com\/avatar\/2f9b1fb6e13f3b3e63bde435d999a73be036e320f7a0f5f32f9ac21859d999cd?s=96&d=mm&r=g\",\"contentUrl\":\"https:\/\/secure.gravatar.com\/avatar\/2f9b1fb6e13f3b3e63bde435d999a73be036e320f7a0f5f32f9ac21859d999cd?s=96&d=mm&r=g\",\"caption\":\"Piera Salvi\"},\"url\":\"https:\/\/www.noidiqua.it\/Agliana\/author\/piera-salvi\/\"}]}<\/script>\n<!-- \/ Yoast SEO plugin. -->","yoast_head_json":{"title":"Marini Gas - Noi di Qua Testata giornalistica e di attualit\u00e0 di Agliana, Montale e Quarrata.","robots":{"index":"index","follow":"follow","max-snippet":"max-snippet:-1","max-image-preview":"max-image-preview:large","max-video-preview":"max-video-preview:-1"},"canonical":"https:\/\/www.noidiqua.it\/Agliana\/marini-gas\/","og_locale":"it_IT","og_type":"article","og_title":"Marini Gas - Noi di Qua Testata giornalistica e di attualit\u00e0 di Agliana, Montale e Quarrata.","og_description":"di Piera Salvi settembre 2013 Non \u00e8 solo la storia di un\u2019azienda, ma la storia di come sono cambiati i sistemi di riscaldamento degli ambienti e per cucinare negli ultimi 60 anni. L\u2019azienda \u201cMarini\u201d fu avviata da Ulisse Marini per il commercio ambulante di carbone e legna [&hellip;]","og_url":"https:\/\/www.noidiqua.it\/Agliana\/marini-gas\/","og_site_name":"Noi di Qua Testata giornalistica e di attualit\u00e0 di Agliana, Montale e Quarrata.","article_publisher":"https:\/\/www.facebook.com\/noidiqua.trimestrale\/","article_published_time":"2013-09-05T12:47:44+00:00","article_modified_time":"2024-01-19T17:11:17+00:00","og_image":[{"url":"https:\/\/www.noidiqua.it\/Agliana\/wp-content\/uploads\/2013\/09\/marini-1.png","type":"","width":"","height":""}],"author":"Piera Salvi","twitter_misc":{"Scritto da":"Piera Salvi","Tempo di lettura stimato":"4 minuti"},"schema":{"@context":"https:\/\/schema.org","@graph":[{"@type":"WebPage","@id":"https:\/\/www.noidiqua.it\/Agliana\/marini-gas\/","url":"https:\/\/www.noidiqua.it\/Agliana\/marini-gas\/","name":"Marini Gas - Noi di Qua Testata giornalistica e di attualit\u00e0 di Agliana, Montale e Quarrata.","isPartOf":{"@id":"https:\/\/www.noidiqua.it\/Agliana\/#website"},"primaryImageOfPage":{"@id":"https:\/\/www.noidiqua.it\/Agliana\/marini-gas\/#primaryimage"},"image":{"@id":"https:\/\/www.noidiqua.it\/Agliana\/marini-gas\/#primaryimage"},"thumbnailUrl":"https:\/\/www.noidiqua.it\/Agliana\/wp-content\/uploads\/2013\/09\/marini-1.png","datePublished":"2013-09-05T12:47:44+00:00","dateModified":"2024-01-19T17:11:17+00:00","author":{"@id":"https:\/\/www.noidiqua.it\/Agliana\/#\/schema\/person\/bb7515c2330bb1137f247276096fa7dc"},"breadcrumb":{"@id":"https:\/\/www.noidiqua.it\/Agliana\/marini-gas\/#breadcrumb"},"inLanguage":"it-IT","potentialAction":[{"@type":"ReadAction","target":["https:\/\/www.noidiqua.it\/Agliana\/marini-gas\/"]}]},{"@type":"ImageObject","inLanguage":"it-IT","@id":"https:\/\/www.noidiqua.it\/Agliana\/marini-gas\/#primaryimage","url":"https:\/\/www.noidiqua.it\/Agliana\/wp-content\/uploads\/2013\/09\/marini-1.png","contentUrl":"https:\/\/www.noidiqua.it\/Agliana\/wp-content\/uploads\/2013\/09\/marini-1.png","width":505,"height":387},{"@type":"BreadcrumbList","@id":"https:\/\/www.noidiqua.it\/Agliana\/marini-gas\/#breadcrumb","itemListElement":[{"@type":"ListItem","position":1,"name":"Home","item":"https:\/\/www.noidiqua.it\/Agliana\/"},{"@type":"ListItem","position":2,"name":"Marini Gas"}]},{"@type":"WebSite","@id":"https:\/\/www.noidiqua.it\/Agliana\/#website","url":"https:\/\/www.noidiqua.it\/Agliana\/","name":"Noi di Qua Testata giornalistica e di attualit\u00e0 di Agliana, Montale e Quarrata.","description":"Testata Giornalistica Quarrata Montale Agliana","potentialAction":[{"@type":"SearchAction","target":{"@type":"EntryPoint","urlTemplate":"https:\/\/www.noidiqua.it\/Agliana\/?s={search_term_string}"},"query-input":{"@type":"PropertyValueSpecification","valueRequired":true,"valueName":"search_term_string"}}],"inLanguage":"it-IT"},{"@type":"Person","@id":"https:\/\/www.noidiqua.it\/Agliana\/#\/schema\/person\/bb7515c2330bb1137f247276096fa7dc","name":"Piera Salvi","image":{"@type":"ImageObject","inLanguage":"it-IT","@id":"https:\/\/www.noidiqua.it\/Agliana\/#\/schema\/person\/image\/","url":"https:\/\/secure.gravatar.com\/avatar\/2f9b1fb6e13f3b3e63bde435d999a73be036e320f7a0f5f32f9ac21859d999cd?s=96&d=mm&r=g","contentUrl":"https:\/\/secure.gravatar.com\/avatar\/2f9b1fb6e13f3b3e63bde435d999a73be036e320f7a0f5f32f9ac21859d999cd?s=96&d=mm&r=g","caption":"Piera Salvi"},"url":"https:\/\/www.noidiqua.it\/Agliana\/author\/piera-salvi\/"}]}},"_links":{"self":[{"href":"https:\/\/www.noidiqua.it\/Agliana\/wp-json\/wp\/v2\/posts\/2465","targetHints":{"allow":["GET"]}}],"collection":[{"href":"https:\/\/www.noidiqua.it\/Agliana\/wp-json\/wp\/v2\/posts"}],"about":[{"href":"https:\/\/www.noidiqua.it\/Agliana\/wp-json\/wp\/v2\/types\/post"}],"author":[{"embeddable":true,"href":"https:\/\/www.noidiqua.it\/Agliana\/wp-json\/wp\/v2\/users\/13"}],"replies":[{"embeddable":true,"href":"https:\/\/www.noidiqua.it\/Agliana\/wp-json\/wp\/v2\/comments?post=2465"}],"version-history":[{"count":3,"href":"https:\/\/www.noidiqua.it\/Agliana\/wp-json\/wp\/v2\/posts\/2465\/revisions"}],"predecessor-version":[{"id":8154,"href":"https:\/\/www.noidiqua.it\/Agliana\/wp-json\/wp\/v2\/posts\/2465\/revisions\/8154"}],"wp:attachment":[{"href":"https:\/\/www.noidiqua.it\/Agliana\/wp-json\/wp\/v2\/media?parent=2465"}],"wp:term":[{"taxonomy":"category","embeddable":true,"href":"https:\/\/www.noidiqua.it\/Agliana\/wp-json\/wp\/v2\/categories?post=2465"},{"taxonomy":"post_tag","embeddable":true,"href":"https:\/\/www.noidiqua.it\/Agliana\/wp-json\/wp\/v2\/tags?post=2465"}],"curies":[{"name":"wp","href":"https:\/\/api.w.org\/{rel}","templated":true}]}}