{"id":2713,"date":"2014-03-13T09:14:33","date_gmt":"2014-03-13T09:14:33","guid":{"rendered":"https:\/\/www.noidiqua.it\/Agliana\/?p=2713"},"modified":"2023-01-18T09:34:38","modified_gmt":"2023-01-18T08:34:38","slug":"daniele-poli-musicista-e-insegnante","status":"publish","type":"post","link":"https:\/\/www.noidiqua.it\/Agliana\/daniele-poli-musicista-e-insegnante\/","title":{"rendered":"Daniele Poli &#8211; musicista e insegnante"},"content":{"rendered":"<p><em>di Marco Bagnoli. Foto: Adriano Tesi<br \/>\n<\/em><\/p>\n<p><em>marzo 2014<\/em><\/p>\n<p><a href=\"https:\/\/www.noidiqua.it\/Agliana\/wp-content\/uploads\/2014\/03\/poli-2.png\" rel=\"wp-prettyPhoto[2713]\"><img loading=\"lazy\" decoding=\"async\" class=\"aligncenter wp-image-8037\" src=\"https:\/\/www.noidiqua.it\/Agliana\/wp-content\/uploads\/2014\/03\/poli-2.png\" alt=\"\" width=\"425\" height=\"386\" srcset=\"https:\/\/www.noidiqua.it\/Agliana\/wp-content\/uploads\/2014\/03\/poli-2.png 494w, https:\/\/www.noidiqua.it\/Agliana\/wp-content\/uploads\/2014\/03\/poli-2-300x273.png 300w\" sizes=\"auto, (max-width: 425px) 100vw, 425px\" \/><\/a><\/p>\n<p><strong>Daniele Poli<\/strong> \u00e8 un aglianese d\u2019adozione, uno che nel nostro paese non ci \u00e8 nato, ma che per quelli che lo conoscono \u00e8 diventato pressoch\u00e9 insostituibile. Daniele, nato a <strong>Prato<\/strong> nel 1965, entra nella nostra storia locale nel 1987, poco prima del diploma di chitarra, quando il Comune \u00e8 in cerca di un sostituto dell\u2019uscente maestro <strong>Martinez<\/strong>; la sede per i corsi cambia di continuo negli anni, senza riuscire a scoraggiare le centinaia di allievi, che ad oggi ammontano a poco pi\u00f9 di una quindicina, ripartiti tra <strong>Daniele<\/strong> e <strong>Marcello Becattini<\/strong>, l\u2019altro insegnante di chitarra \u2013 poich\u00e9 nel frattempo Daniele ha conseguito l\u2019abilitazione di insegnante di strumento alle scuole medie a indirizzo musicale, a Prato, dove ha una cattedra completa. Tuttavia la pagina aglianese non \u00e8 che una piccola parte della sua biografia musicale e umana. Quello di Daniele \u00e8 un po\u2019 il tipo di percorso consustanziale alla natura del musicista, sempre pi\u00f9 avvinto nel doppio ruolo di studioso &#8211; ricercatore e fattivo esecutore di fronte alla gente; tuttavia \u201cl\u2019aria di famiglia\u201d non \u00e8 un prerequisito strettamente necessario \u2013 e infatti in casa Poli soltanto il fratello Sergio cantava qualcosa accompagnandosi con la chitarra.\u00a0Daniele inizia il suo percorso a sei corde frequentando il CAM di Prato, il mitico <strong>Club Amici della Musica<\/strong>; passa quindi a preparare gli esami del conservatorio da privatista alla scuola comunale <strong>Mabellini di Pistoia<\/strong>, coi Maestri <strong>Borghese<\/strong> prima, e <strong>Mazzoni<\/strong> poi, col quale si diploma nel 1991 al <strong>Conservatorio Cherubini di Firenze<\/strong>. Segue alcuni corsi col maestro <strong>Brouwer<\/strong>, ideatore e direttore della <strong>Guitar Symphonietta<\/strong>, un ensemble di 26 chitarre di varie taglie e percussioni, tra trascrizioni di <strong>Vivaldi<\/strong> e <strong>Piazzolla<\/strong> e brani appositamente composti dal maestro cubano.<\/p>\n<p>Oltre all\u2019insegnamento l\u2019altra sua grande occupazione \u00e8 la musica suonata \u2013 e quindi innanzitutto la preparazione del repertorio: i sentieri battuti da Daniele compongono un itinerario votato tanto alla differenziazione quanto all\u2019approfondimento del pi\u00f9 autentico ruolo musicale e antropologico della chitarra. Le esibizioni a cavallo del 1987-1991 si assestano sulla formazione del grande ensemble della Guitar Symphonietta, o della minima coppia chitarra &amp; flauto, oltre che da solista puro; nel 1992 inizia la grande stagione della <strong>Tuscae Gentes<\/strong>, un gruppo formato da musicisti provenienti dalle pi\u00f9 svariate esperienze musicali, accomunati dall\u2019interesse per la musica antica, medioevale e rinascimentale, eseguita su strumenti originali spesso costruiti da loro stessi, e per la musica popolare <strong>toscana<\/strong>.<\/p>\n<p><a href=\"https:\/\/www.noidiqua.it\/Agliana\/wp-content\/uploads\/2014\/03\/poli-3.png\" rel=\"wp-prettyPhoto[2713]\"><img loading=\"lazy\" decoding=\"async\" class=\"aligncenter size-full wp-image-8038\" src=\"https:\/\/www.noidiqua.it\/Agliana\/wp-content\/uploads\/2014\/03\/poli-3.png\" alt=\"\" width=\"286\" height=\"394\" srcset=\"https:\/\/www.noidiqua.it\/Agliana\/wp-content\/uploads\/2014\/03\/poli-3.png 286w, https:\/\/www.noidiqua.it\/Agliana\/wp-content\/uploads\/2014\/03\/poli-3-218x300.png 218w\" sizes=\"auto, (max-width: 286px) 100vw, 286px\" \/><\/a><\/p>\n<p>L\u2019ensemble si esibisce in festival e rassegne, in <strong>Italia<\/strong> e all\u2019estero, all\u2019insegna di un unanime entusiasmo di pubblico e critica, scandendo il tempo della ricerca e della condivisione in una serie di bellissime incisioni, tra le quali <strong>\u201cQuando il merlo canta \u2013 canti e suoni delle migrazioni stagionali in Toscana tra Appennino, Corsica e Maremma\u201d<\/strong> e <strong>\u201cStorie di donne nei canti della tradizione popolare toscana\u201d<\/strong>. L\u2019estremo antico si tiene per mano con l\u2019antico moderno quando Daniele incontra il novantenne Faliero Catani, scrigno vivente dei canti e dei suoni della Val di Bisenzio, poeta vero, libro di racconti. Per sette-otto anni Daniele si \u00e8 anche occupato del laboratorio musicale nel carcere della Dogaia a Prato, un\u2019esperienza bella della sua vita, come i suoi contatti con la musica yiddish, le ricerche sul mondo sonoro degli Etruschi e la sua attivit\u00e0 di one-man-band per grandi e piccini. \u00c8 sposato con Franca, restauratrice e pap\u00e0 di due bimbi provenienti dall\u2019India, Adesh e Noorjahar, di otto e nove anni, anche loro variamente toccati dalla musica. Ma c\u2019\u00e8 ancora molto da scoprire su Daniele \u2013 ce lo faremo raccontare nei suoi prossimi trent\u2019anni di aglianese adottivo!<\/p>\n<p>&nbsp;<\/p>\n<p style=\"text-align: justify;\"><a href=\"http:\/\/www.tuscaegentes.it\">www.tuscaegentes.it<\/a><\/p>","protected":false},"excerpt":{"rendered":"<p>di Marco Bagnoli. Foto: Adriano Tesi marzo 2014 Daniele Poli \u00e8 un aglianese d\u2019adozione, uno che nel nostro paese non ci \u00e8 nato, ma che per quelli che lo conoscono \u00e8 diventato pressoch\u00e9 insostituibile. Daniele, nato a Prato nel 1965, entra nella nostra storia locale nel 1987, [&hellip;]<\/p>","protected":false},"author":3,"featured_media":0,"comment_status":"open","ping_status":"open","sticky":false,"template":"","format":"standard","meta":{"footnotes":""},"categories":[2,3,145],"tags":[37,38,42,79,84,96,97,107,124,126],"class_list":["post-2713","post","type-post","status-publish","format-standard","hentry","category-ag","category-arte-artigianato-qt","category-che-spettacolo-ag","tag-ag-ag","tag-aglianese","tag-arti-e-mestieri","tag-gente-di-qua","tag-laglianese","tag-noidiqua","tag-noidiqua-laglianese","tag-personaggi","tag-spettacolo","tag-storia"],"yoast_head":"<!-- This site is optimized with the Yoast SEO plugin v25.5 - https:\/\/yoast.com\/wordpress\/plugins\/seo\/ -->\n<title>Daniele Poli - musicista e insegnante - Noi di Qua Testata giornalistica e di attualit\u00e0 di Agliana, Montale e Quarrata.<\/title>\n<meta name=\"robots\" content=\"index, follow, max-snippet:-1, max-image-preview:large, max-video-preview:-1\" \/>\n<link rel=\"canonical\" href=\"https:\/\/www.noidiqua.it\/Agliana\/daniele-poli-musicista-e-insegnante\/\" \/>\n<meta property=\"og:locale\" content=\"it_IT\" \/>\n<meta property=\"og:type\" content=\"article\" \/>\n<meta property=\"og:title\" content=\"Daniele Poli - musicista e insegnante - Noi di Qua Testata giornalistica e di attualit\u00e0 di Agliana, Montale e Quarrata.\" \/>\n<meta property=\"og:description\" content=\"di Marco Bagnoli. Foto: Adriano Tesi marzo 2014 Daniele Poli \u00e8 un aglianese d\u2019adozione, uno che nel nostro paese non ci \u00e8 nato, ma che per quelli che lo conoscono \u00e8 diventato pressoch\u00e9 insostituibile. Daniele, nato a Prato nel 1965, entra nella nostra storia locale nel 1987, [&hellip;]\" \/>\n<meta property=\"og:url\" content=\"https:\/\/www.noidiqua.it\/Agliana\/daniele-poli-musicista-e-insegnante\/\" \/>\n<meta property=\"og:site_name\" content=\"Noi di Qua Testata giornalistica e di attualit\u00e0 di Agliana, Montale e Quarrata.\" \/>\n<meta property=\"article:publisher\" content=\"https:\/\/www.facebook.com\/noidiqua.trimestrale\/\" \/>\n<meta property=\"article:published_time\" content=\"2014-03-13T09:14:33+00:00\" \/>\n<meta property=\"article:modified_time\" content=\"2023-01-18T08:34:38+00:00\" \/>\n<meta property=\"og:image\" content=\"https:\/\/www.noidiqua.it\/Agliana\/wp-content\/uploads\/2014\/03\/poli-2.png\" \/>\n<meta name=\"author\" content=\"Marco Bagnoli\" \/>\n<meta name=\"twitter:label1\" content=\"Scritto da\" \/>\n\t<meta name=\"twitter:data1\" content=\"Marco Bagnoli\" \/>\n\t<meta name=\"twitter:label2\" content=\"Tempo di lettura stimato\" \/>\n\t<meta name=\"twitter:data2\" content=\"3 minuti\" \/>\n<script type=\"application\/ld+json\" class=\"yoast-schema-graph\">{\"@context\":\"https:\/\/schema.org\",\"@graph\":[{\"@type\":\"WebPage\",\"@id\":\"https:\/\/www.noidiqua.it\/Agliana\/daniele-poli-musicista-e-insegnante\/\",\"url\":\"https:\/\/www.noidiqua.it\/Agliana\/daniele-poli-musicista-e-insegnante\/\",\"name\":\"Daniele Poli - musicista e insegnante - Noi di Qua Testata giornalistica e di attualit\u00e0 di Agliana, Montale e Quarrata.\",\"isPartOf\":{\"@id\":\"https:\/\/www.noidiqua.it\/Agliana\/#website\"},\"primaryImageOfPage\":{\"@id\":\"https:\/\/www.noidiqua.it\/Agliana\/daniele-poli-musicista-e-insegnante\/#primaryimage\"},\"image\":{\"@id\":\"https:\/\/www.noidiqua.it\/Agliana\/daniele-poli-musicista-e-insegnante\/#primaryimage\"},\"thumbnailUrl\":\"https:\/\/www.noidiqua.it\/Agliana\/wp-content\/uploads\/2014\/03\/poli-2.png\",\"datePublished\":\"2014-03-13T09:14:33+00:00\",\"dateModified\":\"2023-01-18T08:34:38+00:00\",\"author\":{\"@id\":\"https:\/\/www.noidiqua.it\/Agliana\/#\/schema\/person\/4e183cb0c6d7951e716a876aa702e1a2\"},\"breadcrumb\":{\"@id\":\"https:\/\/www.noidiqua.it\/Agliana\/daniele-poli-musicista-e-insegnante\/#breadcrumb\"},\"inLanguage\":\"it-IT\",\"potentialAction\":[{\"@type\":\"ReadAction\",\"target\":[\"https:\/\/www.noidiqua.it\/Agliana\/daniele-poli-musicista-e-insegnante\/\"]}]},{\"@type\":\"ImageObject\",\"inLanguage\":\"it-IT\",\"@id\":\"https:\/\/www.noidiqua.it\/Agliana\/daniele-poli-musicista-e-insegnante\/#primaryimage\",\"url\":\"https:\/\/www.noidiqua.it\/Agliana\/wp-content\/uploads\/2014\/03\/poli-2.png\",\"contentUrl\":\"https:\/\/www.noidiqua.it\/Agliana\/wp-content\/uploads\/2014\/03\/poli-2.png\",\"width\":494,\"height\":449},{\"@type\":\"BreadcrumbList\",\"@id\":\"https:\/\/www.noidiqua.it\/Agliana\/daniele-poli-musicista-e-insegnante\/#breadcrumb\",\"itemListElement\":[{\"@type\":\"ListItem\",\"position\":1,\"name\":\"Home\",\"item\":\"https:\/\/www.noidiqua.it\/Agliana\/\"},{\"@type\":\"ListItem\",\"position\":2,\"name\":\"Daniele Poli &#8211; musicista e insegnante\"}]},{\"@type\":\"WebSite\",\"@id\":\"https:\/\/www.noidiqua.it\/Agliana\/#website\",\"url\":\"https:\/\/www.noidiqua.it\/Agliana\/\",\"name\":\"Noi di Qua Testata giornalistica e di attualit\u00e0 di Agliana, Montale e Quarrata.\",\"description\":\"Testata Giornalistica Quarrata Montale Agliana\",\"potentialAction\":[{\"@type\":\"SearchAction\",\"target\":{\"@type\":\"EntryPoint\",\"urlTemplate\":\"https:\/\/www.noidiqua.it\/Agliana\/?s={search_term_string}\"},\"query-input\":{\"@type\":\"PropertyValueSpecification\",\"valueRequired\":true,\"valueName\":\"search_term_string\"}}],\"inLanguage\":\"it-IT\"},{\"@type\":\"Person\",\"@id\":\"https:\/\/www.noidiqua.it\/Agliana\/#\/schema\/person\/4e183cb0c6d7951e716a876aa702e1a2\",\"name\":\"Marco Bagnoli\",\"image\":{\"@type\":\"ImageObject\",\"inLanguage\":\"it-IT\",\"@id\":\"https:\/\/www.noidiqua.it\/Agliana\/#\/schema\/person\/image\/\",\"url\":\"https:\/\/secure.gravatar.com\/avatar\/73ace53724c50db9c48af54756f17b7cdb015a9d8d2c08c7e04e480539a94eee?s=96&d=mm&r=g\",\"contentUrl\":\"https:\/\/secure.gravatar.com\/avatar\/73ace53724c50db9c48af54756f17b7cdb015a9d8d2c08c7e04e480539a94eee?s=96&d=mm&r=g\",\"caption\":\"Marco Bagnoli\"},\"url\":\"https:\/\/www.noidiqua.it\/Agliana\/author\/marco-bagnoli\/\"}]}<\/script>\n<!-- \/ Yoast SEO plugin. -->","yoast_head_json":{"title":"Daniele Poli - musicista e insegnante - Noi di Qua Testata giornalistica e di attualit\u00e0 di Agliana, Montale e Quarrata.","robots":{"index":"index","follow":"follow","max-snippet":"max-snippet:-1","max-image-preview":"max-image-preview:large","max-video-preview":"max-video-preview:-1"},"canonical":"https:\/\/www.noidiqua.it\/Agliana\/daniele-poli-musicista-e-insegnante\/","og_locale":"it_IT","og_type":"article","og_title":"Daniele Poli - musicista e insegnante - Noi di Qua Testata giornalistica e di attualit\u00e0 di Agliana, Montale e Quarrata.","og_description":"di Marco Bagnoli. Foto: Adriano Tesi marzo 2014 Daniele Poli \u00e8 un aglianese d\u2019adozione, uno che nel nostro paese non ci \u00e8 nato, ma che per quelli che lo conoscono \u00e8 diventato pressoch\u00e9 insostituibile. Daniele, nato a Prato nel 1965, entra nella nostra storia locale nel 1987, [&hellip;]","og_url":"https:\/\/www.noidiqua.it\/Agliana\/daniele-poli-musicista-e-insegnante\/","og_site_name":"Noi di Qua Testata giornalistica e di attualit\u00e0 di Agliana, Montale e Quarrata.","article_publisher":"https:\/\/www.facebook.com\/noidiqua.trimestrale\/","article_published_time":"2014-03-13T09:14:33+00:00","article_modified_time":"2023-01-18T08:34:38+00:00","og_image":[{"url":"https:\/\/www.noidiqua.it\/Agliana\/wp-content\/uploads\/2014\/03\/poli-2.png","type":"","width":"","height":""}],"author":"Marco Bagnoli","twitter_misc":{"Scritto da":"Marco Bagnoli","Tempo di lettura stimato":"3 minuti"},"schema":{"@context":"https:\/\/schema.org","@graph":[{"@type":"WebPage","@id":"https:\/\/www.noidiqua.it\/Agliana\/daniele-poli-musicista-e-insegnante\/","url":"https:\/\/www.noidiqua.it\/Agliana\/daniele-poli-musicista-e-insegnante\/","name":"Daniele Poli - musicista e insegnante - Noi di Qua Testata giornalistica e di attualit\u00e0 di Agliana, Montale e Quarrata.","isPartOf":{"@id":"https:\/\/www.noidiqua.it\/Agliana\/#website"},"primaryImageOfPage":{"@id":"https:\/\/www.noidiqua.it\/Agliana\/daniele-poli-musicista-e-insegnante\/#primaryimage"},"image":{"@id":"https:\/\/www.noidiqua.it\/Agliana\/daniele-poli-musicista-e-insegnante\/#primaryimage"},"thumbnailUrl":"https:\/\/www.noidiqua.it\/Agliana\/wp-content\/uploads\/2014\/03\/poli-2.png","datePublished":"2014-03-13T09:14:33+00:00","dateModified":"2023-01-18T08:34:38+00:00","author":{"@id":"https:\/\/www.noidiqua.it\/Agliana\/#\/schema\/person\/4e183cb0c6d7951e716a876aa702e1a2"},"breadcrumb":{"@id":"https:\/\/www.noidiqua.it\/Agliana\/daniele-poli-musicista-e-insegnante\/#breadcrumb"},"inLanguage":"it-IT","potentialAction":[{"@type":"ReadAction","target":["https:\/\/www.noidiqua.it\/Agliana\/daniele-poli-musicista-e-insegnante\/"]}]},{"@type":"ImageObject","inLanguage":"it-IT","@id":"https:\/\/www.noidiqua.it\/Agliana\/daniele-poli-musicista-e-insegnante\/#primaryimage","url":"https:\/\/www.noidiqua.it\/Agliana\/wp-content\/uploads\/2014\/03\/poli-2.png","contentUrl":"https:\/\/www.noidiqua.it\/Agliana\/wp-content\/uploads\/2014\/03\/poli-2.png","width":494,"height":449},{"@type":"BreadcrumbList","@id":"https:\/\/www.noidiqua.it\/Agliana\/daniele-poli-musicista-e-insegnante\/#breadcrumb","itemListElement":[{"@type":"ListItem","position":1,"name":"Home","item":"https:\/\/www.noidiqua.it\/Agliana\/"},{"@type":"ListItem","position":2,"name":"Daniele Poli &#8211; musicista e insegnante"}]},{"@type":"WebSite","@id":"https:\/\/www.noidiqua.it\/Agliana\/#website","url":"https:\/\/www.noidiqua.it\/Agliana\/","name":"Noi di Qua Testata giornalistica e di attualit\u00e0 di Agliana, Montale e Quarrata.","description":"Testata Giornalistica Quarrata Montale Agliana","potentialAction":[{"@type":"SearchAction","target":{"@type":"EntryPoint","urlTemplate":"https:\/\/www.noidiqua.it\/Agliana\/?s={search_term_string}"},"query-input":{"@type":"PropertyValueSpecification","valueRequired":true,"valueName":"search_term_string"}}],"inLanguage":"it-IT"},{"@type":"Person","@id":"https:\/\/www.noidiqua.it\/Agliana\/#\/schema\/person\/4e183cb0c6d7951e716a876aa702e1a2","name":"Marco Bagnoli","image":{"@type":"ImageObject","inLanguage":"it-IT","@id":"https:\/\/www.noidiqua.it\/Agliana\/#\/schema\/person\/image\/","url":"https:\/\/secure.gravatar.com\/avatar\/73ace53724c50db9c48af54756f17b7cdb015a9d8d2c08c7e04e480539a94eee?s=96&d=mm&r=g","contentUrl":"https:\/\/secure.gravatar.com\/avatar\/73ace53724c50db9c48af54756f17b7cdb015a9d8d2c08c7e04e480539a94eee?s=96&d=mm&r=g","caption":"Marco Bagnoli"},"url":"https:\/\/www.noidiqua.it\/Agliana\/author\/marco-bagnoli\/"}]}},"_links":{"self":[{"href":"https:\/\/www.noidiqua.it\/Agliana\/wp-json\/wp\/v2\/posts\/2713","targetHints":{"allow":["GET"]}}],"collection":[{"href":"https:\/\/www.noidiqua.it\/Agliana\/wp-json\/wp\/v2\/posts"}],"about":[{"href":"https:\/\/www.noidiqua.it\/Agliana\/wp-json\/wp\/v2\/types\/post"}],"author":[{"embeddable":true,"href":"https:\/\/www.noidiqua.it\/Agliana\/wp-json\/wp\/v2\/users\/3"}],"replies":[{"embeddable":true,"href":"https:\/\/www.noidiqua.it\/Agliana\/wp-json\/wp\/v2\/comments?post=2713"}],"version-history":[{"count":4,"href":"https:\/\/www.noidiqua.it\/Agliana\/wp-json\/wp\/v2\/posts\/2713\/revisions"}],"predecessor-version":[{"id":8039,"href":"https:\/\/www.noidiqua.it\/Agliana\/wp-json\/wp\/v2\/posts\/2713\/revisions\/8039"}],"wp:attachment":[{"href":"https:\/\/www.noidiqua.it\/Agliana\/wp-json\/wp\/v2\/media?parent=2713"}],"wp:term":[{"taxonomy":"category","embeddable":true,"href":"https:\/\/www.noidiqua.it\/Agliana\/wp-json\/wp\/v2\/categories?post=2713"},{"taxonomy":"post_tag","embeddable":true,"href":"https:\/\/www.noidiqua.it\/Agliana\/wp-json\/wp\/v2\/tags?post=2713"}],"curies":[{"name":"wp","href":"https:\/\/api.w.org\/{rel}","templated":true}]}}