{"id":2736,"date":"2014-03-13T10:28:04","date_gmt":"2014-03-13T10:28:04","guid":{"rendered":"https:\/\/www.noidiqua.it\/Agliana\/?p=2736"},"modified":"2023-01-18T09:41:53","modified_gmt":"2023-01-18T08:41:53","slug":"i-brevi-di-noidiqua-10","status":"publish","type":"post","link":"https:\/\/www.noidiqua.it\/Agliana\/i-brevi-di-noidiqua-10\/","title":{"rendered":"I brevi di Noidiqua"},"content":{"rendered":"<p><em>di Piera Salvi<br \/>\n<\/em><\/p>\n<p><em>marzo 2014<\/em><\/p>\n<p><a href=\"https:\/\/www.noidiqua.it\/Agliana\/wp-content\/uploads\/2021\/04\/brevi.png\" rel=\"wp-prettyPhoto[2736]\"><img loading=\"lazy\" decoding=\"async\" class=\"aligncenter size-full wp-image-5751\" src=\"https:\/\/www.noidiqua.it\/Agliana\/wp-content\/uploads\/2021\/04\/brevi.png\" alt=\"\" width=\"473\" height=\"291\" srcset=\"https:\/\/www.noidiqua.it\/Agliana\/wp-content\/uploads\/2021\/04\/brevi.png 473w, https:\/\/www.noidiqua.it\/Agliana\/wp-content\/uploads\/2021\/04\/brevi-300x185.png 300w\" sizes=\"auto, (max-width: 473px) 100vw, 473px\" \/><\/a><\/p>\n<p>&nbsp;<\/p>\n<p style=\"text-align: justify;\"><strong>Il sindaco Eleanna Ciampolini ha annunciato che per il prossimo triennio l\u2019incarico di organizzare il \u201cGiugno aglianese\u201d passer\u00e0 a Luca Nesti<\/strong>, presidente dell\u2019associazione <strong>\u201cArtigiano\u201d<\/strong>, eclettico artista aglianese (gi\u00e0 direttore artistico del <strong>Giugno aglianese<\/strong> da met\u00e0 anni \u201890 ai primi anni 2000), cantautore ma con lunga esperienza nell\u2019organizzazione d\u2019importanti eventi (<strong>Premio Ciampi<\/strong>, <strong>Giffoni film festival<\/strong>, <strong>Neapolis festival<\/strong> e altri). Nella nostra provincia ha organizzato il \u201c<strong>Moon-tale festival\u201d<\/strong> ed ha collaborato al <strong>\u201cPistoia blues\u201d<\/strong>. <em>\u00abIl budget dell\u2019amministrazione comunale per il 2014\u00bb<\/em> ha informato il sindaco <em>\u00ab\u00e8 di 10.000 euro, come negli anni precedenti, quando l\u2019incarico di coordinare le iniziative \u00e8 stato svolto dal presidente dell\u2019Agor\u00e0, Marco Grillini, che continuer\u00e0 a collaborare con Nesti\u00bb<\/em>.<em> \u00abIl mio obiettivo di coinvolgere nel \u201cGiugno\u201d il volontariato locale\u00bb<\/em> riferisce Grillini <em>\u00abha trovato tanta disponibilit\u00e0 ad andare in palcoscenico ma poca collaborazione per l\u2019aspetto logistico operativo\u00bb<\/em>. <em>\u00abCon questo budget serve molta creativit\u00e0\u00bb<\/em> afferma Nesti, <em>\u00abper riportare fra gli aglianesi il senso di appartenenza, far emergere i talenti locali, riattivare la collaborazione con il Pistoia Blues, abbattere i costi del palco e alzare il livello artistico\u00bb<\/em>.<\/p>\n<p>&nbsp;<\/p>\n<p style=\"text-align: justify;\"><strong>Da qualche settimana \u00e8 attiva la videosorveglianza in Piazza Magnani nel centro di Agliana; un&#8217;area che collega piazza Gramsci alla via Buozzi, passando davanti al teatro Moderno<\/strong>. <em>\u00abUn provvedimento che si \u00e8 reso necessario in seguito agli atti di vandalismo che hanno danneggiato l\u2019opera \u201cRichiami\u201d di Gianni Ruffi, collocata nella piazza, con scritte indecorose e arrampicamenti sulla scultura\u00bb<\/em> spiega l\u2019assessore ai lavori pubblici <strong>Alberto Ciamp<\/strong>i, <em>\u00abma anche per altri comportamenti non rispettosi del decoro di un luogo pubblico. La videosorveglianza \u00e8 stata attivata per una maggiore sicurezza di quest\u2019area pubblica e per un maggiore rispetto del luogo\u00bb.<\/em> L\u2019apertura di piazza Anna Magnani, fruibile solo dai pedoni, ha offerto ai cittadini un nuovo collegamento del centro con le strade attigue a piazza Gramsci ed un ulteriore spazio aperto per la socializzazione, fra l\u2019altro davanti al teatro. Per\u00f2, come \u00e8 gi\u00e0 avvenuto per altri spazi pubblici, alcuni comportamenti incivili (segnalati all\u2019amministrazione comunale anche dai cittadini) hanno imposto l\u2019occhio vigile delle telecamere in un\u2019altra area.<\/p>\n<p>&nbsp;<\/p>\n<p style=\"text-align: justify;\"><strong>Grande festa luned\u00ec 3 febbraio alla Rsa \u201cLe lame\u201d di Agliana per i cento anni di Ida Diddi<\/strong>. A festeggiare la centenaria, ospite della struttura, c\u2019erano la figlia Grazia e il fratello di Ida, Vasco che ha 92 anni, tutti i parenti e i conoscenti, il personale della Rsa, nonch\u00e9 il sindaco di Agliana, Eleanna Ciampolini. Ida Diddi ha vissuto\u00a0a \u00a0Canapale e dal 2005 \u00e8 residente a \u201cLe\u00a0lame\u201d, dove per il suo primo secolo di vita \u00e8 stata festeggiata da tutti gli ospiti e dal personale che ha\u00a0improvvisato per lei un coro, con tanto di direttore,\u00a0che ha cantato\u00a0vecchie canzoni. La sorpresa \u00e8 stata molto gradita dalla signora Ida, tanto che lei stessa ha voluto \u201cdirigere\u201d il coro.<\/p>\n<p>&nbsp;<\/p>\n<p style=\"text-align: justify;\"><strong>\u201cItalia-Camerun: essere o avere?\u201d Dal 15 al 24 gennaio un gruppo di studenti dell\u2019istituto Capitini di Agliana (tra i 17 e 18 anni) si \u00e8 recato a Fontem, un villaggio del distretto di Lebialem nel sud-ovest del Camerun, abitato dal popolo Bangwa, esattamente al centro della foresta equatoriale<\/strong>. Non si \u00e8 trattato del consueto scambio culturale linguistico; a Fontem i giovani si sono confrontati con una modalit\u00e0 di esistenza diversa, trovandosi nella condizione di mettere in discussione il moderno assioma \u201cio sono ci\u00f2 che ho\u201d. E\u2019 il quinto anno che gli studenti dell\u2019istituto tecnico settore economico aglianese hanno avuto l\u2019opportunit\u00e0 di vivere questa esperienza, iniziata nel 2010. Questo viaggio, come i precedenti, \u00e8 stato preparato meticolosamente e preceduto dal corso \u201cNoi con gli altri &#8211; solidariet\u00e0 e cooperazione come valori fondanti per le nuove generazioni\u201d. Il progetto si snoda durante tutto l\u2019anno scolastico e viene realizzato in collaborazione con educatori dell\u2019Unicoop altamente qualificati e capaci di entrare in sintonia con i ragazzi. L\u2019obiettivo \u00e8 rendere i giovani consapevoli, responsabili e solidali.<\/p>\n<p>&nbsp;<\/p>\n<p style=\"text-align: justify;\"><strong>Piazza Gramsci gremita venerd\u00ec 14 febbraio,dalle 18.30 alle 19, per la prima edizione aglianese del flash mob \u201c1Billion rising for justice\u201d (seconda edizione a livello mondiale) che ha portato pi\u00f9 di un miliardo di persone in tutto il mondo a manifestare contro la violenza sulle donne<\/strong>, chiedendo giustizia per tutte le donne sopravvissute alla violenza di genere e sui metodi per porre fine alla dilagante impunit\u00e0 che prevale a livello globale. Una risposta forte quella della comunit\u00e0 aglianese, con diverse centinaia di\u00a0 persone di ogni et\u00e0 che hanno ballato sulle note di <strong>\u201cBreak the chain\u201d<\/strong> (Spezza la catena). Tante le adolescenti presenti in piazza. Non era necessario saper ballare, ma le scuole di danza, nei giorni precedenti, hanno dato lezioni gratuite per esibirsi nella coreografia in piazza. Hanno organizzato lezioni gratuite le scuole di danza\u00a0 <strong>Danzarmonia<\/strong>, <strong>Danzarte<\/strong>, <strong>Il Ciclone latino<\/strong>,<strong> Salsallegra<\/strong>, <strong>Zumba<\/strong>, <strong>Tersicor dance<\/strong>, e le palestre <strong>Zen-enjoy ed Egyzia fitness<\/strong>. Il sindaco, Eleanna Ciampolini, prima di unirsi alla coreografia ha letto la lettera di una donna maltrattata.<\/p>","protected":false},"excerpt":{"rendered":"<p>di Piera Salvi marzo 2014 &nbsp; Il sindaco Eleanna Ciampolini ha annunciato che per il prossimo triennio l\u2019incarico di organizzare il \u201cGiugno aglianese\u201d passer\u00e0 a Luca Nesti, presidente dell\u2019associazione \u201cArtigiano\u201d, eclettico artista aglianese (gi\u00e0 direttore artistico del Giugno aglianese da met\u00e0 anni \u201890 ai primi anni 2000), [&hellip;]<\/p>","protected":false},"author":13,"featured_media":0,"comment_status":"open","ping_status":"open","sticky":false,"template":"","format":"standard","meta":{"footnotes":""},"categories":[2,14],"tags":[37,38,42,79,84,96,97,108,124,129],"class_list":["post-2736","post","type-post","status-publish","format-standard","hentry","category-ag","category-brevi-ndq-qt","tag-ag-ag","tag-aglianese","tag-arti-e-mestieri","tag-gente-di-qua","tag-laglianese","tag-noidiqua","tag-noidiqua-laglianese","tag-piera-salvi","tag-spettacolo","tag-territorio-agliana"],"yoast_head":"<!-- This site is optimized with the Yoast SEO plugin v25.5 - https:\/\/yoast.com\/wordpress\/plugins\/seo\/ -->\n<title>I brevi di Noidiqua - Noi di Qua Testata giornalistica e di attualit\u00e0 di Agliana, Montale e Quarrata.<\/title>\n<meta name=\"robots\" content=\"index, follow, max-snippet:-1, max-image-preview:large, max-video-preview:-1\" \/>\n<link rel=\"canonical\" href=\"https:\/\/www.noidiqua.it\/Agliana\/i-brevi-di-noidiqua-10\/\" \/>\n<meta property=\"og:locale\" content=\"it_IT\" \/>\n<meta property=\"og:type\" content=\"article\" \/>\n<meta property=\"og:title\" content=\"I brevi di Noidiqua - Noi di Qua Testata giornalistica e di attualit\u00e0 di Agliana, Montale e Quarrata.\" \/>\n<meta property=\"og:description\" content=\"di Piera Salvi marzo 2014 &nbsp; Il sindaco Eleanna Ciampolini ha annunciato che per il prossimo triennio l\u2019incarico di organizzare il \u201cGiugno aglianese\u201d passer\u00e0 a Luca Nesti, presidente dell\u2019associazione \u201cArtigiano\u201d, eclettico artista aglianese (gi\u00e0 direttore artistico del Giugno aglianese da met\u00e0 anni \u201890 ai primi anni 2000), [&hellip;]\" \/>\n<meta property=\"og:url\" content=\"https:\/\/www.noidiqua.it\/Agliana\/i-brevi-di-noidiqua-10\/\" \/>\n<meta property=\"og:site_name\" content=\"Noi di Qua Testata giornalistica e di attualit\u00e0 di Agliana, Montale e Quarrata.\" \/>\n<meta property=\"article:publisher\" content=\"https:\/\/www.facebook.com\/noidiqua.trimestrale\/\" \/>\n<meta property=\"article:published_time\" content=\"2014-03-13T10:28:04+00:00\" \/>\n<meta property=\"article:modified_time\" content=\"2023-01-18T08:41:53+00:00\" \/>\n<meta property=\"og:image\" content=\"https:\/\/www.noidiqua.it\/Agliana\/wp-content\/uploads\/2021\/04\/brevi.png\" \/>\n<meta name=\"author\" content=\"Piera Salvi\" \/>\n<meta name=\"twitter:label1\" content=\"Scritto da\" \/>\n\t<meta name=\"twitter:data1\" content=\"Piera Salvi\" \/>\n\t<meta name=\"twitter:label2\" content=\"Tempo di lettura stimato\" \/>\n\t<meta name=\"twitter:data2\" content=\"4 minuti\" \/>\n<script type=\"application\/ld+json\" class=\"yoast-schema-graph\">{\"@context\":\"https:\/\/schema.org\",\"@graph\":[{\"@type\":\"WebPage\",\"@id\":\"https:\/\/www.noidiqua.it\/Agliana\/i-brevi-di-noidiqua-10\/\",\"url\":\"https:\/\/www.noidiqua.it\/Agliana\/i-brevi-di-noidiqua-10\/\",\"name\":\"I brevi di Noidiqua - Noi di Qua Testata giornalistica e di attualit\u00e0 di Agliana, Montale e Quarrata.\",\"isPartOf\":{\"@id\":\"https:\/\/www.noidiqua.it\/Agliana\/#website\"},\"primaryImageOfPage\":{\"@id\":\"https:\/\/www.noidiqua.it\/Agliana\/i-brevi-di-noidiqua-10\/#primaryimage\"},\"image\":{\"@id\":\"https:\/\/www.noidiqua.it\/Agliana\/i-brevi-di-noidiqua-10\/#primaryimage\"},\"thumbnailUrl\":\"https:\/\/www.noidiqua.it\/Agliana\/wp-content\/uploads\/2021\/04\/brevi.png\",\"datePublished\":\"2014-03-13T10:28:04+00:00\",\"dateModified\":\"2023-01-18T08:41:53+00:00\",\"author\":{\"@id\":\"https:\/\/www.noidiqua.it\/Agliana\/#\/schema\/person\/bb7515c2330bb1137f247276096fa7dc\"},\"breadcrumb\":{\"@id\":\"https:\/\/www.noidiqua.it\/Agliana\/i-brevi-di-noidiqua-10\/#breadcrumb\"},\"inLanguage\":\"it-IT\",\"potentialAction\":[{\"@type\":\"ReadAction\",\"target\":[\"https:\/\/www.noidiqua.it\/Agliana\/i-brevi-di-noidiqua-10\/\"]}]},{\"@type\":\"ImageObject\",\"inLanguage\":\"it-IT\",\"@id\":\"https:\/\/www.noidiqua.it\/Agliana\/i-brevi-di-noidiqua-10\/#primaryimage\",\"url\":\"https:\/\/www.noidiqua.it\/Agliana\/wp-content\/uploads\/2021\/04\/brevi.png\",\"contentUrl\":\"https:\/\/www.noidiqua.it\/Agliana\/wp-content\/uploads\/2021\/04\/brevi.png\",\"width\":473,\"height\":291},{\"@type\":\"BreadcrumbList\",\"@id\":\"https:\/\/www.noidiqua.it\/Agliana\/i-brevi-di-noidiqua-10\/#breadcrumb\",\"itemListElement\":[{\"@type\":\"ListItem\",\"position\":1,\"name\":\"Home\",\"item\":\"https:\/\/www.noidiqua.it\/Agliana\/\"},{\"@type\":\"ListItem\",\"position\":2,\"name\":\"I brevi di Noidiqua\"}]},{\"@type\":\"WebSite\",\"@id\":\"https:\/\/www.noidiqua.it\/Agliana\/#website\",\"url\":\"https:\/\/www.noidiqua.it\/Agliana\/\",\"name\":\"Noi di Qua Testata giornalistica e di attualit\u00e0 di Agliana, Montale e Quarrata.\",\"description\":\"Testata Giornalistica Quarrata Montale Agliana\",\"potentialAction\":[{\"@type\":\"SearchAction\",\"target\":{\"@type\":\"EntryPoint\",\"urlTemplate\":\"https:\/\/www.noidiqua.it\/Agliana\/?s={search_term_string}\"},\"query-input\":{\"@type\":\"PropertyValueSpecification\",\"valueRequired\":true,\"valueName\":\"search_term_string\"}}],\"inLanguage\":\"it-IT\"},{\"@type\":\"Person\",\"@id\":\"https:\/\/www.noidiqua.it\/Agliana\/#\/schema\/person\/bb7515c2330bb1137f247276096fa7dc\",\"name\":\"Piera Salvi\",\"image\":{\"@type\":\"ImageObject\",\"inLanguage\":\"it-IT\",\"@id\":\"https:\/\/www.noidiqua.it\/Agliana\/#\/schema\/person\/image\/\",\"url\":\"https:\/\/secure.gravatar.com\/avatar\/2f9b1fb6e13f3b3e63bde435d999a73be036e320f7a0f5f32f9ac21859d999cd?s=96&d=mm&r=g\",\"contentUrl\":\"https:\/\/secure.gravatar.com\/avatar\/2f9b1fb6e13f3b3e63bde435d999a73be036e320f7a0f5f32f9ac21859d999cd?s=96&d=mm&r=g\",\"caption\":\"Piera Salvi\"},\"url\":\"https:\/\/www.noidiqua.it\/Agliana\/author\/piera-salvi\/\"}]}<\/script>\n<!-- \/ Yoast SEO plugin. -->","yoast_head_json":{"title":"I brevi di Noidiqua - Noi di Qua Testata giornalistica e di attualit\u00e0 di Agliana, Montale e Quarrata.","robots":{"index":"index","follow":"follow","max-snippet":"max-snippet:-1","max-image-preview":"max-image-preview:large","max-video-preview":"max-video-preview:-1"},"canonical":"https:\/\/www.noidiqua.it\/Agliana\/i-brevi-di-noidiqua-10\/","og_locale":"it_IT","og_type":"article","og_title":"I brevi di Noidiqua - Noi di Qua Testata giornalistica e di attualit\u00e0 di Agliana, Montale e Quarrata.","og_description":"di Piera Salvi marzo 2014 &nbsp; Il sindaco Eleanna Ciampolini ha annunciato che per il prossimo triennio l\u2019incarico di organizzare il \u201cGiugno aglianese\u201d passer\u00e0 a Luca Nesti, presidente dell\u2019associazione \u201cArtigiano\u201d, eclettico artista aglianese (gi\u00e0 direttore artistico del Giugno aglianese da met\u00e0 anni \u201890 ai primi anni 2000), [&hellip;]","og_url":"https:\/\/www.noidiqua.it\/Agliana\/i-brevi-di-noidiqua-10\/","og_site_name":"Noi di Qua Testata giornalistica e di attualit\u00e0 di Agliana, Montale e Quarrata.","article_publisher":"https:\/\/www.facebook.com\/noidiqua.trimestrale\/","article_published_time":"2014-03-13T10:28:04+00:00","article_modified_time":"2023-01-18T08:41:53+00:00","og_image":[{"url":"https:\/\/www.noidiqua.it\/Agliana\/wp-content\/uploads\/2021\/04\/brevi.png","type":"","width":"","height":""}],"author":"Piera Salvi","twitter_misc":{"Scritto da":"Piera Salvi","Tempo di lettura stimato":"4 minuti"},"schema":{"@context":"https:\/\/schema.org","@graph":[{"@type":"WebPage","@id":"https:\/\/www.noidiqua.it\/Agliana\/i-brevi-di-noidiqua-10\/","url":"https:\/\/www.noidiqua.it\/Agliana\/i-brevi-di-noidiqua-10\/","name":"I brevi di Noidiqua - Noi di Qua Testata giornalistica e di attualit\u00e0 di Agliana, Montale e Quarrata.","isPartOf":{"@id":"https:\/\/www.noidiqua.it\/Agliana\/#website"},"primaryImageOfPage":{"@id":"https:\/\/www.noidiqua.it\/Agliana\/i-brevi-di-noidiqua-10\/#primaryimage"},"image":{"@id":"https:\/\/www.noidiqua.it\/Agliana\/i-brevi-di-noidiqua-10\/#primaryimage"},"thumbnailUrl":"https:\/\/www.noidiqua.it\/Agliana\/wp-content\/uploads\/2021\/04\/brevi.png","datePublished":"2014-03-13T10:28:04+00:00","dateModified":"2023-01-18T08:41:53+00:00","author":{"@id":"https:\/\/www.noidiqua.it\/Agliana\/#\/schema\/person\/bb7515c2330bb1137f247276096fa7dc"},"breadcrumb":{"@id":"https:\/\/www.noidiqua.it\/Agliana\/i-brevi-di-noidiqua-10\/#breadcrumb"},"inLanguage":"it-IT","potentialAction":[{"@type":"ReadAction","target":["https:\/\/www.noidiqua.it\/Agliana\/i-brevi-di-noidiqua-10\/"]}]},{"@type":"ImageObject","inLanguage":"it-IT","@id":"https:\/\/www.noidiqua.it\/Agliana\/i-brevi-di-noidiqua-10\/#primaryimage","url":"https:\/\/www.noidiqua.it\/Agliana\/wp-content\/uploads\/2021\/04\/brevi.png","contentUrl":"https:\/\/www.noidiqua.it\/Agliana\/wp-content\/uploads\/2021\/04\/brevi.png","width":473,"height":291},{"@type":"BreadcrumbList","@id":"https:\/\/www.noidiqua.it\/Agliana\/i-brevi-di-noidiqua-10\/#breadcrumb","itemListElement":[{"@type":"ListItem","position":1,"name":"Home","item":"https:\/\/www.noidiqua.it\/Agliana\/"},{"@type":"ListItem","position":2,"name":"I brevi di Noidiqua"}]},{"@type":"WebSite","@id":"https:\/\/www.noidiqua.it\/Agliana\/#website","url":"https:\/\/www.noidiqua.it\/Agliana\/","name":"Noi di Qua Testata giornalistica e di attualit\u00e0 di Agliana, Montale e Quarrata.","description":"Testata Giornalistica Quarrata Montale Agliana","potentialAction":[{"@type":"SearchAction","target":{"@type":"EntryPoint","urlTemplate":"https:\/\/www.noidiqua.it\/Agliana\/?s={search_term_string}"},"query-input":{"@type":"PropertyValueSpecification","valueRequired":true,"valueName":"search_term_string"}}],"inLanguage":"it-IT"},{"@type":"Person","@id":"https:\/\/www.noidiqua.it\/Agliana\/#\/schema\/person\/bb7515c2330bb1137f247276096fa7dc","name":"Piera Salvi","image":{"@type":"ImageObject","inLanguage":"it-IT","@id":"https:\/\/www.noidiqua.it\/Agliana\/#\/schema\/person\/image\/","url":"https:\/\/secure.gravatar.com\/avatar\/2f9b1fb6e13f3b3e63bde435d999a73be036e320f7a0f5f32f9ac21859d999cd?s=96&d=mm&r=g","contentUrl":"https:\/\/secure.gravatar.com\/avatar\/2f9b1fb6e13f3b3e63bde435d999a73be036e320f7a0f5f32f9ac21859d999cd?s=96&d=mm&r=g","caption":"Piera Salvi"},"url":"https:\/\/www.noidiqua.it\/Agliana\/author\/piera-salvi\/"}]}},"_links":{"self":[{"href":"https:\/\/www.noidiqua.it\/Agliana\/wp-json\/wp\/v2\/posts\/2736","targetHints":{"allow":["GET"]}}],"collection":[{"href":"https:\/\/www.noidiqua.it\/Agliana\/wp-json\/wp\/v2\/posts"}],"about":[{"href":"https:\/\/www.noidiqua.it\/Agliana\/wp-json\/wp\/v2\/types\/post"}],"author":[{"embeddable":true,"href":"https:\/\/www.noidiqua.it\/Agliana\/wp-json\/wp\/v2\/users\/13"}],"replies":[{"embeddable":true,"href":"https:\/\/www.noidiqua.it\/Agliana\/wp-json\/wp\/v2\/comments?post=2736"}],"version-history":[{"count":3,"href":"https:\/\/www.noidiqua.it\/Agliana\/wp-json\/wp\/v2\/posts\/2736\/revisions"}],"predecessor-version":[{"id":8047,"href":"https:\/\/www.noidiqua.it\/Agliana\/wp-json\/wp\/v2\/posts\/2736\/revisions\/8047"}],"wp:attachment":[{"href":"https:\/\/www.noidiqua.it\/Agliana\/wp-json\/wp\/v2\/media?parent=2736"}],"wp:term":[{"taxonomy":"category","embeddable":true,"href":"https:\/\/www.noidiqua.it\/Agliana\/wp-json\/wp\/v2\/categories?post=2736"},{"taxonomy":"post_tag","embeddable":true,"href":"https:\/\/www.noidiqua.it\/Agliana\/wp-json\/wp\/v2\/tags?post=2736"}],"curies":[{"name":"wp","href":"https:\/\/api.w.org\/{rel}","templated":true}]}}