{"id":2740,"date":"2014-03-13T10:49:21","date_gmt":"2014-03-13T10:49:21","guid":{"rendered":"https:\/\/www.noidiqua.it\/Agliana\/?p=2740"},"modified":"2024-01-19T11:21:32","modified_gmt":"2024-01-19T10:21:32","slug":"storia-dellautostrada-firenze-mare","status":"publish","type":"post","link":"https:\/\/www.noidiqua.it\/Agliana\/storia-dellautostrada-firenze-mare\/","title":{"rendered":"Storia dell&#8217;Autostrada Firenze &#8211; Mare"},"content":{"rendered":"<p><em>di Piera Salvi. Archivio foto: Adriano Tesi<br \/>\n<\/em><\/p>\n<p><em>marzo 2014<\/em><\/p>\n<p><a href=\"https:\/\/www.noidiqua.it\/Agliana\/wp-content\/uploads\/2014\/03\/4-Sestilio-Bessi-Iolanda-Lenzi-Gina-Allori-Mario-Berto-Allori-Mario-Bessi-Gina.png\" rel=\"wp-prettyPhoto[2740]\"><img loading=\"lazy\" decoding=\"async\" class=\"aligncenter size-full wp-image-8048\" src=\"https:\/\/www.noidiqua.it\/Agliana\/wp-content\/uploads\/2014\/03\/4-Sestilio-Bessi-Iolanda-Lenzi-Gina-Allori-Mario-Berto-Allori-Mario-Bessi-Gina.png\" alt=\"\" width=\"506\" height=\"319\" srcset=\"https:\/\/www.noidiqua.it\/Agliana\/wp-content\/uploads\/2014\/03\/4-Sestilio-Bessi-Iolanda-Lenzi-Gina-Allori-Mario-Berto-Allori-Mario-Bessi-Gina.png 506w, https:\/\/www.noidiqua.it\/Agliana\/wp-content\/uploads\/2014\/03\/4-Sestilio-Bessi-Iolanda-Lenzi-Gina-Allori-Mario-Berto-Allori-Mario-Bessi-Gina-300x189.png 300w\" sizes=\"auto, (max-width: 506px) 100vw, 506px\" \/><\/a><\/p>\n<p>Quando <strong>Agliana<\/strong> non aveva n\u00e9 cavalcavia n\u00e9 sottopassi&#8230; Dobbiamo risalire a prima degli anni Trenta per trovare nel territorio aglianese solo ponticelli sopra i torrenti. I cavalcavia e i sottopassi sono stati costruiti negli anni Trenta, quando il territorio fu tagliato in due dall\u2019autostrada Firenze-Mare, un collegamento sicuramente importantissimo per lo sviluppo dell\u2019economia locale, come dimostra la richiesta di costruire lo svincolo<strong> Prato-Ovest<\/strong> avanzata nel 1962 dal consiglio comunale di Agliana con\u00a0una mozione votata unitamente dalle province e C<strong>amere di Commercio di Firenze e Pistoia<\/strong> ed dai comuni di<strong> Prato<\/strong>, <strong>Montemurlo<\/strong>, <strong>Montale<\/strong> e <strong>Quarrata<\/strong>. Svincolo realizzato per\u00f2 negli anni Ottanta.<\/p>\n<p>Il primo tratto della Firenze &#8211; Mare, da Firenze a Montecatini, fu inaugurato il 6 agosto 1932. Questo importante asse viario (era la sesta autostrada costruita in Italia), tagliando il territorio in due parti quasi uguali, cre\u00f2 problemi nelle comunicazioni stradali, perch\u00e9 in alcune vie furono realizzati cavalcavia e sottopassi, ma altre restarono chiuse, come <strong>via Travetta<\/strong> (poi denominata <strong>via XX Settembre<\/strong>) o <strong>via del Pero<\/strong> (oggi <strong>via Puccini<\/strong>). Notevoli anche i problemi per il deflusso delle acque basse. Il reticolo dei fossi minori, molti dei quali perpendicolari al tracciato dell\u2019autostrada, raccordati in pochi punti di passaggio, con le piogge andavano al collasso e la situazione divenne peggiore. Molti terreni che non erano mai stati soggetti ad allagamenti o ristagni d\u2019acqua si trovarono impaludati. L\u2019interruzione di alcune strade o la loro impraticabilit\u00e0 con i sottopassi allagati (come nella frazione di <strong>S. Michele<\/strong> in prossimit\u00e0 delle <strong>vie del Cantone<\/strong> (oggi <strong>via Chiusa<\/strong>) e<strong> Cafaggiolo<\/strong> (oggi <strong>via Ferrucci<\/strong>) portava le persone, che all\u2019epoca si spostavano a piedi o in bicicletta, ad attraversare l\u2019autostrada per recarsi da una parte all\u2019altra del paese.<\/p>\n<p><a href=\"https:\/\/www.noidiqua.it\/Agliana\/wp-content\/uploads\/2014\/03\/5-Inaugurazione-autostrada-con-il-gonfalone-Bessi-Sestilio-e-Maresciallo-Ferraioli-2.png\" rel=\"wp-prettyPhoto[2740]\"><img loading=\"lazy\" decoding=\"async\" class=\"aligncenter size-full wp-image-8050\" src=\"https:\/\/www.noidiqua.it\/Agliana\/wp-content\/uploads\/2014\/03\/5-Inaugurazione-autostrada-con-il-gonfalone-Bessi-Sestilio-e-Maresciallo-Ferraioli-2.png\" alt=\"\" width=\"500\" height=\"364\" srcset=\"https:\/\/www.noidiqua.it\/Agliana\/wp-content\/uploads\/2014\/03\/5-Inaugurazione-autostrada-con-il-gonfalone-Bessi-Sestilio-e-Maresciallo-Ferraioli-2.png 500w, https:\/\/www.noidiqua.it\/Agliana\/wp-content\/uploads\/2014\/03\/5-Inaugurazione-autostrada-con-il-gonfalone-Bessi-Sestilio-e-Maresciallo-Ferraioli-2-300x218.png 300w\" sizes=\"auto, (max-width: 500px) 100vw, 500px\" \/><\/a><\/p>\n<p>Si verificarono anche gravi incidenti e il Comune dispose, con deliberazione podestarile del 21 agosto 1932 di realizzare un marciapiede con ringhiera al tombino di via del Cantone. Ma quando anche i marciapiedi sono coperti d\u2019acqua, la pratica di attraversare l\u2019autostrada rester\u00e0 anche negli anni Cinquanta, finch\u00e9 la Firenze &#8211; Mare non sar\u00e0 raddoppiata, realizzando la seconda corsia. Nel giugno del 1960 i lavori di raddoppio dell\u2019A11 risultano iniziati ed \u00e8 con quest\u2019opera che viene ampliato e reso transitabile con tutti i veicoli il sottopasso di via Cafaggiolo (via Ferrucci). Nel 2003, con una mozione presentata da Marco Giunti, il consiglio provinciale chiede l\u2019installazione di un guard rail centrale tra le due corsie per maggiore sicurezza, intervento che viene successivamente realizzato.<\/p>\n<p>Sull\u2019A11 ora c\u2019\u00e8 il progetto per la terza corsia e l\u2019apertura di un nuovo casello nell\u2019area tra <strong>Nespolo<\/strong>,<strong> Chiazzano<\/strong> e <strong>Badia a Pacciana<\/strong>, ritenuto importante infrastruttura a favore dell\u2019economia locale. Non si conoscono i tempi di realizzazione, il comune di Agliana ha per\u00f2 richiesto alla Regione di realizzare con quest\u2019opera casse d\u2019espansione per mitigare il rischio idraulico. Al presidente della Regione Enrico Rossi, recentemente in visita a <strong>Quarrata e Agliana<\/strong>, abbiamo chiesto rassicurazioni in merito. <em>\u00abLa situazione della zona certamente migliorer\u00e0\u00bb<\/em>, questa la risposta del governatore regionale.<\/p>\n<p>&nbsp;<\/p>\n<p style=\"text-align: right;\"><em>Un particolare ringraziamento a Marco Giunti, per il prezioso contributo nella ricostruzione storica<\/em>.<\/p>","protected":false},"excerpt":{"rendered":"<p>di Piera Salvi. Archivio foto: Adriano Tesi marzo 2014 Quando Agliana non aveva n\u00e9 cavalcavia n\u00e9 sottopassi&#8230; Dobbiamo risalire a prima degli anni Trenta per trovare nel territorio aglianese solo ponticelli sopra i torrenti. I cavalcavia e i sottopassi sono stati costruiti negli anni Trenta, quando il [&hellip;]<\/p>","protected":false},"author":13,"featured_media":0,"comment_status":"open","ping_status":"open","sticky":false,"template":"","format":"standard","meta":{"footnotes":""},"categories":[2,16],"tags":[37,38,79,84,96,97,108,111],"class_list":["post-2740","post","type-post","status-publish","format-standard","hentry","category-ag","category-storia-qt","tag-ag-ag","tag-aglianese","tag-gente-di-qua","tag-laglianese","tag-noidiqua","tag-noidiqua-laglianese","tag-piera-salvi","tag-redazionale"],"yoast_head":"<!-- This site is optimized with the Yoast SEO plugin v25.5 - https:\/\/yoast.com\/wordpress\/plugins\/seo\/ -->\n<title>Storia dell&#039;Autostrada Firenze - Mare - Noi di Qua Testata giornalistica e di attualit\u00e0 di Agliana, Montale e Quarrata.<\/title>\n<meta name=\"robots\" content=\"index, follow, max-snippet:-1, max-image-preview:large, max-video-preview:-1\" \/>\n<link rel=\"canonical\" href=\"https:\/\/www.noidiqua.it\/Agliana\/storia-dellautostrada-firenze-mare\/\" \/>\n<meta property=\"og:locale\" content=\"it_IT\" \/>\n<meta property=\"og:type\" content=\"article\" \/>\n<meta property=\"og:title\" content=\"Storia dell&#039;Autostrada Firenze - Mare - Noi di Qua Testata giornalistica e di attualit\u00e0 di Agliana, Montale e Quarrata.\" \/>\n<meta property=\"og:description\" content=\"di Piera Salvi. Archivio foto: Adriano Tesi marzo 2014 Quando Agliana non aveva n\u00e9 cavalcavia n\u00e9 sottopassi&#8230; Dobbiamo risalire a prima degli anni Trenta per trovare nel territorio aglianese solo ponticelli sopra i torrenti. I cavalcavia e i sottopassi sono stati costruiti negli anni Trenta, quando il [&hellip;]\" \/>\n<meta property=\"og:url\" content=\"https:\/\/www.noidiqua.it\/Agliana\/storia-dellautostrada-firenze-mare\/\" \/>\n<meta property=\"og:site_name\" content=\"Noi di Qua Testata giornalistica e di attualit\u00e0 di Agliana, Montale e Quarrata.\" \/>\n<meta property=\"article:publisher\" content=\"https:\/\/www.facebook.com\/noidiqua.trimestrale\/\" \/>\n<meta property=\"article:published_time\" content=\"2014-03-13T10:49:21+00:00\" \/>\n<meta property=\"article:modified_time\" content=\"2024-01-19T10:21:32+00:00\" \/>\n<meta property=\"og:image\" content=\"https:\/\/www.noidiqua.it\/Agliana\/wp-content\/uploads\/2014\/03\/4-Sestilio-Bessi-Iolanda-Lenzi-Gina-Allori-Mario-Berto-Allori-Mario-Bessi-Gina.png\" \/>\n<meta name=\"author\" content=\"Piera Salvi\" \/>\n<meta name=\"twitter:label1\" content=\"Scritto da\" \/>\n\t<meta name=\"twitter:data1\" content=\"Piera Salvi\" \/>\n\t<meta name=\"twitter:label2\" content=\"Tempo di lettura stimato\" \/>\n\t<meta name=\"twitter:data2\" content=\"3 minuti\" \/>\n<script type=\"application\/ld+json\" class=\"yoast-schema-graph\">{\"@context\":\"https:\/\/schema.org\",\"@graph\":[{\"@type\":\"WebPage\",\"@id\":\"https:\/\/www.noidiqua.it\/Agliana\/storia-dellautostrada-firenze-mare\/\",\"url\":\"https:\/\/www.noidiqua.it\/Agliana\/storia-dellautostrada-firenze-mare\/\",\"name\":\"Storia dell'Autostrada Firenze - Mare - Noi di Qua Testata giornalistica e di attualit\u00e0 di Agliana, Montale e Quarrata.\",\"isPartOf\":{\"@id\":\"https:\/\/www.noidiqua.it\/Agliana\/#website\"},\"primaryImageOfPage\":{\"@id\":\"https:\/\/www.noidiqua.it\/Agliana\/storia-dellautostrada-firenze-mare\/#primaryimage\"},\"image\":{\"@id\":\"https:\/\/www.noidiqua.it\/Agliana\/storia-dellautostrada-firenze-mare\/#primaryimage\"},\"thumbnailUrl\":\"https:\/\/www.noidiqua.it\/Agliana\/wp-content\/uploads\/2014\/03\/4-Sestilio-Bessi-Iolanda-Lenzi-Gina-Allori-Mario-Berto-Allori-Mario-Bessi-Gina.png\",\"datePublished\":\"2014-03-13T10:49:21+00:00\",\"dateModified\":\"2024-01-19T10:21:32+00:00\",\"author\":{\"@id\":\"https:\/\/www.noidiqua.it\/Agliana\/#\/schema\/person\/bb7515c2330bb1137f247276096fa7dc\"},\"breadcrumb\":{\"@id\":\"https:\/\/www.noidiqua.it\/Agliana\/storia-dellautostrada-firenze-mare\/#breadcrumb\"},\"inLanguage\":\"it-IT\",\"potentialAction\":[{\"@type\":\"ReadAction\",\"target\":[\"https:\/\/www.noidiqua.it\/Agliana\/storia-dellautostrada-firenze-mare\/\"]}]},{\"@type\":\"ImageObject\",\"inLanguage\":\"it-IT\",\"@id\":\"https:\/\/www.noidiqua.it\/Agliana\/storia-dellautostrada-firenze-mare\/#primaryimage\",\"url\":\"https:\/\/www.noidiqua.it\/Agliana\/wp-content\/uploads\/2014\/03\/4-Sestilio-Bessi-Iolanda-Lenzi-Gina-Allori-Mario-Berto-Allori-Mario-Bessi-Gina.png\",\"contentUrl\":\"https:\/\/www.noidiqua.it\/Agliana\/wp-content\/uploads\/2014\/03\/4-Sestilio-Bessi-Iolanda-Lenzi-Gina-Allori-Mario-Berto-Allori-Mario-Bessi-Gina.png\",\"width\":506,\"height\":319},{\"@type\":\"BreadcrumbList\",\"@id\":\"https:\/\/www.noidiqua.it\/Agliana\/storia-dellautostrada-firenze-mare\/#breadcrumb\",\"itemListElement\":[{\"@type\":\"ListItem\",\"position\":1,\"name\":\"Home\",\"item\":\"https:\/\/www.noidiqua.it\/Agliana\/\"},{\"@type\":\"ListItem\",\"position\":2,\"name\":\"Storia dell&#8217;Autostrada Firenze &#8211; Mare\"}]},{\"@type\":\"WebSite\",\"@id\":\"https:\/\/www.noidiqua.it\/Agliana\/#website\",\"url\":\"https:\/\/www.noidiqua.it\/Agliana\/\",\"name\":\"Noi di Qua Testata giornalistica e di attualit\u00e0 di Agliana, Montale e Quarrata.\",\"description\":\"Testata Giornalistica Quarrata Montale Agliana\",\"potentialAction\":[{\"@type\":\"SearchAction\",\"target\":{\"@type\":\"EntryPoint\",\"urlTemplate\":\"https:\/\/www.noidiqua.it\/Agliana\/?s={search_term_string}\"},\"query-input\":{\"@type\":\"PropertyValueSpecification\",\"valueRequired\":true,\"valueName\":\"search_term_string\"}}],\"inLanguage\":\"it-IT\"},{\"@type\":\"Person\",\"@id\":\"https:\/\/www.noidiqua.it\/Agliana\/#\/schema\/person\/bb7515c2330bb1137f247276096fa7dc\",\"name\":\"Piera Salvi\",\"image\":{\"@type\":\"ImageObject\",\"inLanguage\":\"it-IT\",\"@id\":\"https:\/\/www.noidiqua.it\/Agliana\/#\/schema\/person\/image\/\",\"url\":\"https:\/\/secure.gravatar.com\/avatar\/2f9b1fb6e13f3b3e63bde435d999a73be036e320f7a0f5f32f9ac21859d999cd?s=96&d=mm&r=g\",\"contentUrl\":\"https:\/\/secure.gravatar.com\/avatar\/2f9b1fb6e13f3b3e63bde435d999a73be036e320f7a0f5f32f9ac21859d999cd?s=96&d=mm&r=g\",\"caption\":\"Piera Salvi\"},\"url\":\"https:\/\/www.noidiqua.it\/Agliana\/author\/piera-salvi\/\"}]}<\/script>\n<!-- \/ Yoast SEO plugin. -->","yoast_head_json":{"title":"Storia dell'Autostrada Firenze - Mare - Noi di Qua Testata giornalistica e di attualit\u00e0 di Agliana, Montale e Quarrata.","robots":{"index":"index","follow":"follow","max-snippet":"max-snippet:-1","max-image-preview":"max-image-preview:large","max-video-preview":"max-video-preview:-1"},"canonical":"https:\/\/www.noidiqua.it\/Agliana\/storia-dellautostrada-firenze-mare\/","og_locale":"it_IT","og_type":"article","og_title":"Storia dell'Autostrada Firenze - Mare - Noi di Qua Testata giornalistica e di attualit\u00e0 di Agliana, Montale e Quarrata.","og_description":"di Piera Salvi. Archivio foto: Adriano Tesi marzo 2014 Quando Agliana non aveva n\u00e9 cavalcavia n\u00e9 sottopassi&#8230; Dobbiamo risalire a prima degli anni Trenta per trovare nel territorio aglianese solo ponticelli sopra i torrenti. I cavalcavia e i sottopassi sono stati costruiti negli anni Trenta, quando il [&hellip;]","og_url":"https:\/\/www.noidiqua.it\/Agliana\/storia-dellautostrada-firenze-mare\/","og_site_name":"Noi di Qua Testata giornalistica e di attualit\u00e0 di Agliana, Montale e Quarrata.","article_publisher":"https:\/\/www.facebook.com\/noidiqua.trimestrale\/","article_published_time":"2014-03-13T10:49:21+00:00","article_modified_time":"2024-01-19T10:21:32+00:00","og_image":[{"url":"https:\/\/www.noidiqua.it\/Agliana\/wp-content\/uploads\/2014\/03\/4-Sestilio-Bessi-Iolanda-Lenzi-Gina-Allori-Mario-Berto-Allori-Mario-Bessi-Gina.png","type":"","width":"","height":""}],"author":"Piera Salvi","twitter_misc":{"Scritto da":"Piera Salvi","Tempo di lettura stimato":"3 minuti"},"schema":{"@context":"https:\/\/schema.org","@graph":[{"@type":"WebPage","@id":"https:\/\/www.noidiqua.it\/Agliana\/storia-dellautostrada-firenze-mare\/","url":"https:\/\/www.noidiqua.it\/Agliana\/storia-dellautostrada-firenze-mare\/","name":"Storia dell'Autostrada Firenze - Mare - Noi di Qua Testata giornalistica e di attualit\u00e0 di Agliana, Montale e Quarrata.","isPartOf":{"@id":"https:\/\/www.noidiqua.it\/Agliana\/#website"},"primaryImageOfPage":{"@id":"https:\/\/www.noidiqua.it\/Agliana\/storia-dellautostrada-firenze-mare\/#primaryimage"},"image":{"@id":"https:\/\/www.noidiqua.it\/Agliana\/storia-dellautostrada-firenze-mare\/#primaryimage"},"thumbnailUrl":"https:\/\/www.noidiqua.it\/Agliana\/wp-content\/uploads\/2014\/03\/4-Sestilio-Bessi-Iolanda-Lenzi-Gina-Allori-Mario-Berto-Allori-Mario-Bessi-Gina.png","datePublished":"2014-03-13T10:49:21+00:00","dateModified":"2024-01-19T10:21:32+00:00","author":{"@id":"https:\/\/www.noidiqua.it\/Agliana\/#\/schema\/person\/bb7515c2330bb1137f247276096fa7dc"},"breadcrumb":{"@id":"https:\/\/www.noidiqua.it\/Agliana\/storia-dellautostrada-firenze-mare\/#breadcrumb"},"inLanguage":"it-IT","potentialAction":[{"@type":"ReadAction","target":["https:\/\/www.noidiqua.it\/Agliana\/storia-dellautostrada-firenze-mare\/"]}]},{"@type":"ImageObject","inLanguage":"it-IT","@id":"https:\/\/www.noidiqua.it\/Agliana\/storia-dellautostrada-firenze-mare\/#primaryimage","url":"https:\/\/www.noidiqua.it\/Agliana\/wp-content\/uploads\/2014\/03\/4-Sestilio-Bessi-Iolanda-Lenzi-Gina-Allori-Mario-Berto-Allori-Mario-Bessi-Gina.png","contentUrl":"https:\/\/www.noidiqua.it\/Agliana\/wp-content\/uploads\/2014\/03\/4-Sestilio-Bessi-Iolanda-Lenzi-Gina-Allori-Mario-Berto-Allori-Mario-Bessi-Gina.png","width":506,"height":319},{"@type":"BreadcrumbList","@id":"https:\/\/www.noidiqua.it\/Agliana\/storia-dellautostrada-firenze-mare\/#breadcrumb","itemListElement":[{"@type":"ListItem","position":1,"name":"Home","item":"https:\/\/www.noidiqua.it\/Agliana\/"},{"@type":"ListItem","position":2,"name":"Storia dell&#8217;Autostrada Firenze &#8211; Mare"}]},{"@type":"WebSite","@id":"https:\/\/www.noidiqua.it\/Agliana\/#website","url":"https:\/\/www.noidiqua.it\/Agliana\/","name":"Noi di Qua Testata giornalistica e di attualit\u00e0 di Agliana, Montale e Quarrata.","description":"Testata Giornalistica Quarrata Montale Agliana","potentialAction":[{"@type":"SearchAction","target":{"@type":"EntryPoint","urlTemplate":"https:\/\/www.noidiqua.it\/Agliana\/?s={search_term_string}"},"query-input":{"@type":"PropertyValueSpecification","valueRequired":true,"valueName":"search_term_string"}}],"inLanguage":"it-IT"},{"@type":"Person","@id":"https:\/\/www.noidiqua.it\/Agliana\/#\/schema\/person\/bb7515c2330bb1137f247276096fa7dc","name":"Piera Salvi","image":{"@type":"ImageObject","inLanguage":"it-IT","@id":"https:\/\/www.noidiqua.it\/Agliana\/#\/schema\/person\/image\/","url":"https:\/\/secure.gravatar.com\/avatar\/2f9b1fb6e13f3b3e63bde435d999a73be036e320f7a0f5f32f9ac21859d999cd?s=96&d=mm&r=g","contentUrl":"https:\/\/secure.gravatar.com\/avatar\/2f9b1fb6e13f3b3e63bde435d999a73be036e320f7a0f5f32f9ac21859d999cd?s=96&d=mm&r=g","caption":"Piera Salvi"},"url":"https:\/\/www.noidiqua.it\/Agliana\/author\/piera-salvi\/"}]}},"_links":{"self":[{"href":"https:\/\/www.noidiqua.it\/Agliana\/wp-json\/wp\/v2\/posts\/2740","targetHints":{"allow":["GET"]}}],"collection":[{"href":"https:\/\/www.noidiqua.it\/Agliana\/wp-json\/wp\/v2\/posts"}],"about":[{"href":"https:\/\/www.noidiqua.it\/Agliana\/wp-json\/wp\/v2\/types\/post"}],"author":[{"embeddable":true,"href":"https:\/\/www.noidiqua.it\/Agliana\/wp-json\/wp\/v2\/users\/13"}],"replies":[{"embeddable":true,"href":"https:\/\/www.noidiqua.it\/Agliana\/wp-json\/wp\/v2\/comments?post=2740"}],"version-history":[{"count":5,"href":"https:\/\/www.noidiqua.it\/Agliana\/wp-json\/wp\/v2\/posts\/2740\/revisions"}],"predecessor-version":[{"id":8994,"href":"https:\/\/www.noidiqua.it\/Agliana\/wp-json\/wp\/v2\/posts\/2740\/revisions\/8994"}],"wp:attachment":[{"href":"https:\/\/www.noidiqua.it\/Agliana\/wp-json\/wp\/v2\/media?parent=2740"}],"wp:term":[{"taxonomy":"category","embeddable":true,"href":"https:\/\/www.noidiqua.it\/Agliana\/wp-json\/wp\/v2\/categories?post=2740"},{"taxonomy":"post_tag","embeddable":true,"href":"https:\/\/www.noidiqua.it\/Agliana\/wp-json\/wp\/v2\/tags?post=2740"}],"curies":[{"name":"wp","href":"https:\/\/api.w.org\/{rel}","templated":true}]}}