{"id":2754,"date":"2014-03-13T13:21:40","date_gmt":"2014-03-13T13:21:40","guid":{"rendered":"https:\/\/www.noidiqua.it\/Agliana\/?p=2754"},"modified":"2023-01-17T16:00:59","modified_gmt":"2023-01-17T15:00:59","slug":"gigi-del-mulo","status":"publish","type":"post","link":"https:\/\/www.noidiqua.it\/Agliana\/gigi-del-mulo\/","title":{"rendered":"Gigi del Mulo"},"content":{"rendered":"<p><em>di David Colzi<br \/>\n<\/em><\/p>\n<p><em>marzo 2014<\/em><\/p>\n<p><a href=\"https:\/\/www.noidiqua.it\/Agliana\/wp-content\/uploads\/2014\/03\/gigi-1.png\" rel=\"wp-prettyPhoto[2754]\"><img loading=\"lazy\" decoding=\"async\" class=\"aligncenter size-full wp-image-8028\" src=\"https:\/\/www.noidiqua.it\/Agliana\/wp-content\/uploads\/2014\/03\/gigi-1.png\" alt=\"\" width=\"502\" height=\"280\" srcset=\"https:\/\/www.noidiqua.it\/Agliana\/wp-content\/uploads\/2014\/03\/gigi-1.png 502w, https:\/\/www.noidiqua.it\/Agliana\/wp-content\/uploads\/2014\/03\/gigi-1-300x167.png 300w\" sizes=\"auto, (max-width: 502px) 100vw, 502px\" \/><\/a><\/p>\n<p>Alla bottega di <strong>\u201cGigi del Mulo\u201d<\/strong> non ci si arriva per caso; bisogna partire con l&#8217;intenzione di raggiungerla. Situata nella localit\u00e0 <strong>\u201cIl Mulo\u201d<\/strong>, una zona che \u00e8 cambiata davvero poco negli ultimi decenni, questa bottega di alimentari con annessa rivendita di cartucce per la caccia, prende il nome dal suo storico proprietario, <strong>Luigi Melani<\/strong>, meglio conosciuto come <strong>Gigi<\/strong> e si trova in un piccolo complesso di case a ridosso del fiume <strong>Brana<\/strong> a due passi dal <strong>Pontalto<\/strong>, l&#8217;antico ponte a schiena d&#8217;asino che rappresenta una delle costruzioni pi\u00f9 antiche di Agliana. Per fare la storia di questa bottega, abbiamo parlato con <strong>Monica Ginetti<\/strong>, l&#8217;attuale proprietaria, che ricorda Gigi chiamandolo affettuosamente zio anche se lei \u00e8 figlia del nipote di Luigi.<\/p>\n<p><a href=\"https:\/\/www.noidiqua.it\/Agliana\/wp-content\/uploads\/2014\/03\/gigi-3.png\" rel=\"wp-prettyPhoto[2754]\"><img loading=\"lazy\" decoding=\"async\" class=\"aligncenter size-full wp-image-8030\" src=\"https:\/\/www.noidiqua.it\/Agliana\/wp-content\/uploads\/2014\/03\/gigi-3.png\" alt=\"\" width=\"496\" height=\"337\" srcset=\"https:\/\/www.noidiqua.it\/Agliana\/wp-content\/uploads\/2014\/03\/gigi-3.png 496w, https:\/\/www.noidiqua.it\/Agliana\/wp-content\/uploads\/2014\/03\/gigi-3-300x204.png 300w\" sizes=\"auto, (max-width: 496px) 100vw, 496px\" \/><\/a><\/p>\n<p>La storia di questa attivit\u00e0 si perde nelle nebbie del tempo, ma probabilmente si va oltre i cento anni, iniziata per mano di <strong>Piero<\/strong> e <strong>Giulia<\/strong>, nonni di Luigi, nella casa attigua a quella odierna (nella foto in alto \u00e8 a sinistra, di colore giallo): si vendevano generi come pasta sfusa, fagioli, sale e zucchero. Poco dopo il 1920, venne costruita la casa che ancora oggi ospita la rivendita. L&#8217;attivit\u00e0 pass\u00f2 poi nelle mani di <strong>Assunta<\/strong>, mamma di Gigi, rimasta vedova anzitempo del marito<strong> Dante<\/strong>, portato via dalla febbre spagnola a poco pi\u00f9 di vent&#8217;anni. A dargli una mano c&#8217;era il nostro <strong>\u201cGigione\u201d<\/strong> e dopo il 1970, alla morte della mamma, rimase lui al timone dell&#8217;attivit\u00e0, aiutato dalla sorella <strong>Ines<\/strong>. Cos\u00ec la bottega divenne un ritrovo per la gente del paese che passava di l\u00ec per gustare i famosi prosciutti affettati a mano, rigorosamente speziati e stagionati da Luigi, la cui miscela segreta \u00e8 stata tramandata a Monica e tutt&#8217;oggi i clienti vengono anche da fuori Comune per comprarla e preparare gli insaccatti alla toscana. In molti si fermavano per fare colazione, merenda, oppure nel dopo cena al \u201ccanto del fuoco\u201d, quasi fosse una sorta di <strong>Pub moderno<\/strong>.<\/p>\n<p><a href=\"https:\/\/www.noidiqua.it\/Agliana\/wp-content\/uploads\/2014\/03\/gigi-2.png\" rel=\"wp-prettyPhoto[2754]\"><img loading=\"lazy\" decoding=\"async\" class=\"aligncenter size-full wp-image-8029\" src=\"https:\/\/www.noidiqua.it\/Agliana\/wp-content\/uploads\/2014\/03\/gigi-2.png\" alt=\"\" width=\"269\" height=\"394\" srcset=\"https:\/\/www.noidiqua.it\/Agliana\/wp-content\/uploads\/2014\/03\/gigi-2.png 269w, https:\/\/www.noidiqua.it\/Agliana\/wp-content\/uploads\/2014\/03\/gigi-2-205x300.png 205w\" sizes=\"auto, (max-width: 269px) 100vw, 269px\" \/><\/a><\/p>\n<p>Ma per gli appassionati di sport, \u201cGigi del Mulo\u201d ha significato anche tiro al piattello, da lui creato e inizialmente collocato sulla Brana, mentre dopo gli anni &#8217;60 fu trasferito nel terreno vicino alla bottega. Luigi infatti era assiduo praticante di questo sport e a cavallo tra gli anni &#8217;50 e &#8217;70, partecip\u00f2 a molte gare a livello nazionale vincendo tante medaglie. Sempre legato al fucile, un&#8217;altra passione di Gigi \u00e8 stata la caccia e naturalmente il suo negozio \u00e8 rimasto un ritrovo di appassionati; non stupisce quindi che nella sua bottega si siano sempre vendute cartucce. Le persone con i capelli grigi ricorderanno anche che in quella zona c&#8217;\u00e8 stato fino alla fine degli anni &#8217;80 uno specchio d&#8217;acqua, chiamato <strong>\u201cLago della Gora\u201d<\/strong>, punto di riferimento per i cacciatori di selvaggina da penna; oggi il lago \u00e8 coperto e vi si coltivano piante.<\/p>\n<p><a href=\"https:\/\/www.noidiqua.it\/Agliana\/wp-content\/uploads\/2014\/03\/gigi-4.png\" rel=\"wp-prettyPhoto[2754]\"><img loading=\"lazy\" decoding=\"async\" class=\"aligncenter size-full wp-image-8031\" src=\"https:\/\/www.noidiqua.it\/Agliana\/wp-content\/uploads\/2014\/03\/gigi-4.png\" alt=\"\" width=\"498\" height=\"404\" srcset=\"https:\/\/www.noidiqua.it\/Agliana\/wp-content\/uploads\/2014\/03\/gigi-4.png 498w, https:\/\/www.noidiqua.it\/Agliana\/wp-content\/uploads\/2014\/03\/gigi-4-300x243.png 300w\" sizes=\"auto, (max-width: 498px) 100vw, 498px\" \/><\/a><\/p>\n<p>Luigi Melani mor\u00ec nel 1992, all&#8217;et\u00e0 di 75 anni, ma per fortuna l&#8217;attivit\u00e0 \u00e8 stata rilevata dalla nipote Monica e quindi siamo felici di annoverare \u201cGigi del Mulo\u201d fra le botteghe storiche del nostro comune tutt&#8217;ora in attivit\u00e0.<\/p>\n<p>&nbsp;<\/p>\n<p>&nbsp;<\/p>\n<p><em>Per le notizie storiche si ringrazia anche Bruno Borsacchi.<\/em><\/p>","protected":false},"excerpt":{"rendered":"<p>di David Colzi marzo 2014 Alla bottega di \u201cGigi del Mulo\u201d non ci si arriva per caso; bisogna partire con l&#8217;intenzione di raggiungerla. Situata nella localit\u00e0 \u201cIl Mulo\u201d, una zona che \u00e8 cambiata davvero poco negli ultimi decenni, questa bottega di alimentari con annessa rivendita di cartucce [&hellip;]<\/p>","protected":false},"author":5,"featured_media":0,"comment_status":"open","ping_status":"open","sticky":false,"template":"","format":"standard","meta":{"footnotes":""},"categories":[2,7],"tags":[37,38,74,79,84,96,97,111],"class_list":["post-2754","post","type-post","status-publish","format-standard","hentry","category-ag","category-notizie-dal-passato","tag-ag-ag","tag-aglianese","tag-figure-storiche-2","tag-gente-di-qua","tag-laglianese","tag-noidiqua","tag-noidiqua-laglianese","tag-redazionale"],"yoast_head":"<!-- This site is optimized with the Yoast SEO plugin v25.5 - https:\/\/yoast.com\/wordpress\/plugins\/seo\/ -->\n<title>Gigi del Mulo - Noi di Qua Testata giornalistica e di attualit\u00e0 di Agliana, Montale e Quarrata.<\/title>\n<meta name=\"robots\" content=\"index, follow, max-snippet:-1, max-image-preview:large, max-video-preview:-1\" \/>\n<link rel=\"canonical\" href=\"https:\/\/www.noidiqua.it\/Agliana\/gigi-del-mulo\/\" \/>\n<meta property=\"og:locale\" content=\"it_IT\" \/>\n<meta property=\"og:type\" content=\"article\" \/>\n<meta property=\"og:title\" content=\"Gigi del Mulo - Noi di Qua Testata giornalistica e di attualit\u00e0 di Agliana, Montale e Quarrata.\" \/>\n<meta property=\"og:description\" content=\"di David Colzi marzo 2014 Alla bottega di \u201cGigi del Mulo\u201d non ci si arriva per caso; bisogna partire con l&#8217;intenzione di raggiungerla. Situata nella localit\u00e0 \u201cIl Mulo\u201d, una zona che \u00e8 cambiata davvero poco negli ultimi decenni, questa bottega di alimentari con annessa rivendita di cartucce [&hellip;]\" \/>\n<meta property=\"og:url\" content=\"https:\/\/www.noidiqua.it\/Agliana\/gigi-del-mulo\/\" \/>\n<meta property=\"og:site_name\" content=\"Noi di Qua Testata giornalistica e di attualit\u00e0 di Agliana, Montale e Quarrata.\" \/>\n<meta property=\"article:publisher\" content=\"https:\/\/www.facebook.com\/noidiqua.trimestrale\/\" \/>\n<meta property=\"article:published_time\" content=\"2014-03-13T13:21:40+00:00\" \/>\n<meta property=\"article:modified_time\" content=\"2023-01-17T15:00:59+00:00\" \/>\n<meta property=\"og:image\" content=\"https:\/\/www.noidiqua.it\/Agliana\/wp-content\/uploads\/2014\/03\/gigi-1.png\" \/>\n<meta name=\"author\" content=\"David Colzi\" \/>\n<meta name=\"twitter:label1\" content=\"Scritto da\" \/>\n\t<meta name=\"twitter:data1\" content=\"David Colzi\" \/>\n\t<meta name=\"twitter:label2\" content=\"Tempo di lettura stimato\" \/>\n\t<meta name=\"twitter:data2\" content=\"4 minuti\" \/>\n<script type=\"application\/ld+json\" class=\"yoast-schema-graph\">{\"@context\":\"https:\/\/schema.org\",\"@graph\":[{\"@type\":\"WebPage\",\"@id\":\"https:\/\/www.noidiqua.it\/Agliana\/gigi-del-mulo\/\",\"url\":\"https:\/\/www.noidiqua.it\/Agliana\/gigi-del-mulo\/\",\"name\":\"Gigi del Mulo - Noi di Qua Testata giornalistica e di attualit\u00e0 di Agliana, Montale e Quarrata.\",\"isPartOf\":{\"@id\":\"https:\/\/www.noidiqua.it\/Agliana\/#website\"},\"primaryImageOfPage\":{\"@id\":\"https:\/\/www.noidiqua.it\/Agliana\/gigi-del-mulo\/#primaryimage\"},\"image\":{\"@id\":\"https:\/\/www.noidiqua.it\/Agliana\/gigi-del-mulo\/#primaryimage\"},\"thumbnailUrl\":\"https:\/\/www.noidiqua.it\/Agliana\/wp-content\/uploads\/2014\/03\/gigi-1.png\",\"datePublished\":\"2014-03-13T13:21:40+00:00\",\"dateModified\":\"2023-01-17T15:00:59+00:00\",\"author\":{\"@id\":\"https:\/\/www.noidiqua.it\/Agliana\/#\/schema\/person\/3b45dd21eb2367c177b6a6d35c868ccc\"},\"breadcrumb\":{\"@id\":\"https:\/\/www.noidiqua.it\/Agliana\/gigi-del-mulo\/#breadcrumb\"},\"inLanguage\":\"it-IT\",\"potentialAction\":[{\"@type\":\"ReadAction\",\"target\":[\"https:\/\/www.noidiqua.it\/Agliana\/gigi-del-mulo\/\"]}]},{\"@type\":\"ImageObject\",\"inLanguage\":\"it-IT\",\"@id\":\"https:\/\/www.noidiqua.it\/Agliana\/gigi-del-mulo\/#primaryimage\",\"url\":\"https:\/\/www.noidiqua.it\/Agliana\/wp-content\/uploads\/2014\/03\/gigi-1.png\",\"contentUrl\":\"https:\/\/www.noidiqua.it\/Agliana\/wp-content\/uploads\/2014\/03\/gigi-1.png\",\"width\":502,\"height\":280},{\"@type\":\"BreadcrumbList\",\"@id\":\"https:\/\/www.noidiqua.it\/Agliana\/gigi-del-mulo\/#breadcrumb\",\"itemListElement\":[{\"@type\":\"ListItem\",\"position\":1,\"name\":\"Home\",\"item\":\"https:\/\/www.noidiqua.it\/Agliana\/\"},{\"@type\":\"ListItem\",\"position\":2,\"name\":\"Gigi del Mulo\"}]},{\"@type\":\"WebSite\",\"@id\":\"https:\/\/www.noidiqua.it\/Agliana\/#website\",\"url\":\"https:\/\/www.noidiqua.it\/Agliana\/\",\"name\":\"Noi di Qua Testata giornalistica e di attualit\u00e0 di Agliana, Montale e Quarrata.\",\"description\":\"Testata Giornalistica Quarrata Montale Agliana\",\"potentialAction\":[{\"@type\":\"SearchAction\",\"target\":{\"@type\":\"EntryPoint\",\"urlTemplate\":\"https:\/\/www.noidiqua.it\/Agliana\/?s={search_term_string}\"},\"query-input\":{\"@type\":\"PropertyValueSpecification\",\"valueRequired\":true,\"valueName\":\"search_term_string\"}}],\"inLanguage\":\"it-IT\"},{\"@type\":\"Person\",\"@id\":\"https:\/\/www.noidiqua.it\/Agliana\/#\/schema\/person\/3b45dd21eb2367c177b6a6d35c868ccc\",\"name\":\"David Colzi\",\"image\":{\"@type\":\"ImageObject\",\"inLanguage\":\"it-IT\",\"@id\":\"https:\/\/www.noidiqua.it\/Agliana\/#\/schema\/person\/image\/\",\"url\":\"https:\/\/secure.gravatar.com\/avatar\/515ac68c0075b78a8243a0f28e5a361c9b5c466a1d6912ac3919ddd928c4db8c?s=96&d=mm&r=g\",\"contentUrl\":\"https:\/\/secure.gravatar.com\/avatar\/515ac68c0075b78a8243a0f28e5a361c9b5c466a1d6912ac3919ddd928c4db8c?s=96&d=mm&r=g\",\"caption\":\"David Colzi\"},\"url\":\"https:\/\/www.noidiqua.it\/Agliana\/author\/david-colzi\/\"}]}<\/script>\n<!-- \/ Yoast SEO plugin. -->","yoast_head_json":{"title":"Gigi del Mulo - Noi di Qua Testata giornalistica e di attualit\u00e0 di Agliana, Montale e Quarrata.","robots":{"index":"index","follow":"follow","max-snippet":"max-snippet:-1","max-image-preview":"max-image-preview:large","max-video-preview":"max-video-preview:-1"},"canonical":"https:\/\/www.noidiqua.it\/Agliana\/gigi-del-mulo\/","og_locale":"it_IT","og_type":"article","og_title":"Gigi del Mulo - Noi di Qua Testata giornalistica e di attualit\u00e0 di Agliana, Montale e Quarrata.","og_description":"di David Colzi marzo 2014 Alla bottega di \u201cGigi del Mulo\u201d non ci si arriva per caso; bisogna partire con l&#8217;intenzione di raggiungerla. Situata nella localit\u00e0 \u201cIl Mulo\u201d, una zona che \u00e8 cambiata davvero poco negli ultimi decenni, questa bottega di alimentari con annessa rivendita di cartucce [&hellip;]","og_url":"https:\/\/www.noidiqua.it\/Agliana\/gigi-del-mulo\/","og_site_name":"Noi di Qua Testata giornalistica e di attualit\u00e0 di Agliana, Montale e Quarrata.","article_publisher":"https:\/\/www.facebook.com\/noidiqua.trimestrale\/","article_published_time":"2014-03-13T13:21:40+00:00","article_modified_time":"2023-01-17T15:00:59+00:00","og_image":[{"url":"https:\/\/www.noidiqua.it\/Agliana\/wp-content\/uploads\/2014\/03\/gigi-1.png","type":"","width":"","height":""}],"author":"David Colzi","twitter_misc":{"Scritto da":"David Colzi","Tempo di lettura stimato":"4 minuti"},"schema":{"@context":"https:\/\/schema.org","@graph":[{"@type":"WebPage","@id":"https:\/\/www.noidiqua.it\/Agliana\/gigi-del-mulo\/","url":"https:\/\/www.noidiqua.it\/Agliana\/gigi-del-mulo\/","name":"Gigi del Mulo - Noi di Qua Testata giornalistica e di attualit\u00e0 di Agliana, Montale e Quarrata.","isPartOf":{"@id":"https:\/\/www.noidiqua.it\/Agliana\/#website"},"primaryImageOfPage":{"@id":"https:\/\/www.noidiqua.it\/Agliana\/gigi-del-mulo\/#primaryimage"},"image":{"@id":"https:\/\/www.noidiqua.it\/Agliana\/gigi-del-mulo\/#primaryimage"},"thumbnailUrl":"https:\/\/www.noidiqua.it\/Agliana\/wp-content\/uploads\/2014\/03\/gigi-1.png","datePublished":"2014-03-13T13:21:40+00:00","dateModified":"2023-01-17T15:00:59+00:00","author":{"@id":"https:\/\/www.noidiqua.it\/Agliana\/#\/schema\/person\/3b45dd21eb2367c177b6a6d35c868ccc"},"breadcrumb":{"@id":"https:\/\/www.noidiqua.it\/Agliana\/gigi-del-mulo\/#breadcrumb"},"inLanguage":"it-IT","potentialAction":[{"@type":"ReadAction","target":["https:\/\/www.noidiqua.it\/Agliana\/gigi-del-mulo\/"]}]},{"@type":"ImageObject","inLanguage":"it-IT","@id":"https:\/\/www.noidiqua.it\/Agliana\/gigi-del-mulo\/#primaryimage","url":"https:\/\/www.noidiqua.it\/Agliana\/wp-content\/uploads\/2014\/03\/gigi-1.png","contentUrl":"https:\/\/www.noidiqua.it\/Agliana\/wp-content\/uploads\/2014\/03\/gigi-1.png","width":502,"height":280},{"@type":"BreadcrumbList","@id":"https:\/\/www.noidiqua.it\/Agliana\/gigi-del-mulo\/#breadcrumb","itemListElement":[{"@type":"ListItem","position":1,"name":"Home","item":"https:\/\/www.noidiqua.it\/Agliana\/"},{"@type":"ListItem","position":2,"name":"Gigi del Mulo"}]},{"@type":"WebSite","@id":"https:\/\/www.noidiqua.it\/Agliana\/#website","url":"https:\/\/www.noidiqua.it\/Agliana\/","name":"Noi di Qua Testata giornalistica e di attualit\u00e0 di Agliana, Montale e Quarrata.","description":"Testata Giornalistica Quarrata Montale Agliana","potentialAction":[{"@type":"SearchAction","target":{"@type":"EntryPoint","urlTemplate":"https:\/\/www.noidiqua.it\/Agliana\/?s={search_term_string}"},"query-input":{"@type":"PropertyValueSpecification","valueRequired":true,"valueName":"search_term_string"}}],"inLanguage":"it-IT"},{"@type":"Person","@id":"https:\/\/www.noidiqua.it\/Agliana\/#\/schema\/person\/3b45dd21eb2367c177b6a6d35c868ccc","name":"David Colzi","image":{"@type":"ImageObject","inLanguage":"it-IT","@id":"https:\/\/www.noidiqua.it\/Agliana\/#\/schema\/person\/image\/","url":"https:\/\/secure.gravatar.com\/avatar\/515ac68c0075b78a8243a0f28e5a361c9b5c466a1d6912ac3919ddd928c4db8c?s=96&d=mm&r=g","contentUrl":"https:\/\/secure.gravatar.com\/avatar\/515ac68c0075b78a8243a0f28e5a361c9b5c466a1d6912ac3919ddd928c4db8c?s=96&d=mm&r=g","caption":"David Colzi"},"url":"https:\/\/www.noidiqua.it\/Agliana\/author\/david-colzi\/"}]}},"_links":{"self":[{"href":"https:\/\/www.noidiqua.it\/Agliana\/wp-json\/wp\/v2\/posts\/2754","targetHints":{"allow":["GET"]}}],"collection":[{"href":"https:\/\/www.noidiqua.it\/Agliana\/wp-json\/wp\/v2\/posts"}],"about":[{"href":"https:\/\/www.noidiqua.it\/Agliana\/wp-json\/wp\/v2\/types\/post"}],"author":[{"embeddable":true,"href":"https:\/\/www.noidiqua.it\/Agliana\/wp-json\/wp\/v2\/users\/5"}],"replies":[{"embeddable":true,"href":"https:\/\/www.noidiqua.it\/Agliana\/wp-json\/wp\/v2\/comments?post=2754"}],"version-history":[{"count":3,"href":"https:\/\/www.noidiqua.it\/Agliana\/wp-json\/wp\/v2\/posts\/2754\/revisions"}],"predecessor-version":[{"id":8032,"href":"https:\/\/www.noidiqua.it\/Agliana\/wp-json\/wp\/v2\/posts\/2754\/revisions\/8032"}],"wp:attachment":[{"href":"https:\/\/www.noidiqua.it\/Agliana\/wp-json\/wp\/v2\/media?parent=2754"}],"wp:term":[{"taxonomy":"category","embeddable":true,"href":"https:\/\/www.noidiqua.it\/Agliana\/wp-json\/wp\/v2\/categories?post=2754"},{"taxonomy":"post_tag","embeddable":true,"href":"https:\/\/www.noidiqua.it\/Agliana\/wp-json\/wp\/v2\/tags?post=2754"}],"curies":[{"name":"wp","href":"https:\/\/api.w.org\/{rel}","templated":true}]}}