{"id":2845,"date":"2014-06-12T10:28:09","date_gmt":"2014-06-12T10:28:09","guid":{"rendered":"https:\/\/www.noidiqua.it\/Agliana\/?p=2845"},"modified":"2023-01-12T15:13:50","modified_gmt":"2023-01-12T14:13:50","slug":"appunti-di-redazione-12","status":"publish","type":"post","link":"https:\/\/www.noidiqua.it\/Agliana\/appunti-di-redazione-12\/","title":{"rendered":"Appunti di redazione"},"content":{"rendered":"<p style=\"text-align: justify;\"><em>di Giacomo Bini<\/em><\/p>\n<p style=\"text-align: justify;\"><em>marzo 2014<\/em><\/p>\n<p><a href=\"https:\/\/www.noidiqua.it\/Agliana\/wp-content\/uploads\/2018\/03\/Logo-Noidiqua.png\" rel=\"wp-prettyPhoto[2845]\"><img loading=\"lazy\" decoding=\"async\" class=\"aligncenter size-full wp-image-6781\" src=\"https:\/\/www.noidiqua.it\/Agliana\/wp-content\/uploads\/2018\/03\/Logo-Noidiqua.png\" alt=\"\" width=\"488\" height=\"344\" srcset=\"https:\/\/www.noidiqua.it\/Agliana\/wp-content\/uploads\/2018\/03\/Logo-Noidiqua.png 488w, https:\/\/www.noidiqua.it\/Agliana\/wp-content\/uploads\/2018\/03\/Logo-Noidiqua-300x211.png 300w\" sizes=\"auto, (max-width: 488px) 100vw, 488px\" \/><\/a><\/p>\n<p style=\"text-align: justify;\">\n<p style=\"text-align: justify;\">Una gran voglia di uscire di casa e stare insieme. Questo si avverte nella piana pistoiese guardando alle tante iniziative di ritrovo in programma in questa estate 2014. Sembra che lo schermo televisivo non la faccia pi\u00f9 da padrone e che si preferisca incontrarsi in piazza, al parco o al campo sportivo.\u00a0<strong>Il Giugno aglianese<\/strong>\u00a0ne \u00e8 una dimostrazione eclatante, con una ricchezza di manifestazioni mai vista prima e una moltiplicazione degli spazi pubblici dedicati alle iniziative.\u00a0<em>\u00abGli aglianesi riscoprono la loro vocazione festaiola\u00bb\u00a0<\/em>ha detto Luca Nesti, l&#8217;organizzatore del Giugno\u00a0<em>\u00abda noi la ricchezza vera \u00e8 sempre stata questo spirito della gente\u00bb<\/em>. Musica, poesia, teatro, sport, giochi, fiere, tutto all&#8217;insegna della creativit\u00e0 e dell&#8217;impegno delle persone e delle associazioni del posto. In tutti e tre i centri della piana \u00e8 in corso un seguitissimo\u00a0<strong>Torneo dei rioni<\/strong>\u00a0che mette di fronte quartieri e frazioni in una competizione sportiva che vive di sana rivalit\u00e0, di ironia e di voglia di divertirsi. C&#8217;\u00e8 stata perfino qualche polemica tra Montale e Agliana sull&#8217;appartenenza a questo o quel torneo di certi territori, come una porzione della Stazione di Montale. C&#8217;\u00e8 da sperare che certe questioni si appianino, perch\u00e9 la stagione de tornei deve unire e non dividere i popoli della piana. E in questo senso va salutata favorevolmente l&#8217;iniziativa della\u00a0<strong>Supercoppa dei rioni<\/strong>\u00a0vinta quest&#8217;anno dal\u00a0<strong>Mercato di Agliana<\/strong>. Nelle manifestazioni estive si distinguono, com&#8217;\u00e8 naturale, le associazioni di volontariato. A Montale \u00e8 in corso la\u00a0<strong>Festa del Volontariato, organizzata dalla Croce d&#8217;Oro<\/strong>\u00a0in collaborazione con altre associazioni. Ma altre feste si svolgeranno a cura dei circoli presenti nelle diverse frazioni.<\/p>\n<p style=\"text-align: justify;\">A questo proposito non sarebbe male se l&#8217;amministrazione comunale promuovesse la creazione di uno spazio attrezzato che fosse disponibile per le iniziative delle varie associazioni, che cos\u00ec avrebbero meno costi e dovrebbero faticare di meno negli allestimenti. A Quarrata, per esempio, nello spazio del\u00a0<strong>Parco Verde<\/strong>\u00a0si succedono feste organizzate dalle diverse associazioni cittadine offrendo alla popolazione un luogo di ritrovo costante. Nella citt\u00e0 del mobile \u00e8 in preparazione il<strong>\u00a0Settembre quarratino<\/strong>, un momento molto atteso non solo per la popolazione di Quarrata, ma anche per quella dei centri vicini. Intanto la<strong>villa La M\u00e0gia<\/strong>\u00a0apre i battenti anche la domenica pomeriggio dalle ore 15 alle ore 19 dal 1 Giugno al 28 settembre (con la sola eccezione di domenica 17 agosto). Anche la\u00a0<strong>Smilea di Montale<\/strong>\u00a0si pu\u00f2 visitare nel fine-settimana e oltre alle esposizioni permanenti offre, fino al 13 luglio, una interessantissima mostra del pittore Carlo Bertocci. Questa vivacit\u00e0 organizzativa, premiata dalla partecipazione numerosa ed entusiasta della popolazione, \u00e8 da interpretare non solo come la volont\u00e0 di trovare momenti di distrazione da una realt\u00e0 economica ancora scoraggiante, ma anche, e secondo noi soprattutto, come un grande segno di vitalit\u00e0 della nostra gente che si aggrappa al suo spirito associazionistico, alla disponibilit\u00e0, al volontariato, alla ricerca delle tradizioni.<\/p>\n<p style=\"text-align: justify;\">I dati sull&#8217;andamento dell&#8217;economia pistoiese restano ancora brutti, come dimostra la Dodicesima Giornata dell&#8217;Economia organizzata dalla Confcommercio da dove emerge un quadro pistoiese peggiore di quello toscano. Vi risparmiamo numeri, grafici e statistiche, perch\u00e9 la linea di Noidiqua \u00e8 di non fermarsi ai crudi numeri, ma di avere fiducia, tenacemente, nella vitalit\u00e0 e nella creativit\u00e0 della nostra gente. E attendiamo che anche i numeri confermino questa fiducia.<\/p>","protected":false},"excerpt":{"rendered":"<p>di Giacomo Bini marzo 2014 Una gran voglia di uscire di casa e stare insieme. Questo si avverte nella piana pistoiese guardando alle tante iniziative di ritrovo in programma in questa estate 2014. Sembra che lo schermo televisivo non la faccia pi\u00f9 da padrone e che si [&hellip;]<\/p>","protected":false},"author":12,"featured_media":0,"comment_status":"open","ping_status":"open","sticky":false,"template":"","format":"standard","meta":{"footnotes":""},"categories":[2,25],"tags":[37,38,84,96,97,111],"class_list":["post-2845","post","type-post","status-publish","format-standard","hentry","category-ag","category-appuntired","tag-ag-ag","tag-aglianese","tag-laglianese","tag-noidiqua","tag-noidiqua-laglianese","tag-redazionale"],"yoast_head":"<!-- This site is optimized with the Yoast SEO plugin v25.5 - https:\/\/yoast.com\/wordpress\/plugins\/seo\/ -->\n<title>Appunti di redazione - Noi di Qua Testata giornalistica e di attualit\u00e0 di Agliana, Montale e Quarrata.<\/title>\n<meta name=\"robots\" content=\"index, follow, max-snippet:-1, max-image-preview:large, max-video-preview:-1\" \/>\n<link rel=\"canonical\" href=\"https:\/\/www.noidiqua.it\/Agliana\/appunti-di-redazione-12\/\" \/>\n<meta property=\"og:locale\" content=\"it_IT\" \/>\n<meta property=\"og:type\" content=\"article\" \/>\n<meta property=\"og:title\" content=\"Appunti di redazione - Noi di Qua Testata giornalistica e di attualit\u00e0 di Agliana, Montale e Quarrata.\" \/>\n<meta property=\"og:description\" content=\"di Giacomo Bini marzo 2014 Una gran voglia di uscire di casa e stare insieme. Questo si avverte nella piana pistoiese guardando alle tante iniziative di ritrovo in programma in questa estate 2014. Sembra che lo schermo televisivo non la faccia pi\u00f9 da padrone e che si [&hellip;]\" \/>\n<meta property=\"og:url\" content=\"https:\/\/www.noidiqua.it\/Agliana\/appunti-di-redazione-12\/\" \/>\n<meta property=\"og:site_name\" content=\"Noi di Qua Testata giornalistica e di attualit\u00e0 di Agliana, Montale e Quarrata.\" \/>\n<meta property=\"article:publisher\" content=\"https:\/\/www.facebook.com\/noidiqua.trimestrale\/\" \/>\n<meta property=\"article:published_time\" content=\"2014-06-12T10:28:09+00:00\" \/>\n<meta property=\"article:modified_time\" content=\"2023-01-12T14:13:50+00:00\" \/>\n<meta property=\"og:image\" content=\"https:\/\/www.noidiqua.it\/Agliana\/wp-content\/uploads\/2018\/03\/Logo-Noidiqua.png\" \/>\n<meta name=\"author\" content=\"Giacomo Bini\" \/>\n<meta name=\"twitter:label1\" content=\"Scritto da\" \/>\n\t<meta name=\"twitter:data1\" content=\"Giacomo Bini\" \/>\n\t<meta name=\"twitter:label2\" content=\"Tempo di lettura stimato\" \/>\n\t<meta name=\"twitter:data2\" content=\"3 minuti\" \/>\n<script type=\"application\/ld+json\" class=\"yoast-schema-graph\">{\"@context\":\"https:\/\/schema.org\",\"@graph\":[{\"@type\":\"WebPage\",\"@id\":\"https:\/\/www.noidiqua.it\/Agliana\/appunti-di-redazione-12\/\",\"url\":\"https:\/\/www.noidiqua.it\/Agliana\/appunti-di-redazione-12\/\",\"name\":\"Appunti di redazione - Noi di Qua Testata giornalistica e di attualit\u00e0 di Agliana, Montale e Quarrata.\",\"isPartOf\":{\"@id\":\"https:\/\/www.noidiqua.it\/Agliana\/#website\"},\"primaryImageOfPage\":{\"@id\":\"https:\/\/www.noidiqua.it\/Agliana\/appunti-di-redazione-12\/#primaryimage\"},\"image\":{\"@id\":\"https:\/\/www.noidiqua.it\/Agliana\/appunti-di-redazione-12\/#primaryimage\"},\"thumbnailUrl\":\"https:\/\/www.noidiqua.it\/Agliana\/wp-content\/uploads\/2018\/03\/Logo-Noidiqua.png\",\"datePublished\":\"2014-06-12T10:28:09+00:00\",\"dateModified\":\"2023-01-12T14:13:50+00:00\",\"author\":{\"@id\":\"https:\/\/www.noidiqua.it\/Agliana\/#\/schema\/person\/e2e6f44da50af0dae9c90ad168e471a4\"},\"breadcrumb\":{\"@id\":\"https:\/\/www.noidiqua.it\/Agliana\/appunti-di-redazione-12\/#breadcrumb\"},\"inLanguage\":\"it-IT\",\"potentialAction\":[{\"@type\":\"ReadAction\",\"target\":[\"https:\/\/www.noidiqua.it\/Agliana\/appunti-di-redazione-12\/\"]}]},{\"@type\":\"ImageObject\",\"inLanguage\":\"it-IT\",\"@id\":\"https:\/\/www.noidiqua.it\/Agliana\/appunti-di-redazione-12\/#primaryimage\",\"url\":\"https:\/\/www.noidiqua.it\/Agliana\/wp-content\/uploads\/2018\/03\/Logo-Noidiqua.png\",\"contentUrl\":\"https:\/\/www.noidiqua.it\/Agliana\/wp-content\/uploads\/2018\/03\/Logo-Noidiqua.png\",\"width\":488,\"height\":344},{\"@type\":\"BreadcrumbList\",\"@id\":\"https:\/\/www.noidiqua.it\/Agliana\/appunti-di-redazione-12\/#breadcrumb\",\"itemListElement\":[{\"@type\":\"ListItem\",\"position\":1,\"name\":\"Home\",\"item\":\"https:\/\/www.noidiqua.it\/Agliana\/\"},{\"@type\":\"ListItem\",\"position\":2,\"name\":\"Appunti di redazione\"}]},{\"@type\":\"WebSite\",\"@id\":\"https:\/\/www.noidiqua.it\/Agliana\/#website\",\"url\":\"https:\/\/www.noidiqua.it\/Agliana\/\",\"name\":\"Noi di Qua Testata giornalistica e di attualit\u00e0 di Agliana, Montale e Quarrata.\",\"description\":\"Testata Giornalistica Quarrata Montale Agliana\",\"potentialAction\":[{\"@type\":\"SearchAction\",\"target\":{\"@type\":\"EntryPoint\",\"urlTemplate\":\"https:\/\/www.noidiqua.it\/Agliana\/?s={search_term_string}\"},\"query-input\":{\"@type\":\"PropertyValueSpecification\",\"valueRequired\":true,\"valueName\":\"search_term_string\"}}],\"inLanguage\":\"it-IT\"},{\"@type\":\"Person\",\"@id\":\"https:\/\/www.noidiqua.it\/Agliana\/#\/schema\/person\/e2e6f44da50af0dae9c90ad168e471a4\",\"name\":\"Giacomo Bini\",\"image\":{\"@type\":\"ImageObject\",\"inLanguage\":\"it-IT\",\"@id\":\"https:\/\/www.noidiqua.it\/Agliana\/#\/schema\/person\/image\/\",\"url\":\"https:\/\/secure.gravatar.com\/avatar\/e5c18ae41df5ae37397358f2c6046696187d51a120c5d0b8f0c49f7b606f46f4?s=96&d=mm&r=g\",\"contentUrl\":\"https:\/\/secure.gravatar.com\/avatar\/e5c18ae41df5ae37397358f2c6046696187d51a120c5d0b8f0c49f7b606f46f4?s=96&d=mm&r=g\",\"caption\":\"Giacomo Bini\"},\"url\":\"https:\/\/www.noidiqua.it\/Agliana\/author\/giacomo-bini\/\"}]}<\/script>\n<!-- \/ Yoast SEO plugin. -->","yoast_head_json":{"title":"Appunti di redazione - Noi di Qua Testata giornalistica e di attualit\u00e0 di Agliana, Montale e Quarrata.","robots":{"index":"index","follow":"follow","max-snippet":"max-snippet:-1","max-image-preview":"max-image-preview:large","max-video-preview":"max-video-preview:-1"},"canonical":"https:\/\/www.noidiqua.it\/Agliana\/appunti-di-redazione-12\/","og_locale":"it_IT","og_type":"article","og_title":"Appunti di redazione - Noi di Qua Testata giornalistica e di attualit\u00e0 di Agliana, Montale e Quarrata.","og_description":"di Giacomo Bini marzo 2014 Una gran voglia di uscire di casa e stare insieme. Questo si avverte nella piana pistoiese guardando alle tante iniziative di ritrovo in programma in questa estate 2014. Sembra che lo schermo televisivo non la faccia pi\u00f9 da padrone e che si [&hellip;]","og_url":"https:\/\/www.noidiqua.it\/Agliana\/appunti-di-redazione-12\/","og_site_name":"Noi di Qua Testata giornalistica e di attualit\u00e0 di Agliana, Montale e Quarrata.","article_publisher":"https:\/\/www.facebook.com\/noidiqua.trimestrale\/","article_published_time":"2014-06-12T10:28:09+00:00","article_modified_time":"2023-01-12T14:13:50+00:00","og_image":[{"url":"https:\/\/www.noidiqua.it\/Agliana\/wp-content\/uploads\/2018\/03\/Logo-Noidiqua.png","type":"","width":"","height":""}],"author":"Giacomo Bini","twitter_misc":{"Scritto da":"Giacomo Bini","Tempo di lettura stimato":"3 minuti"},"schema":{"@context":"https:\/\/schema.org","@graph":[{"@type":"WebPage","@id":"https:\/\/www.noidiqua.it\/Agliana\/appunti-di-redazione-12\/","url":"https:\/\/www.noidiqua.it\/Agliana\/appunti-di-redazione-12\/","name":"Appunti di redazione - Noi di Qua Testata giornalistica e di attualit\u00e0 di Agliana, Montale e Quarrata.","isPartOf":{"@id":"https:\/\/www.noidiqua.it\/Agliana\/#website"},"primaryImageOfPage":{"@id":"https:\/\/www.noidiqua.it\/Agliana\/appunti-di-redazione-12\/#primaryimage"},"image":{"@id":"https:\/\/www.noidiqua.it\/Agliana\/appunti-di-redazione-12\/#primaryimage"},"thumbnailUrl":"https:\/\/www.noidiqua.it\/Agliana\/wp-content\/uploads\/2018\/03\/Logo-Noidiqua.png","datePublished":"2014-06-12T10:28:09+00:00","dateModified":"2023-01-12T14:13:50+00:00","author":{"@id":"https:\/\/www.noidiqua.it\/Agliana\/#\/schema\/person\/e2e6f44da50af0dae9c90ad168e471a4"},"breadcrumb":{"@id":"https:\/\/www.noidiqua.it\/Agliana\/appunti-di-redazione-12\/#breadcrumb"},"inLanguage":"it-IT","potentialAction":[{"@type":"ReadAction","target":["https:\/\/www.noidiqua.it\/Agliana\/appunti-di-redazione-12\/"]}]},{"@type":"ImageObject","inLanguage":"it-IT","@id":"https:\/\/www.noidiqua.it\/Agliana\/appunti-di-redazione-12\/#primaryimage","url":"https:\/\/www.noidiqua.it\/Agliana\/wp-content\/uploads\/2018\/03\/Logo-Noidiqua.png","contentUrl":"https:\/\/www.noidiqua.it\/Agliana\/wp-content\/uploads\/2018\/03\/Logo-Noidiqua.png","width":488,"height":344},{"@type":"BreadcrumbList","@id":"https:\/\/www.noidiqua.it\/Agliana\/appunti-di-redazione-12\/#breadcrumb","itemListElement":[{"@type":"ListItem","position":1,"name":"Home","item":"https:\/\/www.noidiqua.it\/Agliana\/"},{"@type":"ListItem","position":2,"name":"Appunti di redazione"}]},{"@type":"WebSite","@id":"https:\/\/www.noidiqua.it\/Agliana\/#website","url":"https:\/\/www.noidiqua.it\/Agliana\/","name":"Noi di Qua Testata giornalistica e di attualit\u00e0 di Agliana, Montale e Quarrata.","description":"Testata Giornalistica Quarrata Montale Agliana","potentialAction":[{"@type":"SearchAction","target":{"@type":"EntryPoint","urlTemplate":"https:\/\/www.noidiqua.it\/Agliana\/?s={search_term_string}"},"query-input":{"@type":"PropertyValueSpecification","valueRequired":true,"valueName":"search_term_string"}}],"inLanguage":"it-IT"},{"@type":"Person","@id":"https:\/\/www.noidiqua.it\/Agliana\/#\/schema\/person\/e2e6f44da50af0dae9c90ad168e471a4","name":"Giacomo Bini","image":{"@type":"ImageObject","inLanguage":"it-IT","@id":"https:\/\/www.noidiqua.it\/Agliana\/#\/schema\/person\/image\/","url":"https:\/\/secure.gravatar.com\/avatar\/e5c18ae41df5ae37397358f2c6046696187d51a120c5d0b8f0c49f7b606f46f4?s=96&d=mm&r=g","contentUrl":"https:\/\/secure.gravatar.com\/avatar\/e5c18ae41df5ae37397358f2c6046696187d51a120c5d0b8f0c49f7b606f46f4?s=96&d=mm&r=g","caption":"Giacomo Bini"},"url":"https:\/\/www.noidiqua.it\/Agliana\/author\/giacomo-bini\/"}]}},"_links":{"self":[{"href":"https:\/\/www.noidiqua.it\/Agliana\/wp-json\/wp\/v2\/posts\/2845","targetHints":{"allow":["GET"]}}],"collection":[{"href":"https:\/\/www.noidiqua.it\/Agliana\/wp-json\/wp\/v2\/posts"}],"about":[{"href":"https:\/\/www.noidiqua.it\/Agliana\/wp-json\/wp\/v2\/types\/post"}],"author":[{"embeddable":true,"href":"https:\/\/www.noidiqua.it\/Agliana\/wp-json\/wp\/v2\/users\/12"}],"replies":[{"embeddable":true,"href":"https:\/\/www.noidiqua.it\/Agliana\/wp-json\/wp\/v2\/comments?post=2845"}],"version-history":[{"count":3,"href":"https:\/\/www.noidiqua.it\/Agliana\/wp-json\/wp\/v2\/posts\/2845\/revisions"}],"predecessor-version":[{"id":7995,"href":"https:\/\/www.noidiqua.it\/Agliana\/wp-json\/wp\/v2\/posts\/2845\/revisions\/7995"}],"wp:attachment":[{"href":"https:\/\/www.noidiqua.it\/Agliana\/wp-json\/wp\/v2\/media?parent=2845"}],"wp:term":[{"taxonomy":"category","embeddable":true,"href":"https:\/\/www.noidiqua.it\/Agliana\/wp-json\/wp\/v2\/categories?post=2845"},{"taxonomy":"post_tag","embeddable":true,"href":"https:\/\/www.noidiqua.it\/Agliana\/wp-json\/wp\/v2\/tags?post=2845"}],"curies":[{"name":"wp","href":"https:\/\/api.w.org\/{rel}","templated":true}]}}