{"id":2874,"date":"2014-06-12T13:32:16","date_gmt":"2014-06-12T11:32:16","guid":{"rendered":"https:\/\/www.noidiqua.it\/Agliana\/?p=2874"},"modified":"2024-01-24T17:07:04","modified_gmt":"2024-01-24T16:07:04","slug":"famiglia-pieraccini-40-anni-di-attivita","status":"publish","type":"post","link":"https:\/\/www.noidiqua.it\/Agliana\/famiglia-pieraccini-40-anni-di-attivita\/","title":{"rendered":"Famiglia Pieraccini &#8211; 40 anni di attivit\u00e0"},"content":{"rendered":"<p><em>di David Colzi<\/em><\/p>\n<p><em>giugno 2014<\/em><\/p>\n<p><a href=\"https:\/\/www.noidiqua.it\/Agliana\/wp-content\/uploads\/2014\/06\/pieraccini-1.png\" rel=\"wp-prettyPhoto[2874]\"><img loading=\"lazy\" decoding=\"async\" class=\"aligncenter size-full wp-image-8002\" src=\"https:\/\/www.noidiqua.it\/Agliana\/wp-content\/uploads\/2014\/06\/pieraccini-1.png\" alt=\"\" width=\"505\" height=\"378\" srcset=\"https:\/\/www.noidiqua.it\/Agliana\/wp-content\/uploads\/2014\/06\/pieraccini-1.png 505w, https:\/\/www.noidiqua.it\/Agliana\/wp-content\/uploads\/2014\/06\/pieraccini-1-300x225.png 300w\" sizes=\"auto, (max-width: 505px) 100vw, 505px\" \/><\/a><\/p>\n<p style=\"text-align: center;\"><a href=\"http:\/\/www.bellinigabriele.it\">Foto: Gabriele Bellini<\/a><\/p>\n<p style=\"text-align: justify;\"><em>Con tenacia e con passione:<\/em> cos\u00ec potremmo sintetizzare la storia imprenditoriale della famiglia <strong>Pieraccini<\/strong>. Stiamo parlando di <strong>Gioietta<\/strong> e dei figli <strong>Federico<\/strong> <strong>e Federica<\/strong>, tre artisti del capello&#8230; in tutte le sue sfumature. L&#8217;avventura inizia nel 1974 in localit\u00e0 <strong>Ferruccia<\/strong>, per mano di mamma Gioietta, e non a caso abbiamo usato il termine <em>tenacia<\/em>; infatti il suo sogno era da sempre quello di diventare parrucchiera, ma la famiglia non era d&#8217;accordo perch\u00e9 sarebbe stata \u201ctroppo lontana da casa\u201d, in quanto la scuola si trovava a Firenze. Dalla sua parte per\u00f2 c&#8217;era il marito <strong>Pio<\/strong>, e poco dopo essersi sposati, nel 1973, Gioietta part\u00ec alla volta del capoluogo toscano e l&#8217;anno seguente apr\u00ec il suo primo negozio in un piccolo spazio. <em>\u00abIl babbo\u00bb <\/em>sottolinea Federica \u00ab<em>\u00e8 da sempre la colonna portante della nostra famiglia. Lui ha sostenuto la mamma fin dagli inizi, permettendogli di diventare una professionista del settore. Tutt&#8217;oggi \u00e8 un aiuto fondamentale anche per me e mio fratello.\u00bb <\/em>Quando la famiglia si allarg\u00f2 con l&#8217;arrivo della secondogenita, Gioietta si rese conto che non avrebbe potuto girare l&#8217;Italia per fare corsi di aggiornamento, ma anche in questo caso la passione prese il sopravvento sulle avversit\u00e0. Ricorda Gioietta: <em>\u00abNel 1982 comprai uno dei primi videoregistratori, che all&#8217;epoca aveva un costo notevole, per rimanere aggiornata guardando le videocassette che arrivavano da Londra con i parrucchieri pi\u00f9 all&#8217;avanguardia\u00bb<\/em>. Cos\u00ec, in un soffio, passarono 11 anni dall&#8217;inizio dell&#8217;attivit\u00e0, e nel 1985 Gioietta si trasfer\u00ec dove si trova ancora oggi, in via xx settembre. La pi\u00f9 bella soddisfazione? <em>\u00abEssere arrivata alla terza generazione di clienti;\u00bb<\/em> dice Gioietta <em>\u00abinfatti alcune signore le ho viste fidanzarsi, sposarsi e avere delle figlie, le quali a loro volta sono diventate nostre clienti. Alcune sono diventate mamme e portano da noi le loro bimbe a tagliarsi i capelli. Questo mi emoziona sempre e mi fa capire che abbiamo lavorato bene.\u00bb<\/em><\/p>\n<p><a href=\"https:\/\/www.noidiqua.it\/Agliana\/wp-content\/uploads\/2014\/06\/pieraccini-2.png\" rel=\"wp-prettyPhoto[2874]\"><img loading=\"lazy\" decoding=\"async\" class=\"aligncenter size-full wp-image-8003\" src=\"https:\/\/www.noidiqua.it\/Agliana\/wp-content\/uploads\/2014\/06\/pieraccini-2.png\" alt=\"\" width=\"328\" height=\"397\" srcset=\"https:\/\/www.noidiqua.it\/Agliana\/wp-content\/uploads\/2014\/06\/pieraccini-2.png 328w, https:\/\/www.noidiqua.it\/Agliana\/wp-content\/uploads\/2014\/06\/pieraccini-2-248x300.png 248w\" sizes=\"auto, (max-width: 328px) 100vw, 328px\" \/><\/a><\/p>\n<p style=\"text-align: justify;\">Nell&#8217;89 \u00e8 entrato in negozio Federico, che negli anni si \u00e8 diviso tra il lavoro e l&#8217;insegnamento, oltre a partecipare a sfilate ed eventi per marchi del calibro di: <strong>Trussardi<\/strong>, <strong>Dolce e Gabbana<\/strong>, <strong>Max Mara<\/strong> e <strong>Valentino<\/strong>. Tra le sue sapienti mani, sono passati modelle e attrici famose quali <strong>Charlize Theron<\/strong> e <strong>Helen Hunt<\/strong>. La sua conoscenza della materia e la pratica nell&#8217;insegnamento, sono stati molto utili anche a Federica che nel &#8217;96 ha seguito le orme della mamma e del fratello. Dal 1998 sono i fratelli Pieraccini a gestire il salone, anche se mamma Gioietta \u00e8 sempre presente con i suoi consigli. Oggi possono contare sulle collaboratrici: Silvia, Monica, Elisa, Manuela, Cristina, Giusy e Kristiana.<\/p>\n<p style=\"text-align: justify;\">Visto che questo articolo \u00e8 pieno di date, ve ne proponiamo un&#8217;altra: <strong>6 luglio 2014<\/strong>. Quella domenica infatti \u201cMaison Premier\u201d si trasferir\u00e0 in nuovi locali vicino alla rotonda che da Agliana porta a Quarrata; l\u00ec hanno preparato un vero salone per la salute e la bellezza di capelli e corpo, su una superficie di 300 metri quadri. All&#8217;interno ci sar\u00e0 un angolo curioso, il \u201cColour bar\u201d, dove verranno preparate le tinte per le clienti in diretta dietro un bancone, come un barman prepara un cocktail. Ci sar\u00e0 anche un bar vero e proprio, che non offrir\u00e0 solo tisane, ma piatti caldi, frullati e quant&#8217;altro con particolare attenzione al biologico e alle calorie che verranno segnalate per ogni prodotto. Per sapere tutte le altre novit\u00e0, come il <strong>\u201cTemporary store\u201d<\/strong>, dovrete attendere ancora un po&#8217;&#8230; <em>\u00abQuesta non sar\u00e0 un&#8217;autocelebrazione per i nostri 40 anni, ma una nuova sfida imprenditoriale\u00bb <\/em>conclude Federico Pieraccini.<\/p>\n<p style=\"text-align: right;\"><em><a href=\"http:\/\/www.maisonpremiere.it\">www.maisonpremiere.it<\/a><\/em><\/p>","protected":false},"excerpt":{"rendered":"<p>di David Colzi giugno 2014 Foto: Gabriele Bellini Con tenacia e con passione: cos\u00ec potremmo sintetizzare la storia imprenditoriale della famiglia Pieraccini. Stiamo parlando di Gioietta e dei figli Federico e Federica, tre artisti del capello&#8230; in tutte le sue sfumature. L&#8217;avventura inizia nel 1974 in localit\u00e0 [&hellip;]<\/p>","protected":false},"author":5,"featured_media":8002,"comment_status":"open","ping_status":"open","sticky":false,"template":"","format":"standard","meta":{"footnotes":""},"categories":[2,3],"tags":[],"class_list":["post-2874","post","type-post","status-publish","format-standard","has-post-thumbnail","hentry","category-ag","category-arte-artigianato-qt"],"yoast_head":"<!-- This site is optimized with the Yoast SEO plugin v25.5 - https:\/\/yoast.com\/wordpress\/plugins\/seo\/ -->\n<title>Famiglia Pieraccini - 40 anni di attivit\u00e0 - Noi di Qua Testata giornalistica e di attualit\u00e0 di Agliana, Montale e Quarrata.<\/title>\n<meta name=\"robots\" content=\"index, follow, max-snippet:-1, max-image-preview:large, max-video-preview:-1\" \/>\n<link rel=\"canonical\" href=\"https:\/\/www.noidiqua.it\/Agliana\/famiglia-pieraccini-40-anni-di-attivita\/\" \/>\n<meta property=\"og:locale\" content=\"it_IT\" \/>\n<meta property=\"og:type\" content=\"article\" \/>\n<meta property=\"og:title\" content=\"Famiglia Pieraccini - 40 anni di attivit\u00e0 - Noi di Qua Testata giornalistica e di attualit\u00e0 di Agliana, Montale e Quarrata.\" \/>\n<meta property=\"og:description\" content=\"di David Colzi giugno 2014 Foto: Gabriele Bellini Con tenacia e con passione: cos\u00ec potremmo sintetizzare la storia imprenditoriale della famiglia Pieraccini. Stiamo parlando di Gioietta e dei figli Federico e Federica, tre artisti del capello&#8230; in tutte le sue sfumature. L&#8217;avventura inizia nel 1974 in localit\u00e0 [&hellip;]\" \/>\n<meta property=\"og:url\" content=\"https:\/\/www.noidiqua.it\/Agliana\/famiglia-pieraccini-40-anni-di-attivita\/\" \/>\n<meta property=\"og:site_name\" content=\"Noi di Qua Testata giornalistica e di attualit\u00e0 di Agliana, Montale e Quarrata.\" \/>\n<meta property=\"article:publisher\" content=\"https:\/\/www.facebook.com\/noidiqua.trimestrale\/\" \/>\n<meta property=\"article:published_time\" content=\"2014-06-12T11:32:16+00:00\" \/>\n<meta property=\"article:modified_time\" content=\"2024-01-24T16:07:04+00:00\" \/>\n<meta property=\"og:image\" content=\"https:\/\/www.noidiqua.it\/Agliana\/wp-content\/uploads\/2014\/06\/pieraccini-1.png\" \/>\n\t<meta property=\"og:image:width\" content=\"505\" \/>\n\t<meta property=\"og:image:height\" content=\"378\" \/>\n\t<meta property=\"og:image:type\" content=\"image\/png\" \/>\n<meta name=\"author\" content=\"David Colzi\" \/>\n<meta name=\"twitter:label1\" content=\"Scritto da\" \/>\n\t<meta name=\"twitter:data1\" content=\"David Colzi\" \/>\n\t<meta name=\"twitter:label2\" content=\"Tempo di lettura stimato\" \/>\n\t<meta name=\"twitter:data2\" content=\"3 minuti\" \/>\n<script type=\"application\/ld+json\" class=\"yoast-schema-graph\">{\"@context\":\"https:\/\/schema.org\",\"@graph\":[{\"@type\":\"WebPage\",\"@id\":\"https:\/\/www.noidiqua.it\/Agliana\/famiglia-pieraccini-40-anni-di-attivita\/\",\"url\":\"https:\/\/www.noidiqua.it\/Agliana\/famiglia-pieraccini-40-anni-di-attivita\/\",\"name\":\"Famiglia Pieraccini - 40 anni di attivit\u00e0 - Noi di Qua Testata giornalistica e di attualit\u00e0 di Agliana, Montale e Quarrata.\",\"isPartOf\":{\"@id\":\"https:\/\/www.noidiqua.it\/Agliana\/#website\"},\"primaryImageOfPage\":{\"@id\":\"https:\/\/www.noidiqua.it\/Agliana\/famiglia-pieraccini-40-anni-di-attivita\/#primaryimage\"},\"image\":{\"@id\":\"https:\/\/www.noidiqua.it\/Agliana\/famiglia-pieraccini-40-anni-di-attivita\/#primaryimage\"},\"thumbnailUrl\":\"https:\/\/www.noidiqua.it\/Agliana\/wp-content\/uploads\/2014\/06\/pieraccini-1.png\",\"datePublished\":\"2014-06-12T11:32:16+00:00\",\"dateModified\":\"2024-01-24T16:07:04+00:00\",\"author\":{\"@id\":\"https:\/\/www.noidiqua.it\/Agliana\/#\/schema\/person\/3b45dd21eb2367c177b6a6d35c868ccc\"},\"breadcrumb\":{\"@id\":\"https:\/\/www.noidiqua.it\/Agliana\/famiglia-pieraccini-40-anni-di-attivita\/#breadcrumb\"},\"inLanguage\":\"it-IT\",\"potentialAction\":[{\"@type\":\"ReadAction\",\"target\":[\"https:\/\/www.noidiqua.it\/Agliana\/famiglia-pieraccini-40-anni-di-attivita\/\"]}]},{\"@type\":\"ImageObject\",\"inLanguage\":\"it-IT\",\"@id\":\"https:\/\/www.noidiqua.it\/Agliana\/famiglia-pieraccini-40-anni-di-attivita\/#primaryimage\",\"url\":\"https:\/\/www.noidiqua.it\/Agliana\/wp-content\/uploads\/2014\/06\/pieraccini-1.png\",\"contentUrl\":\"https:\/\/www.noidiqua.it\/Agliana\/wp-content\/uploads\/2014\/06\/pieraccini-1.png\",\"width\":505,\"height\":378},{\"@type\":\"BreadcrumbList\",\"@id\":\"https:\/\/www.noidiqua.it\/Agliana\/famiglia-pieraccini-40-anni-di-attivita\/#breadcrumb\",\"itemListElement\":[{\"@type\":\"ListItem\",\"position\":1,\"name\":\"Home\",\"item\":\"https:\/\/www.noidiqua.it\/Agliana\/\"},{\"@type\":\"ListItem\",\"position\":2,\"name\":\"Famiglia Pieraccini &#8211; 40 anni di attivit\u00e0\"}]},{\"@type\":\"WebSite\",\"@id\":\"https:\/\/www.noidiqua.it\/Agliana\/#website\",\"url\":\"https:\/\/www.noidiqua.it\/Agliana\/\",\"name\":\"Noi di Qua Testata giornalistica e di attualit\u00e0 di Agliana, Montale e Quarrata.\",\"description\":\"Testata Giornalistica Quarrata Montale Agliana\",\"potentialAction\":[{\"@type\":\"SearchAction\",\"target\":{\"@type\":\"EntryPoint\",\"urlTemplate\":\"https:\/\/www.noidiqua.it\/Agliana\/?s={search_term_string}\"},\"query-input\":{\"@type\":\"PropertyValueSpecification\",\"valueRequired\":true,\"valueName\":\"search_term_string\"}}],\"inLanguage\":\"it-IT\"},{\"@type\":\"Person\",\"@id\":\"https:\/\/www.noidiqua.it\/Agliana\/#\/schema\/person\/3b45dd21eb2367c177b6a6d35c868ccc\",\"name\":\"David Colzi\",\"image\":{\"@type\":\"ImageObject\",\"inLanguage\":\"it-IT\",\"@id\":\"https:\/\/www.noidiqua.it\/Agliana\/#\/schema\/person\/image\/\",\"url\":\"https:\/\/secure.gravatar.com\/avatar\/515ac68c0075b78a8243a0f28e5a361c9b5c466a1d6912ac3919ddd928c4db8c?s=96&d=mm&r=g\",\"contentUrl\":\"https:\/\/secure.gravatar.com\/avatar\/515ac68c0075b78a8243a0f28e5a361c9b5c466a1d6912ac3919ddd928c4db8c?s=96&d=mm&r=g\",\"caption\":\"David Colzi\"},\"url\":\"https:\/\/www.noidiqua.it\/Agliana\/author\/david-colzi\/\"}]}<\/script>\n<!-- \/ Yoast SEO plugin. -->","yoast_head_json":{"title":"Famiglia Pieraccini - 40 anni di attivit\u00e0 - Noi di Qua Testata giornalistica e di attualit\u00e0 di Agliana, Montale e Quarrata.","robots":{"index":"index","follow":"follow","max-snippet":"max-snippet:-1","max-image-preview":"max-image-preview:large","max-video-preview":"max-video-preview:-1"},"canonical":"https:\/\/www.noidiqua.it\/Agliana\/famiglia-pieraccini-40-anni-di-attivita\/","og_locale":"it_IT","og_type":"article","og_title":"Famiglia Pieraccini - 40 anni di attivit\u00e0 - Noi di Qua Testata giornalistica e di attualit\u00e0 di Agliana, Montale e Quarrata.","og_description":"di David Colzi giugno 2014 Foto: Gabriele Bellini Con tenacia e con passione: cos\u00ec potremmo sintetizzare la storia imprenditoriale della famiglia Pieraccini. Stiamo parlando di Gioietta e dei figli Federico e Federica, tre artisti del capello&#8230; in tutte le sue sfumature. L&#8217;avventura inizia nel 1974 in localit\u00e0 [&hellip;]","og_url":"https:\/\/www.noidiqua.it\/Agliana\/famiglia-pieraccini-40-anni-di-attivita\/","og_site_name":"Noi di Qua Testata giornalistica e di attualit\u00e0 di Agliana, Montale e Quarrata.","article_publisher":"https:\/\/www.facebook.com\/noidiqua.trimestrale\/","article_published_time":"2014-06-12T11:32:16+00:00","article_modified_time":"2024-01-24T16:07:04+00:00","og_image":[{"width":505,"height":378,"url":"https:\/\/www.noidiqua.it\/Agliana\/wp-content\/uploads\/2014\/06\/pieraccini-1.png","type":"image\/png"}],"author":"David Colzi","twitter_misc":{"Scritto da":"David Colzi","Tempo di lettura stimato":"3 minuti"},"schema":{"@context":"https:\/\/schema.org","@graph":[{"@type":"WebPage","@id":"https:\/\/www.noidiqua.it\/Agliana\/famiglia-pieraccini-40-anni-di-attivita\/","url":"https:\/\/www.noidiqua.it\/Agliana\/famiglia-pieraccini-40-anni-di-attivita\/","name":"Famiglia Pieraccini - 40 anni di attivit\u00e0 - Noi di Qua Testata giornalistica e di attualit\u00e0 di Agliana, Montale e Quarrata.","isPartOf":{"@id":"https:\/\/www.noidiqua.it\/Agliana\/#website"},"primaryImageOfPage":{"@id":"https:\/\/www.noidiqua.it\/Agliana\/famiglia-pieraccini-40-anni-di-attivita\/#primaryimage"},"image":{"@id":"https:\/\/www.noidiqua.it\/Agliana\/famiglia-pieraccini-40-anni-di-attivita\/#primaryimage"},"thumbnailUrl":"https:\/\/www.noidiqua.it\/Agliana\/wp-content\/uploads\/2014\/06\/pieraccini-1.png","datePublished":"2014-06-12T11:32:16+00:00","dateModified":"2024-01-24T16:07:04+00:00","author":{"@id":"https:\/\/www.noidiqua.it\/Agliana\/#\/schema\/person\/3b45dd21eb2367c177b6a6d35c868ccc"},"breadcrumb":{"@id":"https:\/\/www.noidiqua.it\/Agliana\/famiglia-pieraccini-40-anni-di-attivita\/#breadcrumb"},"inLanguage":"it-IT","potentialAction":[{"@type":"ReadAction","target":["https:\/\/www.noidiqua.it\/Agliana\/famiglia-pieraccini-40-anni-di-attivita\/"]}]},{"@type":"ImageObject","inLanguage":"it-IT","@id":"https:\/\/www.noidiqua.it\/Agliana\/famiglia-pieraccini-40-anni-di-attivita\/#primaryimage","url":"https:\/\/www.noidiqua.it\/Agliana\/wp-content\/uploads\/2014\/06\/pieraccini-1.png","contentUrl":"https:\/\/www.noidiqua.it\/Agliana\/wp-content\/uploads\/2014\/06\/pieraccini-1.png","width":505,"height":378},{"@type":"BreadcrumbList","@id":"https:\/\/www.noidiqua.it\/Agliana\/famiglia-pieraccini-40-anni-di-attivita\/#breadcrumb","itemListElement":[{"@type":"ListItem","position":1,"name":"Home","item":"https:\/\/www.noidiqua.it\/Agliana\/"},{"@type":"ListItem","position":2,"name":"Famiglia Pieraccini &#8211; 40 anni di attivit\u00e0"}]},{"@type":"WebSite","@id":"https:\/\/www.noidiqua.it\/Agliana\/#website","url":"https:\/\/www.noidiqua.it\/Agliana\/","name":"Noi di Qua Testata giornalistica e di attualit\u00e0 di Agliana, Montale e Quarrata.","description":"Testata Giornalistica Quarrata Montale Agliana","potentialAction":[{"@type":"SearchAction","target":{"@type":"EntryPoint","urlTemplate":"https:\/\/www.noidiqua.it\/Agliana\/?s={search_term_string}"},"query-input":{"@type":"PropertyValueSpecification","valueRequired":true,"valueName":"search_term_string"}}],"inLanguage":"it-IT"},{"@type":"Person","@id":"https:\/\/www.noidiqua.it\/Agliana\/#\/schema\/person\/3b45dd21eb2367c177b6a6d35c868ccc","name":"David Colzi","image":{"@type":"ImageObject","inLanguage":"it-IT","@id":"https:\/\/www.noidiqua.it\/Agliana\/#\/schema\/person\/image\/","url":"https:\/\/secure.gravatar.com\/avatar\/515ac68c0075b78a8243a0f28e5a361c9b5c466a1d6912ac3919ddd928c4db8c?s=96&d=mm&r=g","contentUrl":"https:\/\/secure.gravatar.com\/avatar\/515ac68c0075b78a8243a0f28e5a361c9b5c466a1d6912ac3919ddd928c4db8c?s=96&d=mm&r=g","caption":"David Colzi"},"url":"https:\/\/www.noidiqua.it\/Agliana\/author\/david-colzi\/"}]}},"_links":{"self":[{"href":"https:\/\/www.noidiqua.it\/Agliana\/wp-json\/wp\/v2\/posts\/2874","targetHints":{"allow":["GET"]}}],"collection":[{"href":"https:\/\/www.noidiqua.it\/Agliana\/wp-json\/wp\/v2\/posts"}],"about":[{"href":"https:\/\/www.noidiqua.it\/Agliana\/wp-json\/wp\/v2\/types\/post"}],"author":[{"embeddable":true,"href":"https:\/\/www.noidiqua.it\/Agliana\/wp-json\/wp\/v2\/users\/5"}],"replies":[{"embeddable":true,"href":"https:\/\/www.noidiqua.it\/Agliana\/wp-json\/wp\/v2\/comments?post=2874"}],"version-history":[{"count":4,"href":"https:\/\/www.noidiqua.it\/Agliana\/wp-json\/wp\/v2\/posts\/2874\/revisions"}],"predecessor-version":[{"id":8004,"href":"https:\/\/www.noidiqua.it\/Agliana\/wp-json\/wp\/v2\/posts\/2874\/revisions\/8004"}],"wp:featuredmedia":[{"embeddable":true,"href":"https:\/\/www.noidiqua.it\/Agliana\/wp-json\/wp\/v2\/media\/8002"}],"wp:attachment":[{"href":"https:\/\/www.noidiqua.it\/Agliana\/wp-json\/wp\/v2\/media?parent=2874"}],"wp:term":[{"taxonomy":"category","embeddable":true,"href":"https:\/\/www.noidiqua.it\/Agliana\/wp-json\/wp\/v2\/categories?post=2874"},{"taxonomy":"post_tag","embeddable":true,"href":"https:\/\/www.noidiqua.it\/Agliana\/wp-json\/wp\/v2\/tags?post=2874"}],"curies":[{"name":"wp","href":"https:\/\/api.w.org\/{rel}","templated":true}]}}