{"id":2892,"date":"2014-06-12T13:58:16","date_gmt":"2014-06-12T13:58:16","guid":{"rendered":"https:\/\/www.noidiqua.it\/Agliana\/?p=2892"},"modified":"2023-01-12T15:29:03","modified_gmt":"2023-01-12T14:29:03","slug":"i-brevi-di-noidiqua-11","status":"publish","type":"post","link":"https:\/\/www.noidiqua.it\/Agliana\/i-brevi-di-noidiqua-11\/","title":{"rendered":"I brevi di Noidiqua"},"content":{"rendered":"<p><em>di Piera Salvi<\/em><\/p>\n<p><em>giugno 2014<\/em><\/p>\n<p><a href=\"https:\/\/www.noidiqua.it\/Agliana\/wp-content\/uploads\/2021\/04\/brevi.png\" rel=\"wp-prettyPhoto[2892]\"><img loading=\"lazy\" decoding=\"async\" class=\"aligncenter size-full wp-image-5751\" src=\"https:\/\/www.noidiqua.it\/Agliana\/wp-content\/uploads\/2021\/04\/brevi.png\" alt=\"\" width=\"473\" height=\"291\" srcset=\"https:\/\/www.noidiqua.it\/Agliana\/wp-content\/uploads\/2021\/04\/brevi.png 473w, https:\/\/www.noidiqua.it\/Agliana\/wp-content\/uploads\/2021\/04\/brevi-300x185.png 300w\" sizes=\"auto, (max-width: 473px) 100vw, 473px\" \/><\/a><\/p>\n<p>&nbsp;<\/p>\n<p style=\"text-align: justify;\"><strong>Sono tanti gli ex alunni che si ritrovano dopo molti anni, ma che emozione posare per una foto di gruppo dopo 61 anni, nella stessa stanza che un tempo fu la loro aula delle elementari. E\u2019 avvenuto recentemente nella frazione di S. Michele<\/strong>, dove dal 1948 al 1953, un gruppo di alunni frequent\u00f2 la scuola elementare in una stanza della parrocchia, all\u2019epoca adibita ad aula scolastica. Il gruppo \u00e8 riuscito a ritrovarsi e posare per una foto in quella stessa stanza, per assaporare di nuovo i ricordi dell\u2019infanzia sui banchi di scuola e tornare con la memoria all\u2019insegnante Ines Zaffi Gorgeri. Dopo la foto, hanno deposto un mazzo di fiori sulla tomba della maestra, nel vicino cimitero, poi tutti a pranzo al Tennis club Agliana, emozionati e felici. Questi gli ex alunni: <em>Margherita Gelli, Enzo Valerio Guarducci, Ettoriano Mannelli, Angelo Melani, Gabriella Mannelli, Renzo Giusti, Paolo Gori, Paolo Baldi, Renzo Biagioni, Luigi Baldi, Florenza Baldi, Renzo Mannelli, Fernanda Meoni, Santino Biagioni, Piera Baroncelli, Osanna Gori, Angela Gori, Claudio Carlesi, Roberto Nistri, Gino Bonacchi, Roberto Colzi, Piero Meoni, Piera Baldi e Albertina Marini.\u00a0<\/em><\/p>\n<p>&nbsp;<\/p>\n<p style=\"text-align: justify;\"><strong>Il gruppo bandistico \u201cI tigrotti\u201d ha recentemente rinnovato il proprio consiglio direttivo<\/strong>, riconfermando presidente Mario Bugossi, vice presidente Riccardo Salvadori, Anna Maria Mannori segretaria. Questi gli altri componenti del direttivo: <em>Tiziana Matteini (tesoriere),Graziano Borri (capobanda), Filippo Buracchi (vice capobanda), Antonella Puggelli (addetta alle pubbliche relazioni), Alessandro Grillini (vice direttore artistico) e i consiglieri: Silvano Buracchi, Stefano Taiuti, Rossella Cecchi, Gianna Casati e Silvia Taiuti<\/em>. Tutti quanti ringraziano i consiglieri non pi\u00f9 presenti nel nuovo direttivo per l\u2019opera svolta a favore del gruppo. La banda aglianese \u201cI tigrotti\u201d \u00e8 nata nel 1975 ed \u00e8 stata ricostituita nel 2002, dopo un periodo di inattivit\u00e0. Da diversi anni \u00e8 composta da molti giovani e svolge un\u2019intensa attivit\u00e0, sia per la formazione musicale dei giovani che per l\u2019esibizione in concerti e la partecipazione ad eventi e manifestazioni.<\/p>\n<p>&nbsp;<\/p>\n<p style=\"text-align: justify;\"><strong>Goliardi si nasce&#8230; e si rimane, anche se i capelli imbiancano. Goliardi senza paura d\u2019invecchiare: l\u2019unica paura \u00e8 diventare seri! Strepitoso successo al teatro Moderno delle quattro serate di proiezione video dello spettacolo \u201cDante ne fa una ne fa tante&#8230;\u201d, messo in scena dal gruppo \u201cGoliardi si nasce\u201d nel 1991<\/strong>. Il grande interesse del pubblico ha riconfermato il successo della proiezione precedente \u201cAlessandro dicci la verit\u00e0\u201d, parodia de \u201cI promessi sposi\u201d. Il gruppo \u201cGoliardi si nasce\u201d nato nel 1989, svolse attivit\u00e0 teatrale nei primi anni \u201990, mettendo in scena spettacoli divertenti a scopo di beneficenza, ora riproposti in video, seguiti da performance dal vivo sulla vita di oggi. Come allora si ritrovano, scrivono testi, provano, si travestono e si divertono. Goliardi, ora come allora, sempre a scopo benefico. Il ricavato delle serate sar\u00e0 devoluto all\u2019associazione \u201cPortaAperta\u201d della parrocchia di S. Piero. Negli anni \u201990 erano una ventina, oggi qualcuno purtroppo non c\u2019\u00e8 pi\u00f9 e queste serate (come altre iniziative in passato) sono un modo per ricordarli.<\/p>\n<p>&nbsp;<\/p>\n<p style=\"text-align: justify;\"><strong>Si \u00e8 svolta il 12 giugno nella chiesa di San Piero (nell\u2019ambito del Giugno aglianese) la prima rassegna di tutti i cori di Agliana<\/strong> che sono ben sette: coro dei ragazzi di Agliana, coro Il ponticino della Parrocchia di S.S. Filippo e Giacomo della Ferruccia, coro parrocchiale di San Niccol\u00f2, coro parrocchiale di San Michele, coro parrocchiale di San Piero, coro di Spedalino Asnelli e coro polifonico Terra Betinga. Totale 168 partecipanti che hanno eseguito tre brani ciascuno, per finire con unica corale nel brano \u201cJesus Christ you are my life\u201d di Marco Frisina. La rassegna \u00e8 stata proposta e organizzata dal coro parrocchiale di San Piero. Hanno presentato l\u2019evento Franco Angerosa e Monica Falciani.<\/p>\n<p>&nbsp;<\/p>\n<p style=\"text-align: justify;\"><strong>Inaugurato domenica 18 maggio il nuovo spazio culturale \u201cIl Maggese\u201d in zona Acqualunga, nell\u2019ex sede dell\u2019associazione \u201cIl Monte\u201d<\/strong>, affidata dal Comune in convenzione all&#8217;associazione \u201cAmnio\u201d, tramite bando di gara. Uno spazio accogliente e funzionale a molteplici attivit\u00e0 culturali, sia al chiuso che all\u2019aperto. Tra le attivit\u00e0 previste al \u201cMaggese\u201d, lo spettacolo itinerante dei tre laboratori attivi nell\u2019associazione, che nelle ultime due settimane di luglio vedr\u00e0 una cinquantina di attori in scena. \u201cIl Maggese\u201d \u00e8 uno spazio polivalente, che potr\u00e0 ospitare eventi culturali e ricreativi, corsi, laboratori e spettacoli.<em>\u00abE\u2019 un luogo di cui potranno beneficiare tutte le fasce di et\u00e0, gradevole da vivere e fruibile anche da altre associazioni, in accordo con il gestore. Le richieste potranno essere inoltrate a partire dal primo di luglio. L\u2019obiettivo \u00e8 quello di evitare che uno spazio dell\u2019amministrazione comunale sia identificato dai cittadini come uno spazio dell\u2019associazione che lo gestisce\u00bb, <\/em>ha d<\/p>","protected":false},"excerpt":{"rendered":"<p>di Piera Salvi giugno 2014 &nbsp; Sono tanti gli ex alunni che si ritrovano dopo molti anni, ma che emozione posare per una foto di gruppo dopo 61 anni, nella stessa stanza che un tempo fu la loro aula delle elementari. E\u2019 avvenuto recentemente nella frazione di [&hellip;]<\/p>","protected":false},"author":13,"featured_media":0,"comment_status":"open","ping_status":"open","sticky":false,"template":"","format":"standard","meta":{"footnotes":""},"categories":[2,14],"tags":[37,38,42,79,84,96,97,107,108,111],"class_list":["post-2892","post","type-post","status-publish","format-standard","hentry","category-ag","category-brevi-ndq-qt","tag-ag-ag","tag-aglianese","tag-arti-e-mestieri","tag-gente-di-qua","tag-laglianese","tag-noidiqua","tag-noidiqua-laglianese","tag-personaggi","tag-piera-salvi","tag-redazionale"],"yoast_head":"<!-- This site is optimized with the Yoast SEO plugin v25.5 - https:\/\/yoast.com\/wordpress\/plugins\/seo\/ -->\n<title>I brevi di Noidiqua - Noi di Qua Testata giornalistica e di attualit\u00e0 di Agliana, Montale e Quarrata.<\/title>\n<meta name=\"robots\" content=\"index, follow, max-snippet:-1, max-image-preview:large, max-video-preview:-1\" \/>\n<link rel=\"canonical\" href=\"https:\/\/www.noidiqua.it\/Agliana\/i-brevi-di-noidiqua-11\/\" \/>\n<meta property=\"og:locale\" content=\"it_IT\" \/>\n<meta property=\"og:type\" content=\"article\" \/>\n<meta property=\"og:title\" content=\"I brevi di Noidiqua - Noi di Qua Testata giornalistica e di attualit\u00e0 di Agliana, Montale e Quarrata.\" \/>\n<meta property=\"og:description\" content=\"di Piera Salvi giugno 2014 &nbsp; Sono tanti gli ex alunni che si ritrovano dopo molti anni, ma che emozione posare per una foto di gruppo dopo 61 anni, nella stessa stanza che un tempo fu la loro aula delle elementari. E\u2019 avvenuto recentemente nella frazione di [&hellip;]\" \/>\n<meta property=\"og:url\" content=\"https:\/\/www.noidiqua.it\/Agliana\/i-brevi-di-noidiqua-11\/\" \/>\n<meta property=\"og:site_name\" content=\"Noi di Qua Testata giornalistica e di attualit\u00e0 di Agliana, Montale e Quarrata.\" \/>\n<meta property=\"article:publisher\" content=\"https:\/\/www.facebook.com\/noidiqua.trimestrale\/\" \/>\n<meta property=\"article:published_time\" content=\"2014-06-12T13:58:16+00:00\" \/>\n<meta property=\"article:modified_time\" content=\"2023-01-12T14:29:03+00:00\" \/>\n<meta property=\"og:image\" content=\"https:\/\/www.noidiqua.it\/Agliana\/wp-content\/uploads\/2021\/04\/brevi.png\" \/>\n<meta name=\"author\" content=\"Piera Salvi\" \/>\n<meta name=\"twitter:label1\" content=\"Scritto da\" \/>\n\t<meta name=\"twitter:data1\" content=\"Piera Salvi\" \/>\n\t<meta name=\"twitter:label2\" content=\"Tempo di lettura stimato\" \/>\n\t<meta name=\"twitter:data2\" content=\"4 minuti\" \/>\n<script type=\"application\/ld+json\" class=\"yoast-schema-graph\">{\"@context\":\"https:\/\/schema.org\",\"@graph\":[{\"@type\":\"WebPage\",\"@id\":\"https:\/\/www.noidiqua.it\/Agliana\/i-brevi-di-noidiqua-11\/\",\"url\":\"https:\/\/www.noidiqua.it\/Agliana\/i-brevi-di-noidiqua-11\/\",\"name\":\"I brevi di Noidiqua - Noi di Qua Testata giornalistica e di attualit\u00e0 di Agliana, Montale e Quarrata.\",\"isPartOf\":{\"@id\":\"https:\/\/www.noidiqua.it\/Agliana\/#website\"},\"primaryImageOfPage\":{\"@id\":\"https:\/\/www.noidiqua.it\/Agliana\/i-brevi-di-noidiqua-11\/#primaryimage\"},\"image\":{\"@id\":\"https:\/\/www.noidiqua.it\/Agliana\/i-brevi-di-noidiqua-11\/#primaryimage\"},\"thumbnailUrl\":\"https:\/\/www.noidiqua.it\/Agliana\/wp-content\/uploads\/2021\/04\/brevi.png\",\"datePublished\":\"2014-06-12T13:58:16+00:00\",\"dateModified\":\"2023-01-12T14:29:03+00:00\",\"author\":{\"@id\":\"https:\/\/www.noidiqua.it\/Agliana\/#\/schema\/person\/bb7515c2330bb1137f247276096fa7dc\"},\"breadcrumb\":{\"@id\":\"https:\/\/www.noidiqua.it\/Agliana\/i-brevi-di-noidiqua-11\/#breadcrumb\"},\"inLanguage\":\"it-IT\",\"potentialAction\":[{\"@type\":\"ReadAction\",\"target\":[\"https:\/\/www.noidiqua.it\/Agliana\/i-brevi-di-noidiqua-11\/\"]}]},{\"@type\":\"ImageObject\",\"inLanguage\":\"it-IT\",\"@id\":\"https:\/\/www.noidiqua.it\/Agliana\/i-brevi-di-noidiqua-11\/#primaryimage\",\"url\":\"https:\/\/www.noidiqua.it\/Agliana\/wp-content\/uploads\/2021\/04\/brevi.png\",\"contentUrl\":\"https:\/\/www.noidiqua.it\/Agliana\/wp-content\/uploads\/2021\/04\/brevi.png\",\"width\":473,\"height\":291},{\"@type\":\"BreadcrumbList\",\"@id\":\"https:\/\/www.noidiqua.it\/Agliana\/i-brevi-di-noidiqua-11\/#breadcrumb\",\"itemListElement\":[{\"@type\":\"ListItem\",\"position\":1,\"name\":\"Home\",\"item\":\"https:\/\/www.noidiqua.it\/Agliana\/\"},{\"@type\":\"ListItem\",\"position\":2,\"name\":\"I brevi di Noidiqua\"}]},{\"@type\":\"WebSite\",\"@id\":\"https:\/\/www.noidiqua.it\/Agliana\/#website\",\"url\":\"https:\/\/www.noidiqua.it\/Agliana\/\",\"name\":\"Noi di Qua Testata giornalistica e di attualit\u00e0 di Agliana, Montale e Quarrata.\",\"description\":\"Testata Giornalistica Quarrata Montale Agliana\",\"potentialAction\":[{\"@type\":\"SearchAction\",\"target\":{\"@type\":\"EntryPoint\",\"urlTemplate\":\"https:\/\/www.noidiqua.it\/Agliana\/?s={search_term_string}\"},\"query-input\":{\"@type\":\"PropertyValueSpecification\",\"valueRequired\":true,\"valueName\":\"search_term_string\"}}],\"inLanguage\":\"it-IT\"},{\"@type\":\"Person\",\"@id\":\"https:\/\/www.noidiqua.it\/Agliana\/#\/schema\/person\/bb7515c2330bb1137f247276096fa7dc\",\"name\":\"Piera Salvi\",\"image\":{\"@type\":\"ImageObject\",\"inLanguage\":\"it-IT\",\"@id\":\"https:\/\/www.noidiqua.it\/Agliana\/#\/schema\/person\/image\/\",\"url\":\"https:\/\/secure.gravatar.com\/avatar\/2f9b1fb6e13f3b3e63bde435d999a73be036e320f7a0f5f32f9ac21859d999cd?s=96&d=mm&r=g\",\"contentUrl\":\"https:\/\/secure.gravatar.com\/avatar\/2f9b1fb6e13f3b3e63bde435d999a73be036e320f7a0f5f32f9ac21859d999cd?s=96&d=mm&r=g\",\"caption\":\"Piera Salvi\"},\"url\":\"https:\/\/www.noidiqua.it\/Agliana\/author\/piera-salvi\/\"}]}<\/script>\n<!-- \/ Yoast SEO plugin. -->","yoast_head_json":{"title":"I brevi di Noidiqua - Noi di Qua Testata giornalistica e di attualit\u00e0 di Agliana, Montale e Quarrata.","robots":{"index":"index","follow":"follow","max-snippet":"max-snippet:-1","max-image-preview":"max-image-preview:large","max-video-preview":"max-video-preview:-1"},"canonical":"https:\/\/www.noidiqua.it\/Agliana\/i-brevi-di-noidiqua-11\/","og_locale":"it_IT","og_type":"article","og_title":"I brevi di Noidiqua - Noi di Qua Testata giornalistica e di attualit\u00e0 di Agliana, Montale e Quarrata.","og_description":"di Piera Salvi giugno 2014 &nbsp; Sono tanti gli ex alunni che si ritrovano dopo molti anni, ma che emozione posare per una foto di gruppo dopo 61 anni, nella stessa stanza che un tempo fu la loro aula delle elementari. E\u2019 avvenuto recentemente nella frazione di [&hellip;]","og_url":"https:\/\/www.noidiqua.it\/Agliana\/i-brevi-di-noidiqua-11\/","og_site_name":"Noi di Qua Testata giornalistica e di attualit\u00e0 di Agliana, Montale e Quarrata.","article_publisher":"https:\/\/www.facebook.com\/noidiqua.trimestrale\/","article_published_time":"2014-06-12T13:58:16+00:00","article_modified_time":"2023-01-12T14:29:03+00:00","og_image":[{"url":"https:\/\/www.noidiqua.it\/Agliana\/wp-content\/uploads\/2021\/04\/brevi.png","type":"","width":"","height":""}],"author":"Piera Salvi","twitter_misc":{"Scritto da":"Piera Salvi","Tempo di lettura stimato":"4 minuti"},"schema":{"@context":"https:\/\/schema.org","@graph":[{"@type":"WebPage","@id":"https:\/\/www.noidiqua.it\/Agliana\/i-brevi-di-noidiqua-11\/","url":"https:\/\/www.noidiqua.it\/Agliana\/i-brevi-di-noidiqua-11\/","name":"I brevi di Noidiqua - Noi di Qua Testata giornalistica e di attualit\u00e0 di Agliana, Montale e Quarrata.","isPartOf":{"@id":"https:\/\/www.noidiqua.it\/Agliana\/#website"},"primaryImageOfPage":{"@id":"https:\/\/www.noidiqua.it\/Agliana\/i-brevi-di-noidiqua-11\/#primaryimage"},"image":{"@id":"https:\/\/www.noidiqua.it\/Agliana\/i-brevi-di-noidiqua-11\/#primaryimage"},"thumbnailUrl":"https:\/\/www.noidiqua.it\/Agliana\/wp-content\/uploads\/2021\/04\/brevi.png","datePublished":"2014-06-12T13:58:16+00:00","dateModified":"2023-01-12T14:29:03+00:00","author":{"@id":"https:\/\/www.noidiqua.it\/Agliana\/#\/schema\/person\/bb7515c2330bb1137f247276096fa7dc"},"breadcrumb":{"@id":"https:\/\/www.noidiqua.it\/Agliana\/i-brevi-di-noidiqua-11\/#breadcrumb"},"inLanguage":"it-IT","potentialAction":[{"@type":"ReadAction","target":["https:\/\/www.noidiqua.it\/Agliana\/i-brevi-di-noidiqua-11\/"]}]},{"@type":"ImageObject","inLanguage":"it-IT","@id":"https:\/\/www.noidiqua.it\/Agliana\/i-brevi-di-noidiqua-11\/#primaryimage","url":"https:\/\/www.noidiqua.it\/Agliana\/wp-content\/uploads\/2021\/04\/brevi.png","contentUrl":"https:\/\/www.noidiqua.it\/Agliana\/wp-content\/uploads\/2021\/04\/brevi.png","width":473,"height":291},{"@type":"BreadcrumbList","@id":"https:\/\/www.noidiqua.it\/Agliana\/i-brevi-di-noidiqua-11\/#breadcrumb","itemListElement":[{"@type":"ListItem","position":1,"name":"Home","item":"https:\/\/www.noidiqua.it\/Agliana\/"},{"@type":"ListItem","position":2,"name":"I brevi di Noidiqua"}]},{"@type":"WebSite","@id":"https:\/\/www.noidiqua.it\/Agliana\/#website","url":"https:\/\/www.noidiqua.it\/Agliana\/","name":"Noi di Qua Testata giornalistica e di attualit\u00e0 di Agliana, Montale e Quarrata.","description":"Testata Giornalistica Quarrata Montale Agliana","potentialAction":[{"@type":"SearchAction","target":{"@type":"EntryPoint","urlTemplate":"https:\/\/www.noidiqua.it\/Agliana\/?s={search_term_string}"},"query-input":{"@type":"PropertyValueSpecification","valueRequired":true,"valueName":"search_term_string"}}],"inLanguage":"it-IT"},{"@type":"Person","@id":"https:\/\/www.noidiqua.it\/Agliana\/#\/schema\/person\/bb7515c2330bb1137f247276096fa7dc","name":"Piera Salvi","image":{"@type":"ImageObject","inLanguage":"it-IT","@id":"https:\/\/www.noidiqua.it\/Agliana\/#\/schema\/person\/image\/","url":"https:\/\/secure.gravatar.com\/avatar\/2f9b1fb6e13f3b3e63bde435d999a73be036e320f7a0f5f32f9ac21859d999cd?s=96&d=mm&r=g","contentUrl":"https:\/\/secure.gravatar.com\/avatar\/2f9b1fb6e13f3b3e63bde435d999a73be036e320f7a0f5f32f9ac21859d999cd?s=96&d=mm&r=g","caption":"Piera Salvi"},"url":"https:\/\/www.noidiqua.it\/Agliana\/author\/piera-salvi\/"}]}},"_links":{"self":[{"href":"https:\/\/www.noidiqua.it\/Agliana\/wp-json\/wp\/v2\/posts\/2892","targetHints":{"allow":["GET"]}}],"collection":[{"href":"https:\/\/www.noidiqua.it\/Agliana\/wp-json\/wp\/v2\/posts"}],"about":[{"href":"https:\/\/www.noidiqua.it\/Agliana\/wp-json\/wp\/v2\/types\/post"}],"author":[{"embeddable":true,"href":"https:\/\/www.noidiqua.it\/Agliana\/wp-json\/wp\/v2\/users\/13"}],"replies":[{"embeddable":true,"href":"https:\/\/www.noidiqua.it\/Agliana\/wp-json\/wp\/v2\/comments?post=2892"}],"version-history":[{"count":3,"href":"https:\/\/www.noidiqua.it\/Agliana\/wp-json\/wp\/v2\/posts\/2892\/revisions"}],"predecessor-version":[{"id":8008,"href":"https:\/\/www.noidiqua.it\/Agliana\/wp-json\/wp\/v2\/posts\/2892\/revisions\/8008"}],"wp:attachment":[{"href":"https:\/\/www.noidiqua.it\/Agliana\/wp-json\/wp\/v2\/media?parent=2892"}],"wp:term":[{"taxonomy":"category","embeddable":true,"href":"https:\/\/www.noidiqua.it\/Agliana\/wp-json\/wp\/v2\/categories?post=2892"},{"taxonomy":"post_tag","embeddable":true,"href":"https:\/\/www.noidiqua.it\/Agliana\/wp-json\/wp\/v2\/tags?post=2892"}],"curies":[{"name":"wp","href":"https:\/\/api.w.org\/{rel}","templated":true}]}}