{"id":2905,"date":"2014-06-12T14:33:39","date_gmt":"2014-06-12T14:33:39","guid":{"rendered":"https:\/\/www.noidiqua.it\/Agliana\/?p=2905"},"modified":"2023-01-12T16:18:31","modified_gmt":"2023-01-12T15:18:31","slug":"monumento-al-contadino","status":"publish","type":"post","link":"https:\/\/www.noidiqua.it\/Agliana\/monumento-al-contadino\/","title":{"rendered":"Monumento al contadino"},"content":{"rendered":"<p style=\"text-align: justify;\"><em>di Marco Bagnoli<\/em><\/p>\n<p style=\"text-align: justify;\"><em>giugno 2014<\/em><\/p>\n<p><a href=\"https:\/\/www.noidiqua.it\/Agliana\/wp-content\/uploads\/2014\/06\/contadino-1.png\" rel=\"wp-prettyPhoto[2905]\"><img loading=\"lazy\" decoding=\"async\" class=\"aligncenter size-full wp-image-8015\" src=\"https:\/\/www.noidiqua.it\/Agliana\/wp-content\/uploads\/2014\/06\/contadino-1.png\" alt=\"\" width=\"504\" height=\"369\" srcset=\"https:\/\/www.noidiqua.it\/Agliana\/wp-content\/uploads\/2014\/06\/contadino-1.png 504w, https:\/\/www.noidiqua.it\/Agliana\/wp-content\/uploads\/2014\/06\/contadino-1-300x220.png 300w\" sizes=\"auto, (max-width: 504px) 100vw, 504px\" \/><\/a><\/p>\n<p style=\"text-align: justify;\"><span style=\"text-align: justify;\">\u00c8 uno dei nostri concittadini pi\u00f9 illustri, impassibile e inamovibile all\u2019indomito incedere dei tempi, un po\u2019 defilato dalle piazze e dalle vie nelle quali tutti gli altri si affannano davanti al pungolo delle mode. \u00c8 il monumento al contadino, una presenza talmente familiare da scomparire quasi agli occhi di qualcuno; le nostre fonti di prima mano rinfrescheranno la memoria ai pi\u00f9, in quest\u2019estate cos\u00ec mediterranea, eppure europea.\u00a0<\/span><\/p>\n<p style=\"text-align: justify;\">Domenica 2 aprile 1989 l\u2019allora sindaco Marco Giunti taglia la striscia alle 10 e 45, alla presenza del proposto di <strong>San Piero<\/strong> <strong>don Franco Leporatti<\/strong>, di alcuni altri assessori, del presidente provinciale della <strong>Federcaccia<\/strong>, e di quelli nazionali di <strong>Confagricoltura<\/strong> e <strong>Coldiretti<\/strong>. La felice concomitanza dell\u2019inaugurazione con la sesta edizione della <strong>Sagra Venatoria<\/strong> ha assicurato la presenza di una folta fetta di cittadinanza, subito pronta a ravvisare nel bronzeo baffuto un volto tipicamente nostrano, al limite quasi ricalcato sui tratti di qualcuno in particolare. Don Franco si \u00e8 quindi prodigato in una benedizione, coll\u2019auspicio di una quanto prima rivalsa degli antichi valori del mondo contadino, salutati in questa piazzetta delle Erbe, dai versi appositamente composti dal nostro <strong>Giovanni da San Piero<\/strong><em> \u201cO contadino ormai tu hai trionfato \/ per te comincian tempi belli \/ sul piedistallo ti hanno incoronato \/ non vai pi\u00f9 nella stalla tra i vitelli\u201d<\/em>, e a seguire le restanti tre quartine. Esibizione dei <strong>Tigrotti<\/strong> e majorettes.<\/p>\n<p><a href=\"https:\/\/www.noidiqua.it\/Agliana\/wp-content\/uploads\/2014\/06\/contadino-2.png\" rel=\"wp-prettyPhoto[2905]\"><img loading=\"lazy\" decoding=\"async\" class=\"aligncenter size-full wp-image-8016\" src=\"https:\/\/www.noidiqua.it\/Agliana\/wp-content\/uploads\/2014\/06\/contadino-2.png\" alt=\"\" width=\"280\" height=\"410\" srcset=\"https:\/\/www.noidiqua.it\/Agliana\/wp-content\/uploads\/2014\/06\/contadino-2.png 280w, https:\/\/www.noidiqua.it\/Agliana\/wp-content\/uploads\/2014\/06\/contadino-2-205x300.png 205w\" sizes=\"auto, (max-width: 280px) 100vw, 280px\" \/><\/a><\/p>\n<p style=\"text-align: justify;\">Certo, c\u2019\u00e8 ancora altro da dire \u2013 e non mi riferisco all\u2019accanita competizione canora riservata a tordi bottaio, sassello e merli, tenutasi quella stessa mattina nel parco delle suore mantellate \u2013 e tantomeno all\u2019esaltante esposizione di armi antiche allestita dalla stessa Federcaccia, tra le quali un calibro 12 del 1825 per la caccia al bisonte e il \u201ccannone\u201d adottato da Puccini per gli uccelli del padule (oltre al fucile calibro 24 fabbricato dal compaesano <strong>Erasmo Lombardi<\/strong> e alla spingarda di <strong>Manfredi Ricasoli<\/strong>): il monumento, che sembra bell\u2019e pronto ad aspettarci, calmo, con la giacca sulle spalle, era stato fortemente voluto da un personaggio che nella cronaca dell\u2019epoca non figura, forse per modestia sua, forse perch\u00e9 gi\u00e0 parte di un sentire collettivo, come una presenza che si pu\u00f2 al limite anche non vedere, ma che c\u2019\u00e8 \u2013 un po\u2019 come il contadino del monumento \u2013 <strong>Ovidio Sgatti<\/strong>, recentemente scomparso. Racconta Ovidio <em>\u201cUna sera avevo a cena l\u2019ex sindaco Giunti, l\u2019allora maresciallo dei carabinieri, dirigenti della Banca Toscana, il proposto e i cacciatori. L\u2019idea di un monumento alla civilt\u00e0 contadina mi ronzava nella testa da parecchio tempo. Non come capriccio, ma come sentimento d\u2019affetto. Belluno aveva dedicato un monumento ai carregai (costruttori di sedie), Trento agli arrotini, Limonaia di Piemonte agli ombrellai. Perch\u00e8 non i contadini? Furono tutti d\u2019accordo e in breve tempo il progetto \u00e8 diventato realt\u00e0.\u201d<\/em><\/p>\n<p style=\"text-align: justify;\">\u00a0La statua \u00e8 opera dello scultoree aglianese <strong>Raffaele del Corso<\/strong>, fattivamente finanziata dai cacciatori locali; all\u2019epoca dichiarata come la seconda in Italia, mentre nel febbraio 2003 il comunicato stampa riguardante la puntata di Sereno variabile sul pistoiese la promuove addirittura unica al mondo; un database al riguardo oggi non c\u2019\u00e8, ma \u00e8 interessante quella \u201cal contadino di mare\u201d della riviera ligure, o il \u201cmonumento al villano\u201d di Pitigliano.<\/p>","protected":false},"excerpt":{"rendered":"<p>di Marco Bagnoli giugno 2014 \u00c8 uno dei nostri concittadini pi\u00f9 illustri, impassibile e inamovibile all\u2019indomito incedere dei tempi, un po\u2019 defilato dalle piazze e dalle vie nelle quali tutti gli altri si affannano davanti al pungolo delle mode. \u00c8 il monumento al contadino, una presenza talmente [&hellip;]<\/p>","protected":false},"author":3,"featured_media":0,"comment_status":"open","ping_status":"open","sticky":false,"template":"","format":"standard","meta":{"footnotes":""},"categories":[2,29],"tags":[37,38,84,96,97,128],"class_list":["post-2905","post","type-post","status-publish","format-standard","hentry","category-ag","category-territorio-qt","tag-ag-ag","tag-aglianese","tag-laglianese","tag-noidiqua","tag-noidiqua-laglianese","tag-territorio"],"yoast_head":"<!-- This site is optimized with the Yoast SEO plugin v25.5 - https:\/\/yoast.com\/wordpress\/plugins\/seo\/ -->\n<title>Monumento al contadino - Noi di Qua Testata giornalistica e di attualit\u00e0 di Agliana, Montale e Quarrata.<\/title>\n<meta name=\"robots\" content=\"index, follow, max-snippet:-1, max-image-preview:large, max-video-preview:-1\" \/>\n<link rel=\"canonical\" href=\"https:\/\/www.noidiqua.it\/Agliana\/monumento-al-contadino\/\" \/>\n<meta property=\"og:locale\" content=\"it_IT\" \/>\n<meta property=\"og:type\" content=\"article\" \/>\n<meta property=\"og:title\" content=\"Monumento al contadino - Noi di Qua Testata giornalistica e di attualit\u00e0 di Agliana, Montale e Quarrata.\" \/>\n<meta property=\"og:description\" content=\"di Marco Bagnoli giugno 2014 \u00c8 uno dei nostri concittadini pi\u00f9 illustri, impassibile e inamovibile all\u2019indomito incedere dei tempi, un po\u2019 defilato dalle piazze e dalle vie nelle quali tutti gli altri si affannano davanti al pungolo delle mode. \u00c8 il monumento al contadino, una presenza talmente [&hellip;]\" \/>\n<meta property=\"og:url\" content=\"https:\/\/www.noidiqua.it\/Agliana\/monumento-al-contadino\/\" \/>\n<meta property=\"og:site_name\" content=\"Noi di Qua Testata giornalistica e di attualit\u00e0 di Agliana, Montale e Quarrata.\" \/>\n<meta property=\"article:publisher\" content=\"https:\/\/www.facebook.com\/noidiqua.trimestrale\/\" \/>\n<meta property=\"article:published_time\" content=\"2014-06-12T14:33:39+00:00\" \/>\n<meta property=\"article:modified_time\" content=\"2023-01-12T15:18:31+00:00\" \/>\n<meta property=\"og:image\" content=\"https:\/\/www.noidiqua.it\/Agliana\/wp-content\/uploads\/2014\/06\/contadino-1.png\" \/>\n<meta name=\"author\" content=\"Marco Bagnoli\" \/>\n<meta name=\"twitter:label1\" content=\"Scritto da\" \/>\n\t<meta name=\"twitter:data1\" content=\"Marco Bagnoli\" \/>\n\t<meta name=\"twitter:label2\" content=\"Tempo di lettura stimato\" \/>\n\t<meta name=\"twitter:data2\" content=\"3 minuti\" \/>\n<script type=\"application\/ld+json\" class=\"yoast-schema-graph\">{\"@context\":\"https:\/\/schema.org\",\"@graph\":[{\"@type\":\"WebPage\",\"@id\":\"https:\/\/www.noidiqua.it\/Agliana\/monumento-al-contadino\/\",\"url\":\"https:\/\/www.noidiqua.it\/Agliana\/monumento-al-contadino\/\",\"name\":\"Monumento al contadino - Noi di Qua Testata giornalistica e di attualit\u00e0 di Agliana, Montale e Quarrata.\",\"isPartOf\":{\"@id\":\"https:\/\/www.noidiqua.it\/Agliana\/#website\"},\"primaryImageOfPage\":{\"@id\":\"https:\/\/www.noidiqua.it\/Agliana\/monumento-al-contadino\/#primaryimage\"},\"image\":{\"@id\":\"https:\/\/www.noidiqua.it\/Agliana\/monumento-al-contadino\/#primaryimage\"},\"thumbnailUrl\":\"https:\/\/www.noidiqua.it\/Agliana\/wp-content\/uploads\/2014\/06\/contadino-1.png\",\"datePublished\":\"2014-06-12T14:33:39+00:00\",\"dateModified\":\"2023-01-12T15:18:31+00:00\",\"author\":{\"@id\":\"https:\/\/www.noidiqua.it\/Agliana\/#\/schema\/person\/4e183cb0c6d7951e716a876aa702e1a2\"},\"breadcrumb\":{\"@id\":\"https:\/\/www.noidiqua.it\/Agliana\/monumento-al-contadino\/#breadcrumb\"},\"inLanguage\":\"it-IT\",\"potentialAction\":[{\"@type\":\"ReadAction\",\"target\":[\"https:\/\/www.noidiqua.it\/Agliana\/monumento-al-contadino\/\"]}]},{\"@type\":\"ImageObject\",\"inLanguage\":\"it-IT\",\"@id\":\"https:\/\/www.noidiqua.it\/Agliana\/monumento-al-contadino\/#primaryimage\",\"url\":\"https:\/\/www.noidiqua.it\/Agliana\/wp-content\/uploads\/2014\/06\/contadino-1.png\",\"contentUrl\":\"https:\/\/www.noidiqua.it\/Agliana\/wp-content\/uploads\/2014\/06\/contadino-1.png\",\"width\":504,\"height\":369},{\"@type\":\"BreadcrumbList\",\"@id\":\"https:\/\/www.noidiqua.it\/Agliana\/monumento-al-contadino\/#breadcrumb\",\"itemListElement\":[{\"@type\":\"ListItem\",\"position\":1,\"name\":\"Home\",\"item\":\"https:\/\/www.noidiqua.it\/Agliana\/\"},{\"@type\":\"ListItem\",\"position\":2,\"name\":\"Monumento al contadino\"}]},{\"@type\":\"WebSite\",\"@id\":\"https:\/\/www.noidiqua.it\/Agliana\/#website\",\"url\":\"https:\/\/www.noidiqua.it\/Agliana\/\",\"name\":\"Noi di Qua Testata giornalistica e di attualit\u00e0 di Agliana, Montale e Quarrata.\",\"description\":\"Testata Giornalistica Quarrata Montale Agliana\",\"potentialAction\":[{\"@type\":\"SearchAction\",\"target\":{\"@type\":\"EntryPoint\",\"urlTemplate\":\"https:\/\/www.noidiqua.it\/Agliana\/?s={search_term_string}\"},\"query-input\":{\"@type\":\"PropertyValueSpecification\",\"valueRequired\":true,\"valueName\":\"search_term_string\"}}],\"inLanguage\":\"it-IT\"},{\"@type\":\"Person\",\"@id\":\"https:\/\/www.noidiqua.it\/Agliana\/#\/schema\/person\/4e183cb0c6d7951e716a876aa702e1a2\",\"name\":\"Marco Bagnoli\",\"image\":{\"@type\":\"ImageObject\",\"inLanguage\":\"it-IT\",\"@id\":\"https:\/\/www.noidiqua.it\/Agliana\/#\/schema\/person\/image\/\",\"url\":\"https:\/\/secure.gravatar.com\/avatar\/73ace53724c50db9c48af54756f17b7cdb015a9d8d2c08c7e04e480539a94eee?s=96&d=mm&r=g\",\"contentUrl\":\"https:\/\/secure.gravatar.com\/avatar\/73ace53724c50db9c48af54756f17b7cdb015a9d8d2c08c7e04e480539a94eee?s=96&d=mm&r=g\",\"caption\":\"Marco Bagnoli\"},\"url\":\"https:\/\/www.noidiqua.it\/Agliana\/author\/marco-bagnoli\/\"}]}<\/script>\n<!-- \/ Yoast SEO plugin. -->","yoast_head_json":{"title":"Monumento al contadino - Noi di Qua Testata giornalistica e di attualit\u00e0 di Agliana, Montale e Quarrata.","robots":{"index":"index","follow":"follow","max-snippet":"max-snippet:-1","max-image-preview":"max-image-preview:large","max-video-preview":"max-video-preview:-1"},"canonical":"https:\/\/www.noidiqua.it\/Agliana\/monumento-al-contadino\/","og_locale":"it_IT","og_type":"article","og_title":"Monumento al contadino - Noi di Qua Testata giornalistica e di attualit\u00e0 di Agliana, Montale e Quarrata.","og_description":"di Marco Bagnoli giugno 2014 \u00c8 uno dei nostri concittadini pi\u00f9 illustri, impassibile e inamovibile all\u2019indomito incedere dei tempi, un po\u2019 defilato dalle piazze e dalle vie nelle quali tutti gli altri si affannano davanti al pungolo delle mode. \u00c8 il monumento al contadino, una presenza talmente [&hellip;]","og_url":"https:\/\/www.noidiqua.it\/Agliana\/monumento-al-contadino\/","og_site_name":"Noi di Qua Testata giornalistica e di attualit\u00e0 di Agliana, Montale e Quarrata.","article_publisher":"https:\/\/www.facebook.com\/noidiqua.trimestrale\/","article_published_time":"2014-06-12T14:33:39+00:00","article_modified_time":"2023-01-12T15:18:31+00:00","og_image":[{"url":"https:\/\/www.noidiqua.it\/Agliana\/wp-content\/uploads\/2014\/06\/contadino-1.png","type":"","width":"","height":""}],"author":"Marco Bagnoli","twitter_misc":{"Scritto da":"Marco Bagnoli","Tempo di lettura stimato":"3 minuti"},"schema":{"@context":"https:\/\/schema.org","@graph":[{"@type":"WebPage","@id":"https:\/\/www.noidiqua.it\/Agliana\/monumento-al-contadino\/","url":"https:\/\/www.noidiqua.it\/Agliana\/monumento-al-contadino\/","name":"Monumento al contadino - Noi di Qua Testata giornalistica e di attualit\u00e0 di Agliana, Montale e Quarrata.","isPartOf":{"@id":"https:\/\/www.noidiqua.it\/Agliana\/#website"},"primaryImageOfPage":{"@id":"https:\/\/www.noidiqua.it\/Agliana\/monumento-al-contadino\/#primaryimage"},"image":{"@id":"https:\/\/www.noidiqua.it\/Agliana\/monumento-al-contadino\/#primaryimage"},"thumbnailUrl":"https:\/\/www.noidiqua.it\/Agliana\/wp-content\/uploads\/2014\/06\/contadino-1.png","datePublished":"2014-06-12T14:33:39+00:00","dateModified":"2023-01-12T15:18:31+00:00","author":{"@id":"https:\/\/www.noidiqua.it\/Agliana\/#\/schema\/person\/4e183cb0c6d7951e716a876aa702e1a2"},"breadcrumb":{"@id":"https:\/\/www.noidiqua.it\/Agliana\/monumento-al-contadino\/#breadcrumb"},"inLanguage":"it-IT","potentialAction":[{"@type":"ReadAction","target":["https:\/\/www.noidiqua.it\/Agliana\/monumento-al-contadino\/"]}]},{"@type":"ImageObject","inLanguage":"it-IT","@id":"https:\/\/www.noidiqua.it\/Agliana\/monumento-al-contadino\/#primaryimage","url":"https:\/\/www.noidiqua.it\/Agliana\/wp-content\/uploads\/2014\/06\/contadino-1.png","contentUrl":"https:\/\/www.noidiqua.it\/Agliana\/wp-content\/uploads\/2014\/06\/contadino-1.png","width":504,"height":369},{"@type":"BreadcrumbList","@id":"https:\/\/www.noidiqua.it\/Agliana\/monumento-al-contadino\/#breadcrumb","itemListElement":[{"@type":"ListItem","position":1,"name":"Home","item":"https:\/\/www.noidiqua.it\/Agliana\/"},{"@type":"ListItem","position":2,"name":"Monumento al contadino"}]},{"@type":"WebSite","@id":"https:\/\/www.noidiqua.it\/Agliana\/#website","url":"https:\/\/www.noidiqua.it\/Agliana\/","name":"Noi di Qua Testata giornalistica e di attualit\u00e0 di Agliana, Montale e Quarrata.","description":"Testata Giornalistica Quarrata Montale Agliana","potentialAction":[{"@type":"SearchAction","target":{"@type":"EntryPoint","urlTemplate":"https:\/\/www.noidiqua.it\/Agliana\/?s={search_term_string}"},"query-input":{"@type":"PropertyValueSpecification","valueRequired":true,"valueName":"search_term_string"}}],"inLanguage":"it-IT"},{"@type":"Person","@id":"https:\/\/www.noidiqua.it\/Agliana\/#\/schema\/person\/4e183cb0c6d7951e716a876aa702e1a2","name":"Marco Bagnoli","image":{"@type":"ImageObject","inLanguage":"it-IT","@id":"https:\/\/www.noidiqua.it\/Agliana\/#\/schema\/person\/image\/","url":"https:\/\/secure.gravatar.com\/avatar\/73ace53724c50db9c48af54756f17b7cdb015a9d8d2c08c7e04e480539a94eee?s=96&d=mm&r=g","contentUrl":"https:\/\/secure.gravatar.com\/avatar\/73ace53724c50db9c48af54756f17b7cdb015a9d8d2c08c7e04e480539a94eee?s=96&d=mm&r=g","caption":"Marco Bagnoli"},"url":"https:\/\/www.noidiqua.it\/Agliana\/author\/marco-bagnoli\/"}]}},"_links":{"self":[{"href":"https:\/\/www.noidiqua.it\/Agliana\/wp-json\/wp\/v2\/posts\/2905","targetHints":{"allow":["GET"]}}],"collection":[{"href":"https:\/\/www.noidiqua.it\/Agliana\/wp-json\/wp\/v2\/posts"}],"about":[{"href":"https:\/\/www.noidiqua.it\/Agliana\/wp-json\/wp\/v2\/types\/post"}],"author":[{"embeddable":true,"href":"https:\/\/www.noidiqua.it\/Agliana\/wp-json\/wp\/v2\/users\/3"}],"replies":[{"embeddable":true,"href":"https:\/\/www.noidiqua.it\/Agliana\/wp-json\/wp\/v2\/comments?post=2905"}],"version-history":[{"count":3,"href":"https:\/\/www.noidiqua.it\/Agliana\/wp-json\/wp\/v2\/posts\/2905\/revisions"}],"predecessor-version":[{"id":8017,"href":"https:\/\/www.noidiqua.it\/Agliana\/wp-json\/wp\/v2\/posts\/2905\/revisions\/8017"}],"wp:attachment":[{"href":"https:\/\/www.noidiqua.it\/Agliana\/wp-json\/wp\/v2\/media?parent=2905"}],"wp:term":[{"taxonomy":"category","embeddable":true,"href":"https:\/\/www.noidiqua.it\/Agliana\/wp-json\/wp\/v2\/categories?post=2905"},{"taxonomy":"post_tag","embeddable":true,"href":"https:\/\/www.noidiqua.it\/Agliana\/wp-json\/wp\/v2\/tags?post=2905"}],"curies":[{"name":"wp","href":"https:\/\/api.w.org\/{rel}","templated":true}]}}