{"id":2911,"date":"2014-06-12T14:54:55","date_gmt":"2014-06-12T12:54:55","guid":{"rendered":"https:\/\/www.noidiqua.it\/Agliana\/?p=2911"},"modified":"2023-01-13T09:25:59","modified_gmt":"2023-01-13T08:25:59","slug":"storia-del-giugno-aglianese","status":"publish","type":"post","link":"https:\/\/www.noidiqua.it\/Agliana\/storia-del-giugno-aglianese\/","title":{"rendered":"Storia del Giugno aglianese"},"content":{"rendered":"<p><em>di Piera Salvi.\u00a0<em>\u00a0Foto:\u00a0Adriano Tesi.<\/em><\/em><\/p>\n<p><em>giugno 2014<\/em><\/p>\n<p><a href=\"https:\/\/www.noidiqua.it\/Agliana\/wp-content\/uploads\/2014\/06\/sagra-pesce-1.png\" rel=\"wp-prettyPhoto[2911]\"><img loading=\"lazy\" decoding=\"async\" class=\"aligncenter size-full wp-image-8018\" src=\"https:\/\/www.noidiqua.it\/Agliana\/wp-content\/uploads\/2014\/06\/sagra-pesce-1.png\" alt=\"\" width=\"502\" height=\"335\" srcset=\"https:\/\/www.noidiqua.it\/Agliana\/wp-content\/uploads\/2014\/06\/sagra-pesce-1.png 502w, https:\/\/www.noidiqua.it\/Agliana\/wp-content\/uploads\/2014\/06\/sagra-pesce-1-300x200.png 300w\" sizes=\"auto, (max-width: 502px) 100vw, 502px\" \/><\/a><\/p>\n<p>Il <strong>\u201cGiugno aglianese\u201d<\/strong> al tempo della crisi sfoggia circa 170 eventi, torna a occupare vari spazi e rilancia la <strong>Mostra mercato<\/strong> delle attivit\u00e0 produttive, che da qualche anno non si svolgeva pi\u00f9 per mancanza di adesioni. Quest\u2019anno si chiama \u201cAgliana in fiera\u201d, si svolge al parco <strong>Pertini<\/strong> dal 19 al 22 giugno, con 56 esercenti, per il 70% aglianesi. Il \u201cGiugno\u201d al tempo della crisi conta (come negli anni passati) su 10.000 euro di contributo da parte del Comune, ma vede in scena tante associazioni di volontariato e la straordinaria partecipazione di 63 sponsor, tra cui 16 ristoratori. Un \u201cmiracolo artigianale\u201d, nel senso pi\u00f9 alto del termine (cio\u00e8 frutto d\u2019impegno, abilit\u00e0 e ingegno) ma anche perch\u00e9 realizzato dall\u2019associazione <strong>\u201cArtigiano\u201d<\/strong>, alla quale il Comune ha affidato il coordinamento della kermesse per tre anni, sotto la direzione artistica di <strong>Luca Nesti<\/strong>.<\/p>\n<p>Ma facciamo un salto indietro nel tempo, a quando c\u2019era solo la <strong>\u201cFiera di San Piero\u201d<\/strong>, che univa le celebrazioni del patrono (San Pietro e Paolo) nella frazione principale del Comune, con la fiera del bestiame nell\u2019ultima settimana di giugno. La tradizione si perde nei tempi in cui <strong>Agliana<\/strong> era a vocazione agricola. La fiera del bestiame e le manifestazioni ad essa collegate si svolgevano nell\u2019attuale <strong>via Matteotti<\/strong>. Da questa via si accedeva all\u2019aia di Polito, dove proprio nei giorni della fiera si poteva vedere la battitura del grano. Fu per rievocare questa tradizione che nel 1978 la<strong> Federcaccia<\/strong> lanci\u00f2 la <strong>\u201cFesta del grano\u201d<\/strong> con esposizione di vecchi trattori agricoli e battitura del grano, che nel tempo ha cambiato varie location: da piazza <strong>IV Novembre<\/strong> all\u2019area ex macelli, al Bellucci e al <strong>Lago 1\u00b0 Maggio<\/strong>. La manifestazione che vanta pi\u00f9 longevit\u00e0 e continuit\u00e0 \u00e8 la <strong>\u201cSagra del pesce\u201d<\/strong>, organizzata dalla <strong>Lenza aglianese<\/strong>, giunta alla 46\u00b0 edizione, quinta senza glutine. Da notare che la distribuzione di pesce in <strong>piazza Gramsc<\/strong>i (di solito 4 quintali e anche di pi\u00f9) \u00e8 gratuita.<\/p>\n<p><a href=\"https:\/\/www.noidiqua.it\/Agliana\/wp-content\/uploads\/2014\/06\/sagra-pesce-2.png\" rel=\"wp-prettyPhoto[2911]\"><img loading=\"lazy\" decoding=\"async\" class=\"aligncenter size-full wp-image-8019\" src=\"https:\/\/www.noidiqua.it\/Agliana\/wp-content\/uploads\/2014\/06\/sagra-pesce-2.png\" alt=\"\" width=\"499\" height=\"361\" srcset=\"https:\/\/www.noidiqua.it\/Agliana\/wp-content\/uploads\/2014\/06\/sagra-pesce-2.png 499w, https:\/\/www.noidiqua.it\/Agliana\/wp-content\/uploads\/2014\/06\/sagra-pesce-2-300x217.png 300w\" sizes=\"auto, (max-width: 499px) 100vw, 499px\" \/><\/a><\/p>\n<p>Le prime giostre sembra che siano comparse in piazza IV Novembre per poi dare luogo ad un vero <strong>Luna park<\/strong> nel campo sportivo Bellucci (oggi area Bellucci che nella prima quindicina del \u201cGiugno aglianese\u201d ospita iniziative dedicate ai bambini) per trasferirsi poi in zona <strong>Carabattole<\/strong>. Negli anni, per l\u2019incremento di eventi, dalla \u201cFiera di S. Piero\u201d si \u00e8 passati al \u201cGiugno aglianese\u201d, in qualche anno con eventi anche nella prima settimana di luglio. Ci sono stati tempi in cui si \u00e8 puntato a vivacizzare con questa manifestazione anche le frazioni. Negli ultimi anni l\u2019amministrazione comunale, per rivitalizzare il centro e ridurre i costi (tenendo conto anche delle indicazioni dei cittadini per il bilancio partecipato, nel 2011) ha ridotto le spese per il \u201cGiugno aglianese\u201d, passando dai circa 40.000 euro a 10.000. Quest\u2019anno nuova esplosione di eventi, grazie al volontariato e alle sponsorizzazioni private.<\/p>\n<p>&nbsp;<\/p>","protected":false},"excerpt":{"rendered":"<p>di Piera Salvi.\u00a0\u00a0Foto:\u00a0Adriano Tesi. giugno 2014 Il \u201cGiugno aglianese\u201d al tempo della crisi sfoggia circa 170 eventi, torna a occupare vari spazi e rilancia la Mostra mercato delle attivit\u00e0 produttive, che da qualche anno non si svolgeva pi\u00f9 per mancanza di adesioni. Quest\u2019anno si chiama \u201cAgliana in [&hellip;]<\/p>","protected":false},"author":13,"featured_media":0,"comment_status":"open","ping_status":"open","sticky":false,"template":"","format":"standard","meta":{"footnotes":""},"categories":[2,7],"tags":[37,38,74,79,84,96,97,108],"class_list":["post-2911","post","type-post","status-publish","format-standard","hentry","category-ag","category-notizie-dal-passato","tag-ag-ag","tag-aglianese","tag-figure-storiche-2","tag-gente-di-qua","tag-laglianese","tag-noidiqua","tag-noidiqua-laglianese","tag-piera-salvi"],"yoast_head":"<!-- This site is optimized with the Yoast SEO plugin v25.5 - https:\/\/yoast.com\/wordpress\/plugins\/seo\/ -->\n<title>Storia del Giugno aglianese - Noi di Qua Testata giornalistica e di attualit\u00e0 di Agliana, Montale e Quarrata.<\/title>\n<meta name=\"robots\" content=\"index, follow, max-snippet:-1, max-image-preview:large, max-video-preview:-1\" \/>\n<link rel=\"canonical\" href=\"https:\/\/www.noidiqua.it\/Agliana\/storia-del-giugno-aglianese\/\" \/>\n<meta property=\"og:locale\" content=\"it_IT\" \/>\n<meta property=\"og:type\" content=\"article\" \/>\n<meta property=\"og:title\" content=\"Storia del Giugno aglianese - Noi di Qua Testata giornalistica e di attualit\u00e0 di Agliana, Montale e Quarrata.\" \/>\n<meta property=\"og:description\" content=\"di Piera Salvi.\u00a0\u00a0Foto:\u00a0Adriano Tesi. giugno 2014 Il \u201cGiugno aglianese\u201d al tempo della crisi sfoggia circa 170 eventi, torna a occupare vari spazi e rilancia la Mostra mercato delle attivit\u00e0 produttive, che da qualche anno non si svolgeva pi\u00f9 per mancanza di adesioni. Quest\u2019anno si chiama \u201cAgliana in [&hellip;]\" \/>\n<meta property=\"og:url\" content=\"https:\/\/www.noidiqua.it\/Agliana\/storia-del-giugno-aglianese\/\" \/>\n<meta property=\"og:site_name\" content=\"Noi di Qua Testata giornalistica e di attualit\u00e0 di Agliana, Montale e Quarrata.\" \/>\n<meta property=\"article:publisher\" content=\"https:\/\/www.facebook.com\/noidiqua.trimestrale\/\" \/>\n<meta property=\"article:published_time\" content=\"2014-06-12T12:54:55+00:00\" \/>\n<meta property=\"article:modified_time\" content=\"2023-01-13T08:25:59+00:00\" \/>\n<meta property=\"og:image\" content=\"https:\/\/www.noidiqua.it\/Agliana\/wp-content\/uploads\/2014\/06\/sagra-pesce-1.png\" \/>\n<meta name=\"author\" content=\"Piera Salvi\" \/>\n<meta name=\"twitter:label1\" content=\"Scritto da\" \/>\n\t<meta name=\"twitter:data1\" content=\"Piera Salvi\" \/>\n\t<meta name=\"twitter:label2\" content=\"Tempo di lettura stimato\" \/>\n\t<meta name=\"twitter:data2\" content=\"3 minuti\" \/>\n<script type=\"application\/ld+json\" class=\"yoast-schema-graph\">{\"@context\":\"https:\/\/schema.org\",\"@graph\":[{\"@type\":\"WebPage\",\"@id\":\"https:\/\/www.noidiqua.it\/Agliana\/storia-del-giugno-aglianese\/\",\"url\":\"https:\/\/www.noidiqua.it\/Agliana\/storia-del-giugno-aglianese\/\",\"name\":\"Storia del Giugno aglianese - Noi di Qua Testata giornalistica e di attualit\u00e0 di Agliana, Montale e Quarrata.\",\"isPartOf\":{\"@id\":\"https:\/\/www.noidiqua.it\/Agliana\/#website\"},\"primaryImageOfPage\":{\"@id\":\"https:\/\/www.noidiqua.it\/Agliana\/storia-del-giugno-aglianese\/#primaryimage\"},\"image\":{\"@id\":\"https:\/\/www.noidiqua.it\/Agliana\/storia-del-giugno-aglianese\/#primaryimage\"},\"thumbnailUrl\":\"https:\/\/www.noidiqua.it\/Agliana\/wp-content\/uploads\/2014\/06\/sagra-pesce-1.png\",\"datePublished\":\"2014-06-12T12:54:55+00:00\",\"dateModified\":\"2023-01-13T08:25:59+00:00\",\"author\":{\"@id\":\"https:\/\/www.noidiqua.it\/Agliana\/#\/schema\/person\/bb7515c2330bb1137f247276096fa7dc\"},\"breadcrumb\":{\"@id\":\"https:\/\/www.noidiqua.it\/Agliana\/storia-del-giugno-aglianese\/#breadcrumb\"},\"inLanguage\":\"it-IT\",\"potentialAction\":[{\"@type\":\"ReadAction\",\"target\":[\"https:\/\/www.noidiqua.it\/Agliana\/storia-del-giugno-aglianese\/\"]}]},{\"@type\":\"ImageObject\",\"inLanguage\":\"it-IT\",\"@id\":\"https:\/\/www.noidiqua.it\/Agliana\/storia-del-giugno-aglianese\/#primaryimage\",\"url\":\"https:\/\/www.noidiqua.it\/Agliana\/wp-content\/uploads\/2014\/06\/sagra-pesce-1.png\",\"contentUrl\":\"https:\/\/www.noidiqua.it\/Agliana\/wp-content\/uploads\/2014\/06\/sagra-pesce-1.png\",\"width\":502,\"height\":335},{\"@type\":\"BreadcrumbList\",\"@id\":\"https:\/\/www.noidiqua.it\/Agliana\/storia-del-giugno-aglianese\/#breadcrumb\",\"itemListElement\":[{\"@type\":\"ListItem\",\"position\":1,\"name\":\"Home\",\"item\":\"https:\/\/www.noidiqua.it\/Agliana\/\"},{\"@type\":\"ListItem\",\"position\":2,\"name\":\"Storia del Giugno aglianese\"}]},{\"@type\":\"WebSite\",\"@id\":\"https:\/\/www.noidiqua.it\/Agliana\/#website\",\"url\":\"https:\/\/www.noidiqua.it\/Agliana\/\",\"name\":\"Noi di Qua Testata giornalistica e di attualit\u00e0 di Agliana, Montale e Quarrata.\",\"description\":\"Testata Giornalistica Quarrata Montale Agliana\",\"potentialAction\":[{\"@type\":\"SearchAction\",\"target\":{\"@type\":\"EntryPoint\",\"urlTemplate\":\"https:\/\/www.noidiqua.it\/Agliana\/?s={search_term_string}\"},\"query-input\":{\"@type\":\"PropertyValueSpecification\",\"valueRequired\":true,\"valueName\":\"search_term_string\"}}],\"inLanguage\":\"it-IT\"},{\"@type\":\"Person\",\"@id\":\"https:\/\/www.noidiqua.it\/Agliana\/#\/schema\/person\/bb7515c2330bb1137f247276096fa7dc\",\"name\":\"Piera Salvi\",\"image\":{\"@type\":\"ImageObject\",\"inLanguage\":\"it-IT\",\"@id\":\"https:\/\/www.noidiqua.it\/Agliana\/#\/schema\/person\/image\/\",\"url\":\"https:\/\/secure.gravatar.com\/avatar\/2f9b1fb6e13f3b3e63bde435d999a73be036e320f7a0f5f32f9ac21859d999cd?s=96&d=mm&r=g\",\"contentUrl\":\"https:\/\/secure.gravatar.com\/avatar\/2f9b1fb6e13f3b3e63bde435d999a73be036e320f7a0f5f32f9ac21859d999cd?s=96&d=mm&r=g\",\"caption\":\"Piera Salvi\"},\"url\":\"https:\/\/www.noidiqua.it\/Agliana\/author\/piera-salvi\/\"}]}<\/script>\n<!-- \/ Yoast SEO plugin. -->","yoast_head_json":{"title":"Storia del Giugno aglianese - Noi di Qua Testata giornalistica e di attualit\u00e0 di Agliana, Montale e Quarrata.","robots":{"index":"index","follow":"follow","max-snippet":"max-snippet:-1","max-image-preview":"max-image-preview:large","max-video-preview":"max-video-preview:-1"},"canonical":"https:\/\/www.noidiqua.it\/Agliana\/storia-del-giugno-aglianese\/","og_locale":"it_IT","og_type":"article","og_title":"Storia del Giugno aglianese - Noi di Qua Testata giornalistica e di attualit\u00e0 di Agliana, Montale e Quarrata.","og_description":"di Piera Salvi.\u00a0\u00a0Foto:\u00a0Adriano Tesi. giugno 2014 Il \u201cGiugno aglianese\u201d al tempo della crisi sfoggia circa 170 eventi, torna a occupare vari spazi e rilancia la Mostra mercato delle attivit\u00e0 produttive, che da qualche anno non si svolgeva pi\u00f9 per mancanza di adesioni. Quest\u2019anno si chiama \u201cAgliana in [&hellip;]","og_url":"https:\/\/www.noidiqua.it\/Agliana\/storia-del-giugno-aglianese\/","og_site_name":"Noi di Qua Testata giornalistica e di attualit\u00e0 di Agliana, Montale e Quarrata.","article_publisher":"https:\/\/www.facebook.com\/noidiqua.trimestrale\/","article_published_time":"2014-06-12T12:54:55+00:00","article_modified_time":"2023-01-13T08:25:59+00:00","og_image":[{"url":"https:\/\/www.noidiqua.it\/Agliana\/wp-content\/uploads\/2014\/06\/sagra-pesce-1.png","type":"","width":"","height":""}],"author":"Piera Salvi","twitter_misc":{"Scritto da":"Piera Salvi","Tempo di lettura stimato":"3 minuti"},"schema":{"@context":"https:\/\/schema.org","@graph":[{"@type":"WebPage","@id":"https:\/\/www.noidiqua.it\/Agliana\/storia-del-giugno-aglianese\/","url":"https:\/\/www.noidiqua.it\/Agliana\/storia-del-giugno-aglianese\/","name":"Storia del Giugno aglianese - Noi di Qua Testata giornalistica e di attualit\u00e0 di Agliana, Montale e Quarrata.","isPartOf":{"@id":"https:\/\/www.noidiqua.it\/Agliana\/#website"},"primaryImageOfPage":{"@id":"https:\/\/www.noidiqua.it\/Agliana\/storia-del-giugno-aglianese\/#primaryimage"},"image":{"@id":"https:\/\/www.noidiqua.it\/Agliana\/storia-del-giugno-aglianese\/#primaryimage"},"thumbnailUrl":"https:\/\/www.noidiqua.it\/Agliana\/wp-content\/uploads\/2014\/06\/sagra-pesce-1.png","datePublished":"2014-06-12T12:54:55+00:00","dateModified":"2023-01-13T08:25:59+00:00","author":{"@id":"https:\/\/www.noidiqua.it\/Agliana\/#\/schema\/person\/bb7515c2330bb1137f247276096fa7dc"},"breadcrumb":{"@id":"https:\/\/www.noidiqua.it\/Agliana\/storia-del-giugno-aglianese\/#breadcrumb"},"inLanguage":"it-IT","potentialAction":[{"@type":"ReadAction","target":["https:\/\/www.noidiqua.it\/Agliana\/storia-del-giugno-aglianese\/"]}]},{"@type":"ImageObject","inLanguage":"it-IT","@id":"https:\/\/www.noidiqua.it\/Agliana\/storia-del-giugno-aglianese\/#primaryimage","url":"https:\/\/www.noidiqua.it\/Agliana\/wp-content\/uploads\/2014\/06\/sagra-pesce-1.png","contentUrl":"https:\/\/www.noidiqua.it\/Agliana\/wp-content\/uploads\/2014\/06\/sagra-pesce-1.png","width":502,"height":335},{"@type":"BreadcrumbList","@id":"https:\/\/www.noidiqua.it\/Agliana\/storia-del-giugno-aglianese\/#breadcrumb","itemListElement":[{"@type":"ListItem","position":1,"name":"Home","item":"https:\/\/www.noidiqua.it\/Agliana\/"},{"@type":"ListItem","position":2,"name":"Storia del Giugno aglianese"}]},{"@type":"WebSite","@id":"https:\/\/www.noidiqua.it\/Agliana\/#website","url":"https:\/\/www.noidiqua.it\/Agliana\/","name":"Noi di Qua Testata giornalistica e di attualit\u00e0 di Agliana, Montale e Quarrata.","description":"Testata Giornalistica Quarrata Montale Agliana","potentialAction":[{"@type":"SearchAction","target":{"@type":"EntryPoint","urlTemplate":"https:\/\/www.noidiqua.it\/Agliana\/?s={search_term_string}"},"query-input":{"@type":"PropertyValueSpecification","valueRequired":true,"valueName":"search_term_string"}}],"inLanguage":"it-IT"},{"@type":"Person","@id":"https:\/\/www.noidiqua.it\/Agliana\/#\/schema\/person\/bb7515c2330bb1137f247276096fa7dc","name":"Piera Salvi","image":{"@type":"ImageObject","inLanguage":"it-IT","@id":"https:\/\/www.noidiqua.it\/Agliana\/#\/schema\/person\/image\/","url":"https:\/\/secure.gravatar.com\/avatar\/2f9b1fb6e13f3b3e63bde435d999a73be036e320f7a0f5f32f9ac21859d999cd?s=96&d=mm&r=g","contentUrl":"https:\/\/secure.gravatar.com\/avatar\/2f9b1fb6e13f3b3e63bde435d999a73be036e320f7a0f5f32f9ac21859d999cd?s=96&d=mm&r=g","caption":"Piera Salvi"},"url":"https:\/\/www.noidiqua.it\/Agliana\/author\/piera-salvi\/"}]}},"_links":{"self":[{"href":"https:\/\/www.noidiqua.it\/Agliana\/wp-json\/wp\/v2\/posts\/2911","targetHints":{"allow":["GET"]}}],"collection":[{"href":"https:\/\/www.noidiqua.it\/Agliana\/wp-json\/wp\/v2\/posts"}],"about":[{"href":"https:\/\/www.noidiqua.it\/Agliana\/wp-json\/wp\/v2\/types\/post"}],"author":[{"embeddable":true,"href":"https:\/\/www.noidiqua.it\/Agliana\/wp-json\/wp\/v2\/users\/13"}],"replies":[{"embeddable":true,"href":"https:\/\/www.noidiqua.it\/Agliana\/wp-json\/wp\/v2\/comments?post=2911"}],"version-history":[{"count":5,"href":"https:\/\/www.noidiqua.it\/Agliana\/wp-json\/wp\/v2\/posts\/2911\/revisions"}],"predecessor-version":[{"id":8021,"href":"https:\/\/www.noidiqua.it\/Agliana\/wp-json\/wp\/v2\/posts\/2911\/revisions\/8021"}],"wp:attachment":[{"href":"https:\/\/www.noidiqua.it\/Agliana\/wp-json\/wp\/v2\/media?parent=2911"}],"wp:term":[{"taxonomy":"category","embeddable":true,"href":"https:\/\/www.noidiqua.it\/Agliana\/wp-json\/wp\/v2\/categories?post=2911"},{"taxonomy":"post_tag","embeddable":true,"href":"https:\/\/www.noidiqua.it\/Agliana\/wp-json\/wp\/v2\/tags?post=2911"}],"curies":[{"name":"wp","href":"https:\/\/api.w.org\/{rel}","templated":true}]}}