{"id":2921,"date":"2014-06-12T15:19:20","date_gmt":"2014-06-12T13:19:20","guid":{"rendered":"https:\/\/www.noidiqua.it\/Agliana\/?p=2921"},"modified":"2023-01-12T15:07:01","modified_gmt":"2023-01-12T14:07:01","slug":"debora-bonacchi-il-sogno-il-silenzio-la-nascita","status":"publish","type":"post","link":"https:\/\/www.noidiqua.it\/Agliana\/debora-bonacchi-il-sogno-il-silenzio-la-nascita\/","title":{"rendered":"Debora Bonacchi &#8211; \u201cIl sogno, il silenzio, la nascita\u201d"},"content":{"rendered":"<p><em>di Piera Salvi<\/em><\/p>\n<p><em>giugno 2014<\/em><\/p>\n<p><a href=\"https:\/\/www.noidiqua.it\/Agliana\/wp-content\/uploads\/2014\/06\/debora-.png\" rel=\"wp-prettyPhoto[2921]\"><img loading=\"lazy\" decoding=\"async\" class=\"aligncenter size-full wp-image-7991\" src=\"https:\/\/www.noidiqua.it\/Agliana\/wp-content\/uploads\/2014\/06\/debora-.png\" alt=\"\" width=\"505\" height=\"349\" srcset=\"https:\/\/www.noidiqua.it\/Agliana\/wp-content\/uploads\/2014\/06\/debora-.png 505w, https:\/\/www.noidiqua.it\/Agliana\/wp-content\/uploads\/2014\/06\/debora--300x207.png 300w\" sizes=\"auto, (max-width: 505px) 100vw, 505px\" \/><\/a><\/p>\n<p>Il sogno pi\u00f9 grande si \u00e8 avverato: tornare a camminare. Da questo sogno ne sono sbocciati altri: trovare un lavoro, guidare l\u2019auto, il matrimonio, la maternit\u00e0. <em>\u00abPur con vari problemi, la mia vita \u00e8 la dimostrazione che con tenacia e volont\u00e0 si possono fare grandi cose\u00bb<\/em> dice <strong>Debora Bonacchi<\/strong>, la cui storia in passato ha catturato l\u2019attenzione nazionale di riviste, quotidiani e trasmissioni televisive. Non \u00e8 storia comune la sua: sei mesi di coma a causa di un grave incidente stradale, a 15 anni, una sera dell\u2019ottobre 1985 quando, in motorino, tornava a casa dopo una serata in discoteca. Oggi ha una figlia tredicenne, Penelope. <em>\u00abVivo la vita a 360 gradi, pur con delle limitazioni\u00bb<\/em> afferma Debora . <em>\u00abFino alla met\u00e0 degli anni Novanta tutto questo era un sogno. Quando ero in coma, nessuno mi dava speranze di vita. Ma io ero attaccata alla vita con l\u2019unghia e con i denti e la mia famiglia mi \u00e8 sempre stata accanto con tanta volont\u00e0 e speranza. Dal Duemila sono tornata a vivere pienamente, pur con dei limiti, e grazie alle continue riabilitazioni e interventi chirurgici, che non sono ancora finiti\u00bb<\/em>.<\/p>\n<p>Dopo il risveglio dal coma, Debora si rimette a studiare, nel 1996 decide di prendere la patente di guida, per essere pi\u00f9 autonoma. Lotta con la burocrazia e nel 1999 \u00e8 patentata. Nel giugno 2001 celebra il suo matrimonio da favola. Nel 2002 l\u2019attivit\u00e0 che da tempo svolgeva nella biblioteca comunale di Agliana (prima come volontaria e poi con una borsa lavoro) si trasforma in contratto di assunzione. Il massimo coronamento dei suoi sogni \u00e8 stata la maternit\u00e0, con la nascita di Penelope. Proseguono anche i piccoli miglioramenti, sempre conseguenti a terapie e interventi chirurgici. <em>\u00abQuando il mio matrimonio \u00e8 finito\u00bb<\/em> racconta Debora <em>\u00absi \u00e8 spenta una luce ma \u00e8 rimasto acceso il faro di Penelope. Ho continuato a sognare ed ho visto altri desideri realizzarsi, come la pubblicazione del mio libro, nel 2007. Desideravo mettere a disposizione degli altri la mia esperienza, come segno di speranza per chi ne ha bisogno. Volevo lasciare la mia testimonianza. Ogni volta che mi domandavo: perch\u00e9 io sono rimasta in vita e altri no? La mia risposta era che dovevo testimoniare la mia esperienza\u00bb<\/em>.<\/p>\n<p>Il libro autobiografico di Debora \u00e8 <strong>\u201cIl sogno, il silenzio, la nascita\u201d<\/strong> (Aulino editore). In quelle pagine, dove negli anni l\u2019autrice ha fissato le sue sensazioni, tra i tanti momenti difficili superati, scopriamo anche il grande valore delle piccole cose: pulire la casa da sola, aprire la finestra e respirare l\u2019aria. Troviamo la voglia di vivere. Dall\u2019incontro con <strong>Maura Salvi<\/strong> \u00e8 nata una fusione di entusiasmi che ha portato alla realizzazione del progetto <strong>\u201cIl valore della vita\u201d<\/strong>, attuato in collaborazione con l\u2019associazione <strong>\u201cLa bottega delle maschere\u201d<\/strong>. E\u2019 stato realizzato uno spettacolo tratto dal libro (con la stessa autrice in scena) che successivamente si \u00e8 prestato a molte trasformazioni ed \u00e8 uscito dai teatri diventando uno strumento per progetti didattici nelle scuole, sensibilizzando giovani e adolescenti sul valore della vita: dall\u2019istituto Capitini di Agliana alle province di Siena e Livorno.<\/p>\n<p>La forza di Debora \u00e8 anche nella musica, che l\u2019ha sempre accompagnata e aiutata nel ritorno alla vita. <em>\u00abLa vita \u00e8 musica comunque vada\u00bb<\/em> \u00e8 il suo messaggio.<em> \u00abDobbiamo andare avanti, senza lasciarci arrestare dalle cose negative. Anzi, dovrebbero essere un incentivo per darci maggiore forza\u00bb<\/em>.<\/p>\n<p>&nbsp;<\/p>","protected":false},"excerpt":{"rendered":"<p>di Piera Salvi giugno 2014 Il sogno pi\u00f9 grande si \u00e8 avverato: tornare a camminare. Da questo sogno ne sono sbocciati altri: trovare un lavoro, guidare l\u2019auto, il matrimonio, la maternit\u00e0. \u00abPur con vari problemi, la mia vita \u00e8 la dimostrazione che con tenacia e volont\u00e0 si [&hellip;]<\/p>","protected":false},"author":13,"featured_media":0,"comment_status":"open","ping_status":"open","sticky":false,"template":"","format":"standard","meta":{"footnotes":""},"categories":[2,12,143],"tags":[37,38,79,84,96,97,108],"class_list":["post-2921","post","type-post","status-publish","format-standard","hentry","category-ag","category-gente-di-qua-qt","category-persone-e-personaggi","tag-ag-ag","tag-aglianese","tag-gente-di-qua","tag-laglianese","tag-noidiqua","tag-noidiqua-laglianese","tag-piera-salvi"],"yoast_head":"<!-- This site is optimized with the Yoast SEO plugin v25.5 - https:\/\/yoast.com\/wordpress\/plugins\/seo\/ -->\n<title>Debora Bonacchi - \u201cIl sogno, il silenzio, la nascita\u201d - Noi di Qua Testata giornalistica e di attualit\u00e0 di Agliana, Montale e Quarrata.<\/title>\n<meta name=\"robots\" content=\"index, follow, max-snippet:-1, max-image-preview:large, max-video-preview:-1\" \/>\n<link rel=\"canonical\" href=\"https:\/\/www.noidiqua.it\/Agliana\/debora-bonacchi-il-sogno-il-silenzio-la-nascita\/\" \/>\n<meta property=\"og:locale\" content=\"it_IT\" \/>\n<meta property=\"og:type\" content=\"article\" \/>\n<meta property=\"og:title\" content=\"Debora Bonacchi - \u201cIl sogno, il silenzio, la nascita\u201d - Noi di Qua Testata giornalistica e di attualit\u00e0 di Agliana, Montale e Quarrata.\" \/>\n<meta property=\"og:description\" content=\"di Piera Salvi giugno 2014 Il sogno pi\u00f9 grande si \u00e8 avverato: tornare a camminare. Da questo sogno ne sono sbocciati altri: trovare un lavoro, guidare l\u2019auto, il matrimonio, la maternit\u00e0. \u00abPur con vari problemi, la mia vita \u00e8 la dimostrazione che con tenacia e volont\u00e0 si [&hellip;]\" \/>\n<meta property=\"og:url\" content=\"https:\/\/www.noidiqua.it\/Agliana\/debora-bonacchi-il-sogno-il-silenzio-la-nascita\/\" \/>\n<meta property=\"og:site_name\" content=\"Noi di Qua Testata giornalistica e di attualit\u00e0 di Agliana, Montale e Quarrata.\" \/>\n<meta property=\"article:publisher\" content=\"https:\/\/www.facebook.com\/noidiqua.trimestrale\/\" \/>\n<meta property=\"article:published_time\" content=\"2014-06-12T13:19:20+00:00\" \/>\n<meta property=\"article:modified_time\" content=\"2023-01-12T14:07:01+00:00\" \/>\n<meta property=\"og:image\" content=\"https:\/\/www.noidiqua.it\/Agliana\/wp-content\/uploads\/2014\/06\/debora-.png\" \/>\n<meta name=\"author\" content=\"Piera Salvi\" \/>\n<meta name=\"twitter:label1\" content=\"Scritto da\" \/>\n\t<meta name=\"twitter:data1\" content=\"Piera Salvi\" \/>\n\t<meta name=\"twitter:label2\" content=\"Tempo di lettura stimato\" \/>\n\t<meta name=\"twitter:data2\" content=\"3 minuti\" \/>\n<script type=\"application\/ld+json\" class=\"yoast-schema-graph\">{\"@context\":\"https:\/\/schema.org\",\"@graph\":[{\"@type\":\"WebPage\",\"@id\":\"https:\/\/www.noidiqua.it\/Agliana\/debora-bonacchi-il-sogno-il-silenzio-la-nascita\/\",\"url\":\"https:\/\/www.noidiqua.it\/Agliana\/debora-bonacchi-il-sogno-il-silenzio-la-nascita\/\",\"name\":\"Debora Bonacchi - \u201cIl sogno, il silenzio, la nascita\u201d - Noi di Qua Testata giornalistica e di attualit\u00e0 di Agliana, Montale e Quarrata.\",\"isPartOf\":{\"@id\":\"https:\/\/www.noidiqua.it\/Agliana\/#website\"},\"primaryImageOfPage\":{\"@id\":\"https:\/\/www.noidiqua.it\/Agliana\/debora-bonacchi-il-sogno-il-silenzio-la-nascita\/#primaryimage\"},\"image\":{\"@id\":\"https:\/\/www.noidiqua.it\/Agliana\/debora-bonacchi-il-sogno-il-silenzio-la-nascita\/#primaryimage\"},\"thumbnailUrl\":\"https:\/\/www.noidiqua.it\/Agliana\/wp-content\/uploads\/2014\/06\/debora-.png\",\"datePublished\":\"2014-06-12T13:19:20+00:00\",\"dateModified\":\"2023-01-12T14:07:01+00:00\",\"author\":{\"@id\":\"https:\/\/www.noidiqua.it\/Agliana\/#\/schema\/person\/bb7515c2330bb1137f247276096fa7dc\"},\"breadcrumb\":{\"@id\":\"https:\/\/www.noidiqua.it\/Agliana\/debora-bonacchi-il-sogno-il-silenzio-la-nascita\/#breadcrumb\"},\"inLanguage\":\"it-IT\",\"potentialAction\":[{\"@type\":\"ReadAction\",\"target\":[\"https:\/\/www.noidiqua.it\/Agliana\/debora-bonacchi-il-sogno-il-silenzio-la-nascita\/\"]}]},{\"@type\":\"ImageObject\",\"inLanguage\":\"it-IT\",\"@id\":\"https:\/\/www.noidiqua.it\/Agliana\/debora-bonacchi-il-sogno-il-silenzio-la-nascita\/#primaryimage\",\"url\":\"https:\/\/www.noidiqua.it\/Agliana\/wp-content\/uploads\/2014\/06\/debora-.png\",\"contentUrl\":\"https:\/\/www.noidiqua.it\/Agliana\/wp-content\/uploads\/2014\/06\/debora-.png\",\"width\":505,\"height\":349},{\"@type\":\"BreadcrumbList\",\"@id\":\"https:\/\/www.noidiqua.it\/Agliana\/debora-bonacchi-il-sogno-il-silenzio-la-nascita\/#breadcrumb\",\"itemListElement\":[{\"@type\":\"ListItem\",\"position\":1,\"name\":\"Home\",\"item\":\"https:\/\/www.noidiqua.it\/Agliana\/\"},{\"@type\":\"ListItem\",\"position\":2,\"name\":\"Debora Bonacchi &#8211; \u201cIl sogno, il silenzio, la nascita\u201d\"}]},{\"@type\":\"WebSite\",\"@id\":\"https:\/\/www.noidiqua.it\/Agliana\/#website\",\"url\":\"https:\/\/www.noidiqua.it\/Agliana\/\",\"name\":\"Noi di Qua Testata giornalistica e di attualit\u00e0 di Agliana, Montale e Quarrata.\",\"description\":\"Testata Giornalistica Quarrata Montale Agliana\",\"potentialAction\":[{\"@type\":\"SearchAction\",\"target\":{\"@type\":\"EntryPoint\",\"urlTemplate\":\"https:\/\/www.noidiqua.it\/Agliana\/?s={search_term_string}\"},\"query-input\":{\"@type\":\"PropertyValueSpecification\",\"valueRequired\":true,\"valueName\":\"search_term_string\"}}],\"inLanguage\":\"it-IT\"},{\"@type\":\"Person\",\"@id\":\"https:\/\/www.noidiqua.it\/Agliana\/#\/schema\/person\/bb7515c2330bb1137f247276096fa7dc\",\"name\":\"Piera Salvi\",\"image\":{\"@type\":\"ImageObject\",\"inLanguage\":\"it-IT\",\"@id\":\"https:\/\/www.noidiqua.it\/Agliana\/#\/schema\/person\/image\/\",\"url\":\"https:\/\/secure.gravatar.com\/avatar\/2f9b1fb6e13f3b3e63bde435d999a73be036e320f7a0f5f32f9ac21859d999cd?s=96&d=mm&r=g\",\"contentUrl\":\"https:\/\/secure.gravatar.com\/avatar\/2f9b1fb6e13f3b3e63bde435d999a73be036e320f7a0f5f32f9ac21859d999cd?s=96&d=mm&r=g\",\"caption\":\"Piera Salvi\"},\"url\":\"https:\/\/www.noidiqua.it\/Agliana\/author\/piera-salvi\/\"}]}<\/script>\n<!-- \/ Yoast SEO plugin. -->","yoast_head_json":{"title":"Debora Bonacchi - \u201cIl sogno, il silenzio, la nascita\u201d - Noi di Qua Testata giornalistica e di attualit\u00e0 di Agliana, Montale e Quarrata.","robots":{"index":"index","follow":"follow","max-snippet":"max-snippet:-1","max-image-preview":"max-image-preview:large","max-video-preview":"max-video-preview:-1"},"canonical":"https:\/\/www.noidiqua.it\/Agliana\/debora-bonacchi-il-sogno-il-silenzio-la-nascita\/","og_locale":"it_IT","og_type":"article","og_title":"Debora Bonacchi - \u201cIl sogno, il silenzio, la nascita\u201d - Noi di Qua Testata giornalistica e di attualit\u00e0 di Agliana, Montale e Quarrata.","og_description":"di Piera Salvi giugno 2014 Il sogno pi\u00f9 grande si \u00e8 avverato: tornare a camminare. Da questo sogno ne sono sbocciati altri: trovare un lavoro, guidare l\u2019auto, il matrimonio, la maternit\u00e0. \u00abPur con vari problemi, la mia vita \u00e8 la dimostrazione che con tenacia e volont\u00e0 si [&hellip;]","og_url":"https:\/\/www.noidiqua.it\/Agliana\/debora-bonacchi-il-sogno-il-silenzio-la-nascita\/","og_site_name":"Noi di Qua Testata giornalistica e di attualit\u00e0 di Agliana, Montale e Quarrata.","article_publisher":"https:\/\/www.facebook.com\/noidiqua.trimestrale\/","article_published_time":"2014-06-12T13:19:20+00:00","article_modified_time":"2023-01-12T14:07:01+00:00","og_image":[{"url":"https:\/\/www.noidiqua.it\/Agliana\/wp-content\/uploads\/2014\/06\/debora-.png","type":"","width":"","height":""}],"author":"Piera Salvi","twitter_misc":{"Scritto da":"Piera Salvi","Tempo di lettura stimato":"3 minuti"},"schema":{"@context":"https:\/\/schema.org","@graph":[{"@type":"WebPage","@id":"https:\/\/www.noidiqua.it\/Agliana\/debora-bonacchi-il-sogno-il-silenzio-la-nascita\/","url":"https:\/\/www.noidiqua.it\/Agliana\/debora-bonacchi-il-sogno-il-silenzio-la-nascita\/","name":"Debora Bonacchi - \u201cIl sogno, il silenzio, la nascita\u201d - Noi di Qua Testata giornalistica e di attualit\u00e0 di Agliana, Montale e Quarrata.","isPartOf":{"@id":"https:\/\/www.noidiqua.it\/Agliana\/#website"},"primaryImageOfPage":{"@id":"https:\/\/www.noidiqua.it\/Agliana\/debora-bonacchi-il-sogno-il-silenzio-la-nascita\/#primaryimage"},"image":{"@id":"https:\/\/www.noidiqua.it\/Agliana\/debora-bonacchi-il-sogno-il-silenzio-la-nascita\/#primaryimage"},"thumbnailUrl":"https:\/\/www.noidiqua.it\/Agliana\/wp-content\/uploads\/2014\/06\/debora-.png","datePublished":"2014-06-12T13:19:20+00:00","dateModified":"2023-01-12T14:07:01+00:00","author":{"@id":"https:\/\/www.noidiqua.it\/Agliana\/#\/schema\/person\/bb7515c2330bb1137f247276096fa7dc"},"breadcrumb":{"@id":"https:\/\/www.noidiqua.it\/Agliana\/debora-bonacchi-il-sogno-il-silenzio-la-nascita\/#breadcrumb"},"inLanguage":"it-IT","potentialAction":[{"@type":"ReadAction","target":["https:\/\/www.noidiqua.it\/Agliana\/debora-bonacchi-il-sogno-il-silenzio-la-nascita\/"]}]},{"@type":"ImageObject","inLanguage":"it-IT","@id":"https:\/\/www.noidiqua.it\/Agliana\/debora-bonacchi-il-sogno-il-silenzio-la-nascita\/#primaryimage","url":"https:\/\/www.noidiqua.it\/Agliana\/wp-content\/uploads\/2014\/06\/debora-.png","contentUrl":"https:\/\/www.noidiqua.it\/Agliana\/wp-content\/uploads\/2014\/06\/debora-.png","width":505,"height":349},{"@type":"BreadcrumbList","@id":"https:\/\/www.noidiqua.it\/Agliana\/debora-bonacchi-il-sogno-il-silenzio-la-nascita\/#breadcrumb","itemListElement":[{"@type":"ListItem","position":1,"name":"Home","item":"https:\/\/www.noidiqua.it\/Agliana\/"},{"@type":"ListItem","position":2,"name":"Debora Bonacchi &#8211; \u201cIl sogno, il silenzio, la nascita\u201d"}]},{"@type":"WebSite","@id":"https:\/\/www.noidiqua.it\/Agliana\/#website","url":"https:\/\/www.noidiqua.it\/Agliana\/","name":"Noi di Qua Testata giornalistica e di attualit\u00e0 di Agliana, Montale e Quarrata.","description":"Testata Giornalistica Quarrata Montale Agliana","potentialAction":[{"@type":"SearchAction","target":{"@type":"EntryPoint","urlTemplate":"https:\/\/www.noidiqua.it\/Agliana\/?s={search_term_string}"},"query-input":{"@type":"PropertyValueSpecification","valueRequired":true,"valueName":"search_term_string"}}],"inLanguage":"it-IT"},{"@type":"Person","@id":"https:\/\/www.noidiqua.it\/Agliana\/#\/schema\/person\/bb7515c2330bb1137f247276096fa7dc","name":"Piera Salvi","image":{"@type":"ImageObject","inLanguage":"it-IT","@id":"https:\/\/www.noidiqua.it\/Agliana\/#\/schema\/person\/image\/","url":"https:\/\/secure.gravatar.com\/avatar\/2f9b1fb6e13f3b3e63bde435d999a73be036e320f7a0f5f32f9ac21859d999cd?s=96&d=mm&r=g","contentUrl":"https:\/\/secure.gravatar.com\/avatar\/2f9b1fb6e13f3b3e63bde435d999a73be036e320f7a0f5f32f9ac21859d999cd?s=96&d=mm&r=g","caption":"Piera Salvi"},"url":"https:\/\/www.noidiqua.it\/Agliana\/author\/piera-salvi\/"}]}},"_links":{"self":[{"href":"https:\/\/www.noidiqua.it\/Agliana\/wp-json\/wp\/v2\/posts\/2921","targetHints":{"allow":["GET"]}}],"collection":[{"href":"https:\/\/www.noidiqua.it\/Agliana\/wp-json\/wp\/v2\/posts"}],"about":[{"href":"https:\/\/www.noidiqua.it\/Agliana\/wp-json\/wp\/v2\/types\/post"}],"author":[{"embeddable":true,"href":"https:\/\/www.noidiqua.it\/Agliana\/wp-json\/wp\/v2\/users\/13"}],"replies":[{"embeddable":true,"href":"https:\/\/www.noidiqua.it\/Agliana\/wp-json\/wp\/v2\/comments?post=2921"}],"version-history":[{"count":4,"href":"https:\/\/www.noidiqua.it\/Agliana\/wp-json\/wp\/v2\/posts\/2921\/revisions"}],"predecessor-version":[{"id":7993,"href":"https:\/\/www.noidiqua.it\/Agliana\/wp-json\/wp\/v2\/posts\/2921\/revisions\/7993"}],"wp:attachment":[{"href":"https:\/\/www.noidiqua.it\/Agliana\/wp-json\/wp\/v2\/media?parent=2921"}],"wp:term":[{"taxonomy":"category","embeddable":true,"href":"https:\/\/www.noidiqua.it\/Agliana\/wp-json\/wp\/v2\/categories?post=2921"},{"taxonomy":"post_tag","embeddable":true,"href":"https:\/\/www.noidiqua.it\/Agliana\/wp-json\/wp\/v2\/tags?post=2921"}],"curies":[{"name":"wp","href":"https:\/\/api.w.org\/{rel}","templated":true}]}}