{"id":2925,"date":"2014-06-12T15:34:01","date_gmt":"2014-06-12T13:34:01","guid":{"rendered":"https:\/\/www.noidiqua.it\/Agliana\/?p=2925"},"modified":"2023-01-13T09:30:06","modified_gmt":"2023-01-13T08:30:06","slug":"macelleria-marini-110-anni-di-attivita","status":"publish","type":"post","link":"https:\/\/www.noidiqua.it\/Agliana\/macelleria-marini-110-anni-di-attivita\/","title":{"rendered":"Macelleria Marini &#8211; 110 anni di storia"},"content":{"rendered":"<p><em>di David Colzi. Foto: Adriano Tesi<\/em><\/p>\n<p><em>giugno 2014<\/em><\/p>\n<p><a href=\"https:\/\/www.noidiqua.it\/Agliana\/wp-content\/uploads\/2014\/06\/marini-1.png\" rel=\"wp-prettyPhoto[2925]\"><img loading=\"lazy\" decoding=\"async\" class=\"aligncenter size-full wp-image-8024\" src=\"https:\/\/www.noidiqua.it\/Agliana\/wp-content\/uploads\/2014\/06\/marini-1.png\" alt=\"\" width=\"497\" height=\"364\" srcset=\"https:\/\/www.noidiqua.it\/Agliana\/wp-content\/uploads\/2014\/06\/marini-1.png 497w, https:\/\/www.noidiqua.it\/Agliana\/wp-content\/uploads\/2014\/06\/marini-1-300x220.png 300w\" sizes=\"auto, (max-width: 497px) 100vw, 497px\" \/><\/a><\/p>\n<p>Dopo l&#8217;alimentari Bonacchi dell&#8217;anno scorso, siamo lieti di scoprire che anche nel 2014 c&#8217;\u00e8 un&#8217;attivit\u00e0 aglianese che compie 110 anni: si tratta della <strong>Macelleria Marini<\/strong>, arrivata oggi alla quarta generazione con Nicola e Manuel, che collaborano con mamma Patrizia e pap\u00e0 Marco, attuale proprietario di questo tempio del gusto, recensito nelle migliori pubblicazioni di settore, come <strong><em>Il Golosario <\/em><\/strong>o<strong><em> Cento cose buone d&#8217;Italia<\/em><\/strong>, che pu\u00f2 fregiarsi di titoli prestigiosi come quello del Golosario 2009, che premi\u00f2 questo negozio come \u201cMiglior locale italiano nella categoria Macellerie\u201d. \u00ab<em>Questo ovviamente non \u00e8 stato un premio all\u2019estetica del nostro locale\u00bb<\/em>, ci disse qualche tempo fa Marco <em>\u00abma al nostro lavoro, inteso come prodotti, accoglienza e professionalit\u00e0\u00bb. <\/em>La Macelleria Marini per\u00f2 non si occupa solo di vendita al dettaglio, ma invia i suoi prodotti in tutta Italia e all&#8217;estero, in Paesi come<strong> Inghilterra<\/strong>, <strong>Germania<\/strong>, <strong>Lussemburgo<\/strong> e <strong>Olanda<\/strong>, dove arrivano i loro prosciutti, salami, e soprattutto la finocchiona, considerata un simbolo della nostra terra, che i Marini preparano solo con finocchio selvatico del<strong> Chianti<\/strong>. Molto successo lo riscuote anche la <strong>Mortadella di Prato<\/strong>, di cui la macelleria \u00e8 una dei pochissimi produttori locali certificati.<\/p>\n<p><a href=\"https:\/\/www.noidiqua.it\/Agliana\/wp-content\/uploads\/2014\/06\/marini-3.png\" rel=\"wp-prettyPhoto[2925]\"><img loading=\"lazy\" decoding=\"async\" class=\"aligncenter size-full wp-image-8025\" src=\"https:\/\/www.noidiqua.it\/Agliana\/wp-content\/uploads\/2014\/06\/marini-3.png\" alt=\"\" width=\"502\" height=\"357\" srcset=\"https:\/\/www.noidiqua.it\/Agliana\/wp-content\/uploads\/2014\/06\/marini-3.png 502w, https:\/\/www.noidiqua.it\/Agliana\/wp-content\/uploads\/2014\/06\/marini-3-300x213.png 300w\" sizes=\"auto, (max-width: 502px) 100vw, 502px\" \/><\/a><\/p>\n<p>Nel mercato italiano, i prodotti Marini sono presenti &#8211; fra l&#8217;altro &#8211; nel circuito prestigioso di <strong><em>Eataly<\/em><\/strong>, che si occupa di diffondere cibi e bevande di alta qualit\u00e0. Passando invece alla \u201cciccia\u201d, la macelleria fa parte del consorzio \u201c5R\u201d, che tutela e certifica 5 razze di vitello, tra cui la <strong>Chianina<\/strong>, venduta appunto nella bottega <strong>aglianese<\/strong>. Ma la cosa che colpisce di pi\u00f9 entrando in negozio, sono le piramidi di legno dove i prosciutti preparati alla <strong>toscana<\/strong>, stagionano all&#8217;aria anzich\u00e9 nelle celle frigorifere come ormai avviene praticamente ovunque: quindi una maturazione pi\u00f9 lenta, per un gusto pi\u00f9 intenso.<\/p>\n<p><a href=\"https:\/\/www.noidiqua.it\/Agliana\/wp-content\/uploads\/2014\/06\/marini-2.png\" rel=\"wp-prettyPhoto[2925]\"><img loading=\"lazy\" decoding=\"async\" class=\"aligncenter size-full wp-image-8026\" src=\"https:\/\/www.noidiqua.it\/Agliana\/wp-content\/uploads\/2014\/06\/marini-2.png\" alt=\"\" width=\"501\" height=\"334\" srcset=\"https:\/\/www.noidiqua.it\/Agliana\/wp-content\/uploads\/2014\/06\/marini-2.png 501w, https:\/\/www.noidiqua.it\/Agliana\/wp-content\/uploads\/2014\/06\/marini-2-300x200.png 300w\" sizes=\"auto, (max-width: 501px) 100vw, 501px\" \/><\/a><\/p>\n<p>Non a caso <strong>Paolo Massobrio<\/strong>, noto giornalista enogastronomico, ha definito il loro prosciutto come il pi\u00f9 buono d&#8217;<strong>Italia<\/strong>. Questi sono solo alcuni traguardi raggiunti da Marco e famiglia: se volete sapere quali ristoranti, enoteche e gastronomie si riforniscono dai Marini, per cercare la loro filiera di qualit\u00e0, andateli a trovare alla Ferruccia, e tra una chiacchiera e l&#8217;altra scoprirete un mondo fatto di passione, tradizioni antiche e tanto lavoro artigianale. Buon appetito!<\/p>\n<p>&nbsp;<\/p>\n<p style=\"text-align: justify;\">\n<p style=\"text-align: justify;\">","protected":false},"excerpt":{"rendered":"<p>di David Colzi. Foto: Adriano Tesi giugno 2014 Dopo l&#8217;alimentari Bonacchi dell&#8217;anno scorso, siamo lieti di scoprire che anche nel 2014 c&#8217;\u00e8 un&#8217;attivit\u00e0 aglianese che compie 110 anni: si tratta della Macelleria Marini, arrivata oggi alla quarta generazione con Nicola e Manuel, che collaborano con mamma Patrizia [&hellip;]<\/p>","protected":false},"author":5,"featured_media":0,"comment_status":"open","ping_status":"open","sticky":false,"template":"","format":"standard","meta":{"footnotes":""},"categories":[2,3,11],"tags":[37,38,76,79,84,96,97],"class_list":["post-2925","post","type-post","status-publish","format-standard","hentry","category-ag","category-arte-artigianato-qt","category-fotonotizie-qt","tag-ag-ag","tag-aglianese","tag-fotonotizia","tag-gente-di-qua","tag-laglianese","tag-noidiqua","tag-noidiqua-laglianese"],"yoast_head":"<!-- This site is optimized with the Yoast SEO plugin v25.5 - https:\/\/yoast.com\/wordpress\/plugins\/seo\/ -->\n<title>Macelleria Marini - 110 anni di storia - Noi di Qua Testata giornalistica e di attualit\u00e0 di Agliana, Montale e Quarrata.<\/title>\n<meta name=\"robots\" content=\"index, follow, max-snippet:-1, max-image-preview:large, max-video-preview:-1\" \/>\n<link rel=\"canonical\" href=\"https:\/\/www.noidiqua.it\/Agliana\/macelleria-marini-110-anni-di-attivita\/\" \/>\n<meta property=\"og:locale\" content=\"it_IT\" \/>\n<meta property=\"og:type\" content=\"article\" \/>\n<meta property=\"og:title\" content=\"Macelleria Marini - 110 anni di storia - Noi di Qua Testata giornalistica e di attualit\u00e0 di Agliana, Montale e Quarrata.\" \/>\n<meta property=\"og:description\" content=\"di David Colzi. Foto: Adriano Tesi giugno 2014 Dopo l&#8217;alimentari Bonacchi dell&#8217;anno scorso, siamo lieti di scoprire che anche nel 2014 c&#8217;\u00e8 un&#8217;attivit\u00e0 aglianese che compie 110 anni: si tratta della Macelleria Marini, arrivata oggi alla quarta generazione con Nicola e Manuel, che collaborano con mamma Patrizia [&hellip;]\" \/>\n<meta property=\"og:url\" content=\"https:\/\/www.noidiqua.it\/Agliana\/macelleria-marini-110-anni-di-attivita\/\" \/>\n<meta property=\"og:site_name\" content=\"Noi di Qua Testata giornalistica e di attualit\u00e0 di Agliana, Montale e Quarrata.\" \/>\n<meta property=\"article:publisher\" content=\"https:\/\/www.facebook.com\/noidiqua.trimestrale\/\" \/>\n<meta property=\"article:published_time\" content=\"2014-06-12T13:34:01+00:00\" \/>\n<meta property=\"article:modified_time\" content=\"2023-01-13T08:30:06+00:00\" \/>\n<meta property=\"og:image\" content=\"https:\/\/www.noidiqua.it\/Agliana\/wp-content\/uploads\/2014\/06\/marini-1.png\" \/>\n<meta name=\"author\" content=\"David Colzi\" \/>\n<meta name=\"twitter:label1\" content=\"Scritto da\" \/>\n\t<meta name=\"twitter:data1\" content=\"David Colzi\" \/>\n\t<meta name=\"twitter:label2\" content=\"Tempo di lettura stimato\" \/>\n\t<meta name=\"twitter:data2\" content=\"3 minuti\" \/>\n<script type=\"application\/ld+json\" class=\"yoast-schema-graph\">{\"@context\":\"https:\/\/schema.org\",\"@graph\":[{\"@type\":\"WebPage\",\"@id\":\"https:\/\/www.noidiqua.it\/Agliana\/macelleria-marini-110-anni-di-attivita\/\",\"url\":\"https:\/\/www.noidiqua.it\/Agliana\/macelleria-marini-110-anni-di-attivita\/\",\"name\":\"Macelleria Marini - 110 anni di storia - Noi di Qua Testata giornalistica e di attualit\u00e0 di Agliana, Montale e Quarrata.\",\"isPartOf\":{\"@id\":\"https:\/\/www.noidiqua.it\/Agliana\/#website\"},\"primaryImageOfPage\":{\"@id\":\"https:\/\/www.noidiqua.it\/Agliana\/macelleria-marini-110-anni-di-attivita\/#primaryimage\"},\"image\":{\"@id\":\"https:\/\/www.noidiqua.it\/Agliana\/macelleria-marini-110-anni-di-attivita\/#primaryimage\"},\"thumbnailUrl\":\"https:\/\/www.noidiqua.it\/Agliana\/wp-content\/uploads\/2014\/06\/marini-1.png\",\"datePublished\":\"2014-06-12T13:34:01+00:00\",\"dateModified\":\"2023-01-13T08:30:06+00:00\",\"author\":{\"@id\":\"https:\/\/www.noidiqua.it\/Agliana\/#\/schema\/person\/3b45dd21eb2367c177b6a6d35c868ccc\"},\"breadcrumb\":{\"@id\":\"https:\/\/www.noidiqua.it\/Agliana\/macelleria-marini-110-anni-di-attivita\/#breadcrumb\"},\"inLanguage\":\"it-IT\",\"potentialAction\":[{\"@type\":\"ReadAction\",\"target\":[\"https:\/\/www.noidiqua.it\/Agliana\/macelleria-marini-110-anni-di-attivita\/\"]}]},{\"@type\":\"ImageObject\",\"inLanguage\":\"it-IT\",\"@id\":\"https:\/\/www.noidiqua.it\/Agliana\/macelleria-marini-110-anni-di-attivita\/#primaryimage\",\"url\":\"https:\/\/www.noidiqua.it\/Agliana\/wp-content\/uploads\/2014\/06\/marini-1.png\",\"contentUrl\":\"https:\/\/www.noidiqua.it\/Agliana\/wp-content\/uploads\/2014\/06\/marini-1.png\",\"width\":497,\"height\":364},{\"@type\":\"BreadcrumbList\",\"@id\":\"https:\/\/www.noidiqua.it\/Agliana\/macelleria-marini-110-anni-di-attivita\/#breadcrumb\",\"itemListElement\":[{\"@type\":\"ListItem\",\"position\":1,\"name\":\"Home\",\"item\":\"https:\/\/www.noidiqua.it\/Agliana\/\"},{\"@type\":\"ListItem\",\"position\":2,\"name\":\"Macelleria Marini &#8211; 110 anni di storia\"}]},{\"@type\":\"WebSite\",\"@id\":\"https:\/\/www.noidiqua.it\/Agliana\/#website\",\"url\":\"https:\/\/www.noidiqua.it\/Agliana\/\",\"name\":\"Noi di Qua Testata giornalistica e di attualit\u00e0 di Agliana, Montale e Quarrata.\",\"description\":\"Testata Giornalistica Quarrata Montale Agliana\",\"potentialAction\":[{\"@type\":\"SearchAction\",\"target\":{\"@type\":\"EntryPoint\",\"urlTemplate\":\"https:\/\/www.noidiqua.it\/Agliana\/?s={search_term_string}\"},\"query-input\":{\"@type\":\"PropertyValueSpecification\",\"valueRequired\":true,\"valueName\":\"search_term_string\"}}],\"inLanguage\":\"it-IT\"},{\"@type\":\"Person\",\"@id\":\"https:\/\/www.noidiqua.it\/Agliana\/#\/schema\/person\/3b45dd21eb2367c177b6a6d35c868ccc\",\"name\":\"David Colzi\",\"image\":{\"@type\":\"ImageObject\",\"inLanguage\":\"it-IT\",\"@id\":\"https:\/\/www.noidiqua.it\/Agliana\/#\/schema\/person\/image\/\",\"url\":\"https:\/\/secure.gravatar.com\/avatar\/515ac68c0075b78a8243a0f28e5a361c9b5c466a1d6912ac3919ddd928c4db8c?s=96&d=mm&r=g\",\"contentUrl\":\"https:\/\/secure.gravatar.com\/avatar\/515ac68c0075b78a8243a0f28e5a361c9b5c466a1d6912ac3919ddd928c4db8c?s=96&d=mm&r=g\",\"caption\":\"David Colzi\"},\"url\":\"https:\/\/www.noidiqua.it\/Agliana\/author\/david-colzi\/\"}]}<\/script>\n<!-- \/ Yoast SEO plugin. -->","yoast_head_json":{"title":"Macelleria Marini - 110 anni di storia - Noi di Qua Testata giornalistica e di attualit\u00e0 di Agliana, Montale e Quarrata.","robots":{"index":"index","follow":"follow","max-snippet":"max-snippet:-1","max-image-preview":"max-image-preview:large","max-video-preview":"max-video-preview:-1"},"canonical":"https:\/\/www.noidiqua.it\/Agliana\/macelleria-marini-110-anni-di-attivita\/","og_locale":"it_IT","og_type":"article","og_title":"Macelleria Marini - 110 anni di storia - Noi di Qua Testata giornalistica e di attualit\u00e0 di Agliana, Montale e Quarrata.","og_description":"di David Colzi. Foto: Adriano Tesi giugno 2014 Dopo l&#8217;alimentari Bonacchi dell&#8217;anno scorso, siamo lieti di scoprire che anche nel 2014 c&#8217;\u00e8 un&#8217;attivit\u00e0 aglianese che compie 110 anni: si tratta della Macelleria Marini, arrivata oggi alla quarta generazione con Nicola e Manuel, che collaborano con mamma Patrizia [&hellip;]","og_url":"https:\/\/www.noidiqua.it\/Agliana\/macelleria-marini-110-anni-di-attivita\/","og_site_name":"Noi di Qua Testata giornalistica e di attualit\u00e0 di Agliana, Montale e Quarrata.","article_publisher":"https:\/\/www.facebook.com\/noidiqua.trimestrale\/","article_published_time":"2014-06-12T13:34:01+00:00","article_modified_time":"2023-01-13T08:30:06+00:00","og_image":[{"url":"https:\/\/www.noidiqua.it\/Agliana\/wp-content\/uploads\/2014\/06\/marini-1.png","type":"","width":"","height":""}],"author":"David Colzi","twitter_misc":{"Scritto da":"David Colzi","Tempo di lettura stimato":"3 minuti"},"schema":{"@context":"https:\/\/schema.org","@graph":[{"@type":"WebPage","@id":"https:\/\/www.noidiqua.it\/Agliana\/macelleria-marini-110-anni-di-attivita\/","url":"https:\/\/www.noidiqua.it\/Agliana\/macelleria-marini-110-anni-di-attivita\/","name":"Macelleria Marini - 110 anni di storia - Noi di Qua Testata giornalistica e di attualit\u00e0 di Agliana, Montale e Quarrata.","isPartOf":{"@id":"https:\/\/www.noidiqua.it\/Agliana\/#website"},"primaryImageOfPage":{"@id":"https:\/\/www.noidiqua.it\/Agliana\/macelleria-marini-110-anni-di-attivita\/#primaryimage"},"image":{"@id":"https:\/\/www.noidiqua.it\/Agliana\/macelleria-marini-110-anni-di-attivita\/#primaryimage"},"thumbnailUrl":"https:\/\/www.noidiqua.it\/Agliana\/wp-content\/uploads\/2014\/06\/marini-1.png","datePublished":"2014-06-12T13:34:01+00:00","dateModified":"2023-01-13T08:30:06+00:00","author":{"@id":"https:\/\/www.noidiqua.it\/Agliana\/#\/schema\/person\/3b45dd21eb2367c177b6a6d35c868ccc"},"breadcrumb":{"@id":"https:\/\/www.noidiqua.it\/Agliana\/macelleria-marini-110-anni-di-attivita\/#breadcrumb"},"inLanguage":"it-IT","potentialAction":[{"@type":"ReadAction","target":["https:\/\/www.noidiqua.it\/Agliana\/macelleria-marini-110-anni-di-attivita\/"]}]},{"@type":"ImageObject","inLanguage":"it-IT","@id":"https:\/\/www.noidiqua.it\/Agliana\/macelleria-marini-110-anni-di-attivita\/#primaryimage","url":"https:\/\/www.noidiqua.it\/Agliana\/wp-content\/uploads\/2014\/06\/marini-1.png","contentUrl":"https:\/\/www.noidiqua.it\/Agliana\/wp-content\/uploads\/2014\/06\/marini-1.png","width":497,"height":364},{"@type":"BreadcrumbList","@id":"https:\/\/www.noidiqua.it\/Agliana\/macelleria-marini-110-anni-di-attivita\/#breadcrumb","itemListElement":[{"@type":"ListItem","position":1,"name":"Home","item":"https:\/\/www.noidiqua.it\/Agliana\/"},{"@type":"ListItem","position":2,"name":"Macelleria Marini &#8211; 110 anni di storia"}]},{"@type":"WebSite","@id":"https:\/\/www.noidiqua.it\/Agliana\/#website","url":"https:\/\/www.noidiqua.it\/Agliana\/","name":"Noi di Qua Testata giornalistica e di attualit\u00e0 di Agliana, Montale e Quarrata.","description":"Testata Giornalistica Quarrata Montale Agliana","potentialAction":[{"@type":"SearchAction","target":{"@type":"EntryPoint","urlTemplate":"https:\/\/www.noidiqua.it\/Agliana\/?s={search_term_string}"},"query-input":{"@type":"PropertyValueSpecification","valueRequired":true,"valueName":"search_term_string"}}],"inLanguage":"it-IT"},{"@type":"Person","@id":"https:\/\/www.noidiqua.it\/Agliana\/#\/schema\/person\/3b45dd21eb2367c177b6a6d35c868ccc","name":"David Colzi","image":{"@type":"ImageObject","inLanguage":"it-IT","@id":"https:\/\/www.noidiqua.it\/Agliana\/#\/schema\/person\/image\/","url":"https:\/\/secure.gravatar.com\/avatar\/515ac68c0075b78a8243a0f28e5a361c9b5c466a1d6912ac3919ddd928c4db8c?s=96&d=mm&r=g","contentUrl":"https:\/\/secure.gravatar.com\/avatar\/515ac68c0075b78a8243a0f28e5a361c9b5c466a1d6912ac3919ddd928c4db8c?s=96&d=mm&r=g","caption":"David Colzi"},"url":"https:\/\/www.noidiqua.it\/Agliana\/author\/david-colzi\/"}]}},"_links":{"self":[{"href":"https:\/\/www.noidiqua.it\/Agliana\/wp-json\/wp\/v2\/posts\/2925","targetHints":{"allow":["GET"]}}],"collection":[{"href":"https:\/\/www.noidiqua.it\/Agliana\/wp-json\/wp\/v2\/posts"}],"about":[{"href":"https:\/\/www.noidiqua.it\/Agliana\/wp-json\/wp\/v2\/types\/post"}],"author":[{"embeddable":true,"href":"https:\/\/www.noidiqua.it\/Agliana\/wp-json\/wp\/v2\/users\/5"}],"replies":[{"embeddable":true,"href":"https:\/\/www.noidiqua.it\/Agliana\/wp-json\/wp\/v2\/comments?post=2925"}],"version-history":[{"count":4,"href":"https:\/\/www.noidiqua.it\/Agliana\/wp-json\/wp\/v2\/posts\/2925\/revisions"}],"predecessor-version":[{"id":8027,"href":"https:\/\/www.noidiqua.it\/Agliana\/wp-json\/wp\/v2\/posts\/2925\/revisions\/8027"}],"wp:attachment":[{"href":"https:\/\/www.noidiqua.it\/Agliana\/wp-json\/wp\/v2\/media?parent=2925"}],"wp:term":[{"taxonomy":"category","embeddable":true,"href":"https:\/\/www.noidiqua.it\/Agliana\/wp-json\/wp\/v2\/categories?post=2925"},{"taxonomy":"post_tag","embeddable":true,"href":"https:\/\/www.noidiqua.it\/Agliana\/wp-json\/wp\/v2\/tags?post=2925"}],"curies":[{"name":"wp","href":"https:\/\/api.w.org\/{rel}","templated":true}]}}