{"id":3161,"date":"2014-09-05T12:09:46","date_gmt":"2014-09-05T10:09:46","guid":{"rendered":"https:\/\/www.noidiqua.it\/Agliana\/?p=3161"},"modified":"2023-01-11T16:01:17","modified_gmt":"2023-01-11T15:01:17","slug":"70-anni-dalla-liberazione-4-settembre-1944","status":"publish","type":"post","link":"https:\/\/www.noidiqua.it\/Agliana\/70-anni-dalla-liberazione-4-settembre-1944\/","title":{"rendered":"70 anni dalla Liberazione &#8211; 4 settembre 1944"},"content":{"rendered":"<p><em>di\u00a0Marco Bagnoli<\/em><\/p>\n<p><em>settembre\u00a02014<\/em><\/p>\n<p><a href=\"https:\/\/www.noidiqua.it\/Agliana\/wp-content\/uploads\/2014\/09\/Inaugurazione-del-Monumento-ai-Partigiani-10-Marzo-1946.png\" rel=\"wp-prettyPhoto[3161]\"><img loading=\"lazy\" decoding=\"async\" class=\"aligncenter size-full wp-image-7974\" src=\"https:\/\/www.noidiqua.it\/Agliana\/wp-content\/uploads\/2014\/09\/Inaugurazione-del-Monumento-ai-Partigiani-10-Marzo-1946.png\" alt=\"\" width=\"497\" height=\"317\" srcset=\"https:\/\/www.noidiqua.it\/Agliana\/wp-content\/uploads\/2014\/09\/Inaugurazione-del-Monumento-ai-Partigiani-10-Marzo-1946.png 497w, https:\/\/www.noidiqua.it\/Agliana\/wp-content\/uploads\/2014\/09\/Inaugurazione-del-Monumento-ai-Partigiani-10-Marzo-1946-300x191.png 300w\" sizes=\"auto, (max-width: 497px) 100vw, 497px\" \/><\/a><\/p>\n<p><span class=\"s1\">Roma venne liberata il 4 giugno del \u201944, Firenze l\u201911 agosto. All\u2019indomani della liberazione di Milano si contano pi\u00f9 di diecimila vittime tra la popolazione civile; la Toscana \u00e8 uno dei territori maggiormente colpiti: le stragi nazifasciste, concentrate soprattutto tra l&#8217;aprile e l&#8217;agosto del 1944, furono pi\u00f9 di 280, i comuni interessati 83 e i morti tra i civili furono circa 4.500, cui devono essere aggiunte diverse migliaia di morti tra i partigiani. Il 2 e 3 settembre del \u201844 i Tedeschi in ritirata fanno saltare i ponti sulla Brana, mentre i partigiani della formazione \u201cAgliana\u201d decidono di affrontarli apertamente, in attesa degli Alleati. <b>Col paese ancora in parte occupato dai nazifascisti, il 4 settembre s\u2019insedia la prima giunta comunale, nominata dal CLN.<\/b>\u00a0<\/span><\/p>\n<p><span class=\"s1\">Buona parte di questa storia ci viene rammentata dalle strade e dai monumenti che ci circondano. Disponiamo di un buon assortimento di liberi pensatori, da Galileo a Giordano Bruno, da Dante a Leonardo; molti i musicisti, tra i quali Gaber e De Andr\u00e9 decisamente ascrivibili al primo gruppo. Se il versante risorgimentale non lamenta defezioni, piazza Ghandi, assieme a via Assisi e alla scuola intitolata a Capitini, ci insegnano un cammino non violento per l\u2019indipendenza. La pura idealit\u00e0 \u00e8 tratteggiata sulla via della Libert\u00e0, via della Repubblica, piazza della Resistenza, via XXV Aprile, via della Costituzione. Abbiamo due testimoni diretti della persecuzione totalitaria, Anna Frank e Primo Levi; e un manipolo di ostinati preti di campagna come don Minzoni, don Bosco, don Milani, don Gnocchi \u2013 assieme a don Bianchi e don Ceccarelli. I fratelli Cervi, Aldo Moro, Ilaria Alpi e Giacomo Matteotti passano il testimone a Enrico Berlinguer, a Sandro Pertini, a Giorgio la Pira. Sono i nomi che abbiamo deciso di avere come esempio, a sprone ideale delle nostre giornate; alcuni nomi invece non ce li siamo potuti scegliere: sono i nomi dei nostri compaesani che non ci sono pi\u00f9. La maggior parte di essi sono incisi sulle lapidi che decorano l\u2019edificio del vecchio comune; qualcuno ucciso qui, qualcun altro a Montale, qualcuno ancora deportato in Germania. Alcuni erano militari, sorpresi dall\u2019armistizio; altri carabinieri, come quelli ricordati nel monumento a Salvo D\u2019Acquisto.<\/span><\/p>\n<p><a href=\"https:\/\/www.noidiqua.it\/Agliana\/wp-content\/uploads\/2014\/09\/Funerale-di-Magni-Magnino.png\" rel=\"wp-prettyPhoto[3161]\"><img loading=\"lazy\" decoding=\"async\" class=\"aligncenter size-full wp-image-7976\" src=\"https:\/\/www.noidiqua.it\/Agliana\/wp-content\/uploads\/2014\/09\/Funerale-di-Magni-Magnino.png\" alt=\"\" width=\"501\" height=\"366\" srcset=\"https:\/\/www.noidiqua.it\/Agliana\/wp-content\/uploads\/2014\/09\/Funerale-di-Magni-Magnino.png 501w, https:\/\/www.noidiqua.it\/Agliana\/wp-content\/uploads\/2014\/09\/Funerale-di-Magni-Magnino-300x219.png 300w\" sizes=\"auto, (max-width: 501px) 100vw, 501px\" \/><\/a><\/p>\n<p>Molti altri sono nelle pagine dei libri di storia locale, ma lontana settant\u2019anni; molti sono partigiani \u2013 quattro di loro ricordati sulle facciate del monumento in piazza della Resistenza. <b>Germano Bellucci<\/b> \u00e8 stato ucciso prima del suo ventunesimo compleanno, il 19 settembre del \u201943; si trovava a Klana, all\u2019epoca territorio italiano. Al giro di boa dell\u2019otto settembre decise di schierarsi con la resistenza locale. Il suo nome \u00e8 stato per tanti anni legato al campo sportivo, lo spazio della fiera. <b>Ivan Baranowski<\/b>, detto Paolo, era invece un prigioniero russo sfuggito ai tedeschi sulla via Fiorentina e riparato presso il gruppo di Agliana: la notte del 3 marzo del \u201944 \u00e8 il pi\u00f9 esposto nel corso di un\u2019azione e perde la vita, aveva 26 anni. La via che unisce San Piero a San Niccol\u00f2 \u00e8 intitolata a <b>Magnino Magni<\/b>: faceva il panettiere, aveva una moglie e due figli \u2013 \u00e8 morto a trent\u2019anni, a Treppio, mentre copriva la ritirata dei compagni, il 17 aprile del \u201944, medaglia d\u2019argento al valor militare. <b>Adelmo Santini<\/b> di anni ne aveva ancora sedici quando il 25 agosto venne fucilato a Villa di Groppoli, sede del comando tedesco, dopo aver resistito tutta la notte all\u2019interrogatorio. <b>Anche a Gino Cecchi, fucilato alla Casa rossa il 14 luglio, assieme a Dino Nerozzi e Elio Tonsoni, \u00e8 stata dedicata una strada<\/b>.<\/p>\n<p>&nbsp;<\/p>","protected":false},"excerpt":{"rendered":"<p>di\u00a0Marco Bagnoli settembre\u00a02014 Roma venne liberata il 4 giugno del \u201944, Firenze l\u201911 agosto. All\u2019indomani della liberazione di Milano si contano pi\u00f9 di diecimila vittime tra la popolazione civile; la Toscana \u00e8 uno dei territori maggiormente colpiti: le stragi nazifasciste, concentrate soprattutto tra l&#8217;aprile e l&#8217;agosto del [&hellip;]<\/p>","protected":false},"author":3,"featured_media":0,"comment_status":"open","ping_status":"open","sticky":false,"template":"","format":"standard","meta":{"footnotes":""},"categories":[2,7],"tags":[37,38,74,79,84,89,96,97],"class_list":["post-3161","post","type-post","status-publish","format-standard","hentry","category-ag","category-notizie-dal-passato","tag-ag-ag","tag-aglianese","tag-figure-storiche-2","tag-gente-di-qua","tag-laglianese","tag-marco-bagnoli","tag-noidiqua","tag-noidiqua-laglianese"],"yoast_head":"<!-- This site is optimized with the Yoast SEO plugin v25.5 - https:\/\/yoast.com\/wordpress\/plugins\/seo\/ -->\n<title>70 anni dalla Liberazione - 4 settembre 1944 - Noi di Qua Testata giornalistica e di attualit\u00e0 di Agliana, Montale e Quarrata.<\/title>\n<meta name=\"robots\" content=\"index, follow, max-snippet:-1, max-image-preview:large, max-video-preview:-1\" \/>\n<link rel=\"canonical\" href=\"https:\/\/www.noidiqua.it\/Agliana\/70-anni-dalla-liberazione-4-settembre-1944\/\" \/>\n<meta property=\"og:locale\" content=\"it_IT\" \/>\n<meta property=\"og:type\" content=\"article\" \/>\n<meta property=\"og:title\" content=\"70 anni dalla Liberazione - 4 settembre 1944 - Noi di Qua Testata giornalistica e di attualit\u00e0 di Agliana, Montale e Quarrata.\" \/>\n<meta property=\"og:description\" content=\"di\u00a0Marco Bagnoli settembre\u00a02014 Roma venne liberata il 4 giugno del \u201944, Firenze l\u201911 agosto. All\u2019indomani della liberazione di Milano si contano pi\u00f9 di diecimila vittime tra la popolazione civile; la Toscana \u00e8 uno dei territori maggiormente colpiti: le stragi nazifasciste, concentrate soprattutto tra l&#8217;aprile e l&#8217;agosto del [&hellip;]\" \/>\n<meta property=\"og:url\" content=\"https:\/\/www.noidiqua.it\/Agliana\/70-anni-dalla-liberazione-4-settembre-1944\/\" \/>\n<meta property=\"og:site_name\" content=\"Noi di Qua Testata giornalistica e di attualit\u00e0 di Agliana, Montale e Quarrata.\" \/>\n<meta property=\"article:publisher\" content=\"https:\/\/www.facebook.com\/noidiqua.trimestrale\/\" \/>\n<meta property=\"article:published_time\" content=\"2014-09-05T10:09:46+00:00\" \/>\n<meta property=\"article:modified_time\" content=\"2023-01-11T15:01:17+00:00\" \/>\n<meta property=\"og:image\" content=\"https:\/\/www.noidiqua.it\/Agliana\/wp-content\/uploads\/2014\/09\/Inaugurazione-del-Monumento-ai-Partigiani-10-Marzo-1946.png\" \/>\n<meta name=\"author\" content=\"Marco Bagnoli\" \/>\n<meta name=\"twitter:label1\" content=\"Scritto da\" \/>\n\t<meta name=\"twitter:data1\" content=\"Marco Bagnoli\" \/>\n\t<meta name=\"twitter:label2\" content=\"Tempo di lettura stimato\" \/>\n\t<meta name=\"twitter:data2\" content=\"3 minuti\" \/>\n<script type=\"application\/ld+json\" class=\"yoast-schema-graph\">{\"@context\":\"https:\/\/schema.org\",\"@graph\":[{\"@type\":\"WebPage\",\"@id\":\"https:\/\/www.noidiqua.it\/Agliana\/70-anni-dalla-liberazione-4-settembre-1944\/\",\"url\":\"https:\/\/www.noidiqua.it\/Agliana\/70-anni-dalla-liberazione-4-settembre-1944\/\",\"name\":\"70 anni dalla Liberazione - 4 settembre 1944 - Noi di Qua Testata giornalistica e di attualit\u00e0 di Agliana, Montale e Quarrata.\",\"isPartOf\":{\"@id\":\"https:\/\/www.noidiqua.it\/Agliana\/#website\"},\"primaryImageOfPage\":{\"@id\":\"https:\/\/www.noidiqua.it\/Agliana\/70-anni-dalla-liberazione-4-settembre-1944\/#primaryimage\"},\"image\":{\"@id\":\"https:\/\/www.noidiqua.it\/Agliana\/70-anni-dalla-liberazione-4-settembre-1944\/#primaryimage\"},\"thumbnailUrl\":\"https:\/\/www.noidiqua.it\/Agliana\/wp-content\/uploads\/2014\/09\/Inaugurazione-del-Monumento-ai-Partigiani-10-Marzo-1946.png\",\"datePublished\":\"2014-09-05T10:09:46+00:00\",\"dateModified\":\"2023-01-11T15:01:17+00:00\",\"author\":{\"@id\":\"https:\/\/www.noidiqua.it\/Agliana\/#\/schema\/person\/4e183cb0c6d7951e716a876aa702e1a2\"},\"breadcrumb\":{\"@id\":\"https:\/\/www.noidiqua.it\/Agliana\/70-anni-dalla-liberazione-4-settembre-1944\/#breadcrumb\"},\"inLanguage\":\"it-IT\",\"potentialAction\":[{\"@type\":\"ReadAction\",\"target\":[\"https:\/\/www.noidiqua.it\/Agliana\/70-anni-dalla-liberazione-4-settembre-1944\/\"]}]},{\"@type\":\"ImageObject\",\"inLanguage\":\"it-IT\",\"@id\":\"https:\/\/www.noidiqua.it\/Agliana\/70-anni-dalla-liberazione-4-settembre-1944\/#primaryimage\",\"url\":\"https:\/\/www.noidiqua.it\/Agliana\/wp-content\/uploads\/2014\/09\/Inaugurazione-del-Monumento-ai-Partigiani-10-Marzo-1946.png\",\"contentUrl\":\"https:\/\/www.noidiqua.it\/Agliana\/wp-content\/uploads\/2014\/09\/Inaugurazione-del-Monumento-ai-Partigiani-10-Marzo-1946.png\",\"width\":497,\"height\":317},{\"@type\":\"BreadcrumbList\",\"@id\":\"https:\/\/www.noidiqua.it\/Agliana\/70-anni-dalla-liberazione-4-settembre-1944\/#breadcrumb\",\"itemListElement\":[{\"@type\":\"ListItem\",\"position\":1,\"name\":\"Home\",\"item\":\"https:\/\/www.noidiqua.it\/Agliana\/\"},{\"@type\":\"ListItem\",\"position\":2,\"name\":\"70 anni dalla Liberazione &#8211; 4 settembre 1944\"}]},{\"@type\":\"WebSite\",\"@id\":\"https:\/\/www.noidiqua.it\/Agliana\/#website\",\"url\":\"https:\/\/www.noidiqua.it\/Agliana\/\",\"name\":\"Noi di Qua Testata giornalistica e di attualit\u00e0 di Agliana, Montale e Quarrata.\",\"description\":\"Testata Giornalistica Quarrata Montale Agliana\",\"potentialAction\":[{\"@type\":\"SearchAction\",\"target\":{\"@type\":\"EntryPoint\",\"urlTemplate\":\"https:\/\/www.noidiqua.it\/Agliana\/?s={search_term_string}\"},\"query-input\":{\"@type\":\"PropertyValueSpecification\",\"valueRequired\":true,\"valueName\":\"search_term_string\"}}],\"inLanguage\":\"it-IT\"},{\"@type\":\"Person\",\"@id\":\"https:\/\/www.noidiqua.it\/Agliana\/#\/schema\/person\/4e183cb0c6d7951e716a876aa702e1a2\",\"name\":\"Marco Bagnoli\",\"image\":{\"@type\":\"ImageObject\",\"inLanguage\":\"it-IT\",\"@id\":\"https:\/\/www.noidiqua.it\/Agliana\/#\/schema\/person\/image\/\",\"url\":\"https:\/\/secure.gravatar.com\/avatar\/73ace53724c50db9c48af54756f17b7cdb015a9d8d2c08c7e04e480539a94eee?s=96&d=mm&r=g\",\"contentUrl\":\"https:\/\/secure.gravatar.com\/avatar\/73ace53724c50db9c48af54756f17b7cdb015a9d8d2c08c7e04e480539a94eee?s=96&d=mm&r=g\",\"caption\":\"Marco Bagnoli\"},\"url\":\"https:\/\/www.noidiqua.it\/Agliana\/author\/marco-bagnoli\/\"}]}<\/script>\n<!-- \/ Yoast SEO plugin. -->","yoast_head_json":{"title":"70 anni dalla Liberazione - 4 settembre 1944 - Noi di Qua Testata giornalistica e di attualit\u00e0 di Agliana, Montale e Quarrata.","robots":{"index":"index","follow":"follow","max-snippet":"max-snippet:-1","max-image-preview":"max-image-preview:large","max-video-preview":"max-video-preview:-1"},"canonical":"https:\/\/www.noidiqua.it\/Agliana\/70-anni-dalla-liberazione-4-settembre-1944\/","og_locale":"it_IT","og_type":"article","og_title":"70 anni dalla Liberazione - 4 settembre 1944 - Noi di Qua Testata giornalistica e di attualit\u00e0 di Agliana, Montale e Quarrata.","og_description":"di\u00a0Marco Bagnoli settembre\u00a02014 Roma venne liberata il 4 giugno del \u201944, Firenze l\u201911 agosto. All\u2019indomani della liberazione di Milano si contano pi\u00f9 di diecimila vittime tra la popolazione civile; la Toscana \u00e8 uno dei territori maggiormente colpiti: le stragi nazifasciste, concentrate soprattutto tra l&#8217;aprile e l&#8217;agosto del [&hellip;]","og_url":"https:\/\/www.noidiqua.it\/Agliana\/70-anni-dalla-liberazione-4-settembre-1944\/","og_site_name":"Noi di Qua Testata giornalistica e di attualit\u00e0 di Agliana, Montale e Quarrata.","article_publisher":"https:\/\/www.facebook.com\/noidiqua.trimestrale\/","article_published_time":"2014-09-05T10:09:46+00:00","article_modified_time":"2023-01-11T15:01:17+00:00","og_image":[{"url":"https:\/\/www.noidiqua.it\/Agliana\/wp-content\/uploads\/2014\/09\/Inaugurazione-del-Monumento-ai-Partigiani-10-Marzo-1946.png","type":"","width":"","height":""}],"author":"Marco Bagnoli","twitter_misc":{"Scritto da":"Marco Bagnoli","Tempo di lettura stimato":"3 minuti"},"schema":{"@context":"https:\/\/schema.org","@graph":[{"@type":"WebPage","@id":"https:\/\/www.noidiqua.it\/Agliana\/70-anni-dalla-liberazione-4-settembre-1944\/","url":"https:\/\/www.noidiqua.it\/Agliana\/70-anni-dalla-liberazione-4-settembre-1944\/","name":"70 anni dalla Liberazione - 4 settembre 1944 - Noi di Qua Testata giornalistica e di attualit\u00e0 di Agliana, Montale e Quarrata.","isPartOf":{"@id":"https:\/\/www.noidiqua.it\/Agliana\/#website"},"primaryImageOfPage":{"@id":"https:\/\/www.noidiqua.it\/Agliana\/70-anni-dalla-liberazione-4-settembre-1944\/#primaryimage"},"image":{"@id":"https:\/\/www.noidiqua.it\/Agliana\/70-anni-dalla-liberazione-4-settembre-1944\/#primaryimage"},"thumbnailUrl":"https:\/\/www.noidiqua.it\/Agliana\/wp-content\/uploads\/2014\/09\/Inaugurazione-del-Monumento-ai-Partigiani-10-Marzo-1946.png","datePublished":"2014-09-05T10:09:46+00:00","dateModified":"2023-01-11T15:01:17+00:00","author":{"@id":"https:\/\/www.noidiqua.it\/Agliana\/#\/schema\/person\/4e183cb0c6d7951e716a876aa702e1a2"},"breadcrumb":{"@id":"https:\/\/www.noidiqua.it\/Agliana\/70-anni-dalla-liberazione-4-settembre-1944\/#breadcrumb"},"inLanguage":"it-IT","potentialAction":[{"@type":"ReadAction","target":["https:\/\/www.noidiqua.it\/Agliana\/70-anni-dalla-liberazione-4-settembre-1944\/"]}]},{"@type":"ImageObject","inLanguage":"it-IT","@id":"https:\/\/www.noidiqua.it\/Agliana\/70-anni-dalla-liberazione-4-settembre-1944\/#primaryimage","url":"https:\/\/www.noidiqua.it\/Agliana\/wp-content\/uploads\/2014\/09\/Inaugurazione-del-Monumento-ai-Partigiani-10-Marzo-1946.png","contentUrl":"https:\/\/www.noidiqua.it\/Agliana\/wp-content\/uploads\/2014\/09\/Inaugurazione-del-Monumento-ai-Partigiani-10-Marzo-1946.png","width":497,"height":317},{"@type":"BreadcrumbList","@id":"https:\/\/www.noidiqua.it\/Agliana\/70-anni-dalla-liberazione-4-settembre-1944\/#breadcrumb","itemListElement":[{"@type":"ListItem","position":1,"name":"Home","item":"https:\/\/www.noidiqua.it\/Agliana\/"},{"@type":"ListItem","position":2,"name":"70 anni dalla Liberazione &#8211; 4 settembre 1944"}]},{"@type":"WebSite","@id":"https:\/\/www.noidiqua.it\/Agliana\/#website","url":"https:\/\/www.noidiqua.it\/Agliana\/","name":"Noi di Qua Testata giornalistica e di attualit\u00e0 di Agliana, Montale e Quarrata.","description":"Testata Giornalistica Quarrata Montale Agliana","potentialAction":[{"@type":"SearchAction","target":{"@type":"EntryPoint","urlTemplate":"https:\/\/www.noidiqua.it\/Agliana\/?s={search_term_string}"},"query-input":{"@type":"PropertyValueSpecification","valueRequired":true,"valueName":"search_term_string"}}],"inLanguage":"it-IT"},{"@type":"Person","@id":"https:\/\/www.noidiqua.it\/Agliana\/#\/schema\/person\/4e183cb0c6d7951e716a876aa702e1a2","name":"Marco Bagnoli","image":{"@type":"ImageObject","inLanguage":"it-IT","@id":"https:\/\/www.noidiqua.it\/Agliana\/#\/schema\/person\/image\/","url":"https:\/\/secure.gravatar.com\/avatar\/73ace53724c50db9c48af54756f17b7cdb015a9d8d2c08c7e04e480539a94eee?s=96&d=mm&r=g","contentUrl":"https:\/\/secure.gravatar.com\/avatar\/73ace53724c50db9c48af54756f17b7cdb015a9d8d2c08c7e04e480539a94eee?s=96&d=mm&r=g","caption":"Marco Bagnoli"},"url":"https:\/\/www.noidiqua.it\/Agliana\/author\/marco-bagnoli\/"}]}},"_links":{"self":[{"href":"https:\/\/www.noidiqua.it\/Agliana\/wp-json\/wp\/v2\/posts\/3161","targetHints":{"allow":["GET"]}}],"collection":[{"href":"https:\/\/www.noidiqua.it\/Agliana\/wp-json\/wp\/v2\/posts"}],"about":[{"href":"https:\/\/www.noidiqua.it\/Agliana\/wp-json\/wp\/v2\/types\/post"}],"author":[{"embeddable":true,"href":"https:\/\/www.noidiqua.it\/Agliana\/wp-json\/wp\/v2\/users\/3"}],"replies":[{"embeddable":true,"href":"https:\/\/www.noidiqua.it\/Agliana\/wp-json\/wp\/v2\/comments?post=3161"}],"version-history":[{"count":5,"href":"https:\/\/www.noidiqua.it\/Agliana\/wp-json\/wp\/v2\/posts\/3161\/revisions"}],"predecessor-version":[{"id":7975,"href":"https:\/\/www.noidiqua.it\/Agliana\/wp-json\/wp\/v2\/posts\/3161\/revisions\/7975"}],"wp:attachment":[{"href":"https:\/\/www.noidiqua.it\/Agliana\/wp-json\/wp\/v2\/media?parent=3161"}],"wp:term":[{"taxonomy":"category","embeddable":true,"href":"https:\/\/www.noidiqua.it\/Agliana\/wp-json\/wp\/v2\/categories?post=3161"},{"taxonomy":"post_tag","embeddable":true,"href":"https:\/\/www.noidiqua.it\/Agliana\/wp-json\/wp\/v2\/tags?post=3161"}],"curies":[{"name":"wp","href":"https:\/\/api.w.org\/{rel}","templated":true}]}}