{"id":3168,"date":"2014-09-05T12:39:46","date_gmt":"2014-09-05T10:39:46","guid":{"rendered":"https:\/\/www.noidiqua.it\/Agliana\/?p=3168"},"modified":"2023-01-11T17:12:34","modified_gmt":"2023-01-11T16:12:34","slug":"niccolo-bucciantini-astrofisico-aglianese-in-giro-per-mondo","status":"publish","type":"post","link":"https:\/\/www.noidiqua.it\/Agliana\/niccolo-bucciantini-astrofisico-aglianese-in-giro-per-mondo\/","title":{"rendered":"Niccol\u00f2 Bucciantini &#8211; un astrofisico aglianese in giro per il mondo"},"content":{"rendered":"<p><em>di Piera Salvi<\/em><\/p>\n<p><em>settembre\u00a02014<\/em><\/p>\n<p><a href=\"https:\/\/www.noidiqua.it\/Agliana\/wp-content\/uploads\/2014\/09\/bucciantini.png\" rel=\"wp-prettyPhoto[3168]\"><img loading=\"lazy\" decoding=\"async\" class=\"aligncenter wp-image-7981\" src=\"https:\/\/www.noidiqua.it\/Agliana\/wp-content\/uploads\/2014\/09\/bucciantini.png\" alt=\"\" width=\"432\" height=\"343\" srcset=\"https:\/\/www.noidiqua.it\/Agliana\/wp-content\/uploads\/2014\/09\/bucciantini.png 501w, https:\/\/www.noidiqua.it\/Agliana\/wp-content\/uploads\/2014\/09\/bucciantini-300x238.png 300w\" sizes=\"auto, (max-width: 432px) 100vw, 432px\" \/><\/a><\/p>\n<p><span class=\"s1\"><i>\u00abNon mi sono mai sentito un cervello in fuga\u00bb<\/i>. Parola di Niccol\u00f2 Bucciantini, astrofisico, 38 anni, aglianese ora residente a San Casciano Val di Pesa, ricercatore permanente all\u2019osservatorio fiorentino di Arcetri dopo avere svolto progetti di ricerca negli Usa e in Svezia e tenuto conferenze in tutto il mondo. <i>\u00abL\u2019esperienza all\u2019estero \u00e8 fondamentale ma la considero un percorso normale, altrimenti manca una parte necessaria alla professione. Fin dai tempi dell\u2019universit\u00e0 sapevo che un posto da astrofisico non si trova sotto casa, ma sono andato all\u2019estero perch\u00e9 sono molto curioso\u00bb<\/i>.<b> Cosa la incuriosisce? <\/b><i>\u00abMi piace osservare i piccoli dettagli del quotidiano, i comportamenti delle persone, osservare le case, l\u2019abbigliamento. Inoltre ho ritenuto importante un\u2019esperienza all\u2019estero per l\u2019apprendimento linguistico e per la comprensione dei meccanismi della mia materia applicati oltre i confini italiani. Inoltre l\u2019esperienza all\u2019estero \u00e8 utile sul piano personale, per mettersi in gioco ed imparare a cavarsela anche in un ambiente non protetto. Ho comunque avuto il pieno appoggio dei miei genitori che sono stati molto partecipi nelle mie scelte. Potevo restare in Italia ma con assegni di ricerca, che non consentono l\u2019autonomia n\u00e9 la crescita professionale\u00bb.\u00a0<\/i><\/span><\/p>\n<p><span class=\"s1\">Oggi Bucciantini ha un curriculum eccellente. Diplomato al liceo scientifico Cicognini di Prato, poi iscritto alla facolt\u00e0 di Fisica all\u2019universit\u00e0 di Firenze. Dopo la laurea il dottorato all\u2019osservatorio di Arcetri, per tre anni, di cui uno in Carolina del Nord. Dopo il dottorato invia curriculum all\u2019estero. Parte per la California, dove aveva ricevuto proposte interessanti, senza sapere quanto sarebbe rimasto. Trascorre cinque anni a Berkeley, all\u2019universit\u00e0 della California. Presenta un progetto alla Nasa sui lampi gamma, le esplosioni pi\u00f9 violente dell\u2019universo, su un modello di sviluppo di queste esplosioni di stelle. Su 30 progetti ne scelsero 8, tra i quali il suo, cos\u00ec ottenne una borsa di studio per giovani ricercatori per tre anni. Questo gli ha permesso di tenere conferenze in vari congressi internazionali, dall\u2019Egitto alla Cina e anche in Australia.\u00a0<\/span><span class=\"s1\"><b>Poi decise di trasferirsi in Svezia, perch\u00e9? <\/b><i>\u00abSempre per curiosit\u00e0. Andai in un istituto internazionale. Facevo ricerche sui campi magnetici. Rimasi due anni, poi vinsi il concorso ad Arcetri per ricercatore con posto fisso\u00bb.<\/i> <b>Nostalgia dell\u2019Italia o necessit\u00e0 del posto fisso? <\/b><i>\u00abHo un pezzo di cuore in Italia ma anche in tutti i Paesi dove sono stato. La curiosit\u00e0 mi ha sempre aiutato a superare la nostalgia e non mi sento arrivato\u00bb<\/i>. <b>La sua curiosit\u00e0 attuale?<\/b> <i>\u00abAd Arcetri lavoro ad un nuovo progetto con base europea. Ho vinto una borsa di studio per quattro anni, su sei borse di astrofisica in tutta l\u2019Europa. Sono sempre stato interessato alla morte delle stelle. Ho fatto la tesi di laurea sulla Nebulosa del Granchio, ci\u00f2 che resta di una stella morta mille anni fa. Il progetto attuale \u00e8 sulle stelle di neutroni, o pulsar, con ricerche su ci\u00f2 che resta della morte di una stella. Mi occupo della parte teorica ed ho collaboratori in tutto il mondo che fanno osservazioni per verificare la corrispondenza. E\u2019 un settore paritetico tra teoria e applicazione pratica con l\u2019osservazione\u00bb<\/i>. <b>Il suo consiglio ai giovani?<\/b> <i>\u00abLaurearsi presto e bene\u00bb<\/i>. <b>Facile a dirsi per lei che a 23 anni era gi\u00e0 laureato con 110\/110 e lode\u2026 <\/b><i>\u00abConsiglio comunque di laurearsi prima possibile. Rinviare la laurea di qualche anno per ottenere il massimo punteggio pu\u00f2 far perdere delle occasioni di inserimento nel lavoro\u00bb. <\/i><b>Dopo aver girato il mondo, come vede Agliana?<\/b><i> \u00abNon la sento come una cittadina in declino o depressa, ma abbastanza viva anche se con problemi che riflettono il contesto generale. I negozi che chiudono ci sono in tutto il mondo\u00bb.\u00a0<\/i><\/span><\/p>\n<p>&nbsp;<\/p>","protected":false},"excerpt":{"rendered":"<p>di Piera Salvi settembre\u00a02014 \u00abNon mi sono mai sentito un cervello in fuga\u00bb. Parola di Niccol\u00f2 Bucciantini, astrofisico, 38 anni, aglianese ora residente a San Casciano Val di Pesa, ricercatore permanente all\u2019osservatorio fiorentino di Arcetri dopo avere svolto progetti di ricerca negli Usa e in Svezia e [&hellip;]<\/p>","protected":false},"author":13,"featured_media":0,"comment_status":"open","ping_status":"open","sticky":false,"template":"","format":"standard","meta":{"footnotes":""},"categories":[2,12,24,143],"tags":[37,38,79,84,96,97,108,128],"class_list":["post-3168","post","type-post","status-publish","format-standard","hentry","category-ag","category-gente-di-qua-qt","category-personaggi-qt","category-persone-e-personaggi","tag-ag-ag","tag-aglianese","tag-gente-di-qua","tag-laglianese","tag-noidiqua","tag-noidiqua-laglianese","tag-piera-salvi","tag-territorio"],"yoast_head":"<!-- This site is optimized with the Yoast SEO plugin v25.5 - https:\/\/yoast.com\/wordpress\/plugins\/seo\/ -->\n<title>Niccol\u00f2 Bucciantini - un astrofisico aglianese in giro per il mondo - Noi di Qua Testata giornalistica e di attualit\u00e0 di Agliana, Montale e Quarrata.<\/title>\n<meta name=\"robots\" content=\"index, follow, max-snippet:-1, max-image-preview:large, max-video-preview:-1\" \/>\n<link rel=\"canonical\" href=\"https:\/\/www.noidiqua.it\/Agliana\/niccolo-bucciantini-astrofisico-aglianese-in-giro-per-mondo\/\" \/>\n<meta property=\"og:locale\" content=\"it_IT\" \/>\n<meta property=\"og:type\" content=\"article\" \/>\n<meta property=\"og:title\" content=\"Niccol\u00f2 Bucciantini - un astrofisico aglianese in giro per il mondo - Noi di Qua Testata giornalistica e di attualit\u00e0 di Agliana, Montale e Quarrata.\" \/>\n<meta property=\"og:description\" content=\"di Piera Salvi settembre\u00a02014 \u00abNon mi sono mai sentito un cervello in fuga\u00bb. Parola di Niccol\u00f2 Bucciantini, astrofisico, 38 anni, aglianese ora residente a San Casciano Val di Pesa, ricercatore permanente all\u2019osservatorio fiorentino di Arcetri dopo avere svolto progetti di ricerca negli Usa e in Svezia e [&hellip;]\" \/>\n<meta property=\"og:url\" content=\"https:\/\/www.noidiqua.it\/Agliana\/niccolo-bucciantini-astrofisico-aglianese-in-giro-per-mondo\/\" \/>\n<meta property=\"og:site_name\" content=\"Noi di Qua Testata giornalistica e di attualit\u00e0 di Agliana, Montale e Quarrata.\" \/>\n<meta property=\"article:publisher\" content=\"https:\/\/www.facebook.com\/noidiqua.trimestrale\/\" \/>\n<meta property=\"article:published_time\" content=\"2014-09-05T10:39:46+00:00\" \/>\n<meta property=\"article:modified_time\" content=\"2023-01-11T16:12:34+00:00\" \/>\n<meta property=\"og:image\" content=\"https:\/\/www.noidiqua.it\/Agliana\/wp-content\/uploads\/2014\/09\/bucciantini.png\" \/>\n<meta name=\"author\" content=\"Piera Salvi\" \/>\n<meta name=\"twitter:label1\" content=\"Scritto da\" \/>\n\t<meta name=\"twitter:data1\" content=\"Piera Salvi\" \/>\n\t<meta name=\"twitter:label2\" content=\"Tempo di lettura stimato\" \/>\n\t<meta name=\"twitter:data2\" content=\"3 minuti\" \/>\n<script type=\"application\/ld+json\" class=\"yoast-schema-graph\">{\"@context\":\"https:\/\/schema.org\",\"@graph\":[{\"@type\":\"WebPage\",\"@id\":\"https:\/\/www.noidiqua.it\/Agliana\/niccolo-bucciantini-astrofisico-aglianese-in-giro-per-mondo\/\",\"url\":\"https:\/\/www.noidiqua.it\/Agliana\/niccolo-bucciantini-astrofisico-aglianese-in-giro-per-mondo\/\",\"name\":\"Niccol\u00f2 Bucciantini - un astrofisico aglianese in giro per il mondo - Noi di Qua Testata giornalistica e di attualit\u00e0 di Agliana, Montale e Quarrata.\",\"isPartOf\":{\"@id\":\"https:\/\/www.noidiqua.it\/Agliana\/#website\"},\"primaryImageOfPage\":{\"@id\":\"https:\/\/www.noidiqua.it\/Agliana\/niccolo-bucciantini-astrofisico-aglianese-in-giro-per-mondo\/#primaryimage\"},\"image\":{\"@id\":\"https:\/\/www.noidiqua.it\/Agliana\/niccolo-bucciantini-astrofisico-aglianese-in-giro-per-mondo\/#primaryimage\"},\"thumbnailUrl\":\"https:\/\/www.noidiqua.it\/Agliana\/wp-content\/uploads\/2014\/09\/bucciantini.png\",\"datePublished\":\"2014-09-05T10:39:46+00:00\",\"dateModified\":\"2023-01-11T16:12:34+00:00\",\"author\":{\"@id\":\"https:\/\/www.noidiqua.it\/Agliana\/#\/schema\/person\/bb7515c2330bb1137f247276096fa7dc\"},\"breadcrumb\":{\"@id\":\"https:\/\/www.noidiqua.it\/Agliana\/niccolo-bucciantini-astrofisico-aglianese-in-giro-per-mondo\/#breadcrumb\"},\"inLanguage\":\"it-IT\",\"potentialAction\":[{\"@type\":\"ReadAction\",\"target\":[\"https:\/\/www.noidiqua.it\/Agliana\/niccolo-bucciantini-astrofisico-aglianese-in-giro-per-mondo\/\"]}]},{\"@type\":\"ImageObject\",\"inLanguage\":\"it-IT\",\"@id\":\"https:\/\/www.noidiqua.it\/Agliana\/niccolo-bucciantini-astrofisico-aglianese-in-giro-per-mondo\/#primaryimage\",\"url\":\"https:\/\/www.noidiqua.it\/Agliana\/wp-content\/uploads\/2014\/09\/bucciantini.png\",\"contentUrl\":\"https:\/\/www.noidiqua.it\/Agliana\/wp-content\/uploads\/2014\/09\/bucciantini.png\",\"width\":501,\"height\":398},{\"@type\":\"BreadcrumbList\",\"@id\":\"https:\/\/www.noidiqua.it\/Agliana\/niccolo-bucciantini-astrofisico-aglianese-in-giro-per-mondo\/#breadcrumb\",\"itemListElement\":[{\"@type\":\"ListItem\",\"position\":1,\"name\":\"Home\",\"item\":\"https:\/\/www.noidiqua.it\/Agliana\/\"},{\"@type\":\"ListItem\",\"position\":2,\"name\":\"Niccol\u00f2 Bucciantini &#8211; un astrofisico aglianese in giro per il mondo\"}]},{\"@type\":\"WebSite\",\"@id\":\"https:\/\/www.noidiqua.it\/Agliana\/#website\",\"url\":\"https:\/\/www.noidiqua.it\/Agliana\/\",\"name\":\"Noi di Qua Testata giornalistica e di attualit\u00e0 di Agliana, Montale e Quarrata.\",\"description\":\"Testata Giornalistica Quarrata Montale Agliana\",\"potentialAction\":[{\"@type\":\"SearchAction\",\"target\":{\"@type\":\"EntryPoint\",\"urlTemplate\":\"https:\/\/www.noidiqua.it\/Agliana\/?s={search_term_string}\"},\"query-input\":{\"@type\":\"PropertyValueSpecification\",\"valueRequired\":true,\"valueName\":\"search_term_string\"}}],\"inLanguage\":\"it-IT\"},{\"@type\":\"Person\",\"@id\":\"https:\/\/www.noidiqua.it\/Agliana\/#\/schema\/person\/bb7515c2330bb1137f247276096fa7dc\",\"name\":\"Piera Salvi\",\"image\":{\"@type\":\"ImageObject\",\"inLanguage\":\"it-IT\",\"@id\":\"https:\/\/www.noidiqua.it\/Agliana\/#\/schema\/person\/image\/\",\"url\":\"https:\/\/secure.gravatar.com\/avatar\/2f9b1fb6e13f3b3e63bde435d999a73be036e320f7a0f5f32f9ac21859d999cd?s=96&d=mm&r=g\",\"contentUrl\":\"https:\/\/secure.gravatar.com\/avatar\/2f9b1fb6e13f3b3e63bde435d999a73be036e320f7a0f5f32f9ac21859d999cd?s=96&d=mm&r=g\",\"caption\":\"Piera Salvi\"},\"url\":\"https:\/\/www.noidiqua.it\/Agliana\/author\/piera-salvi\/\"}]}<\/script>\n<!-- \/ Yoast SEO plugin. -->","yoast_head_json":{"title":"Niccol\u00f2 Bucciantini - un astrofisico aglianese in giro per il mondo - Noi di Qua Testata giornalistica e di attualit\u00e0 di Agliana, Montale e Quarrata.","robots":{"index":"index","follow":"follow","max-snippet":"max-snippet:-1","max-image-preview":"max-image-preview:large","max-video-preview":"max-video-preview:-1"},"canonical":"https:\/\/www.noidiqua.it\/Agliana\/niccolo-bucciantini-astrofisico-aglianese-in-giro-per-mondo\/","og_locale":"it_IT","og_type":"article","og_title":"Niccol\u00f2 Bucciantini - un astrofisico aglianese in giro per il mondo - Noi di Qua Testata giornalistica e di attualit\u00e0 di Agliana, Montale e Quarrata.","og_description":"di Piera Salvi settembre\u00a02014 \u00abNon mi sono mai sentito un cervello in fuga\u00bb. Parola di Niccol\u00f2 Bucciantini, astrofisico, 38 anni, aglianese ora residente a San Casciano Val di Pesa, ricercatore permanente all\u2019osservatorio fiorentino di Arcetri dopo avere svolto progetti di ricerca negli Usa e in Svezia e [&hellip;]","og_url":"https:\/\/www.noidiqua.it\/Agliana\/niccolo-bucciantini-astrofisico-aglianese-in-giro-per-mondo\/","og_site_name":"Noi di Qua Testata giornalistica e di attualit\u00e0 di Agliana, Montale e Quarrata.","article_publisher":"https:\/\/www.facebook.com\/noidiqua.trimestrale\/","article_published_time":"2014-09-05T10:39:46+00:00","article_modified_time":"2023-01-11T16:12:34+00:00","og_image":[{"url":"https:\/\/www.noidiqua.it\/Agliana\/wp-content\/uploads\/2014\/09\/bucciantini.png","type":"","width":"","height":""}],"author":"Piera Salvi","twitter_misc":{"Scritto da":"Piera Salvi","Tempo di lettura stimato":"3 minuti"},"schema":{"@context":"https:\/\/schema.org","@graph":[{"@type":"WebPage","@id":"https:\/\/www.noidiqua.it\/Agliana\/niccolo-bucciantini-astrofisico-aglianese-in-giro-per-mondo\/","url":"https:\/\/www.noidiqua.it\/Agliana\/niccolo-bucciantini-astrofisico-aglianese-in-giro-per-mondo\/","name":"Niccol\u00f2 Bucciantini - un astrofisico aglianese in giro per il mondo - Noi di Qua Testata giornalistica e di attualit\u00e0 di Agliana, Montale e Quarrata.","isPartOf":{"@id":"https:\/\/www.noidiqua.it\/Agliana\/#website"},"primaryImageOfPage":{"@id":"https:\/\/www.noidiqua.it\/Agliana\/niccolo-bucciantini-astrofisico-aglianese-in-giro-per-mondo\/#primaryimage"},"image":{"@id":"https:\/\/www.noidiqua.it\/Agliana\/niccolo-bucciantini-astrofisico-aglianese-in-giro-per-mondo\/#primaryimage"},"thumbnailUrl":"https:\/\/www.noidiqua.it\/Agliana\/wp-content\/uploads\/2014\/09\/bucciantini.png","datePublished":"2014-09-05T10:39:46+00:00","dateModified":"2023-01-11T16:12:34+00:00","author":{"@id":"https:\/\/www.noidiqua.it\/Agliana\/#\/schema\/person\/bb7515c2330bb1137f247276096fa7dc"},"breadcrumb":{"@id":"https:\/\/www.noidiqua.it\/Agliana\/niccolo-bucciantini-astrofisico-aglianese-in-giro-per-mondo\/#breadcrumb"},"inLanguage":"it-IT","potentialAction":[{"@type":"ReadAction","target":["https:\/\/www.noidiqua.it\/Agliana\/niccolo-bucciantini-astrofisico-aglianese-in-giro-per-mondo\/"]}]},{"@type":"ImageObject","inLanguage":"it-IT","@id":"https:\/\/www.noidiqua.it\/Agliana\/niccolo-bucciantini-astrofisico-aglianese-in-giro-per-mondo\/#primaryimage","url":"https:\/\/www.noidiqua.it\/Agliana\/wp-content\/uploads\/2014\/09\/bucciantini.png","contentUrl":"https:\/\/www.noidiqua.it\/Agliana\/wp-content\/uploads\/2014\/09\/bucciantini.png","width":501,"height":398},{"@type":"BreadcrumbList","@id":"https:\/\/www.noidiqua.it\/Agliana\/niccolo-bucciantini-astrofisico-aglianese-in-giro-per-mondo\/#breadcrumb","itemListElement":[{"@type":"ListItem","position":1,"name":"Home","item":"https:\/\/www.noidiqua.it\/Agliana\/"},{"@type":"ListItem","position":2,"name":"Niccol\u00f2 Bucciantini &#8211; un astrofisico aglianese in giro per il mondo"}]},{"@type":"WebSite","@id":"https:\/\/www.noidiqua.it\/Agliana\/#website","url":"https:\/\/www.noidiqua.it\/Agliana\/","name":"Noi di Qua Testata giornalistica e di attualit\u00e0 di Agliana, Montale e Quarrata.","description":"Testata Giornalistica Quarrata Montale Agliana","potentialAction":[{"@type":"SearchAction","target":{"@type":"EntryPoint","urlTemplate":"https:\/\/www.noidiqua.it\/Agliana\/?s={search_term_string}"},"query-input":{"@type":"PropertyValueSpecification","valueRequired":true,"valueName":"search_term_string"}}],"inLanguage":"it-IT"},{"@type":"Person","@id":"https:\/\/www.noidiqua.it\/Agliana\/#\/schema\/person\/bb7515c2330bb1137f247276096fa7dc","name":"Piera Salvi","image":{"@type":"ImageObject","inLanguage":"it-IT","@id":"https:\/\/www.noidiqua.it\/Agliana\/#\/schema\/person\/image\/","url":"https:\/\/secure.gravatar.com\/avatar\/2f9b1fb6e13f3b3e63bde435d999a73be036e320f7a0f5f32f9ac21859d999cd?s=96&d=mm&r=g","contentUrl":"https:\/\/secure.gravatar.com\/avatar\/2f9b1fb6e13f3b3e63bde435d999a73be036e320f7a0f5f32f9ac21859d999cd?s=96&d=mm&r=g","caption":"Piera Salvi"},"url":"https:\/\/www.noidiqua.it\/Agliana\/author\/piera-salvi\/"}]}},"_links":{"self":[{"href":"https:\/\/www.noidiqua.it\/Agliana\/wp-json\/wp\/v2\/posts\/3168","targetHints":{"allow":["GET"]}}],"collection":[{"href":"https:\/\/www.noidiqua.it\/Agliana\/wp-json\/wp\/v2\/posts"}],"about":[{"href":"https:\/\/www.noidiqua.it\/Agliana\/wp-json\/wp\/v2\/types\/post"}],"author":[{"embeddable":true,"href":"https:\/\/www.noidiqua.it\/Agliana\/wp-json\/wp\/v2\/users\/13"}],"replies":[{"embeddable":true,"href":"https:\/\/www.noidiqua.it\/Agliana\/wp-json\/wp\/v2\/comments?post=3168"}],"version-history":[{"count":3,"href":"https:\/\/www.noidiqua.it\/Agliana\/wp-json\/wp\/v2\/posts\/3168\/revisions"}],"predecessor-version":[{"id":7982,"href":"https:\/\/www.noidiqua.it\/Agliana\/wp-json\/wp\/v2\/posts\/3168\/revisions\/7982"}],"wp:attachment":[{"href":"https:\/\/www.noidiqua.it\/Agliana\/wp-json\/wp\/v2\/media?parent=3168"}],"wp:term":[{"taxonomy":"category","embeddable":true,"href":"https:\/\/www.noidiqua.it\/Agliana\/wp-json\/wp\/v2\/categories?post=3168"},{"taxonomy":"post_tag","embeddable":true,"href":"https:\/\/www.noidiqua.it\/Agliana\/wp-json\/wp\/v2\/tags?post=3168"}],"curies":[{"name":"wp","href":"https:\/\/api.w.org\/{rel}","templated":true}]}}