{"id":3236,"date":"2014-12-05T12:00:22","date_gmt":"2014-12-05T11:00:22","guid":{"rendered":"https:\/\/www.noidiqua.it\/Agliana\/?p=3236"},"modified":"2023-01-05T10:01:44","modified_gmt":"2023-01-05T09:01:44","slug":"agliana-mallemort-de-provence-21-anni-gemellaggio","status":"publish","type":"post","link":"https:\/\/www.noidiqua.it\/Agliana\/agliana-mallemort-de-provence-21-anni-gemellaggio\/","title":{"rendered":"Agliana -Mallemort de Provence: 21 anni di gemellaggio"},"content":{"rendered":"<p><em>di Piera Salvi.\u00a0Foto: Daniele\u00a0Neri.<\/em><\/p>\n<p><em>dicembre\u00a02014<\/em><\/p>\n<p><a href=\"https:\/\/www.noidiqua.it\/Agliana\/wp-content\/uploads\/2014\/12\/gemellaggio-3.png\" rel=\"wp-prettyPhoto[3236]\"><img loading=\"lazy\" decoding=\"async\" class=\"aligncenter size-full wp-image-7912\" src=\"https:\/\/www.noidiqua.it\/Agliana\/wp-content\/uploads\/2014\/12\/gemellaggio-3.png\" alt=\"\" width=\"494\" height=\"369\" srcset=\"https:\/\/www.noidiqua.it\/Agliana\/wp-content\/uploads\/2014\/12\/gemellaggio-3.png 494w, https:\/\/www.noidiqua.it\/Agliana\/wp-content\/uploads\/2014\/12\/gemellaggio-3-300x224.png 300w\" sizes=\"auto, (max-width: 494px) 100vw, 494px\" \/><\/a><\/p>\n<p class=\"p1\" style=\"text-align: justify;\">E\u2019 giunto al ventunesimo anno il gemellaggio fra <strong>Agliana<\/strong> e<strong> Mallemort de Provence<\/strong>, comune francese che fa parte del dipartimento delle Bocche del Rodano, dove molti residenti sono di origine italiana. Un patto di scambio e di amicizia stipulato nel 1993 fra i sindaci di allora, <strong>Daniel Conte<\/strong> per\u00a0Mallemort e <strong>Marco Giunti<\/strong> per Agliana, che quest\u2019anno \u00e8 stato rinnovato dai nuovi primi cittadini dei due Comuni: <strong>H\u00e9l\u00e8ne Gente<\/strong> e G<strong>iacomo Mangoni<\/strong>. Le due comunit\u00e0 hanno celebrato i venti anni d\u2019amicizia nel corso delle rispettive visite delle delegazioni ufficiali, che avvengono alternativamente: l\u2019anno scorso a Mallemort e quest\u2019anno ad Agliana.<\/p>\n<p class=\"p1\" style=\"text-align: justify;\">In realt\u00e0 la storia del gemellaggio inizia prima del 1993. La scintilla era gi\u00e0 scoccata un paio di anni prima, quando due insegnanti, <strong>Denise Durand<\/strong> (insegnante d\u2019italiano a Mallemort) e <strong>Giovanna Agazzi<\/strong> (in quel periodo insegnante di francese alla scuola media Sestini di Agliana) si incontrarono alla stazione di <strong>Marsiglia<\/strong> nell\u2019ambito di un progetto che mirava a favorire gemellaggi e scambi in ambito scolastico. Giovanna e Denise, due donne completamente diverse per carattere e per ideologie ma accomunate dal forte desiderio di promuovere scambi culturali, sono le madrine di questo gemellaggio e l\u2019emblema della comprensione, del rispetto e della collaborazione fra persone differenti. Risult\u00f2 difficile dare il via ad un gemellaggio scolastico, cos\u00ec le due insegnanti pensarono di rivolgersi alle rispettive amministrazioni comunali. Denise parl\u00f2 con <strong>Jean Arnaud<\/strong> (all\u2019epoca assessore di Mallemort) e Giovanna con il collega <strong>Paolo Suci<\/strong>, che era anche assessore nella giunta aglianese. Fu un buon passo.<\/p>\n<p><a href=\"https:\/\/www.noidiqua.it\/Agliana\/wp-content\/uploads\/2014\/12\/gemellaggio-1.png\" rel=\"wp-prettyPhoto[3236]\"><img loading=\"lazy\" decoding=\"async\" class=\"aligncenter size-full wp-image-7913\" src=\"https:\/\/www.noidiqua.it\/Agliana\/wp-content\/uploads\/2014\/12\/gemellaggio-1.png\" alt=\"\" width=\"496\" height=\"314\" srcset=\"https:\/\/www.noidiqua.it\/Agliana\/wp-content\/uploads\/2014\/12\/gemellaggio-1.png 496w, https:\/\/www.noidiqua.it\/Agliana\/wp-content\/uploads\/2014\/12\/gemellaggio-1-300x190.png 300w\" sizes=\"auto, (max-width: 496px) 100vw, 496px\" \/><\/a><\/p>\n<p class=\"p1\" style=\"text-align: justify;\">I sindaci dei due Comuni siglarono il primo impegno di gemellaggio in modo informale il 6 dicembre 1992, al termine di una cena, dietro al conto del ristorante, con l\u2019impegno di sottoporre tale patto all\u2019approvazione dei rispettivi consigli comunali. La firma ufficiale avvenne nel 29 giugno 1993 ad Agliana e nell\u2019ottobre dello stesso anno a Mallemort. Marco Giunti ha rivelato poi di avere avuto inizialmente dei dubbi, perch\u00e9 i gemellaggi spesso restano nell\u2019ambito istituzionale oppure si esauriscono. In questo caso non \u00e8 stato cos\u00ec. I rapporti, infatti, negli anni si sono estesi tra le varie associazioni, a livello culturale (con teatro, canto, musica e arte), sociale e sportivo (c\u2019\u00e8 chi \u00e8 andato perfino a Mallemort in bicicletta) e tra le famiglie. Nel tempo si sono potuti realizzare anche gli scambi a livello scolastico che erano all\u2019origine del progetto.<\/p>\n<p class=\"p1\" style=\"text-align: justify;\">Il patto di gemellaggio \u00e8 stato rinnovato dalle amministrazioni che si sono succedute: ad Agliana, dopo Giunti, con i sindaci <strong>Paolo Magnanensi<\/strong>, <strong>Eleanna Ciampolini<\/strong> e <strong>Giacomo Mangoni<\/strong>; a Mallemort il sindaco Conte, rimasto in carica per 40 anni ha poi avuto come successore nel 2014 H\u00e9l\u00e8ne Gente. Al loro fianco inizialmente Paolo Suci e Jean Arnaud, poi <strong>Fabrizio Magazzini <\/strong>e <strong>Raymond Carr\u00e8re<\/strong>. Purtroppo alle celebrazioni del ventennale nel 2013 mancava Denise Durand (scomparsa nel novembre 2012) e nel 2014 mancava anche Jean Arnaud (promotore e storico presidente del comitato francese, scomparso ad aprile 2014). Due pilastri del gemellaggio che, ognuno per le proprie attitudini e competenze, hanno profuso un grande e costruttivo impegno, tante energie ed entusiasmo per arricchire sempre di pi\u00f9 il sodalizio e sviluppare rapporti umani. E\u2019 stato sotto la spinta di Denise, che teneva corsi d\u2019italiano a Mallemort, che nel 2011 \u00e8 stato attivato ad Agliana il corso di francese \u201cParla con Mallemort\u201d, curato da <strong>Cristina Ciambrone<\/strong>.<\/p>\n<p><a href=\"https:\/\/www.noidiqua.it\/Agliana\/wp-content\/uploads\/2014\/12\/gemellaggio-2.png\" rel=\"wp-prettyPhoto[3236]\"><img loading=\"lazy\" decoding=\"async\" class=\"aligncenter size-full wp-image-7915\" src=\"https:\/\/www.noidiqua.it\/Agliana\/wp-content\/uploads\/2014\/12\/gemellaggio-2.png\" alt=\"\" width=\"495\" height=\"364\" srcset=\"https:\/\/www.noidiqua.it\/Agliana\/wp-content\/uploads\/2014\/12\/gemellaggio-2.png 495w, https:\/\/www.noidiqua.it\/Agliana\/wp-content\/uploads\/2014\/12\/gemellaggio-2-300x221.png 300w\" sizes=\"auto, (max-width: 495px) 100vw, 495px\" \/><\/a><\/p>\n<p class=\"p1\" style=\"text-align: justify;\">Ad Agliana una figura di rilievo \u00e8 <strong>Daniele Neri<\/strong>, attivo da sempre per il gemellaggio come fotografo ufficiale negli incontri tra i gemelli aglianesi e provenzali, nonch\u00e9 attuale vice presidente dell\u2019associazione <strong>\u201cAmici di Antropos\u201d<\/strong> che ad Agliana cura i gemellaggi. Da ricordare che in entrambe le cittadine c\u2019\u00e8 una strada dedicata alla gemella: via Mallemort de Provence ad Agliana, Avenue d\u2019Agliana a Mallemort.<\/p>\n<p class=\"p2\">","protected":false},"excerpt":{"rendered":"<p>di Piera Salvi.\u00a0Foto: Daniele\u00a0Neri. dicembre\u00a02014 E\u2019 giunto al ventunesimo anno il gemellaggio fra Agliana e Mallemort de Provence, comune francese che fa parte del dipartimento delle Bocche del Rodano, dove molti residenti sono di origine italiana. Un patto di scambio e di amicizia stipulato nel 1993 fra [&hellip;]<\/p>","protected":false},"author":13,"featured_media":0,"comment_status":"open","ping_status":"open","sticky":false,"template":"","format":"standard","meta":{"footnotes":""},"categories":[2,16],"tags":[37,38,79,84,96,97,108,128],"class_list":["post-3236","post","type-post","status-publish","format-standard","hentry","category-ag","category-storia-qt","tag-ag-ag","tag-aglianese","tag-gente-di-qua","tag-laglianese","tag-noidiqua","tag-noidiqua-laglianese","tag-piera-salvi","tag-territorio"],"yoast_head":"<!-- This site is optimized with the Yoast SEO plugin v25.5 - https:\/\/yoast.com\/wordpress\/plugins\/seo\/ -->\n<title>Agliana -Mallemort de Provence: 21 anni di gemellaggio - Noi di Qua Testata giornalistica e di attualit\u00e0 di Agliana, Montale e Quarrata.<\/title>\n<meta name=\"robots\" content=\"index, follow, max-snippet:-1, max-image-preview:large, max-video-preview:-1\" \/>\n<link rel=\"canonical\" href=\"https:\/\/www.noidiqua.it\/Agliana\/agliana-mallemort-de-provence-21-anni-gemellaggio\/\" \/>\n<meta property=\"og:locale\" content=\"it_IT\" \/>\n<meta property=\"og:type\" content=\"article\" \/>\n<meta property=\"og:title\" content=\"Agliana -Mallemort de Provence: 21 anni di gemellaggio - Noi di Qua Testata giornalistica e di attualit\u00e0 di Agliana, Montale e Quarrata.\" \/>\n<meta property=\"og:description\" content=\"di Piera Salvi.\u00a0Foto: Daniele\u00a0Neri. dicembre\u00a02014 E\u2019 giunto al ventunesimo anno il gemellaggio fra Agliana e Mallemort de Provence, comune francese che fa parte del dipartimento delle Bocche del Rodano, dove molti residenti sono di origine italiana. Un patto di scambio e di amicizia stipulato nel 1993 fra [&hellip;]\" \/>\n<meta property=\"og:url\" content=\"https:\/\/www.noidiqua.it\/Agliana\/agliana-mallemort-de-provence-21-anni-gemellaggio\/\" \/>\n<meta property=\"og:site_name\" content=\"Noi di Qua Testata giornalistica e di attualit\u00e0 di Agliana, Montale e Quarrata.\" \/>\n<meta property=\"article:publisher\" content=\"https:\/\/www.facebook.com\/noidiqua.trimestrale\/\" \/>\n<meta property=\"article:published_time\" content=\"2014-12-05T11:00:22+00:00\" \/>\n<meta property=\"article:modified_time\" content=\"2023-01-05T09:01:44+00:00\" \/>\n<meta property=\"og:image\" content=\"https:\/\/www.noidiqua.it\/Agliana\/wp-content\/uploads\/2014\/12\/gemellaggio-3.png\" \/>\n<meta name=\"author\" content=\"Piera Salvi\" \/>\n<meta name=\"twitter:label1\" content=\"Scritto da\" \/>\n\t<meta name=\"twitter:data1\" content=\"Piera Salvi\" \/>\n\t<meta name=\"twitter:label2\" content=\"Tempo di lettura stimato\" \/>\n\t<meta name=\"twitter:data2\" content=\"4 minuti\" \/>\n<script type=\"application\/ld+json\" class=\"yoast-schema-graph\">{\"@context\":\"https:\/\/schema.org\",\"@graph\":[{\"@type\":\"WebPage\",\"@id\":\"https:\/\/www.noidiqua.it\/Agliana\/agliana-mallemort-de-provence-21-anni-gemellaggio\/\",\"url\":\"https:\/\/www.noidiqua.it\/Agliana\/agliana-mallemort-de-provence-21-anni-gemellaggio\/\",\"name\":\"Agliana -Mallemort de Provence: 21 anni di gemellaggio - Noi di Qua Testata giornalistica e di attualit\u00e0 di Agliana, Montale e Quarrata.\",\"isPartOf\":{\"@id\":\"https:\/\/www.noidiqua.it\/Agliana\/#website\"},\"primaryImageOfPage\":{\"@id\":\"https:\/\/www.noidiqua.it\/Agliana\/agliana-mallemort-de-provence-21-anni-gemellaggio\/#primaryimage\"},\"image\":{\"@id\":\"https:\/\/www.noidiqua.it\/Agliana\/agliana-mallemort-de-provence-21-anni-gemellaggio\/#primaryimage\"},\"thumbnailUrl\":\"https:\/\/www.noidiqua.it\/Agliana\/wp-content\/uploads\/2014\/12\/gemellaggio-3.png\",\"datePublished\":\"2014-12-05T11:00:22+00:00\",\"dateModified\":\"2023-01-05T09:01:44+00:00\",\"author\":{\"@id\":\"https:\/\/www.noidiqua.it\/Agliana\/#\/schema\/person\/bb7515c2330bb1137f247276096fa7dc\"},\"breadcrumb\":{\"@id\":\"https:\/\/www.noidiqua.it\/Agliana\/agliana-mallemort-de-provence-21-anni-gemellaggio\/#breadcrumb\"},\"inLanguage\":\"it-IT\",\"potentialAction\":[{\"@type\":\"ReadAction\",\"target\":[\"https:\/\/www.noidiqua.it\/Agliana\/agliana-mallemort-de-provence-21-anni-gemellaggio\/\"]}]},{\"@type\":\"ImageObject\",\"inLanguage\":\"it-IT\",\"@id\":\"https:\/\/www.noidiqua.it\/Agliana\/agliana-mallemort-de-provence-21-anni-gemellaggio\/#primaryimage\",\"url\":\"https:\/\/www.noidiqua.it\/Agliana\/wp-content\/uploads\/2014\/12\/gemellaggio-3.png\",\"contentUrl\":\"https:\/\/www.noidiqua.it\/Agliana\/wp-content\/uploads\/2014\/12\/gemellaggio-3.png\",\"width\":494,\"height\":369},{\"@type\":\"BreadcrumbList\",\"@id\":\"https:\/\/www.noidiqua.it\/Agliana\/agliana-mallemort-de-provence-21-anni-gemellaggio\/#breadcrumb\",\"itemListElement\":[{\"@type\":\"ListItem\",\"position\":1,\"name\":\"Home\",\"item\":\"https:\/\/www.noidiqua.it\/Agliana\/\"},{\"@type\":\"ListItem\",\"position\":2,\"name\":\"Agliana -Mallemort de Provence: 21 anni di gemellaggio\"}]},{\"@type\":\"WebSite\",\"@id\":\"https:\/\/www.noidiqua.it\/Agliana\/#website\",\"url\":\"https:\/\/www.noidiqua.it\/Agliana\/\",\"name\":\"Noi di Qua Testata giornalistica e di attualit\u00e0 di Agliana, Montale e Quarrata.\",\"description\":\"Testata Giornalistica Quarrata Montale Agliana\",\"potentialAction\":[{\"@type\":\"SearchAction\",\"target\":{\"@type\":\"EntryPoint\",\"urlTemplate\":\"https:\/\/www.noidiqua.it\/Agliana\/?s={search_term_string}\"},\"query-input\":{\"@type\":\"PropertyValueSpecification\",\"valueRequired\":true,\"valueName\":\"search_term_string\"}}],\"inLanguage\":\"it-IT\"},{\"@type\":\"Person\",\"@id\":\"https:\/\/www.noidiqua.it\/Agliana\/#\/schema\/person\/bb7515c2330bb1137f247276096fa7dc\",\"name\":\"Piera Salvi\",\"image\":{\"@type\":\"ImageObject\",\"inLanguage\":\"it-IT\",\"@id\":\"https:\/\/www.noidiqua.it\/Agliana\/#\/schema\/person\/image\/\",\"url\":\"https:\/\/secure.gravatar.com\/avatar\/2f9b1fb6e13f3b3e63bde435d999a73be036e320f7a0f5f32f9ac21859d999cd?s=96&d=mm&r=g\",\"contentUrl\":\"https:\/\/secure.gravatar.com\/avatar\/2f9b1fb6e13f3b3e63bde435d999a73be036e320f7a0f5f32f9ac21859d999cd?s=96&d=mm&r=g\",\"caption\":\"Piera Salvi\"},\"url\":\"https:\/\/www.noidiqua.it\/Agliana\/author\/piera-salvi\/\"}]}<\/script>\n<!-- \/ Yoast SEO plugin. -->","yoast_head_json":{"title":"Agliana -Mallemort de Provence: 21 anni di gemellaggio - Noi di Qua Testata giornalistica e di attualit\u00e0 di Agliana, Montale e Quarrata.","robots":{"index":"index","follow":"follow","max-snippet":"max-snippet:-1","max-image-preview":"max-image-preview:large","max-video-preview":"max-video-preview:-1"},"canonical":"https:\/\/www.noidiqua.it\/Agliana\/agliana-mallemort-de-provence-21-anni-gemellaggio\/","og_locale":"it_IT","og_type":"article","og_title":"Agliana -Mallemort de Provence: 21 anni di gemellaggio - Noi di Qua Testata giornalistica e di attualit\u00e0 di Agliana, Montale e Quarrata.","og_description":"di Piera Salvi.\u00a0Foto: Daniele\u00a0Neri. dicembre\u00a02014 E\u2019 giunto al ventunesimo anno il gemellaggio fra Agliana e Mallemort de Provence, comune francese che fa parte del dipartimento delle Bocche del Rodano, dove molti residenti sono di origine italiana. Un patto di scambio e di amicizia stipulato nel 1993 fra [&hellip;]","og_url":"https:\/\/www.noidiqua.it\/Agliana\/agliana-mallemort-de-provence-21-anni-gemellaggio\/","og_site_name":"Noi di Qua Testata giornalistica e di attualit\u00e0 di Agliana, Montale e Quarrata.","article_publisher":"https:\/\/www.facebook.com\/noidiqua.trimestrale\/","article_published_time":"2014-12-05T11:00:22+00:00","article_modified_time":"2023-01-05T09:01:44+00:00","og_image":[{"url":"https:\/\/www.noidiqua.it\/Agliana\/wp-content\/uploads\/2014\/12\/gemellaggio-3.png","type":"","width":"","height":""}],"author":"Piera Salvi","twitter_misc":{"Scritto da":"Piera Salvi","Tempo di lettura stimato":"4 minuti"},"schema":{"@context":"https:\/\/schema.org","@graph":[{"@type":"WebPage","@id":"https:\/\/www.noidiqua.it\/Agliana\/agliana-mallemort-de-provence-21-anni-gemellaggio\/","url":"https:\/\/www.noidiqua.it\/Agliana\/agliana-mallemort-de-provence-21-anni-gemellaggio\/","name":"Agliana -Mallemort de Provence: 21 anni di gemellaggio - Noi di Qua Testata giornalistica e di attualit\u00e0 di Agliana, Montale e Quarrata.","isPartOf":{"@id":"https:\/\/www.noidiqua.it\/Agliana\/#website"},"primaryImageOfPage":{"@id":"https:\/\/www.noidiqua.it\/Agliana\/agliana-mallemort-de-provence-21-anni-gemellaggio\/#primaryimage"},"image":{"@id":"https:\/\/www.noidiqua.it\/Agliana\/agliana-mallemort-de-provence-21-anni-gemellaggio\/#primaryimage"},"thumbnailUrl":"https:\/\/www.noidiqua.it\/Agliana\/wp-content\/uploads\/2014\/12\/gemellaggio-3.png","datePublished":"2014-12-05T11:00:22+00:00","dateModified":"2023-01-05T09:01:44+00:00","author":{"@id":"https:\/\/www.noidiqua.it\/Agliana\/#\/schema\/person\/bb7515c2330bb1137f247276096fa7dc"},"breadcrumb":{"@id":"https:\/\/www.noidiqua.it\/Agliana\/agliana-mallemort-de-provence-21-anni-gemellaggio\/#breadcrumb"},"inLanguage":"it-IT","potentialAction":[{"@type":"ReadAction","target":["https:\/\/www.noidiqua.it\/Agliana\/agliana-mallemort-de-provence-21-anni-gemellaggio\/"]}]},{"@type":"ImageObject","inLanguage":"it-IT","@id":"https:\/\/www.noidiqua.it\/Agliana\/agliana-mallemort-de-provence-21-anni-gemellaggio\/#primaryimage","url":"https:\/\/www.noidiqua.it\/Agliana\/wp-content\/uploads\/2014\/12\/gemellaggio-3.png","contentUrl":"https:\/\/www.noidiqua.it\/Agliana\/wp-content\/uploads\/2014\/12\/gemellaggio-3.png","width":494,"height":369},{"@type":"BreadcrumbList","@id":"https:\/\/www.noidiqua.it\/Agliana\/agliana-mallemort-de-provence-21-anni-gemellaggio\/#breadcrumb","itemListElement":[{"@type":"ListItem","position":1,"name":"Home","item":"https:\/\/www.noidiqua.it\/Agliana\/"},{"@type":"ListItem","position":2,"name":"Agliana -Mallemort de Provence: 21 anni di gemellaggio"}]},{"@type":"WebSite","@id":"https:\/\/www.noidiqua.it\/Agliana\/#website","url":"https:\/\/www.noidiqua.it\/Agliana\/","name":"Noi di Qua Testata giornalistica e di attualit\u00e0 di Agliana, Montale e Quarrata.","description":"Testata Giornalistica Quarrata Montale Agliana","potentialAction":[{"@type":"SearchAction","target":{"@type":"EntryPoint","urlTemplate":"https:\/\/www.noidiqua.it\/Agliana\/?s={search_term_string}"},"query-input":{"@type":"PropertyValueSpecification","valueRequired":true,"valueName":"search_term_string"}}],"inLanguage":"it-IT"},{"@type":"Person","@id":"https:\/\/www.noidiqua.it\/Agliana\/#\/schema\/person\/bb7515c2330bb1137f247276096fa7dc","name":"Piera Salvi","image":{"@type":"ImageObject","inLanguage":"it-IT","@id":"https:\/\/www.noidiqua.it\/Agliana\/#\/schema\/person\/image\/","url":"https:\/\/secure.gravatar.com\/avatar\/2f9b1fb6e13f3b3e63bde435d999a73be036e320f7a0f5f32f9ac21859d999cd?s=96&d=mm&r=g","contentUrl":"https:\/\/secure.gravatar.com\/avatar\/2f9b1fb6e13f3b3e63bde435d999a73be036e320f7a0f5f32f9ac21859d999cd?s=96&d=mm&r=g","caption":"Piera Salvi"},"url":"https:\/\/www.noidiqua.it\/Agliana\/author\/piera-salvi\/"}]}},"_links":{"self":[{"href":"https:\/\/www.noidiqua.it\/Agliana\/wp-json\/wp\/v2\/posts\/3236","targetHints":{"allow":["GET"]}}],"collection":[{"href":"https:\/\/www.noidiqua.it\/Agliana\/wp-json\/wp\/v2\/posts"}],"about":[{"href":"https:\/\/www.noidiqua.it\/Agliana\/wp-json\/wp\/v2\/types\/post"}],"author":[{"embeddable":true,"href":"https:\/\/www.noidiqua.it\/Agliana\/wp-json\/wp\/v2\/users\/13"}],"replies":[{"embeddable":true,"href":"https:\/\/www.noidiqua.it\/Agliana\/wp-json\/wp\/v2\/comments?post=3236"}],"version-history":[{"count":9,"href":"https:\/\/www.noidiqua.it\/Agliana\/wp-json\/wp\/v2\/posts\/3236\/revisions"}],"predecessor-version":[{"id":7917,"href":"https:\/\/www.noidiqua.it\/Agliana\/wp-json\/wp\/v2\/posts\/3236\/revisions\/7917"}],"wp:attachment":[{"href":"https:\/\/www.noidiqua.it\/Agliana\/wp-json\/wp\/v2\/media?parent=3236"}],"wp:term":[{"taxonomy":"category","embeddable":true,"href":"https:\/\/www.noidiqua.it\/Agliana\/wp-json\/wp\/v2\/categories?post=3236"},{"taxonomy":"post_tag","embeddable":true,"href":"https:\/\/www.noidiqua.it\/Agliana\/wp-json\/wp\/v2\/tags?post=3236"}],"curies":[{"name":"wp","href":"https:\/\/api.w.org\/{rel}","templated":true}]}}