{"id":3285,"date":"2014-12-03T17:19:15","date_gmt":"2014-12-03T16:19:15","guid":{"rendered":"https:\/\/www.noidiqua.it\/Agliana\/?p=3285"},"modified":"2023-01-05T09:20:51","modified_gmt":"2023-01-05T08:20:51","slug":"appunti-redazione","status":"publish","type":"post","link":"https:\/\/www.noidiqua.it\/Agliana\/appunti-redazione\/","title":{"rendered":"Appunti di redazione"},"content":{"rendered":"<p><em>di\u00a0Giacomo Bini<\/em><\/p>\n<p><em>dicembre\u00a02014<\/em><\/p>\n<p><a href=\"https:\/\/www.noidiqua.it\/Agliana\/wp-content\/uploads\/2014\/12\/appunti.png\" rel=\"wp-prettyPhoto[3285]\"><img loading=\"lazy\" decoding=\"async\" class=\"aligncenter size-full wp-image-7894\" src=\"https:\/\/www.noidiqua.it\/Agliana\/wp-content\/uploads\/2014\/12\/appunti.png\" alt=\"\" width=\"494\" height=\"388\" srcset=\"https:\/\/www.noidiqua.it\/Agliana\/wp-content\/uploads\/2014\/12\/appunti.png 494w, https:\/\/www.noidiqua.it\/Agliana\/wp-content\/uploads\/2014\/12\/appunti-300x236.png 300w\" sizes=\"auto, (max-width: 494px) 100vw, 494px\" \/><\/a><\/p>\n<p><i>\u00abVorrei prendere il treno\u00bb<\/i> \u00e8 il semplice ma irrealizzabile desiderio del 22enne studente di <strong>Cerreto Guidi Jacopo Melio<\/strong> che ha lanciato una campagna sui social network, raccogliendo migliaia di adesioni, sulla difficolt\u00e0 dei disabili in sedia a rotelle quando cercano di usufruire dei mezzi pubblici.<\/p>\n<p class=\"p1\" style=\"text-align: justify;\">Anche nella nostra piana, sono tante le persone che come Jacopo vengono discriminate ingiustamente dagli ostacoli che incontrano a muoversi con la sedia a rotelle. Per prendere il treno, per esempio, si deve avvertire il giorno prima Trenitalia indicando l\u2019orario e la stazione di partenza in modo che venga messo a disposizione un elevatore. Naturalmente occorre indicare anche l\u2019orario del treno di ritorno. E guai a sbagliare o a fare tardi perch\u00e9 un altro treno non si \u00e8 liberi di prenderlo. La facolt\u00e0 di cambiare programma o di perdere il treno \u00e8 riservata agli altri, a quelli che camminano con le loro gambe. L\u2019alternativa alla procedura ufficiale \u00e8 quella di farsi sollevare da qualcuno per superare i due o tre scalini necessari a salire.<\/p>\n<p class=\"p1\" style=\"text-align: justify;\">Anche per prendere l\u2019autobus la trafila \u00e8 simile: bisogna prenotare perch\u00e9 l\u2019azienda mandi il bus giusto, quello accessibile, e sperare che non ci siano disguidi senn\u00f2 si resta a terra. <i>\u00abSono stata a Londra\u00bb<\/i> racconta <strong>Silvia<\/strong> di <strong>Montale<\/strong> <i>\u00abe l\u00ec andavo dappertutto senza alcun problema, usavo la metropolitana o altri mezzi pubblici, invece da noi la mobilit\u00e0 \u00e8 negata\u00bb<\/i>. Come a Londra anche a Berlino e in altre citt\u00e0 europee i disabili in carrozzina, da soli o sospinti da altri, salgono senza difficolt\u00e0 sugli autobus, sui treni e sulle metropolitane, girano la citt\u00e0 senza alcun disagio, perch\u00e9 gli ingressi nei mezzi pubblici sono allo stesso livello del marciapiede. Da noi invece il maledetto dislivello si incontra quasi sempre, salvo rare eccezioni, per salire sui mezzi pubblici.<\/p>\n<p class=\"p1\" style=\"text-align: justify;\">E\u2019 quello scalino il vero spread, quello che conta, perch\u00e9 misura la differenza di civilt\u00e0 e di modernit\u00e0 tra noi e le pi\u00f9 evolute citt\u00e0 europee. Nei tre comuni di Montale, <strong>Agliana<\/strong> e <strong>Quarrata<\/strong>, si \u00e8 aggiunto un altro disagio, come se non bastasse, per rendere la vita difficile a chi si muove in sedia a rotelle: \u00e8 il sistema di raccolta porta a porta dei rifiuti, che prevede di invadere i marciapiedi con i bidoni e i sacchi che restano sul posto molte ore durante il giorno prima di essere prelevati. Quei contenitori di rifiuti ingombrano il passaggio a tutti i pedoni, ma rendono addirittura inaccessibili i marciapiedi ai disabili.<\/p>\n<p class=\"p1\" style=\"text-align: justify;\">A questo inconveniente evidentemente non si \u00e8 pensato al momento dell\u2019organizzazione del servizio. Si direbbe che si fosse considerato alla stregua di un piccolo danno collaterale, senza tener conto che per qualcuno si tratta di una forma di esclusione. Per fare un passo avanti nella raccolta differenziata ne abbiamo fatto uno indietro nella tutela dei diritti dei disabili. Si spende per togliere le barriere negli edifici pubblici e si creano sulle pubbliche strade.<\/p>\n<p class=\"p1\" style=\"text-align: justify;\">E non pu\u00f2 certo valere la considerazione pessimistica che purtroppo molti marciapiedi sarebbero inaccessibili comunque, anche senza i contenitori dei rifiuti, a causa dei pali della luce messi male, oppure del fondo sconnesso e pieno di buche o delle insidie costituite dai vetri e dagli escrementi dei cani.<\/p>","protected":false},"excerpt":{"rendered":"<p>di\u00a0Giacomo Bini dicembre\u00a02014 \u00abVorrei prendere il treno\u00bb \u00e8 il semplice ma irrealizzabile desiderio del 22enne studente di Cerreto Guidi Jacopo Melio che ha lanciato una campagna sui social network, raccogliendo migliaia di adesioni, sulla difficolt\u00e0 dei disabili in sedia a rotelle quando cercano di usufruire dei mezzi [&hellip;]<\/p>","protected":false},"author":12,"featured_media":0,"comment_status":"open","ping_status":"open","sticky":false,"template":"","format":"standard","meta":{"footnotes":""},"categories":[2,25],"tags":[37,38,84,96,97,129],"class_list":["post-3285","post","type-post","status-publish","format-standard","hentry","category-ag","category-appuntired","tag-ag-ag","tag-aglianese","tag-laglianese","tag-noidiqua","tag-noidiqua-laglianese","tag-territorio-agliana"],"yoast_head":"<!-- This site is optimized with the Yoast SEO plugin v25.5 - https:\/\/yoast.com\/wordpress\/plugins\/seo\/ -->\n<title>Appunti di redazione - Noi di Qua Testata giornalistica e di attualit\u00e0 di Agliana, Montale e Quarrata.<\/title>\n<meta name=\"robots\" content=\"index, follow, max-snippet:-1, max-image-preview:large, max-video-preview:-1\" \/>\n<link rel=\"canonical\" href=\"https:\/\/www.noidiqua.it\/Agliana\/appunti-redazione\/\" \/>\n<meta property=\"og:locale\" content=\"it_IT\" \/>\n<meta property=\"og:type\" content=\"article\" \/>\n<meta property=\"og:title\" content=\"Appunti di redazione - Noi di Qua Testata giornalistica e di attualit\u00e0 di Agliana, Montale e Quarrata.\" \/>\n<meta property=\"og:description\" content=\"di\u00a0Giacomo Bini dicembre\u00a02014 \u00abVorrei prendere il treno\u00bb \u00e8 il semplice ma irrealizzabile desiderio del 22enne studente di Cerreto Guidi Jacopo Melio che ha lanciato una campagna sui social network, raccogliendo migliaia di adesioni, sulla difficolt\u00e0 dei disabili in sedia a rotelle quando cercano di usufruire dei mezzi [&hellip;]\" \/>\n<meta property=\"og:url\" content=\"https:\/\/www.noidiqua.it\/Agliana\/appunti-redazione\/\" \/>\n<meta property=\"og:site_name\" content=\"Noi di Qua Testata giornalistica e di attualit\u00e0 di Agliana, Montale e Quarrata.\" \/>\n<meta property=\"article:publisher\" content=\"https:\/\/www.facebook.com\/noidiqua.trimestrale\/\" \/>\n<meta property=\"article:published_time\" content=\"2014-12-03T16:19:15+00:00\" \/>\n<meta property=\"article:modified_time\" content=\"2023-01-05T08:20:51+00:00\" \/>\n<meta property=\"og:image\" content=\"https:\/\/www.noidiqua.it\/Agliana\/wp-content\/uploads\/2014\/12\/appunti.png\" \/>\n<meta name=\"author\" content=\"Giacomo Bini\" \/>\n<meta name=\"twitter:label1\" content=\"Scritto da\" \/>\n\t<meta name=\"twitter:data1\" content=\"Giacomo Bini\" \/>\n\t<meta name=\"twitter:label2\" content=\"Tempo di lettura stimato\" \/>\n\t<meta name=\"twitter:data2\" content=\"3 minuti\" \/>\n<script type=\"application\/ld+json\" class=\"yoast-schema-graph\">{\"@context\":\"https:\/\/schema.org\",\"@graph\":[{\"@type\":\"WebPage\",\"@id\":\"https:\/\/www.noidiqua.it\/Agliana\/appunti-redazione\/\",\"url\":\"https:\/\/www.noidiqua.it\/Agliana\/appunti-redazione\/\",\"name\":\"Appunti di redazione - Noi di Qua Testata giornalistica e di attualit\u00e0 di Agliana, Montale e Quarrata.\",\"isPartOf\":{\"@id\":\"https:\/\/www.noidiqua.it\/Agliana\/#website\"},\"primaryImageOfPage\":{\"@id\":\"https:\/\/www.noidiqua.it\/Agliana\/appunti-redazione\/#primaryimage\"},\"image\":{\"@id\":\"https:\/\/www.noidiqua.it\/Agliana\/appunti-redazione\/#primaryimage\"},\"thumbnailUrl\":\"https:\/\/www.noidiqua.it\/Agliana\/wp-content\/uploads\/2014\/12\/appunti.png\",\"datePublished\":\"2014-12-03T16:19:15+00:00\",\"dateModified\":\"2023-01-05T08:20:51+00:00\",\"author\":{\"@id\":\"https:\/\/www.noidiqua.it\/Agliana\/#\/schema\/person\/e2e6f44da50af0dae9c90ad168e471a4\"},\"breadcrumb\":{\"@id\":\"https:\/\/www.noidiqua.it\/Agliana\/appunti-redazione\/#breadcrumb\"},\"inLanguage\":\"it-IT\",\"potentialAction\":[{\"@type\":\"ReadAction\",\"target\":[\"https:\/\/www.noidiqua.it\/Agliana\/appunti-redazione\/\"]}]},{\"@type\":\"ImageObject\",\"inLanguage\":\"it-IT\",\"@id\":\"https:\/\/www.noidiqua.it\/Agliana\/appunti-redazione\/#primaryimage\",\"url\":\"https:\/\/www.noidiqua.it\/Agliana\/wp-content\/uploads\/2014\/12\/appunti.png\",\"contentUrl\":\"https:\/\/www.noidiqua.it\/Agliana\/wp-content\/uploads\/2014\/12\/appunti.png\",\"width\":494,\"height\":388},{\"@type\":\"BreadcrumbList\",\"@id\":\"https:\/\/www.noidiqua.it\/Agliana\/appunti-redazione\/#breadcrumb\",\"itemListElement\":[{\"@type\":\"ListItem\",\"position\":1,\"name\":\"Home\",\"item\":\"https:\/\/www.noidiqua.it\/Agliana\/\"},{\"@type\":\"ListItem\",\"position\":2,\"name\":\"Appunti di redazione\"}]},{\"@type\":\"WebSite\",\"@id\":\"https:\/\/www.noidiqua.it\/Agliana\/#website\",\"url\":\"https:\/\/www.noidiqua.it\/Agliana\/\",\"name\":\"Noi di Qua Testata giornalistica e di attualit\u00e0 di Agliana, Montale e Quarrata.\",\"description\":\"Testata Giornalistica Quarrata Montale Agliana\",\"potentialAction\":[{\"@type\":\"SearchAction\",\"target\":{\"@type\":\"EntryPoint\",\"urlTemplate\":\"https:\/\/www.noidiqua.it\/Agliana\/?s={search_term_string}\"},\"query-input\":{\"@type\":\"PropertyValueSpecification\",\"valueRequired\":true,\"valueName\":\"search_term_string\"}}],\"inLanguage\":\"it-IT\"},{\"@type\":\"Person\",\"@id\":\"https:\/\/www.noidiqua.it\/Agliana\/#\/schema\/person\/e2e6f44da50af0dae9c90ad168e471a4\",\"name\":\"Giacomo Bini\",\"image\":{\"@type\":\"ImageObject\",\"inLanguage\":\"it-IT\",\"@id\":\"https:\/\/www.noidiqua.it\/Agliana\/#\/schema\/person\/image\/\",\"url\":\"https:\/\/secure.gravatar.com\/avatar\/e5c18ae41df5ae37397358f2c6046696187d51a120c5d0b8f0c49f7b606f46f4?s=96&d=mm&r=g\",\"contentUrl\":\"https:\/\/secure.gravatar.com\/avatar\/e5c18ae41df5ae37397358f2c6046696187d51a120c5d0b8f0c49f7b606f46f4?s=96&d=mm&r=g\",\"caption\":\"Giacomo Bini\"},\"url\":\"https:\/\/www.noidiqua.it\/Agliana\/author\/giacomo-bini\/\"}]}<\/script>\n<!-- \/ Yoast SEO plugin. -->","yoast_head_json":{"title":"Appunti di redazione - Noi di Qua Testata giornalistica e di attualit\u00e0 di Agliana, Montale e Quarrata.","robots":{"index":"index","follow":"follow","max-snippet":"max-snippet:-1","max-image-preview":"max-image-preview:large","max-video-preview":"max-video-preview:-1"},"canonical":"https:\/\/www.noidiqua.it\/Agliana\/appunti-redazione\/","og_locale":"it_IT","og_type":"article","og_title":"Appunti di redazione - Noi di Qua Testata giornalistica e di attualit\u00e0 di Agliana, Montale e Quarrata.","og_description":"di\u00a0Giacomo Bini dicembre\u00a02014 \u00abVorrei prendere il treno\u00bb \u00e8 il semplice ma irrealizzabile desiderio del 22enne studente di Cerreto Guidi Jacopo Melio che ha lanciato una campagna sui social network, raccogliendo migliaia di adesioni, sulla difficolt\u00e0 dei disabili in sedia a rotelle quando cercano di usufruire dei mezzi [&hellip;]","og_url":"https:\/\/www.noidiqua.it\/Agliana\/appunti-redazione\/","og_site_name":"Noi di Qua Testata giornalistica e di attualit\u00e0 di Agliana, Montale e Quarrata.","article_publisher":"https:\/\/www.facebook.com\/noidiqua.trimestrale\/","article_published_time":"2014-12-03T16:19:15+00:00","article_modified_time":"2023-01-05T08:20:51+00:00","og_image":[{"url":"https:\/\/www.noidiqua.it\/Agliana\/wp-content\/uploads\/2014\/12\/appunti.png","type":"","width":"","height":""}],"author":"Giacomo Bini","twitter_misc":{"Scritto da":"Giacomo Bini","Tempo di lettura stimato":"3 minuti"},"schema":{"@context":"https:\/\/schema.org","@graph":[{"@type":"WebPage","@id":"https:\/\/www.noidiqua.it\/Agliana\/appunti-redazione\/","url":"https:\/\/www.noidiqua.it\/Agliana\/appunti-redazione\/","name":"Appunti di redazione - Noi di Qua Testata giornalistica e di attualit\u00e0 di Agliana, Montale e Quarrata.","isPartOf":{"@id":"https:\/\/www.noidiqua.it\/Agliana\/#website"},"primaryImageOfPage":{"@id":"https:\/\/www.noidiqua.it\/Agliana\/appunti-redazione\/#primaryimage"},"image":{"@id":"https:\/\/www.noidiqua.it\/Agliana\/appunti-redazione\/#primaryimage"},"thumbnailUrl":"https:\/\/www.noidiqua.it\/Agliana\/wp-content\/uploads\/2014\/12\/appunti.png","datePublished":"2014-12-03T16:19:15+00:00","dateModified":"2023-01-05T08:20:51+00:00","author":{"@id":"https:\/\/www.noidiqua.it\/Agliana\/#\/schema\/person\/e2e6f44da50af0dae9c90ad168e471a4"},"breadcrumb":{"@id":"https:\/\/www.noidiqua.it\/Agliana\/appunti-redazione\/#breadcrumb"},"inLanguage":"it-IT","potentialAction":[{"@type":"ReadAction","target":["https:\/\/www.noidiqua.it\/Agliana\/appunti-redazione\/"]}]},{"@type":"ImageObject","inLanguage":"it-IT","@id":"https:\/\/www.noidiqua.it\/Agliana\/appunti-redazione\/#primaryimage","url":"https:\/\/www.noidiqua.it\/Agliana\/wp-content\/uploads\/2014\/12\/appunti.png","contentUrl":"https:\/\/www.noidiqua.it\/Agliana\/wp-content\/uploads\/2014\/12\/appunti.png","width":494,"height":388},{"@type":"BreadcrumbList","@id":"https:\/\/www.noidiqua.it\/Agliana\/appunti-redazione\/#breadcrumb","itemListElement":[{"@type":"ListItem","position":1,"name":"Home","item":"https:\/\/www.noidiqua.it\/Agliana\/"},{"@type":"ListItem","position":2,"name":"Appunti di redazione"}]},{"@type":"WebSite","@id":"https:\/\/www.noidiqua.it\/Agliana\/#website","url":"https:\/\/www.noidiqua.it\/Agliana\/","name":"Noi di Qua Testata giornalistica e di attualit\u00e0 di Agliana, Montale e Quarrata.","description":"Testata Giornalistica Quarrata Montale Agliana","potentialAction":[{"@type":"SearchAction","target":{"@type":"EntryPoint","urlTemplate":"https:\/\/www.noidiqua.it\/Agliana\/?s={search_term_string}"},"query-input":{"@type":"PropertyValueSpecification","valueRequired":true,"valueName":"search_term_string"}}],"inLanguage":"it-IT"},{"@type":"Person","@id":"https:\/\/www.noidiqua.it\/Agliana\/#\/schema\/person\/e2e6f44da50af0dae9c90ad168e471a4","name":"Giacomo Bini","image":{"@type":"ImageObject","inLanguage":"it-IT","@id":"https:\/\/www.noidiqua.it\/Agliana\/#\/schema\/person\/image\/","url":"https:\/\/secure.gravatar.com\/avatar\/e5c18ae41df5ae37397358f2c6046696187d51a120c5d0b8f0c49f7b606f46f4?s=96&d=mm&r=g","contentUrl":"https:\/\/secure.gravatar.com\/avatar\/e5c18ae41df5ae37397358f2c6046696187d51a120c5d0b8f0c49f7b606f46f4?s=96&d=mm&r=g","caption":"Giacomo Bini"},"url":"https:\/\/www.noidiqua.it\/Agliana\/author\/giacomo-bini\/"}]}},"_links":{"self":[{"href":"https:\/\/www.noidiqua.it\/Agliana\/wp-json\/wp\/v2\/posts\/3285","targetHints":{"allow":["GET"]}}],"collection":[{"href":"https:\/\/www.noidiqua.it\/Agliana\/wp-json\/wp\/v2\/posts"}],"about":[{"href":"https:\/\/www.noidiqua.it\/Agliana\/wp-json\/wp\/v2\/types\/post"}],"author":[{"embeddable":true,"href":"https:\/\/www.noidiqua.it\/Agliana\/wp-json\/wp\/v2\/users\/12"}],"replies":[{"embeddable":true,"href":"https:\/\/www.noidiqua.it\/Agliana\/wp-json\/wp\/v2\/comments?post=3285"}],"version-history":[{"count":5,"href":"https:\/\/www.noidiqua.it\/Agliana\/wp-json\/wp\/v2\/posts\/3285\/revisions"}],"predecessor-version":[{"id":7895,"href":"https:\/\/www.noidiqua.it\/Agliana\/wp-json\/wp\/v2\/posts\/3285\/revisions\/7895"}],"wp:attachment":[{"href":"https:\/\/www.noidiqua.it\/Agliana\/wp-json\/wp\/v2\/media?parent=3285"}],"wp:term":[{"taxonomy":"category","embeddable":true,"href":"https:\/\/www.noidiqua.it\/Agliana\/wp-json\/wp\/v2\/categories?post=3285"},{"taxonomy":"post_tag","embeddable":true,"href":"https:\/\/www.noidiqua.it\/Agliana\/wp-json\/wp\/v2\/tags?post=3285"}],"curies":[{"name":"wp","href":"https:\/\/api.w.org\/{rel}","templated":true}]}}