{"id":3675,"date":"2015-03-13T09:42:34","date_gmt":"2015-03-13T08:42:34","guid":{"rendered":"https:\/\/www.noidiqua.it\/Agliana\/?p=3675"},"modified":"2024-02-12T17:33:57","modified_gmt":"2024-02-12T16:33:57","slug":"david-micheloni-direttore-gruppo-bandistico-i-tigrotti","status":"publish","type":"post","link":"https:\/\/www.noidiqua.it\/Agliana\/david-micheloni-direttore-gruppo-bandistico-i-tigrotti\/","title":{"rendered":"David Micheloni &#8211; direttore del gruppo bandistico \u201cI Tigrotti\u201d"},"content":{"rendered":"<p>&nbsp;<\/p>\n<p><em>di\u00a0Marco Bagnoli<\/em><\/p>\n<p>marzo 2015<\/p>\n<p><a href=\"https:\/\/www.noidiqua.it\/Agliana\/wp-content\/uploads\/2015\/03\/micheloni-1.png\" rel=\"wp-prettyPhoto[3675]\"><img loading=\"lazy\" decoding=\"async\" class=\"aligncenter size-full wp-image-7834\" src=\"https:\/\/www.noidiqua.it\/Agliana\/wp-content\/uploads\/2015\/03\/micheloni-1.png\" alt=\"\" width=\"487\" height=\"366\" srcset=\"https:\/\/www.noidiqua.it\/Agliana\/wp-content\/uploads\/2015\/03\/micheloni-1.png 487w, https:\/\/www.noidiqua.it\/Agliana\/wp-content\/uploads\/2015\/03\/micheloni-1-300x225.png 300w\" sizes=\"auto, (max-width: 487px) 100vw, 487px\" \/><\/a><\/p>\n<p>Dopo aver gi\u00e0 dedicato un articolo alla storia della banda e un altro al direttore che\u00a0 si \u00e8 occupato della sua seconda fase, al volgere del nuovo millennio \u2013 il professor Pietro Scuccimarra \u2013 eccoci giunti alla terza puntata del regno Tigrotti: un\u2019intervista al \u201cnuovo\u201d direttore, in sella dal 2012 e ormai pi\u00f9 che preparato per raccontarci la sua personale impressione sull\u2019ensemble e sulle persone che lo costituiscono. Anche perch\u00e9, a ben vedere, poi tanto nuovo non \u00e8&#8230; (P.S: cliccate <a href=\"https:\/\/www.noidiqua.it\/Agliana\/pietro-scuccimarra-musicista-a-tutto-tondo\/\">sul nostro sito<\/a> se vi siete persi i capitoli precedenti!)<\/p>\n<p class=\"p1\" style=\"text-align: justify;\"><b>Sei di Agliana?<\/b><\/p>\n<p class=\"p1\" style=\"text-align: justify;\"><i>No, sono nato a Vaiano, dove tuttora vivo, dividendomi tra Schignano, Quarrata e Agliana.<\/i><\/p>\n<p class=\"p1\" style=\"text-align: justify;\"><b>C\u2019era qualcun altro nella tua famiglia che suonava uno strumento, che possa in qualche modo averti influenzato?<\/b><\/p>\n<p class=\"p1\" style=\"text-align: justify;\"><i>Avevo un nonno che suonava alcuni strumenti a fiato e alcune tastiere; aveva il suo complesso col quale si esibiva dal vivo, e suonava anche nelle bande \u2013 ma in pratica non ho fatto in tempo a conoscerlo; comunque mi \u00e8 stato tramandato nei ricordi e nei racconti dei familiari, oltre che in alcuni 33 giri di lirica che mi ha lasciato. E io cos\u00ec ho cominciato; sono nato musicalmente nella banda. All\u2019et\u00e0 di sei anni avevo espresso il desiderio di suonare uno strumento e i miei genitori, sentito in giro per qualche insegnante, alla fine si rivolsero alla banda di Schignano, fondata nel 1880. E ancora una volta la banda ha dimostrato il suo valore nella diffusione della cultura musicale presso un\u2019ampia fascia della popolazione, dal momento che gi\u00e0 all\u2019epoca aveva una sua scuola di musica, con un suo cospicuo corpo allievi, cui faceva lezioni regolari, tanto di teoria generale che delle tecniche specifiche degli strumenti bandistici. Dopo aver cambiato un paio di strumenti, sono approdato al clarinetto, che mi ha accompagnato fino al diploma di conservatorio. Ho fatto la Maturit\u00e0 nell\u201988 e nell\u201989 mi sono diplomato in clarinetto al conservatorio Cherubini di Firenze \u2013 da l\u00ec fino al 2006 in pratica ho vissuto di musica, come dovrebbe essere, mentre sono ormai alcuni anni che ho fatto ricorso al mio diploma di ragioniere, perch\u00e9 la musica da sola non era pi\u00f9 sufficiente, lavorando prima in banca e poi come consulente aziendale. In questo c\u2019\u00e8 di nuovo l\u2019elemento pi\u00f9 artistico e quello puramente matematico che si rincontrano.\u00a0<\/i><\/p>\n<p><a href=\"https:\/\/www.noidiqua.it\/Agliana\/wp-content\/uploads\/2015\/03\/micheloni-.png\" rel=\"wp-prettyPhoto[3675]\"><img loading=\"lazy\" decoding=\"async\" class=\"aligncenter size-full wp-image-7835\" src=\"https:\/\/www.noidiqua.it\/Agliana\/wp-content\/uploads\/2015\/03\/micheloni-.png\" alt=\"\" width=\"499\" height=\"388\" srcset=\"https:\/\/www.noidiqua.it\/Agliana\/wp-content\/uploads\/2015\/03\/micheloni-.png 499w, https:\/\/www.noidiqua.it\/Agliana\/wp-content\/uploads\/2015\/03\/micheloni--300x233.png 300w\" sizes=\"auto, (max-width: 499px) 100vw, 499px\" \/><\/a><\/p>\n<p class=\"p1\" style=\"text-align: justify;\"><b>Hai suonato in diverse formazioni, ma non hai mai lasciato la dimensione bandistica, giusto?<\/b><\/p>\n<p class=\"p1\" style=\"text-align: justify;\"><i>S\u00ec esatto, mi sono occupato di musica da camera e di sinfonica, come il Quintetto Calamus, o l\u2019Orchestra giovanile italiana, dove sono stato diretto da Globokar e Berio, mentre l\u2019Orchestra da camera di Settignano, con la quale collaboro stabilmente, mi ha visto ricoprire anche il ruolo di solista, in collaborazione con la direttrice Johanna Knauff. Tuttavia non ho mai smesso di collaborare con le bande; quella di Schignano, un po\u2019 la mia banda \u201cdi famiglia\u201d, mi ha scelto come direttore ideale quando avevo appena 22 anni, che dirigo tutt\u2019ora, nonostante le difficolt\u00e0 tipiche delle bande \u2013 la mancanza di persone, di un certa continuit\u00e0 generazionale \u2013 mentre quella dei Tigrotti mi aveva gi\u00e0 visto alla direzione per alcuni anni precedenti l\u2019incarico del professor Scuccimarra. Inoltre ho fatto parte della banda dell\u2019Esercito italiano, nel periodo del servizio di leva, che ho anche diretto. Oggi collaboro anche con la banda di Galciana e con la Filarmonica di Fiesole.<\/i><\/p>\n<p class=\"p1\" style=\"text-align: justify;\"><b>La banda dei Tigrotti mette in comunicazione le diverse generazioni in maniera esemplare&#8230;<\/b><\/p>\n<p class=\"p1\" style=\"text-align: justify;\"><i>Si, esatto. Ci sono diversi gruppi familiari rappresentati quasi per intero e c\u2019\u00e8 inoltre una collaborazione stretta tra i titolari \u2013 che sono ormai circa 45 \u2013 e i nuovi, i ragazzi che si iscrivono ai corsi di strumento e sono chiamati nel breve periodo a inserirsi nell\u2019organico secondo le loro possibilit\u00e0. Questo \u00e8 molto bello, perch\u00e9 la musica diventa cos\u00ec un qualcosa di meno astratto, che si fa con gli altri per gli altri, come dovrebbe essere.<\/i><\/p>","protected":false},"excerpt":{"rendered":"<p>&nbsp; di\u00a0Marco Bagnoli marzo 2015 Dopo aver gi\u00e0 dedicato un articolo alla storia della banda e un altro al direttore che\u00a0 si \u00e8 occupato della sua seconda fase, al volgere del nuovo millennio \u2013 il professor Pietro Scuccimarra \u2013 eccoci giunti alla terza puntata del regno Tigrotti: [&hellip;]<\/p>","protected":false},"author":3,"featured_media":0,"comment_status":"open","ping_status":"open","sticky":false,"template":"","format":"standard","meta":{"footnotes":""},"categories":[2,145],"tags":[37,38,152,154,79,153,84,89,96,97,129,130],"class_list":["post-3675","post","type-post","status-publish","format-standard","hentry","category-ag","category-che-spettacolo-ag","tag-ag-ag","tag-aglianese","tag-david-micheloni","tag-direttore","tag-gente-di-qua","tag-gruppo-bandistico","tag-laglianese","tag-marco-bagnoli","tag-noidiqua","tag-noidiqua-laglianese","tag-territorio-agliana","tag-tigrotti"],"yoast_head":"<!-- This site is optimized with the Yoast SEO plugin v25.5 - https:\/\/yoast.com\/wordpress\/plugins\/seo\/ -->\n<title>David Micheloni - direttore del gruppo bandistico \u201cI Tigrotti\u201d - Noi di Qua Testata giornalistica e di attualit\u00e0 di Agliana, Montale e Quarrata.<\/title>\n<meta name=\"robots\" content=\"index, follow, max-snippet:-1, max-image-preview:large, max-video-preview:-1\" \/>\n<link rel=\"canonical\" href=\"https:\/\/www.noidiqua.it\/Agliana\/david-micheloni-direttore-gruppo-bandistico-i-tigrotti\/\" \/>\n<meta property=\"og:locale\" content=\"it_IT\" \/>\n<meta property=\"og:type\" content=\"article\" \/>\n<meta property=\"og:title\" content=\"David Micheloni - direttore del gruppo bandistico \u201cI Tigrotti\u201d - Noi di Qua Testata giornalistica e di attualit\u00e0 di Agliana, Montale e Quarrata.\" \/>\n<meta property=\"og:description\" content=\"&nbsp; di\u00a0Marco Bagnoli marzo 2015 Dopo aver gi\u00e0 dedicato un articolo alla storia della banda e un altro al direttore che\u00a0 si \u00e8 occupato della sua seconda fase, al volgere del nuovo millennio \u2013 il professor Pietro Scuccimarra \u2013 eccoci giunti alla terza puntata del regno Tigrotti: [&hellip;]\" \/>\n<meta property=\"og:url\" content=\"https:\/\/www.noidiqua.it\/Agliana\/david-micheloni-direttore-gruppo-bandistico-i-tigrotti\/\" \/>\n<meta property=\"og:site_name\" content=\"Noi di Qua Testata giornalistica e di attualit\u00e0 di Agliana, Montale e Quarrata.\" \/>\n<meta property=\"article:publisher\" content=\"https:\/\/www.facebook.com\/noidiqua.trimestrale\/\" \/>\n<meta property=\"article:published_time\" content=\"2015-03-13T08:42:34+00:00\" \/>\n<meta property=\"article:modified_time\" content=\"2024-02-12T16:33:57+00:00\" \/>\n<meta property=\"og:image\" content=\"https:\/\/www.noidiqua.it\/Agliana\/wp-content\/uploads\/2015\/03\/micheloni-1.png\" \/>\n<meta name=\"author\" content=\"Marco Bagnoli\" \/>\n<meta name=\"twitter:label1\" content=\"Scritto da\" \/>\n\t<meta name=\"twitter:data1\" content=\"Marco Bagnoli\" \/>\n\t<meta name=\"twitter:label2\" content=\"Tempo di lettura stimato\" \/>\n\t<meta name=\"twitter:data2\" content=\"4 minuti\" \/>\n<script type=\"application\/ld+json\" class=\"yoast-schema-graph\">{\"@context\":\"https:\/\/schema.org\",\"@graph\":[{\"@type\":\"WebPage\",\"@id\":\"https:\/\/www.noidiqua.it\/Agliana\/david-micheloni-direttore-gruppo-bandistico-i-tigrotti\/\",\"url\":\"https:\/\/www.noidiqua.it\/Agliana\/david-micheloni-direttore-gruppo-bandistico-i-tigrotti\/\",\"name\":\"David Micheloni - direttore del gruppo bandistico \u201cI Tigrotti\u201d - Noi di Qua Testata giornalistica e di attualit\u00e0 di Agliana, Montale e Quarrata.\",\"isPartOf\":{\"@id\":\"https:\/\/www.noidiqua.it\/Agliana\/#website\"},\"primaryImageOfPage\":{\"@id\":\"https:\/\/www.noidiqua.it\/Agliana\/david-micheloni-direttore-gruppo-bandistico-i-tigrotti\/#primaryimage\"},\"image\":{\"@id\":\"https:\/\/www.noidiqua.it\/Agliana\/david-micheloni-direttore-gruppo-bandistico-i-tigrotti\/#primaryimage\"},\"thumbnailUrl\":\"https:\/\/www.noidiqua.it\/Agliana\/wp-content\/uploads\/2015\/03\/micheloni-1.png\",\"datePublished\":\"2015-03-13T08:42:34+00:00\",\"dateModified\":\"2024-02-12T16:33:57+00:00\",\"author\":{\"@id\":\"https:\/\/www.noidiqua.it\/Agliana\/#\/schema\/person\/4e183cb0c6d7951e716a876aa702e1a2\"},\"breadcrumb\":{\"@id\":\"https:\/\/www.noidiqua.it\/Agliana\/david-micheloni-direttore-gruppo-bandistico-i-tigrotti\/#breadcrumb\"},\"inLanguage\":\"it-IT\",\"potentialAction\":[{\"@type\":\"ReadAction\",\"target\":[\"https:\/\/www.noidiqua.it\/Agliana\/david-micheloni-direttore-gruppo-bandistico-i-tigrotti\/\"]}]},{\"@type\":\"ImageObject\",\"inLanguage\":\"it-IT\",\"@id\":\"https:\/\/www.noidiqua.it\/Agliana\/david-micheloni-direttore-gruppo-bandistico-i-tigrotti\/#primaryimage\",\"url\":\"https:\/\/www.noidiqua.it\/Agliana\/wp-content\/uploads\/2015\/03\/micheloni-1.png\",\"contentUrl\":\"https:\/\/www.noidiqua.it\/Agliana\/wp-content\/uploads\/2015\/03\/micheloni-1.png\",\"width\":487,\"height\":366},{\"@type\":\"BreadcrumbList\",\"@id\":\"https:\/\/www.noidiqua.it\/Agliana\/david-micheloni-direttore-gruppo-bandistico-i-tigrotti\/#breadcrumb\",\"itemListElement\":[{\"@type\":\"ListItem\",\"position\":1,\"name\":\"Home\",\"item\":\"https:\/\/www.noidiqua.it\/Agliana\/\"},{\"@type\":\"ListItem\",\"position\":2,\"name\":\"David Micheloni &#8211; direttore del gruppo bandistico \u201cI Tigrotti\u201d\"}]},{\"@type\":\"WebSite\",\"@id\":\"https:\/\/www.noidiqua.it\/Agliana\/#website\",\"url\":\"https:\/\/www.noidiqua.it\/Agliana\/\",\"name\":\"Noi di Qua Testata giornalistica e di attualit\u00e0 di Agliana, Montale e Quarrata.\",\"description\":\"Testata Giornalistica Quarrata Montale Agliana\",\"potentialAction\":[{\"@type\":\"SearchAction\",\"target\":{\"@type\":\"EntryPoint\",\"urlTemplate\":\"https:\/\/www.noidiqua.it\/Agliana\/?s={search_term_string}\"},\"query-input\":{\"@type\":\"PropertyValueSpecification\",\"valueRequired\":true,\"valueName\":\"search_term_string\"}}],\"inLanguage\":\"it-IT\"},{\"@type\":\"Person\",\"@id\":\"https:\/\/www.noidiqua.it\/Agliana\/#\/schema\/person\/4e183cb0c6d7951e716a876aa702e1a2\",\"name\":\"Marco Bagnoli\",\"image\":{\"@type\":\"ImageObject\",\"inLanguage\":\"it-IT\",\"@id\":\"https:\/\/www.noidiqua.it\/Agliana\/#\/schema\/person\/image\/\",\"url\":\"https:\/\/secure.gravatar.com\/avatar\/73ace53724c50db9c48af54756f17b7cdb015a9d8d2c08c7e04e480539a94eee?s=96&d=mm&r=g\",\"contentUrl\":\"https:\/\/secure.gravatar.com\/avatar\/73ace53724c50db9c48af54756f17b7cdb015a9d8d2c08c7e04e480539a94eee?s=96&d=mm&r=g\",\"caption\":\"Marco Bagnoli\"},\"url\":\"https:\/\/www.noidiqua.it\/Agliana\/author\/marco-bagnoli\/\"}]}<\/script>\n<!-- \/ Yoast SEO plugin. -->","yoast_head_json":{"title":"David Micheloni - direttore del gruppo bandistico \u201cI Tigrotti\u201d - Noi di Qua Testata giornalistica e di attualit\u00e0 di Agliana, Montale e Quarrata.","robots":{"index":"index","follow":"follow","max-snippet":"max-snippet:-1","max-image-preview":"max-image-preview:large","max-video-preview":"max-video-preview:-1"},"canonical":"https:\/\/www.noidiqua.it\/Agliana\/david-micheloni-direttore-gruppo-bandistico-i-tigrotti\/","og_locale":"it_IT","og_type":"article","og_title":"David Micheloni - direttore del gruppo bandistico \u201cI Tigrotti\u201d - Noi di Qua Testata giornalistica e di attualit\u00e0 di Agliana, Montale e Quarrata.","og_description":"&nbsp; di\u00a0Marco Bagnoli marzo 2015 Dopo aver gi\u00e0 dedicato un articolo alla storia della banda e un altro al direttore che\u00a0 si \u00e8 occupato della sua seconda fase, al volgere del nuovo millennio \u2013 il professor Pietro Scuccimarra \u2013 eccoci giunti alla terza puntata del regno Tigrotti: [&hellip;]","og_url":"https:\/\/www.noidiqua.it\/Agliana\/david-micheloni-direttore-gruppo-bandistico-i-tigrotti\/","og_site_name":"Noi di Qua Testata giornalistica e di attualit\u00e0 di Agliana, Montale e Quarrata.","article_publisher":"https:\/\/www.facebook.com\/noidiqua.trimestrale\/","article_published_time":"2015-03-13T08:42:34+00:00","article_modified_time":"2024-02-12T16:33:57+00:00","og_image":[{"url":"https:\/\/www.noidiqua.it\/Agliana\/wp-content\/uploads\/2015\/03\/micheloni-1.png","type":"","width":"","height":""}],"author":"Marco Bagnoli","twitter_misc":{"Scritto da":"Marco Bagnoli","Tempo di lettura stimato":"4 minuti"},"schema":{"@context":"https:\/\/schema.org","@graph":[{"@type":"WebPage","@id":"https:\/\/www.noidiqua.it\/Agliana\/david-micheloni-direttore-gruppo-bandistico-i-tigrotti\/","url":"https:\/\/www.noidiqua.it\/Agliana\/david-micheloni-direttore-gruppo-bandistico-i-tigrotti\/","name":"David Micheloni - direttore del gruppo bandistico \u201cI Tigrotti\u201d - Noi di Qua Testata giornalistica e di attualit\u00e0 di Agliana, Montale e Quarrata.","isPartOf":{"@id":"https:\/\/www.noidiqua.it\/Agliana\/#website"},"primaryImageOfPage":{"@id":"https:\/\/www.noidiqua.it\/Agliana\/david-micheloni-direttore-gruppo-bandistico-i-tigrotti\/#primaryimage"},"image":{"@id":"https:\/\/www.noidiqua.it\/Agliana\/david-micheloni-direttore-gruppo-bandistico-i-tigrotti\/#primaryimage"},"thumbnailUrl":"https:\/\/www.noidiqua.it\/Agliana\/wp-content\/uploads\/2015\/03\/micheloni-1.png","datePublished":"2015-03-13T08:42:34+00:00","dateModified":"2024-02-12T16:33:57+00:00","author":{"@id":"https:\/\/www.noidiqua.it\/Agliana\/#\/schema\/person\/4e183cb0c6d7951e716a876aa702e1a2"},"breadcrumb":{"@id":"https:\/\/www.noidiqua.it\/Agliana\/david-micheloni-direttore-gruppo-bandistico-i-tigrotti\/#breadcrumb"},"inLanguage":"it-IT","potentialAction":[{"@type":"ReadAction","target":["https:\/\/www.noidiqua.it\/Agliana\/david-micheloni-direttore-gruppo-bandistico-i-tigrotti\/"]}]},{"@type":"ImageObject","inLanguage":"it-IT","@id":"https:\/\/www.noidiqua.it\/Agliana\/david-micheloni-direttore-gruppo-bandistico-i-tigrotti\/#primaryimage","url":"https:\/\/www.noidiqua.it\/Agliana\/wp-content\/uploads\/2015\/03\/micheloni-1.png","contentUrl":"https:\/\/www.noidiqua.it\/Agliana\/wp-content\/uploads\/2015\/03\/micheloni-1.png","width":487,"height":366},{"@type":"BreadcrumbList","@id":"https:\/\/www.noidiqua.it\/Agliana\/david-micheloni-direttore-gruppo-bandistico-i-tigrotti\/#breadcrumb","itemListElement":[{"@type":"ListItem","position":1,"name":"Home","item":"https:\/\/www.noidiqua.it\/Agliana\/"},{"@type":"ListItem","position":2,"name":"David Micheloni &#8211; direttore del gruppo bandistico \u201cI Tigrotti\u201d"}]},{"@type":"WebSite","@id":"https:\/\/www.noidiqua.it\/Agliana\/#website","url":"https:\/\/www.noidiqua.it\/Agliana\/","name":"Noi di Qua Testata giornalistica e di attualit\u00e0 di Agliana, Montale e Quarrata.","description":"Testata Giornalistica Quarrata Montale Agliana","potentialAction":[{"@type":"SearchAction","target":{"@type":"EntryPoint","urlTemplate":"https:\/\/www.noidiqua.it\/Agliana\/?s={search_term_string}"},"query-input":{"@type":"PropertyValueSpecification","valueRequired":true,"valueName":"search_term_string"}}],"inLanguage":"it-IT"},{"@type":"Person","@id":"https:\/\/www.noidiqua.it\/Agliana\/#\/schema\/person\/4e183cb0c6d7951e716a876aa702e1a2","name":"Marco Bagnoli","image":{"@type":"ImageObject","inLanguage":"it-IT","@id":"https:\/\/www.noidiqua.it\/Agliana\/#\/schema\/person\/image\/","url":"https:\/\/secure.gravatar.com\/avatar\/73ace53724c50db9c48af54756f17b7cdb015a9d8d2c08c7e04e480539a94eee?s=96&d=mm&r=g","contentUrl":"https:\/\/secure.gravatar.com\/avatar\/73ace53724c50db9c48af54756f17b7cdb015a9d8d2c08c7e04e480539a94eee?s=96&d=mm&r=g","caption":"Marco Bagnoli"},"url":"https:\/\/www.noidiqua.it\/Agliana\/author\/marco-bagnoli\/"}]}},"_links":{"self":[{"href":"https:\/\/www.noidiqua.it\/Agliana\/wp-json\/wp\/v2\/posts\/3675","targetHints":{"allow":["GET"]}}],"collection":[{"href":"https:\/\/www.noidiqua.it\/Agliana\/wp-json\/wp\/v2\/posts"}],"about":[{"href":"https:\/\/www.noidiqua.it\/Agliana\/wp-json\/wp\/v2\/types\/post"}],"author":[{"embeddable":true,"href":"https:\/\/www.noidiqua.it\/Agliana\/wp-json\/wp\/v2\/users\/3"}],"replies":[{"embeddable":true,"href":"https:\/\/www.noidiqua.it\/Agliana\/wp-json\/wp\/v2\/comments?post=3675"}],"version-history":[{"count":5,"href":"https:\/\/www.noidiqua.it\/Agliana\/wp-json\/wp\/v2\/posts\/3675\/revisions"}],"predecessor-version":[{"id":9042,"href":"https:\/\/www.noidiqua.it\/Agliana\/wp-json\/wp\/v2\/posts\/3675\/revisions\/9042"}],"wp:attachment":[{"href":"https:\/\/www.noidiqua.it\/Agliana\/wp-json\/wp\/v2\/media?parent=3675"}],"wp:term":[{"taxonomy":"category","embeddable":true,"href":"https:\/\/www.noidiqua.it\/Agliana\/wp-json\/wp\/v2\/categories?post=3675"},{"taxonomy":"post_tag","embeddable":true,"href":"https:\/\/www.noidiqua.it\/Agliana\/wp-json\/wp\/v2\/tags?post=3675"}],"curies":[{"name":"wp","href":"https:\/\/api.w.org\/{rel}","templated":true}]}}