{"id":3689,"date":"2015-03-13T10:02:33","date_gmt":"2015-03-13T09:02:33","guid":{"rendered":"https:\/\/www.noidiqua.it\/Agliana\/?p=3689"},"modified":"2022-12-21T11:36:31","modified_gmt":"2022-12-21T10:36:31","slug":"gianfranco-tonfano-sergiampietri-fotografo-ottico","status":"publish","type":"post","link":"https:\/\/www.noidiqua.it\/Agliana\/gianfranco-tonfano-sergiampietri-fotografo-ottico\/","title":{"rendered":"Gianfranco \u201cTonfano\u201d Sergiampietri &#8211; fotografo e ottico"},"content":{"rendered":"<p><em>di\u00a0Piera Salvi. Foto: Adriano Tesi.<br \/>\n<\/em><\/p>\n<p>marzo 2015<\/p>\n<p><a href=\"https:\/\/www.noidiqua.it\/Agliana\/wp-content\/uploads\/2015\/03\/tonfano-1.png\" rel=\"wp-prettyPhoto[3689]\"><img loading=\"lazy\" decoding=\"async\" class=\"aligncenter size-full wp-image-7845\" src=\"https:\/\/www.noidiqua.it\/Agliana\/wp-content\/uploads\/2015\/03\/tonfano-1.png\" alt=\"\" width=\"496\" height=\"433\" srcset=\"https:\/\/www.noidiqua.it\/Agliana\/wp-content\/uploads\/2015\/03\/tonfano-1.png 496w, https:\/\/www.noidiqua.it\/Agliana\/wp-content\/uploads\/2015\/03\/tonfano-1-300x262.png 300w\" sizes=\"auto, (max-width: 496px) 100vw, 496px\" \/><\/a><\/p>\n<p>Ad <strong>Agliana<\/strong> se dici <strong>Gianfranco Sergiampietri<\/strong> forse ti domandano: chi \u00e8? Ma se dici <strong>Tonfano<\/strong> non ci sono dubbi: tutti sanno che \u00e8 lo storico fotografo, poi diventato anche ottico, che da quasi cinquant\u2019anni ha il negozio in via <strong>San Niccolao<\/strong>, angolo via Bellini. Licenza di fotografo numero 20,\u00a0rilasciata il 20 maggio 1966. <i>\u00abAllora ad Agliana c\u2019era un solo fotografo, Renzo Valiani in piazza IV Novembre\u00bb<\/i> racconta Gianfranco, ribattezzato Tonfano perch\u00e9 originario della celebre localit\u00e0 turistica della Versilia, nel comune di Pietrasanta.<\/p>\n<p class=\"p1\" style=\"text-align: justify;\">Arriv\u00f2 ad <strong>Agliana<\/strong> nel 1957, a 14 anni, con il fratello Alberto che era gi\u00e0 fotografo alle <strong>Focette<\/strong>. Un trasferimento per ragioni familiari. Alberto alle Focette aveva uno studio fotografico, <strong>\u201cFoto riviera\u201d<\/strong>, con un altro socio. Erano i tempi d\u2019oro della Bussola e la Versilia era un pullulare di vip. Alberto e il suo socio giravano con le loro macchine fotografiche in spiaggia e alla Bussola, spesso i prestigiosi clienti andavano a ritirare le foto in negozio e Gianfranco, appena adolescente, dava una mano al fratello nel riconsegnare quel prezioso materiale che talvolta immortalava personaggi famosi o turisti della Milano bene. <i>\u00abRicordo di avere servito in negozio <strong>Geg\u00e9 Di Giacomo<\/strong>, <strong>Renato Carosone<\/strong>, <strong>Peppino di Capri<\/strong><\/i>\u00bb racconta Gianfranco. Se immaginiamo questo ragazzino cresciuto in Versilia che si ritrova ad Agliana, magari pensiamo che prova nostalgia. Macch\u00e9.<i> \u00abMi sono inserito subito benissimo, ho sposato una ragazza di Agliana e mi sono sempre sentito aglianese al cento per cento, ho anche giocato nell\u2019Aglianese dal 1961 al 1964\u00bb<\/i> ricorda. <i>\u00abAllora ad Agliana c\u2019erano meno attivit\u00e0 ma c\u2019era pi\u00f9 vitalit\u00e0. Ricordo il Matteotti che attirava giovani anche da altre province. Oggi, invece, Agliana \u00e8 un paese morto\u00bb<\/i>. Il primo lavoro di Tonfano, dopo il trasferimento ad Agliana, \u00e8 stato in fabbrica, nel settore tessile. Nel 1966, apre il negozio con il fratello, che successivamente cambia mestiere. Nel 1973 Gianfranco si diploma in ottica e da quell\u2019anno l\u2019insegna sul negozio da <strong>\u201cFoto Jolly\u201d<\/strong> cambia in <strong>\u201cOttica foto Jolly\u201d<\/strong>.<\/p>\n<p><a href=\"https:\/\/www.noidiqua.it\/Agliana\/wp-content\/uploads\/2015\/03\/tonfano-3.png\" rel=\"wp-prettyPhoto[3689]\"><img loading=\"lazy\" decoding=\"async\" class=\"aligncenter size-full wp-image-7846\" src=\"https:\/\/www.noidiqua.it\/Agliana\/wp-content\/uploads\/2015\/03\/tonfano-3.png\" alt=\"\" width=\"334\" height=\"397\" srcset=\"https:\/\/www.noidiqua.it\/Agliana\/wp-content\/uploads\/2015\/03\/tonfano-3.png 334w, https:\/\/www.noidiqua.it\/Agliana\/wp-content\/uploads\/2015\/03\/tonfano-3-252x300.png 252w\" sizes=\"auto, (max-width: 334px) 100vw, 334px\" \/><\/a><\/p>\n<p class=\"p1\" style=\"text-align: justify;\">Quali sono stati i periodi migliori di questa lunga storia professionale? <i>\u00abSicuramente prima del digitale\u00bb<\/i> risponde. <i>\u00abIn estate c\u2019era tanto lavoro per sviluppare le foto delle vacanze e montare le pellicole in Super8. Si facevano tanti servizi fotografici per matrimoni e altre cerimonie. Nel periodo in cui era sindaco Renato Risaliti, ho collaborato anche con il Comune. Avevo prodotti di grandi marche e clienti anche da fuori Agliana. Il digitale e la grande distribuzione hanno messo in crisi il settore. Io ormai sono pensionato, resto in attivit\u00e0 per tenere<\/i> <i>la mente allenata e perch\u00e9 mi piace restare in contatto con le persone. L\u2019et\u00e0 e la salute non perfetta mi inducono a pensare alla chiusura, ma cerco di rinviarla. Questo negozio \u00e8 la mia vita, quando salgo il gradino d\u2019ingresso mi sento realizzato\u00bb<\/i>.<\/p>\n<p><a href=\"https:\/\/www.noidiqua.it\/Agliana\/wp-content\/uploads\/2015\/03\/tonfano-2.png\" rel=\"wp-prettyPhoto[3689]\"><img loading=\"lazy\" decoding=\"async\" class=\"aligncenter size-full wp-image-7847\" src=\"https:\/\/www.noidiqua.it\/Agliana\/wp-content\/uploads\/2015\/03\/tonfano-2.png\" alt=\"\" width=\"244\" height=\"389\" srcset=\"https:\/\/www.noidiqua.it\/Agliana\/wp-content\/uploads\/2015\/03\/tonfano-2.png 244w, https:\/\/www.noidiqua.it\/Agliana\/wp-content\/uploads\/2015\/03\/tonfano-2-188x300.png 188w\" sizes=\"auto, (max-width: 244px) 100vw, 244px\" \/><\/a><\/p>\n<p class=\"p1\" style=\"text-align: justify;\">Anche se oggi non fa pi\u00f9 servizi fotografici, la fotografia \u00e8 stata per lui una grande passione: <i>\u00abSenza passione\u00bb<\/i> confessa <i>\u00abnon avrei avuto la pazienza che richiedevano i servizi fotografici dei matrimoni, cominciando da quando la sposa si agghindava, con parrucchieri e sarti che spesso volevano anche dare consigli al fotografo\u00bb<\/i>.<\/p>","protected":false},"excerpt":{"rendered":"<p>di\u00a0Piera Salvi. Foto: Adriano Tesi. marzo 2015 Ad Agliana se dici Gianfranco Sergiampietri forse ti domandano: chi \u00e8? Ma se dici Tonfano non ci sono dubbi: tutti sanno che \u00e8 lo storico fotografo, poi diventato anche ottico, che da quasi cinquant\u2019anni ha il negozio in via San [&hellip;]<\/p>","protected":false},"author":13,"featured_media":0,"comment_status":"open","ping_status":"open","sticky":false,"template":"","format":"standard","meta":{"footnotes":""},"categories":[2,3],"tags":[37,38,42,74,159,79,160,84,97,161,158],"class_list":["post-3689","post","type-post","status-publish","format-standard","hentry","category-ag","category-arte-artigianato-qt","tag-ag-ag","tag-aglianese","tag-arti-e-mestieri","tag-figure-storiche-2","tag-foto-jolly","tag-gente-di-qua","tag-gianfranco","tag-laglianese","tag-noidiqua-laglianese","tag-sergiampietri","tag-tonfano"],"yoast_head":"<!-- This site is optimized with the Yoast SEO plugin v25.5 - https:\/\/yoast.com\/wordpress\/plugins\/seo\/ -->\n<title>Gianfranco \u201cTonfano\u201d Sergiampietri - fotografo e ottico - Noi di Qua Testata giornalistica e di attualit\u00e0 di Agliana, Montale e Quarrata.<\/title>\n<meta name=\"robots\" content=\"index, follow, max-snippet:-1, max-image-preview:large, max-video-preview:-1\" \/>\n<link rel=\"canonical\" href=\"https:\/\/www.noidiqua.it\/Agliana\/gianfranco-tonfano-sergiampietri-fotografo-ottico\/\" \/>\n<meta property=\"og:locale\" content=\"it_IT\" \/>\n<meta property=\"og:type\" content=\"article\" \/>\n<meta property=\"og:title\" content=\"Gianfranco \u201cTonfano\u201d Sergiampietri - fotografo e ottico - Noi di Qua Testata giornalistica e di attualit\u00e0 di Agliana, Montale e Quarrata.\" \/>\n<meta property=\"og:description\" content=\"di\u00a0Piera Salvi. Foto: Adriano Tesi. marzo 2015 Ad Agliana se dici Gianfranco Sergiampietri forse ti domandano: chi \u00e8? Ma se dici Tonfano non ci sono dubbi: tutti sanno che \u00e8 lo storico fotografo, poi diventato anche ottico, che da quasi cinquant\u2019anni ha il negozio in via San [&hellip;]\" \/>\n<meta property=\"og:url\" content=\"https:\/\/www.noidiqua.it\/Agliana\/gianfranco-tonfano-sergiampietri-fotografo-ottico\/\" \/>\n<meta property=\"og:site_name\" content=\"Noi di Qua Testata giornalistica e di attualit\u00e0 di Agliana, Montale e Quarrata.\" \/>\n<meta property=\"article:publisher\" content=\"https:\/\/www.facebook.com\/noidiqua.trimestrale\/\" \/>\n<meta property=\"article:published_time\" content=\"2015-03-13T09:02:33+00:00\" \/>\n<meta property=\"article:modified_time\" content=\"2022-12-21T10:36:31+00:00\" \/>\n<meta property=\"og:image\" content=\"https:\/\/www.noidiqua.it\/Agliana\/wp-content\/uploads\/2015\/03\/tonfano-1.png\" \/>\n<meta name=\"author\" content=\"Piera Salvi\" \/>\n<meta name=\"twitter:label1\" content=\"Scritto da\" \/>\n\t<meta name=\"twitter:data1\" content=\"Piera Salvi\" \/>\n\t<meta name=\"twitter:label2\" content=\"Tempo di lettura stimato\" \/>\n\t<meta name=\"twitter:data2\" content=\"3 minuti\" \/>\n<script type=\"application\/ld+json\" class=\"yoast-schema-graph\">{\"@context\":\"https:\/\/schema.org\",\"@graph\":[{\"@type\":\"WebPage\",\"@id\":\"https:\/\/www.noidiqua.it\/Agliana\/gianfranco-tonfano-sergiampietri-fotografo-ottico\/\",\"url\":\"https:\/\/www.noidiqua.it\/Agliana\/gianfranco-tonfano-sergiampietri-fotografo-ottico\/\",\"name\":\"Gianfranco \u201cTonfano\u201d Sergiampietri - fotografo e ottico - Noi di Qua Testata giornalistica e di attualit\u00e0 di Agliana, Montale e Quarrata.\",\"isPartOf\":{\"@id\":\"https:\/\/www.noidiqua.it\/Agliana\/#website\"},\"primaryImageOfPage\":{\"@id\":\"https:\/\/www.noidiqua.it\/Agliana\/gianfranco-tonfano-sergiampietri-fotografo-ottico\/#primaryimage\"},\"image\":{\"@id\":\"https:\/\/www.noidiqua.it\/Agliana\/gianfranco-tonfano-sergiampietri-fotografo-ottico\/#primaryimage\"},\"thumbnailUrl\":\"https:\/\/www.noidiqua.it\/Agliana\/wp-content\/uploads\/2015\/03\/tonfano-1.png\",\"datePublished\":\"2015-03-13T09:02:33+00:00\",\"dateModified\":\"2022-12-21T10:36:31+00:00\",\"author\":{\"@id\":\"https:\/\/www.noidiqua.it\/Agliana\/#\/schema\/person\/bb7515c2330bb1137f247276096fa7dc\"},\"breadcrumb\":{\"@id\":\"https:\/\/www.noidiqua.it\/Agliana\/gianfranco-tonfano-sergiampietri-fotografo-ottico\/#breadcrumb\"},\"inLanguage\":\"it-IT\",\"potentialAction\":[{\"@type\":\"ReadAction\",\"target\":[\"https:\/\/www.noidiqua.it\/Agliana\/gianfranco-tonfano-sergiampietri-fotografo-ottico\/\"]}]},{\"@type\":\"ImageObject\",\"inLanguage\":\"it-IT\",\"@id\":\"https:\/\/www.noidiqua.it\/Agliana\/gianfranco-tonfano-sergiampietri-fotografo-ottico\/#primaryimage\",\"url\":\"https:\/\/www.noidiqua.it\/Agliana\/wp-content\/uploads\/2015\/03\/tonfano-1.png\",\"contentUrl\":\"https:\/\/www.noidiqua.it\/Agliana\/wp-content\/uploads\/2015\/03\/tonfano-1.png\",\"width\":496,\"height\":433},{\"@type\":\"BreadcrumbList\",\"@id\":\"https:\/\/www.noidiqua.it\/Agliana\/gianfranco-tonfano-sergiampietri-fotografo-ottico\/#breadcrumb\",\"itemListElement\":[{\"@type\":\"ListItem\",\"position\":1,\"name\":\"Home\",\"item\":\"https:\/\/www.noidiqua.it\/Agliana\/\"},{\"@type\":\"ListItem\",\"position\":2,\"name\":\"Gianfranco \u201cTonfano\u201d Sergiampietri &#8211; fotografo e ottico\"}]},{\"@type\":\"WebSite\",\"@id\":\"https:\/\/www.noidiqua.it\/Agliana\/#website\",\"url\":\"https:\/\/www.noidiqua.it\/Agliana\/\",\"name\":\"Noi di Qua Testata giornalistica e di attualit\u00e0 di Agliana, Montale e Quarrata.\",\"description\":\"Testata Giornalistica Quarrata Montale Agliana\",\"potentialAction\":[{\"@type\":\"SearchAction\",\"target\":{\"@type\":\"EntryPoint\",\"urlTemplate\":\"https:\/\/www.noidiqua.it\/Agliana\/?s={search_term_string}\"},\"query-input\":{\"@type\":\"PropertyValueSpecification\",\"valueRequired\":true,\"valueName\":\"search_term_string\"}}],\"inLanguage\":\"it-IT\"},{\"@type\":\"Person\",\"@id\":\"https:\/\/www.noidiqua.it\/Agliana\/#\/schema\/person\/bb7515c2330bb1137f247276096fa7dc\",\"name\":\"Piera Salvi\",\"image\":{\"@type\":\"ImageObject\",\"inLanguage\":\"it-IT\",\"@id\":\"https:\/\/www.noidiqua.it\/Agliana\/#\/schema\/person\/image\/\",\"url\":\"https:\/\/secure.gravatar.com\/avatar\/2f9b1fb6e13f3b3e63bde435d999a73be036e320f7a0f5f32f9ac21859d999cd?s=96&d=mm&r=g\",\"contentUrl\":\"https:\/\/secure.gravatar.com\/avatar\/2f9b1fb6e13f3b3e63bde435d999a73be036e320f7a0f5f32f9ac21859d999cd?s=96&d=mm&r=g\",\"caption\":\"Piera Salvi\"},\"url\":\"https:\/\/www.noidiqua.it\/Agliana\/author\/piera-salvi\/\"}]}<\/script>\n<!-- \/ Yoast SEO plugin. -->","yoast_head_json":{"title":"Gianfranco \u201cTonfano\u201d Sergiampietri - fotografo e ottico - Noi di Qua Testata giornalistica e di attualit\u00e0 di Agliana, Montale e Quarrata.","robots":{"index":"index","follow":"follow","max-snippet":"max-snippet:-1","max-image-preview":"max-image-preview:large","max-video-preview":"max-video-preview:-1"},"canonical":"https:\/\/www.noidiqua.it\/Agliana\/gianfranco-tonfano-sergiampietri-fotografo-ottico\/","og_locale":"it_IT","og_type":"article","og_title":"Gianfranco \u201cTonfano\u201d Sergiampietri - fotografo e ottico - Noi di Qua Testata giornalistica e di attualit\u00e0 di Agliana, Montale e Quarrata.","og_description":"di\u00a0Piera Salvi. Foto: Adriano Tesi. marzo 2015 Ad Agliana se dici Gianfranco Sergiampietri forse ti domandano: chi \u00e8? Ma se dici Tonfano non ci sono dubbi: tutti sanno che \u00e8 lo storico fotografo, poi diventato anche ottico, che da quasi cinquant\u2019anni ha il negozio in via San [&hellip;]","og_url":"https:\/\/www.noidiqua.it\/Agliana\/gianfranco-tonfano-sergiampietri-fotografo-ottico\/","og_site_name":"Noi di Qua Testata giornalistica e di attualit\u00e0 di Agliana, Montale e Quarrata.","article_publisher":"https:\/\/www.facebook.com\/noidiqua.trimestrale\/","article_published_time":"2015-03-13T09:02:33+00:00","article_modified_time":"2022-12-21T10:36:31+00:00","og_image":[{"url":"https:\/\/www.noidiqua.it\/Agliana\/wp-content\/uploads\/2015\/03\/tonfano-1.png","type":"","width":"","height":""}],"author":"Piera Salvi","twitter_misc":{"Scritto da":"Piera Salvi","Tempo di lettura stimato":"3 minuti"},"schema":{"@context":"https:\/\/schema.org","@graph":[{"@type":"WebPage","@id":"https:\/\/www.noidiqua.it\/Agliana\/gianfranco-tonfano-sergiampietri-fotografo-ottico\/","url":"https:\/\/www.noidiqua.it\/Agliana\/gianfranco-tonfano-sergiampietri-fotografo-ottico\/","name":"Gianfranco \u201cTonfano\u201d Sergiampietri - fotografo e ottico - Noi di Qua Testata giornalistica e di attualit\u00e0 di Agliana, Montale e Quarrata.","isPartOf":{"@id":"https:\/\/www.noidiqua.it\/Agliana\/#website"},"primaryImageOfPage":{"@id":"https:\/\/www.noidiqua.it\/Agliana\/gianfranco-tonfano-sergiampietri-fotografo-ottico\/#primaryimage"},"image":{"@id":"https:\/\/www.noidiqua.it\/Agliana\/gianfranco-tonfano-sergiampietri-fotografo-ottico\/#primaryimage"},"thumbnailUrl":"https:\/\/www.noidiqua.it\/Agliana\/wp-content\/uploads\/2015\/03\/tonfano-1.png","datePublished":"2015-03-13T09:02:33+00:00","dateModified":"2022-12-21T10:36:31+00:00","author":{"@id":"https:\/\/www.noidiqua.it\/Agliana\/#\/schema\/person\/bb7515c2330bb1137f247276096fa7dc"},"breadcrumb":{"@id":"https:\/\/www.noidiqua.it\/Agliana\/gianfranco-tonfano-sergiampietri-fotografo-ottico\/#breadcrumb"},"inLanguage":"it-IT","potentialAction":[{"@type":"ReadAction","target":["https:\/\/www.noidiqua.it\/Agliana\/gianfranco-tonfano-sergiampietri-fotografo-ottico\/"]}]},{"@type":"ImageObject","inLanguage":"it-IT","@id":"https:\/\/www.noidiqua.it\/Agliana\/gianfranco-tonfano-sergiampietri-fotografo-ottico\/#primaryimage","url":"https:\/\/www.noidiqua.it\/Agliana\/wp-content\/uploads\/2015\/03\/tonfano-1.png","contentUrl":"https:\/\/www.noidiqua.it\/Agliana\/wp-content\/uploads\/2015\/03\/tonfano-1.png","width":496,"height":433},{"@type":"BreadcrumbList","@id":"https:\/\/www.noidiqua.it\/Agliana\/gianfranco-tonfano-sergiampietri-fotografo-ottico\/#breadcrumb","itemListElement":[{"@type":"ListItem","position":1,"name":"Home","item":"https:\/\/www.noidiqua.it\/Agliana\/"},{"@type":"ListItem","position":2,"name":"Gianfranco \u201cTonfano\u201d Sergiampietri &#8211; fotografo e ottico"}]},{"@type":"WebSite","@id":"https:\/\/www.noidiqua.it\/Agliana\/#website","url":"https:\/\/www.noidiqua.it\/Agliana\/","name":"Noi di Qua Testata giornalistica e di attualit\u00e0 di Agliana, Montale e Quarrata.","description":"Testata Giornalistica Quarrata Montale Agliana","potentialAction":[{"@type":"SearchAction","target":{"@type":"EntryPoint","urlTemplate":"https:\/\/www.noidiqua.it\/Agliana\/?s={search_term_string}"},"query-input":{"@type":"PropertyValueSpecification","valueRequired":true,"valueName":"search_term_string"}}],"inLanguage":"it-IT"},{"@type":"Person","@id":"https:\/\/www.noidiqua.it\/Agliana\/#\/schema\/person\/bb7515c2330bb1137f247276096fa7dc","name":"Piera Salvi","image":{"@type":"ImageObject","inLanguage":"it-IT","@id":"https:\/\/www.noidiqua.it\/Agliana\/#\/schema\/person\/image\/","url":"https:\/\/secure.gravatar.com\/avatar\/2f9b1fb6e13f3b3e63bde435d999a73be036e320f7a0f5f32f9ac21859d999cd?s=96&d=mm&r=g","contentUrl":"https:\/\/secure.gravatar.com\/avatar\/2f9b1fb6e13f3b3e63bde435d999a73be036e320f7a0f5f32f9ac21859d999cd?s=96&d=mm&r=g","caption":"Piera Salvi"},"url":"https:\/\/www.noidiqua.it\/Agliana\/author\/piera-salvi\/"}]}},"_links":{"self":[{"href":"https:\/\/www.noidiqua.it\/Agliana\/wp-json\/wp\/v2\/posts\/3689","targetHints":{"allow":["GET"]}}],"collection":[{"href":"https:\/\/www.noidiqua.it\/Agliana\/wp-json\/wp\/v2\/posts"}],"about":[{"href":"https:\/\/www.noidiqua.it\/Agliana\/wp-json\/wp\/v2\/types\/post"}],"author":[{"embeddable":true,"href":"https:\/\/www.noidiqua.it\/Agliana\/wp-json\/wp\/v2\/users\/13"}],"replies":[{"embeddable":true,"href":"https:\/\/www.noidiqua.it\/Agliana\/wp-json\/wp\/v2\/comments?post=3689"}],"version-history":[{"count":10,"href":"https:\/\/www.noidiqua.it\/Agliana\/wp-json\/wp\/v2\/posts\/3689\/revisions"}],"predecessor-version":[{"id":7850,"href":"https:\/\/www.noidiqua.it\/Agliana\/wp-json\/wp\/v2\/posts\/3689\/revisions\/7850"}],"wp:attachment":[{"href":"https:\/\/www.noidiqua.it\/Agliana\/wp-json\/wp\/v2\/media?parent=3689"}],"wp:term":[{"taxonomy":"category","embeddable":true,"href":"https:\/\/www.noidiqua.it\/Agliana\/wp-json\/wp\/v2\/categories?post=3689"},{"taxonomy":"post_tag","embeddable":true,"href":"https:\/\/www.noidiqua.it\/Agliana\/wp-json\/wp\/v2\/tags?post=3689"}],"curies":[{"name":"wp","href":"https:\/\/api.w.org\/{rel}","templated":true}]}}